{"id":45842,"date":"2015-05-22T15:23:41","date_gmt":"2015-05-22T18:23:41","guid":{"rendered":"http:\/\/www.gentedebasquet.com.ar\/?p=45842"},"modified":"2015-05-22T15:23:41","modified_gmt":"2015-05-22T18:23:41","slug":"con-bettiga-confirmaron-los-u16","status":"publish","type":"post","link":"https:\/\/gentedebasquet.com.ar\/sitio\/2015\/05\/22\/con-bettiga-confirmaron-los-u16\/","title":{"rendered":"Con Bettiga, confirmaron los U16"},"content":{"rendered":"<p><strong>Concluida la cuarta concentraci\u00f3n, el Cuerpo T\u00e9cnico U16, conducido por Carlos Duro, defini\u00f3 los 12 jugadores que representar\u00e1n a nuestro pa\u00eds en el Torneo FIBA Am\u00e9ricas (Premundial) de la categor\u00eda que se jugar\u00e1 en nuestra ciudad entre el 10 y el 14 de junio. El alero pringlense de Olimpo, Valent\u00edn Bettiga, utilizar\u00e1 la camiseta n\u00famero 11. No habr\u00e1 bahienses en el plantel.<\/strong><\/p>\n<p>Argentina se viste de gala y con mucho orgullo se prepara para albergar el Torneo FIBA Am\u00e9ricas U16. El mismo se desarrollar\u00e1 en <strong>Bah\u00eda Blanca<\/strong>, entre el 10 y el 14 de junio. Luego de cuatro etapas de entrenamiento, partidos amistosos y mucho trabajo y esfuerzo, nuestra selecci\u00f3n ya tiene definidos los 12 jugadores que integrar\u00e1n su plantel en tan importante evento.<\/p>\n<p>El equipo argentino se volver\u00e1 a reunir el martes 2 de junio y el mi\u00e9rcoles 3 viajar\u00e1 a Bah\u00eda Blanca. El s\u00e1bado 6 jugar\u00e1 un amistoso ante Canad\u00e1. Vale decir que, adem\u00e1s de los 12 integrantes oficiales del plantel, Lautaro Lovino (2.05 metros) viajar\u00e1 como jugador n\u00famero 13 y podr\u00e1 vivir y experimentar todo el proceso.<\/p>\n<p>El equipo argentino est\u00e1 dirigido por Carlos Duro, quien tiene como asistentes a Marcelo Germanetto y Eduardo J\u00e1pez. El Preparador F\u00edsico es Patricio Pallares. La delegaci\u00f3n Argentina se hospedar\u00e1 en el Hotel Land Plaza de Bah\u00eda Blanca.<\/p>\n<p>El Premundial U16 se jugar\u00e1 en Bah\u00eda Blanca entre el 10 y el 14 de junio y es clasificatorio para el Mundial U17 2016. Este es el primer torneo internacional formativo organizado por la Confederaci\u00f3n Argentina desde el Premundial U16, Mendoza 2009. Esta camada viene de obtener el subcampeonato en el Sudamericano U15 2014.<\/p>\n<h6><b>SELECCI\u00d3N NACIONAL U16<\/b><\/h6>\n<p>-L\u00d3PEZ, Lautaro<br \/>\nClub: Villa San Mart\u00edn<br \/>\nFederaci\u00f3n: Chaco<br \/>\nAltura: 1.88 metro<br \/>\nPosici\u00f3n: Base<br \/>\nClase: 1999<\/p>\n<p>-BARALLE, Franco<br \/>\nClub: Asociaci\u00f3n Deportiva Atenas<br \/>\nFederaci\u00f3n: C\u00f3rdoba<br \/>\nAltura: 1.77 metro<br \/>\nPosici\u00f3n: Base<br \/>\nClase: 1999<\/p>\n<p>-P\u00c9REZ, Agust\u00edn<br \/>\nClub: P\u00e9rfora Plaza Huincul<br \/>\nFederaci\u00f3n: Neuqu\u00e9n<br \/>\nAltura: 1.87 metro<br \/>\nPosici\u00f3n: Base<br \/>\nClase: 1999<\/p>\n<p>-ZANDOMENI, Franco<br \/>\nClub: Tokio Posadas<br \/>\nFederaci\u00f3n: Misiones<br \/>\nAltura: 1.88 metro<br \/>\nPosici\u00f3n: Escolta<br \/>\nClase: 1999<\/p>\n<p><strong>-BETTIGA, Valent\u00edn<\/strong><br \/>\nClub: Olimpo de Bah\u00eda Blanca<br \/>\nFederaci\u00f3n: Buenos Aires<br \/>\nAltura: 1.90 metro<br \/>\nPosici\u00f3n: Escolta<br \/>\nClase: 1999<\/p>\n<p>-CARDO, Cristian<br \/>\nClub: Sportivo Bolivar<br \/>\nFederaci\u00f3n: C\u00f3rdoba<br \/>\nAltura: 1.94 metro<br \/>\nPosici\u00f3n: Alero<br \/>\nClase: 1999<\/p>\n<p>-YASKULKA, Santiago<br \/>\nClub: Obras Sanitarias<br \/>\nFederaci\u00f3n: FEBAMBA<br \/>\nAltura: 1.95 metro<br \/>\nPosici\u00f3n: Alero<br \/>\nClase: 1999<\/p>\n<p>-ALORDA, Franco<br \/>\nClub: San Mart\u00edn de Corrientes<br \/>\nFederaci\u00f3n: Corrientes<br \/>\nAltura: 2 metros<br \/>\nPosici\u00f3n Alapivot<br \/>\nClase: 1999<\/p>\n<p>-CUASSOLO, Ignacio<br \/>\nClub: Hind\u00fa Club<br \/>\nFederaci\u00f3n: C\u00f3rdoba<br \/>\nAltura: 1.97 metro<br \/>\nPosici\u00f3n: Alapivot<br \/>\nClase: 1999<\/p>\n<p>-BASUALDO, Jonathan<br \/>\nClub: Asociaci\u00f3n Deportiva Atenas<br \/>\nFederaci\u00f3n: C\u00f3rdoba<br \/>\nAltura: 1.97 metro<br \/>\nPosici\u00f3n: Alapivot<br \/>\nClase: 1999<\/p>\n<p>-FRANCO, Nicol\u00e1s<br \/>\nClub: Almafuerte<br \/>\nFederaci\u00f3n: Santa Fe<br \/>\nAltura: 2.04 metros<br \/>\nPosici\u00f3n: Pivot<br \/>\nClase: 1999<\/p>\n<p>-CAFFARO, Francisco<br \/>\nClub: Atl\u00e9tico Trebolense<br \/>\nFederaci\u00f3n: Santa Fe<br \/>\nAltura: 2.07 metros<br \/>\nPosici\u00f3n: Pivot<br \/>\nClase: 2000<\/p>\n<p><strong>Fuente:<\/strong> Diego\u00a0Garc\u00eda (Prensa CABB).<\/p>\n<p><strong>Foto:<\/strong> gentileza Juany Renzi.<\/p>\n","protected":false},"excerpt":{"rendered":"<p>La selecci\u00f3n argentina competir\u00e1 en el FIBA Americas que organizar\u00e1 Bah\u00eda Blanca<\/p>\n","protected":false},"author":1,"featured_media":45843,"comment_status":"closed","ping_status":"open","sticky":false,"template":"","format":"standard","meta":{"jnews-multi-image_gallery":[],"jnews_single_post":[],"jnews_primary_category":[],"footnotes":""},"categories":[61,101],"tags":[70,372,16,375],"class_list":["post-45842","post","type-post","status-publish","format-standard","has-post-thumbnail","hentry","category-selecciones-nacionales","category-slide","tag-bahia-blanca","tag-fiba-americas-u16","tag-olimpo","tag-valentin-bettiga"],"yoast_head":"<!-- This site is optimized with the Yoast SEO plugin v27.5 - https:\/\/yoast.com\/product\/yoast-seo-wordpress\/ -->\n<title>Con Bettiga, confirmaron los U16 - Gente de B\u00e1squet<\/title>\n<meta name=\"robots\" content=\"index, follow, max-snippet:-1, max-image-preview:large, max-video-preview:-1\" \/>\n<link rel=\"canonical\" href=\"http:\/\/gentedebasquet.com.ar\/sitio\/2015\/05\/22\/con-bettiga-confirmaron-los-u16\/\" \/>\n<meta property=\"og:locale\" content=\"es_ES\" \/>\n<meta property=\"og:type\" content=\"article\" \/>\n<meta property=\"og:title\" content=\"Con Bettiga, confirmaron los U16 - Gente de B\u00e1squet\" \/>\n<meta property=\"og:description\" content=\"La selecci\u00f3n argentina competir\u00e1 en el FIBA Americas que organizar\u00e1 Bah\u00eda Blanca\" \/>\n<meta property=\"og:url\" content=\"http:\/\/gentedebasquet.com.ar\/sitio\/2015\/05\/22\/con-bettiga-confirmaron-los-u16\/\" \/>\n<meta property=\"og:site_name\" content=\"Gente de B\u00e1squet\" \/>\n<meta property=\"article:published_time\" content=\"2015-05-22T18:23:41+00:00\" \/>\n<meta property=\"og:image\" content=\"http:\/\/gentedebasquet.com.ar\/sitio\/wp-content\/uploads\/2015\/05\/Bettiga1.jpg\" \/>\n\t<meta property=\"og:image:width\" content=\"690\" \/>\n\t<meta property=\"og:image:height\" content=\"319\" \/>\n\t<meta property=\"og:image:type\" content=\"image\/jpeg\" \/>\n<meta name=\"author\" content=\"Gente de B\u00e1squet\" \/>\n<meta name=\"twitter:card\" content=\"summary_large_image\" \/>\n<meta name=\"twitter:label1\" content=\"Escrito por\" \/>\n\t<meta name=\"twitter:data1\" content=\"Gente de B\u00e1squet\" \/>\n\t<meta name=\"twitter:label2\" content=\"Tiempo de lectura\" \/>\n\t<meta name=\"twitter:data2\" content=\"2 minutos\" \/>\n<script type=\"application\/ld+json\" class=\"yoast-schema-graph\">{\"@context\":\"https:\\\/\\\/schema.org\",\"@graph\":[{\"@type\":\"Article\",\"@id\":\"http:\\\/\\\/gentedebasquet.com.ar\\\/sitio\\\/2015\\\/05\\\/22\\\/con-bettiga-confirmaron-los-u16\\\/#article\",\"isPartOf\":{\"@id\":\"http:\\\/\\\/gentedebasquet.com.ar\\\/sitio\\\/2015\\\/05\\\/22\\\/con-bettiga-confirmaron-los-u16\\\/\"},\"author\":{\"name\":\"Gente de B\u00e1squet\",\"@id\":\"https:\\\/\\\/gentedebasquet.com.ar\\\/sitio\\\/#\\\/schema\\\/person\\\/ca0b63bbb977369988a7bbbdc519943a\"},\"headline\":\"Con Bettiga, confirmaron los U16\",\"datePublished\":\"2015-05-22T18:23:41+00:00\",\"mainEntityOfPage\":{\"@id\":\"http:\\\/\\\/gentedebasquet.com.ar\\\/sitio\\\/2015\\\/05\\\/22\\\/con-bettiga-confirmaron-los-u16\\\/\"},\"wordCount\":490,\"image\":{\"@id\":\"http:\\\/\\\/gentedebasquet.com.ar\\\/sitio\\\/2015\\\/05\\\/22\\\/con-bettiga-confirmaron-los-u16\\\/#primaryimage\"},\"thumbnailUrl\":\"https:\\\/\\\/gentedebasquet.com.ar\\\/sitio\\\/wp-content\\\/uploads\\\/2015\\\/05\\\/Bettiga1.jpg\",\"keywords\":[\"Bah\u00eda Blanca\",\"FIBA Americas U16\",\"Ol\u00edmpo\",\"Valent\u00edn Bettiga\"],\"articleSection\":[\"Selecciones Nacionales\",\"Slide\"],\"inLanguage\":\"es\"},{\"@type\":\"WebPage\",\"@id\":\"http:\\\/\\\/gentedebasquet.com.ar\\\/sitio\\\/2015\\\/05\\\/22\\\/con-bettiga-confirmaron-los-u16\\\/\",\"url\":\"http:\\\/\\\/gentedebasquet.com.ar\\\/sitio\\\/2015\\\/05\\\/22\\\/con-bettiga-confirmaron-los-u16\\\/\",\"name\":\"Con Bettiga, confirmaron los U16 - Gente de B\u00e1squet\",\"isPartOf\":{\"@id\":\"https:\\\/\\\/gentedebasquet.com.ar\\\/sitio\\\/#website\"},\"primaryImageOfPage\":{\"@id\":\"http:\\\/\\\/gentedebasquet.com.ar\\\/sitio\\\/2015\\\/05\\\/22\\\/con-bettiga-confirmaron-los-u16\\\/#primaryimage\"},\"image\":{\"@id\":\"http:\\\/\\\/gentedebasquet.com.ar\\\/sitio\\\/2015\\\/05\\\/22\\\/con-bettiga-confirmaron-los-u16\\\/#primaryimage\"},\"thumbnailUrl\":\"https:\\\/\\\/gentedebasquet.com.ar\\\/sitio\\\/wp-content\\\/uploads\\\/2015\\\/05\\\/Bettiga1.jpg\",\"datePublished\":\"2015-05-22T18:23:41+00:00\",\"author\":{\"@id\":\"https:\\\/\\\/gentedebasquet.com.ar\\\/sitio\\\/#\\\/schema\\\/person\\\/ca0b63bbb977369988a7bbbdc519943a\"},\"breadcrumb\":{\"@id\":\"http:\\\/\\\/gentedebasquet.com.ar\\\/sitio\\\/2015\\\/05\\\/22\\\/con-bettiga-confirmaron-los-u16\\\/#breadcrumb\"},\"inLanguage\":\"es\",\"potentialAction\":[{\"@type\":\"ReadAction\",\"target\":[\"http:\\\/\\\/gentedebasquet.com.ar\\\/sitio\\\/2015\\\/05\\\/22\\\/con-bettiga-confirmaron-los-u16\\\/\"]}]},{\"@type\":\"ImageObject\",\"inLanguage\":\"es\",\"@id\":\"http:\\\/\\\/gentedebasquet.com.ar\\\/sitio\\\/2015\\\/05\\\/22\\\/con-bettiga-confirmaron-los-u16\\\/#primaryimage\",\"url\":\"https:\\\/\\\/gentedebasquet.com.ar\\\/sitio\\\/wp-content\\\/uploads\\\/2015\\\/05\\\/Bettiga1.jpg\",\"contentUrl\":\"https:\\\/\\\/gentedebasquet.com.ar\\\/sitio\\\/wp-content\\\/uploads\\\/2015\\\/05\\\/Bettiga1.jpg\",\"width\":690,\"height\":319},{\"@type\":\"BreadcrumbList\",\"@id\":\"http:\\\/\\\/gentedebasquet.com.ar\\\/sitio\\\/2015\\\/05\\\/22\\\/con-bettiga-confirmaron-los-u16\\\/#breadcrumb\",\"itemListElement\":[{\"@type\":\"ListItem\",\"position\":1,\"name\":\"Portada\",\"item\":\"https:\\\/\\\/gentedebasquet.com.ar\\\/sitio\\\/\"},{\"@type\":\"ListItem\",\"position\":2,\"name\":\"Con Bettiga, confirmaron los U16\"}]},{\"@type\":\"WebSite\",\"@id\":\"https:\\\/\\\/gentedebasquet.com.ar\\\/sitio\\\/#website\",\"url\":\"https:\\\/\\\/gentedebasquet.com.ar\\\/sitio\\\/\",\"name\":\"Gente de B\u00e1squet\",\"description\":\"La revista del basquet de Bah\u00eda Blanca\",\"potentialAction\":[{\"@type\":\"SearchAction\",\"target\":{\"@type\":\"EntryPoint\",\"urlTemplate\":\"https:\\\/\\\/gentedebasquet.com.ar\\\/sitio\\\/?s={search_term_string}\"},\"query-input\":{\"@type\":\"PropertyValueSpecification\",\"valueRequired\":true,\"valueName\":\"search_term_string\"}}],\"inLanguage\":\"es\"},{\"@type\":\"Person\",\"@id\":\"https:\\\/\\\/gentedebasquet.com.ar\\\/sitio\\\/#\\\/schema\\\/person\\\/ca0b63bbb977369988a7bbbdc519943a\",\"name\":\"Gente de B\u00e1squet\",\"image\":{\"@type\":\"ImageObject\",\"inLanguage\":\"es\",\"@id\":\"https:\\\/\\\/secure.gravatar.com\\\/avatar\\\/7f2c48bdc33b30088f941fb6082e555f2874c98e20cb159d7b92b50eadfce793?s=96&d=mm&r=g\",\"url\":\"https:\\\/\\\/secure.gravatar.com\\\/avatar\\\/7f2c48bdc33b30088f941fb6082e555f2874c98e20cb159d7b92b50eadfce793?s=96&d=mm&r=g\",\"contentUrl\":\"https:\\\/\\\/secure.gravatar.com\\\/avatar\\\/7f2c48bdc33b30088f941fb6082e555f2874c98e20cb159d7b92b50eadfce793?s=96&d=mm&r=g\",\"caption\":\"Gente de B\u00e1squet\"},\"sameAs\":[\"http:\\\/\\\/gentedebasquet.com.ar\\\/sitio\"],\"url\":\"https:\\\/\\\/gentedebasquet.com.ar\\\/sitio\\\/author\\\/ulises\\\/\"}]}<\/script>\n<!-- \/ Yoast SEO plugin. -->","yoast_head_json":{"title":"Con Bettiga, confirmaron los U16 - Gente de B\u00e1squet","robots":{"index":"index","follow":"follow","max-snippet":"max-snippet:-1","max-image-preview":"max-image-preview:large","max-video-preview":"max-video-preview:-1"},"canonical":"http:\/\/gentedebasquet.com.ar\/sitio\/2015\/05\/22\/con-bettiga-confirmaron-los-u16\/","og_locale":"es_ES","og_type":"article","og_title":"Con Bettiga, confirmaron los U16 - Gente de B\u00e1squet","og_description":"La selecci\u00f3n argentina competir\u00e1 en el FIBA Americas que organizar\u00e1 Bah\u00eda Blanca","og_url":"http:\/\/gentedebasquet.com.ar\/sitio\/2015\/05\/22\/con-bettiga-confirmaron-los-u16\/","og_site_name":"Gente de B\u00e1squet","article_published_time":"2015-05-22T18:23:41+00:00","og_image":[{"width":690,"height":319,"url":"http:\/\/gentedebasquet.com.ar\/sitio\/wp-content\/uploads\/2015\/05\/Bettiga1.jpg","type":"image\/jpeg"}],"author":"Gente de B\u00e1squet","twitter_card":"summary_large_image","twitter_misc":{"Escrito por":"Gente de B\u00e1squet","Tiempo de lectura":"2 minutos"},"schema":{"@context":"https:\/\/schema.org","@graph":[{"@type":"Article","@id":"http:\/\/gentedebasquet.com.ar\/sitio\/2015\/05\/22\/con-bettiga-confirmaron-los-u16\/#article","isPartOf":{"@id":"http:\/\/gentedebasquet.com.ar\/sitio\/2015\/05\/22\/con-bettiga-confirmaron-los-u16\/"},"author":{"name":"Gente de B\u00e1squet","@id":"https:\/\/gentedebasquet.com.ar\/sitio\/#\/schema\/person\/ca0b63bbb977369988a7bbbdc519943a"},"headline":"Con Bettiga, confirmaron los U16","datePublished":"2015-05-22T18:23:41+00:00","mainEntityOfPage":{"@id":"http:\/\/gentedebasquet.com.ar\/sitio\/2015\/05\/22\/con-bettiga-confirmaron-los-u16\/"},"wordCount":490,"image":{"@id":"http:\/\/gentedebasquet.com.ar\/sitio\/2015\/05\/22\/con-bettiga-confirmaron-los-u16\/#primaryimage"},"thumbnailUrl":"https:\/\/gentedebasquet.com.ar\/sitio\/wp-content\/uploads\/2015\/05\/Bettiga1.jpg","keywords":["Bah\u00eda Blanca","FIBA Americas U16","Ol\u00edmpo","Valent\u00edn Bettiga"],"articleSection":["Selecciones Nacionales","Slide"],"inLanguage":"es"},{"@type":"WebPage","@id":"http:\/\/gentedebasquet.com.ar\/sitio\/2015\/05\/22\/con-bettiga-confirmaron-los-u16\/","url":"http:\/\/gentedebasquet.com.ar\/sitio\/2015\/05\/22\/con-bettiga-confirmaron-los-u16\/","name":"Con Bettiga, confirmaron los U16 - Gente de B\u00e1squet","isPartOf":{"@id":"https:\/\/gentedebasquet.com.ar\/sitio\/#website"},"primaryImageOfPage":{"@id":"http:\/\/gentedebasquet.com.ar\/sitio\/2015\/05\/22\/con-bettiga-confirmaron-los-u16\/#primaryimage"},"image":{"@id":"http:\/\/gentedebasquet.com.ar\/sitio\/2015\/05\/22\/con-bettiga-confirmaron-los-u16\/#primaryimage"},"thumbnailUrl":"https:\/\/gentedebasquet.com.ar\/sitio\/wp-content\/uploads\/2015\/05\/Bettiga1.jpg","datePublished":"2015-05-22T18:23:41+00:00","author":{"@id":"https:\/\/gentedebasquet.com.ar\/sitio\/#\/schema\/person\/ca0b63bbb977369988a7bbbdc519943a"},"breadcrumb":{"@id":"http:\/\/gentedebasquet.com.ar\/sitio\/2015\/05\/22\/con-bettiga-confirmaron-los-u16\/#breadcrumb"},"inLanguage":"es","potentialAction":[{"@type":"ReadAction","target":["http:\/\/gentedebasquet.com.ar\/sitio\/2015\/05\/22\/con-bettiga-confirmaron-los-u16\/"]}]},{"@type":"ImageObject","inLanguage":"es","@id":"http:\/\/gentedebasquet.com.ar\/sitio\/2015\/05\/22\/con-bettiga-confirmaron-los-u16\/#primaryimage","url":"https:\/\/gentedebasquet.com.ar\/sitio\/wp-content\/uploads\/2015\/05\/Bettiga1.jpg","contentUrl":"https:\/\/gentedebasquet.com.ar\/sitio\/wp-content\/uploads\/2015\/05\/Bettiga1.jpg","width":690,"height":319},{"@type":"BreadcrumbList","@id":"http:\/\/gentedebasquet.com.ar\/sitio\/2015\/05\/22\/con-bettiga-confirmaron-los-u16\/#breadcrumb","itemListElement":[{"@type":"ListItem","position":1,"name":"Portada","item":"https:\/\/gentedebasquet.com.ar\/sitio\/"},{"@type":"ListItem","position":2,"name":"Con Bettiga, confirmaron los U16"}]},{"@type":"WebSite","@id":"https:\/\/gentedebasquet.com.ar\/sitio\/#website","url":"https:\/\/gentedebasquet.com.ar\/sitio\/","name":"Gente de B\u00e1squet","description":"La revista del basquet de Bah\u00eda Blanca","potentialAction":[{"@type":"SearchAction","target":{"@type":"EntryPoint","urlTemplate":"https:\/\/gentedebasquet.com.ar\/sitio\/?s={search_term_string}"},"query-input":{"@type":"PropertyValueSpecification","valueRequired":true,"valueName":"search_term_string"}}],"inLanguage":"es"},{"@type":"Person","@id":"https:\/\/gentedebasquet.com.ar\/sitio\/#\/schema\/person\/ca0b63bbb977369988a7bbbdc519943a","name":"Gente de B\u00e1squet","image":{"@type":"ImageObject","inLanguage":"es","@id":"https:\/\/secure.gravatar.com\/avatar\/7f2c48bdc33b30088f941fb6082e555f2874c98e20cb159d7b92b50eadfce793?s=96&d=mm&r=g","url":"https:\/\/secure.gravatar.com\/avatar\/7f2c48bdc33b30088f941fb6082e555f2874c98e20cb159d7b92b50eadfce793?s=96&d=mm&r=g","contentUrl":"https:\/\/secure.gravatar.com\/avatar\/7f2c48bdc33b30088f941fb6082e555f2874c98e20cb159d7b92b50eadfce793?s=96&d=mm&r=g","caption":"Gente de B\u00e1squet"},"sameAs":["http:\/\/gentedebasquet.com.ar\/sitio"],"url":"https:\/\/gentedebasquet.com.ar\/sitio\/author\/ulises\/"}]}},"_links":{"self":[{"href":"https:\/\/gentedebasquet.com.ar\/sitio\/wp-json\/wp\/v2\/posts\/45842","targetHints":{"allow":["GET"]}}],"collection":[{"href":"https:\/\/gentedebasquet.com.ar\/sitio\/wp-json\/wp\/v2\/posts"}],"about":[{"href":"https:\/\/gentedebasquet.com.ar\/sitio\/wp-json\/wp\/v2\/types\/post"}],"author":[{"embeddable":true,"href":"https:\/\/gentedebasquet.com.ar\/sitio\/wp-json\/wp\/v2\/users\/1"}],"replies":[{"embeddable":true,"href":"https:\/\/gentedebasquet.com.ar\/sitio\/wp-json\/wp\/v2\/comments?post=45842"}],"version-history":[{"count":0,"href":"https:\/\/gentedebasquet.com.ar\/sitio\/wp-json\/wp\/v2\/posts\/45842\/revisions"}],"wp:featuredmedia":[{"embeddable":true,"href":"https:\/\/gentedebasquet.com.ar\/sitio\/wp-json\/wp\/v2\/media\/45843"}],"wp:attachment":[{"href":"https:\/\/gentedebasquet.com.ar\/sitio\/wp-json\/wp\/v2\/media?parent=45842"}],"wp:term":[{"taxonomy":"category","embeddable":true,"href":"https:\/\/gentedebasquet.com.ar\/sitio\/wp-json\/wp\/v2\/categories?post=45842"},{"taxonomy":"post_tag","embeddable":true,"href":"https:\/\/gentedebasquet.com.ar\/sitio\/wp-json\/wp\/v2\/tags?post=45842"}],"curies":[{"name":"wp","href":"https:\/\/api.w.org\/{rel}","templated":true}]}}