{"id":45846,"date":"2015-05-22T23:19:45","date_gmt":"2015-05-23T02:19:45","guid":{"rendered":"http:\/\/www.gentedebasquet.com.ar\/?p=45846"},"modified":"2015-05-22T23:19:45","modified_gmt":"2015-05-23T02:19:45","slug":"de-la-gran-siete-2","status":"publish","type":"post","link":"https:\/\/gentedebasquet.com.ar\/sitio\/2015\/05\/22\/de-la-gran-siete-2\/","title":{"rendered":"De la gran siete"},"content":{"rendered":"<p><b>Villa Mitre contin\u00faa a paso firme por el Ciudad de Bah\u00eda Blanca. Esta vez derrot\u00f3 a San Lorenzo por 87 a 74 en el Rom\u00e1n Avecilla y sum\u00f3 su s\u00e9ptima victoria. M\u00e1s all\u00e1 de alg\u00fan bache en su juego durante el tercer cuarto, el Tricolor pudo imponer condiciones en gran parte del encuentro para llevarse el triunfo. En el ganador, que cont\u00f3 con la vuelta de Sebasti\u00e1n Acosta (8), hubo cinco jugadores en dos d\u00edgitos de puntos: Bollo (16), Pineda (15), Berdini (15), Renzi (13) y Heinrich (10). Mientras que en el Naranja no alcanz\u00f3 con las buenas actuaciones de Garc\u00eda (22) y Fern\u00e1ndez (14).<\/b><\/p>\n<p>Metiendo la pelota abajo para Bollo (5) y Pineda (4), as\u00ed comenz\u00f3 Villa Mitre el encuentro y sac\u00f3 r\u00e9ditos de ello en los primeros minutos (9-12). No obstante, San Lorenzo contest\u00f3 a trav\u00e9s de las apariciones de Jorge Garc\u00eda (8) en la pintura y las incursiones hacia el aro de Benedetti (4) y Hildemann (4). En los \u00faltimos cuatro minutos de juego, el Naranja aprovech\u00f3 los errores de su rival (5 perdidas) y estamp\u00f3 un parcial de 9-3 a su favor que le permiti\u00f3 irse al primer descanso 18-15.<\/p>\n<p>En el segundo cap\u00edtulo la balanza se torci\u00f3 definitivamente para el Tricolor (28-15). Un pasaje de 12-2 a su favor, alej\u00f3 al conjunto de Ugolini en el resultado (20-27) con 6m03s por jugar. Las bombas de Berdini (3\/4 T3), los puntos de Heinrich (6) batallando en la pintura y los aportes de Renzi (3) y P\u00e9rez (3) le dieron diferentes variantes en ofensiva al visitante. \u00a0Sanlo sufri\u00f3 el ajuste de defensa de su rival y por momentos se equivoc\u00f3 mucho (5 perdidas). Solo encontr\u00f3 puntos, en las apariciones alternadas, de Benedetti (5), Garc\u00eda (4) y R\u00edos Lodoli (4). Al descanso m\u00e1s largo, Villa Mitre se fue ganando por diez puntos (43-33).<\/p>\n<p>Apuntalado por la conducci\u00f3n desde la base de Fern\u00e1ndez (12 de los 25 puntos del equipo en el cuarto) y los aportes cerca del canasto de R\u00edos Lodoli (6), San Lorenzo achic\u00f3 distancias. Mediante un parcial de 19-7, el Naranja pas\u00f3 al frente por la m\u00ednima (52-51) con 3m50s en el reloj. Sin embargo, en el cierre el local se sec\u00f3 y el Verde lo aprovech\u00f3 para volver a tomar el mando en el marcador. A partir de la decisi\u00f3n de Renzi (6) para ir hacia el aro, Villa Mitre tom\u00f3 vuelo nuevamente. Pineda (5) gravit\u00f3 otra vez en la zona pintada y adem\u00e1s llegaron dos bombas oportunas de Acosta y Berdini. Un pasaje de 12-6 a su favor, le permiti\u00f3 a la Villa irse 63-58 al \u00faltimo descanso.<\/p>\n<p>Quien ingres\u00f3 dormido esta vez, y al \u00faltimo cuarto, fue el due\u00f1o de casa. En un abrir y cerrar de ojos, la visita meti\u00f3 un pasaje de 7-0 y se distanci\u00f3 definitivamente en el resultado (58-70). A partir de ah\u00ed la brecha no baj\u00f3 de diez unidades y el Tricolor fue controlando el encuentro con mucho aplomo. Los puntos debajo de los tableros de Bollo (6), Heinrich (4) y Pineda (4) terminaron de liquidar el asunto. En el otro lado, el aporte de Garc\u00eda (7) y el triple sobre el cierre de Francisco Diez solo sirvieron para decorar el marcador final. As\u00ed Villa Mitre consigui\u00f3 un nuevo triunfo en el Ciudad de Bah\u00eda Blanca y contin\u00faa por la buena senda.<\/p>\n<p>&nbsp;<\/p>\n<p>[vimeo]http:\/\/vimeo.com\/128658508[\/vimeo]<\/p>\n<p>&nbsp;<\/p>\n<p><b>S\u00edntesis<\/b>\u00a0| Primera Divisi\u00f3n \u2013 Fecha# 7<\/p>\n<p><b>San Lorenzo 74:\u00a0<\/b>Luciano Fern\u00e1ndez 14,\u00a0Esteban Benedetti 11, Mart\u00edn R\u00edos Lodoli 10, Jorge Garc\u00eda 22,\u00a0Leandro Silva 8 (Fi). Nahuel Diez 0 (x), Andr\u00e9s Hildemann 6, Alan Gonz\u00e1lez 0, Francisco Diez 3, Mauricio Halberg 0, Federico Biggi 0. DT: Rafael Canossa.<b><\/b><\/p>\n<p><b>Villa Mitre 87:\u00a0<\/b>Marcelo Berdini 15, Gast\u00f3n Diomedi 4, Nicol\u00e1s Renzi 13, David Pineda 15, Javier Bollo 16 (Fi). Ramiro Heinrich 10, Sebasti\u00e1n Acosta 8, Carlos P\u00e9rez 6. \u00a0DT: Ariel Ugolini.<\/p>\n<p><b>Parciales:\u00a0<\/b>18-15, 33-43 (15-28), 58-63 (25-20) y 74-87 (16-24)<\/p>\n<p><b>\u00c1rbitros:<\/b>\u00a0Jorge Scheffer \u2013 Sebasti\u00e1n Giannino<\/p>\n<p><b>Estadio:<\/b>\u00a0Rom\u00e1n Avecilla (San Lorenzo).<\/p>\n<p><a class=\"modalf iframe\" title=\"Planilla\" href=\"https:\/\/docs.google.com\/spreadsheets\/d\/1t146zzgivaiNMqRO0Z2e12kR4sd3g_mTzSVnoIsOo5k\/pubhtml?gid=804432407&amp;single=true\" target=\"_blank\" rel=\"noopener\">Ver Planilla<\/a><\/p>\n<p>&nbsp;<\/p>\n<p>[vimeo]http:\/\/vimeo.com\/128649702[\/vimeo]<\/p>\n","protected":false},"excerpt":{"rendered":"<p>Villa Mitre super\u00f3 87-74 a San Lorenzo y obtuvo su s\u00e9ptimo triunfo en el torneo.<\/p>\n","protected":false},"author":1,"featured_media":45848,"comment_status":"closed","ping_status":"open","sticky":false,"template":"","format":"standard","meta":{"jnews-multi-image_gallery":[],"jnews_single_post":[],"jnews_primary_category":[],"footnotes":""},"categories":[23,101],"tags":[19,22],"class_list":["post-45846","post","type-post","status-publish","format-standard","has-post-thumbnail","hentry","category-primera","category-slide","tag-san-lorenzo","tag-villa-mitre"],"yoast_head":"<!-- This site is optimized with the Yoast SEO plugin v27.5 - https:\/\/yoast.com\/product\/yoast-seo-wordpress\/ -->\n<title>De la gran siete - Gente de B\u00e1squet<\/title>\n<meta name=\"robots\" content=\"index, follow, max-snippet:-1, max-image-preview:large, max-video-preview:-1\" \/>\n<link rel=\"canonical\" href=\"https:\/\/gentedebasquet.com.ar\/sitio\/2015\/05\/22\/de-la-gran-siete-2\/\" \/>\n<meta property=\"og:locale\" content=\"es_ES\" \/>\n<meta property=\"og:type\" content=\"article\" \/>\n<meta property=\"og:title\" content=\"De la gran siete - Gente de B\u00e1squet\" \/>\n<meta property=\"og:description\" content=\"Villa Mitre super\u00f3 87-74 a San Lorenzo y obtuvo su s\u00e9ptimo triunfo en el torneo.\" \/>\n<meta property=\"og:url\" content=\"https:\/\/gentedebasquet.com.ar\/sitio\/2015\/05\/22\/de-la-gran-siete-2\/\" \/>\n<meta property=\"og:site_name\" content=\"Gente de B\u00e1squet\" \/>\n<meta property=\"article:published_time\" content=\"2015-05-23T02:19:45+00:00\" \/>\n<meta property=\"og:image\" content=\"https:\/\/gentedebasquet.com.ar\/sitio\/wp-content\/uploads\/2015\/05\/DSC_0048.jpg\" \/>\n\t<meta property=\"og:image:width\" content=\"690\" \/>\n\t<meta property=\"og:image:height\" content=\"319\" \/>\n\t<meta property=\"og:image:type\" content=\"image\/jpeg\" \/>\n<meta name=\"author\" content=\"Gente de B\u00e1squet\" \/>\n<meta name=\"twitter:card\" content=\"summary_large_image\" \/>\n<meta name=\"twitter:label1\" content=\"Escrito por\" \/>\n\t<meta name=\"twitter:data1\" content=\"Gente de B\u00e1squet\" \/>\n\t<meta name=\"twitter:label2\" content=\"Tiempo de lectura\" \/>\n\t<meta name=\"twitter:data2\" content=\"3 minutos\" \/>\n<script type=\"application\/ld+json\" class=\"yoast-schema-graph\">{\"@context\":\"https:\\\/\\\/schema.org\",\"@graph\":[{\"@type\":\"Article\",\"@id\":\"https:\\\/\\\/gentedebasquet.com.ar\\\/sitio\\\/2015\\\/05\\\/22\\\/de-la-gran-siete-2\\\/#article\",\"isPartOf\":{\"@id\":\"https:\\\/\\\/gentedebasquet.com.ar\\\/sitio\\\/2015\\\/05\\\/22\\\/de-la-gran-siete-2\\\/\"},\"author\":{\"name\":\"Gente de B\u00e1squet\",\"@id\":\"https:\\\/\\\/gentedebasquet.com.ar\\\/sitio\\\/#\\\/schema\\\/person\\\/ca0b63bbb977369988a7bbbdc519943a\"},\"headline\":\"De la gran siete\",\"datePublished\":\"2015-05-23T02:19:45+00:00\",\"mainEntityOfPage\":{\"@id\":\"https:\\\/\\\/gentedebasquet.com.ar\\\/sitio\\\/2015\\\/05\\\/22\\\/de-la-gran-siete-2\\\/\"},\"wordCount\":659,\"image\":{\"@id\":\"https:\\\/\\\/gentedebasquet.com.ar\\\/sitio\\\/2015\\\/05\\\/22\\\/de-la-gran-siete-2\\\/#primaryimage\"},\"thumbnailUrl\":\"https:\\\/\\\/gentedebasquet.com.ar\\\/sitio\\\/wp-content\\\/uploads\\\/2015\\\/05\\\/DSC_0048.jpg\",\"keywords\":[\"San Lorenzo\",\"Villa Mitre\"],\"articleSection\":[\"Primera\",\"Slide\"],\"inLanguage\":\"es\"},{\"@type\":\"WebPage\",\"@id\":\"https:\\\/\\\/gentedebasquet.com.ar\\\/sitio\\\/2015\\\/05\\\/22\\\/de-la-gran-siete-2\\\/\",\"url\":\"https:\\\/\\\/gentedebasquet.com.ar\\\/sitio\\\/2015\\\/05\\\/22\\\/de-la-gran-siete-2\\\/\",\"name\":\"De la gran siete - Gente de B\u00e1squet\",\"isPartOf\":{\"@id\":\"https:\\\/\\\/gentedebasquet.com.ar\\\/sitio\\\/#website\"},\"primaryImageOfPage\":{\"@id\":\"https:\\\/\\\/gentedebasquet.com.ar\\\/sitio\\\/2015\\\/05\\\/22\\\/de-la-gran-siete-2\\\/#primaryimage\"},\"image\":{\"@id\":\"https:\\\/\\\/gentedebasquet.com.ar\\\/sitio\\\/2015\\\/05\\\/22\\\/de-la-gran-siete-2\\\/#primaryimage\"},\"thumbnailUrl\":\"https:\\\/\\\/gentedebasquet.com.ar\\\/sitio\\\/wp-content\\\/uploads\\\/2015\\\/05\\\/DSC_0048.jpg\",\"datePublished\":\"2015-05-23T02:19:45+00:00\",\"author\":{\"@id\":\"https:\\\/\\\/gentedebasquet.com.ar\\\/sitio\\\/#\\\/schema\\\/person\\\/ca0b63bbb977369988a7bbbdc519943a\"},\"breadcrumb\":{\"@id\":\"https:\\\/\\\/gentedebasquet.com.ar\\\/sitio\\\/2015\\\/05\\\/22\\\/de-la-gran-siete-2\\\/#breadcrumb\"},\"inLanguage\":\"es\",\"potentialAction\":[{\"@type\":\"ReadAction\",\"target\":[\"https:\\\/\\\/gentedebasquet.com.ar\\\/sitio\\\/2015\\\/05\\\/22\\\/de-la-gran-siete-2\\\/\"]}]},{\"@type\":\"ImageObject\",\"inLanguage\":\"es\",\"@id\":\"https:\\\/\\\/gentedebasquet.com.ar\\\/sitio\\\/2015\\\/05\\\/22\\\/de-la-gran-siete-2\\\/#primaryimage\",\"url\":\"https:\\\/\\\/gentedebasquet.com.ar\\\/sitio\\\/wp-content\\\/uploads\\\/2015\\\/05\\\/DSC_0048.jpg\",\"contentUrl\":\"https:\\\/\\\/gentedebasquet.com.ar\\\/sitio\\\/wp-content\\\/uploads\\\/2015\\\/05\\\/DSC_0048.jpg\",\"width\":690,\"height\":319},{\"@type\":\"BreadcrumbList\",\"@id\":\"https:\\\/\\\/gentedebasquet.com.ar\\\/sitio\\\/2015\\\/05\\\/22\\\/de-la-gran-siete-2\\\/#breadcrumb\",\"itemListElement\":[{\"@type\":\"ListItem\",\"position\":1,\"name\":\"Portada\",\"item\":\"https:\\\/\\\/gentedebasquet.com.ar\\\/sitio\\\/\"},{\"@type\":\"ListItem\",\"position\":2,\"name\":\"De la gran siete\"}]},{\"@type\":\"WebSite\",\"@id\":\"https:\\\/\\\/gentedebasquet.com.ar\\\/sitio\\\/#website\",\"url\":\"https:\\\/\\\/gentedebasquet.com.ar\\\/sitio\\\/\",\"name\":\"Gente de B\u00e1squet\",\"description\":\"La revista del basquet de Bah\u00eda Blanca\",\"potentialAction\":[{\"@type\":\"SearchAction\",\"target\":{\"@type\":\"EntryPoint\",\"urlTemplate\":\"https:\\\/\\\/gentedebasquet.com.ar\\\/sitio\\\/?s={search_term_string}\"},\"query-input\":{\"@type\":\"PropertyValueSpecification\",\"valueRequired\":true,\"valueName\":\"search_term_string\"}}],\"inLanguage\":\"es\"},{\"@type\":\"Person\",\"@id\":\"https:\\\/\\\/gentedebasquet.com.ar\\\/sitio\\\/#\\\/schema\\\/person\\\/ca0b63bbb977369988a7bbbdc519943a\",\"name\":\"Gente de B\u00e1squet\",\"image\":{\"@type\":\"ImageObject\",\"inLanguage\":\"es\",\"@id\":\"https:\\\/\\\/secure.gravatar.com\\\/avatar\\\/7f2c48bdc33b30088f941fb6082e555f2874c98e20cb159d7b92b50eadfce793?s=96&d=mm&r=g\",\"url\":\"https:\\\/\\\/secure.gravatar.com\\\/avatar\\\/7f2c48bdc33b30088f941fb6082e555f2874c98e20cb159d7b92b50eadfce793?s=96&d=mm&r=g\",\"contentUrl\":\"https:\\\/\\\/secure.gravatar.com\\\/avatar\\\/7f2c48bdc33b30088f941fb6082e555f2874c98e20cb159d7b92b50eadfce793?s=96&d=mm&r=g\",\"caption\":\"Gente de B\u00e1squet\"},\"sameAs\":[\"http:\\\/\\\/gentedebasquet.com.ar\\\/sitio\"],\"url\":\"https:\\\/\\\/gentedebasquet.com.ar\\\/sitio\\\/author\\\/ulises\\\/\"}]}<\/script>\n<!-- \/ Yoast SEO plugin. -->","yoast_head_json":{"title":"De la gran siete - Gente de B\u00e1squet","robots":{"index":"index","follow":"follow","max-snippet":"max-snippet:-1","max-image-preview":"max-image-preview:large","max-video-preview":"max-video-preview:-1"},"canonical":"https:\/\/gentedebasquet.com.ar\/sitio\/2015\/05\/22\/de-la-gran-siete-2\/","og_locale":"es_ES","og_type":"article","og_title":"De la gran siete - Gente de B\u00e1squet","og_description":"Villa Mitre super\u00f3 87-74 a San Lorenzo y obtuvo su s\u00e9ptimo triunfo en el torneo.","og_url":"https:\/\/gentedebasquet.com.ar\/sitio\/2015\/05\/22\/de-la-gran-siete-2\/","og_site_name":"Gente de B\u00e1squet","article_published_time":"2015-05-23T02:19:45+00:00","og_image":[{"width":690,"height":319,"url":"https:\/\/gentedebasquet.com.ar\/sitio\/wp-content\/uploads\/2015\/05\/DSC_0048.jpg","type":"image\/jpeg"}],"author":"Gente de B\u00e1squet","twitter_card":"summary_large_image","twitter_misc":{"Escrito por":"Gente de B\u00e1squet","Tiempo de lectura":"3 minutos"},"schema":{"@context":"https:\/\/schema.org","@graph":[{"@type":"Article","@id":"https:\/\/gentedebasquet.com.ar\/sitio\/2015\/05\/22\/de-la-gran-siete-2\/#article","isPartOf":{"@id":"https:\/\/gentedebasquet.com.ar\/sitio\/2015\/05\/22\/de-la-gran-siete-2\/"},"author":{"name":"Gente de B\u00e1squet","@id":"https:\/\/gentedebasquet.com.ar\/sitio\/#\/schema\/person\/ca0b63bbb977369988a7bbbdc519943a"},"headline":"De la gran siete","datePublished":"2015-05-23T02:19:45+00:00","mainEntityOfPage":{"@id":"https:\/\/gentedebasquet.com.ar\/sitio\/2015\/05\/22\/de-la-gran-siete-2\/"},"wordCount":659,"image":{"@id":"https:\/\/gentedebasquet.com.ar\/sitio\/2015\/05\/22\/de-la-gran-siete-2\/#primaryimage"},"thumbnailUrl":"https:\/\/gentedebasquet.com.ar\/sitio\/wp-content\/uploads\/2015\/05\/DSC_0048.jpg","keywords":["San Lorenzo","Villa Mitre"],"articleSection":["Primera","Slide"],"inLanguage":"es"},{"@type":"WebPage","@id":"https:\/\/gentedebasquet.com.ar\/sitio\/2015\/05\/22\/de-la-gran-siete-2\/","url":"https:\/\/gentedebasquet.com.ar\/sitio\/2015\/05\/22\/de-la-gran-siete-2\/","name":"De la gran siete - Gente de B\u00e1squet","isPartOf":{"@id":"https:\/\/gentedebasquet.com.ar\/sitio\/#website"},"primaryImageOfPage":{"@id":"https:\/\/gentedebasquet.com.ar\/sitio\/2015\/05\/22\/de-la-gran-siete-2\/#primaryimage"},"image":{"@id":"https:\/\/gentedebasquet.com.ar\/sitio\/2015\/05\/22\/de-la-gran-siete-2\/#primaryimage"},"thumbnailUrl":"https:\/\/gentedebasquet.com.ar\/sitio\/wp-content\/uploads\/2015\/05\/DSC_0048.jpg","datePublished":"2015-05-23T02:19:45+00:00","author":{"@id":"https:\/\/gentedebasquet.com.ar\/sitio\/#\/schema\/person\/ca0b63bbb977369988a7bbbdc519943a"},"breadcrumb":{"@id":"https:\/\/gentedebasquet.com.ar\/sitio\/2015\/05\/22\/de-la-gran-siete-2\/#breadcrumb"},"inLanguage":"es","potentialAction":[{"@type":"ReadAction","target":["https:\/\/gentedebasquet.com.ar\/sitio\/2015\/05\/22\/de-la-gran-siete-2\/"]}]},{"@type":"ImageObject","inLanguage":"es","@id":"https:\/\/gentedebasquet.com.ar\/sitio\/2015\/05\/22\/de-la-gran-siete-2\/#primaryimage","url":"https:\/\/gentedebasquet.com.ar\/sitio\/wp-content\/uploads\/2015\/05\/DSC_0048.jpg","contentUrl":"https:\/\/gentedebasquet.com.ar\/sitio\/wp-content\/uploads\/2015\/05\/DSC_0048.jpg","width":690,"height":319},{"@type":"BreadcrumbList","@id":"https:\/\/gentedebasquet.com.ar\/sitio\/2015\/05\/22\/de-la-gran-siete-2\/#breadcrumb","itemListElement":[{"@type":"ListItem","position":1,"name":"Portada","item":"https:\/\/gentedebasquet.com.ar\/sitio\/"},{"@type":"ListItem","position":2,"name":"De la gran siete"}]},{"@type":"WebSite","@id":"https:\/\/gentedebasquet.com.ar\/sitio\/#website","url":"https:\/\/gentedebasquet.com.ar\/sitio\/","name":"Gente de B\u00e1squet","description":"La revista del basquet de Bah\u00eda Blanca","potentialAction":[{"@type":"SearchAction","target":{"@type":"EntryPoint","urlTemplate":"https:\/\/gentedebasquet.com.ar\/sitio\/?s={search_term_string}"},"query-input":{"@type":"PropertyValueSpecification","valueRequired":true,"valueName":"search_term_string"}}],"inLanguage":"es"},{"@type":"Person","@id":"https:\/\/gentedebasquet.com.ar\/sitio\/#\/schema\/person\/ca0b63bbb977369988a7bbbdc519943a","name":"Gente de B\u00e1squet","image":{"@type":"ImageObject","inLanguage":"es","@id":"https:\/\/secure.gravatar.com\/avatar\/7f2c48bdc33b30088f941fb6082e555f2874c98e20cb159d7b92b50eadfce793?s=96&d=mm&r=g","url":"https:\/\/secure.gravatar.com\/avatar\/7f2c48bdc33b30088f941fb6082e555f2874c98e20cb159d7b92b50eadfce793?s=96&d=mm&r=g","contentUrl":"https:\/\/secure.gravatar.com\/avatar\/7f2c48bdc33b30088f941fb6082e555f2874c98e20cb159d7b92b50eadfce793?s=96&d=mm&r=g","caption":"Gente de B\u00e1squet"},"sameAs":["http:\/\/gentedebasquet.com.ar\/sitio"],"url":"https:\/\/gentedebasquet.com.ar\/sitio\/author\/ulises\/"}]}},"_links":{"self":[{"href":"https:\/\/gentedebasquet.com.ar\/sitio\/wp-json\/wp\/v2\/posts\/45846","targetHints":{"allow":["GET"]}}],"collection":[{"href":"https:\/\/gentedebasquet.com.ar\/sitio\/wp-json\/wp\/v2\/posts"}],"about":[{"href":"https:\/\/gentedebasquet.com.ar\/sitio\/wp-json\/wp\/v2\/types\/post"}],"author":[{"embeddable":true,"href":"https:\/\/gentedebasquet.com.ar\/sitio\/wp-json\/wp\/v2\/users\/1"}],"replies":[{"embeddable":true,"href":"https:\/\/gentedebasquet.com.ar\/sitio\/wp-json\/wp\/v2\/comments?post=45846"}],"version-history":[{"count":0,"href":"https:\/\/gentedebasquet.com.ar\/sitio\/wp-json\/wp\/v2\/posts\/45846\/revisions"}],"wp:featuredmedia":[{"embeddable":true,"href":"https:\/\/gentedebasquet.com.ar\/sitio\/wp-json\/wp\/v2\/media\/45848"}],"wp:attachment":[{"href":"https:\/\/gentedebasquet.com.ar\/sitio\/wp-json\/wp\/v2\/media?parent=45846"}],"wp:term":[{"taxonomy":"category","embeddable":true,"href":"https:\/\/gentedebasquet.com.ar\/sitio\/wp-json\/wp\/v2\/categories?post=45846"},{"taxonomy":"post_tag","embeddable":true,"href":"https:\/\/gentedebasquet.com.ar\/sitio\/wp-json\/wp\/v2\/tags?post=45846"}],"curies":[{"name":"wp","href":"https:\/\/api.w.org\/{rel}","templated":true}]}}