{"id":45881,"date":"2015-05-24T10:53:03","date_gmt":"2015-05-24T13:53:03","guid":{"rendered":"http:\/\/www.gentedebasquet.com.ar\/?p=45881"},"modified":"2015-05-24T10:53:03","modified_gmt":"2015-05-24T13:53:03","slug":"richotti-cumplio-100-en-espana","status":"publish","type":"post","link":"https:\/\/gentedebasquet.com.ar\/sitio\/2015\/05\/24\/richotti-cumplio-100-en-espana\/","title":{"rendered":"Richotti cumpli\u00f3 100 en Espa\u00f1a"},"content":{"rendered":"<p align=\"justify\"><strong>El Iberostar Tenerife no pudo cerrar su gran temporada con victoria al caer en su visita a un inspirado UCAM Murcia (104-81). Pese a todo, el grupo de Alejandro Mart\u00ednez cierra una notable campa\u00f1a, en la que logr\u00f3 con solvencia su continuidad en la \u00e9lite y\u00e9ndose hasta los 16 triunfos, y concluyendo la temporada en una meritoria und\u00e9cima posici\u00f3n. El bahiense Nicol\u00e1s Richotti alcanz\u00f3 los 100 partidos por Liga Endesa.<\/strong><\/p>\n<p align=\"justify\"><span style=\"line-height: 1.5em;\">Fue un partido vistoso el vivido este mediod\u00eda en el Palacio de los Deportes de Murcia, con dos propuestas atrevidas y sin complejos. Arranc\u00f3 entonado el conjunto local, que impuso su ritmo de entrada, aprovech\u00f3 las segundas opciones en ataque y los triples de Scott Bamforth para abrir las primeras rentas significativas en el electr\u00f3nico (23-10, 7&#8242;). Sufr\u00eda entonces el Iberostar Tenerife que sin embargo, lejos de venirse abajo, corrigi\u00f3 errores para intentar nivelar la balanza.<\/span><\/p>\n<p align=\"justify\"><span style=\"line-height: 1.5em;\">La irrupci\u00f3n de Javi Beir\u00e1n, autor de diez puntos en el segundo cuarto; el ritmo de Ricardo \u00dariz, h\u00e1bil tambi\u00e9n atr\u00e1s con varios robos; los puntos de Blagota Sekulic y el paso al frente del bloque en tareas defensivas, cerraron la grieta abierta por los rojillos. En esa din\u00e1mica, con los canaristas moviendo con fluidez el bal\u00f3n, buscando siempre la mejor opci\u00f3n en ataque, mordiendo atr\u00e1s y corriendo a la m\u00ednima oportunidad, el partido volvi\u00f3 al alambre (40-39, tras triple de un buen Levi Rost).<\/span><\/p>\n<p><iframe loading=\"lazy\" src=\"https:\/\/www.youtube.com\/embed\/YpmVnCM65Uc\" height=\"315\" width=\"560\" allowfullscreen=\"\" frameborder=\"0\"><\/iframe><\/p>\n<p align=\"justify\"><span style=\"line-height: 1.5em;\">Cinco puntos seguidos de San Miguel y un triple de Sikma camino del descanso confirmaron el arre\u00f3n canarista (47-48, 20&#8242;) en un notable segundo cuarto, donde solo la escasez de rebotes ofensivos y el gran arranque de los locales imped\u00edan a los visitantes mandar con m\u00e1s holgura. Trat\u00f3 de prolongar su mejor\u00eda el grupo de Mart\u00ednez a la vuelta del receso, pero se top\u00f3 con un Murcia muy inspirado, liderado por un gran Lima (31 de valoraci\u00f3n) y por un Kelati especialmente oportuno para hacer da\u00f1o desde el per\u00edmetro cuando m\u00e1s le hac\u00eda falta a su equipo.<\/span><\/p>\n<p align=\"justify\"><span style=\"line-height: 1.5em;\">Por ah\u00ed, cimentaron los anfitriones su victoria; al tiempo que pon\u00edan el candado al rebote, disponiendo incluso de segundas opciones en ataque, con un Sadiel Rojas muy m\u00f3vil. El conjunto de Diego Ocampo aprovechaba as\u00ed la inercia ofensiva para abrir progresivamente su renta hasta el 104-81 definitivo. No pudo el Iberostar cerrar la temporada con triunfo, pero pone el punto y final a una gran campa\u00f1a, en la que sell\u00f3 su permanencia con eficacia, acab\u00f3 und\u00e9cimo y pele\u00f3 incluso por entrar en las series finales hasta pr\u00e1cticamente la \u00faltima jornada.<\/span><\/p>\n<p align=\"justify\">\n<blockquote class=\"twitter-tweet\" lang=\"es\">\n<p dir=\"ltr\" lang=\"es\">Termino la temporada cumpliendo 100 partidos. Gracias a todos por el apoyo q nos dieron cada jornada. <a href=\"https:\/\/twitter.com\/hashtag\/VamosCanarias?src=hash\">#VamosCanarias<\/a> <a href=\"http:\/\/t.co\/m56x4qjcE7\">pic.twitter.com\/m56x4qjcE7<\/a><\/p>\n<p>\u2014 Nicol\u00e1s Richotti (@nico_rchtt) <a href=\"https:\/\/twitter.com\/nico_rchtt\/status\/602455737961476098\">Mayo 24, 2015<\/a><\/p><\/blockquote>\n<p>&nbsp;<\/p>\n<p><strong>Fuente:<\/strong> Prensa Tenerife.<\/p>\n<p><strong>Foto:<\/strong> Prensa Tenerife.<\/p>\n","protected":false},"excerpt":{"rendered":"<p>Tenerife (11\u00ba) cerr\u00f3 la temporada con derrota ante Murcia por 104-81<\/p>\n","protected":false},"author":1,"featured_media":45884,"comment_status":"closed","ping_status":"open","sticky":false,"template":"","format":"standard","meta":{"jnews-multi-image_gallery":[],"jnews_single_post":[],"jnews_primary_category":[],"footnotes":""},"categories":[34,101],"tags":[117,366,197,401,198],"class_list":["post-45881","post","type-post","status-publish","format-standard","has-post-thumbnail","hentry","category-bahienses-afuera","category-slide","tag-acb","tag-iberostar-tenerife","tag-liga-endesa","tag-murcia","tag-nicolas-richotti"],"yoast_head":"<!-- This site is optimized with the Yoast SEO plugin v27.5 - https:\/\/yoast.com\/product\/yoast-seo-wordpress\/ -->\n<title>Richotti cumpli\u00f3 100 en Espa\u00f1a - Gente de B\u00e1squet<\/title>\n<meta name=\"robots\" content=\"index, follow, max-snippet:-1, max-image-preview:large, max-video-preview:-1\" \/>\n<link rel=\"canonical\" href=\"http:\/\/gentedebasquet.com.ar\/sitio\/2015\/05\/24\/richotti-cumplio-100-en-espana\/\" \/>\n<meta property=\"og:locale\" content=\"es_ES\" \/>\n<meta property=\"og:type\" content=\"article\" \/>\n<meta property=\"og:title\" content=\"Richotti cumpli\u00f3 100 en Espa\u00f1a - Gente de B\u00e1squet\" \/>\n<meta property=\"og:description\" content=\"Tenerife (11\u00ba) cerr\u00f3 la temporada con derrota ante Murcia por 104-81\" \/>\n<meta property=\"og:url\" content=\"http:\/\/gentedebasquet.com.ar\/sitio\/2015\/05\/24\/richotti-cumplio-100-en-espana\/\" \/>\n<meta property=\"og:site_name\" content=\"Gente de B\u00e1squet\" \/>\n<meta property=\"article:published_time\" content=\"2015-05-24T13:53:03+00:00\" \/>\n<meta property=\"og:image\" content=\"http:\/\/gentedebasquet.com.ar\/sitio\/wp-content\/uploads\/2015\/05\/100.jpg\" \/>\n\t<meta property=\"og:image:width\" content=\"690\" \/>\n\t<meta property=\"og:image:height\" content=\"319\" \/>\n\t<meta property=\"og:image:type\" content=\"image\/jpeg\" \/>\n<meta name=\"author\" content=\"Gente de B\u00e1squet\" \/>\n<meta name=\"twitter:card\" content=\"summary_large_image\" \/>\n<meta name=\"twitter:label1\" content=\"Escrito por\" \/>\n\t<meta name=\"twitter:data1\" content=\"Gente de B\u00e1squet\" \/>\n\t<meta name=\"twitter:label2\" content=\"Tiempo de lectura\" \/>\n\t<meta name=\"twitter:data2\" content=\"2 minutos\" \/>\n<script type=\"application\/ld+json\" class=\"yoast-schema-graph\">{\"@context\":\"https:\\\/\\\/schema.org\",\"@graph\":[{\"@type\":\"Article\",\"@id\":\"http:\\\/\\\/gentedebasquet.com.ar\\\/sitio\\\/2015\\\/05\\\/24\\\/richotti-cumplio-100-en-espana\\\/#article\",\"isPartOf\":{\"@id\":\"http:\\\/\\\/gentedebasquet.com.ar\\\/sitio\\\/2015\\\/05\\\/24\\\/richotti-cumplio-100-en-espana\\\/\"},\"author\":{\"name\":\"Gente de B\u00e1squet\",\"@id\":\"https:\\\/\\\/gentedebasquet.com.ar\\\/sitio\\\/#\\\/schema\\\/person\\\/ca0b63bbb977369988a7bbbdc519943a\"},\"headline\":\"Richotti cumpli\u00f3 100 en Espa\u00f1a\",\"datePublished\":\"2015-05-24T13:53:03+00:00\",\"mainEntityOfPage\":{\"@id\":\"http:\\\/\\\/gentedebasquet.com.ar\\\/sitio\\\/2015\\\/05\\\/24\\\/richotti-cumplio-100-en-espana\\\/\"},\"wordCount\":488,\"image\":{\"@id\":\"http:\\\/\\\/gentedebasquet.com.ar\\\/sitio\\\/2015\\\/05\\\/24\\\/richotti-cumplio-100-en-espana\\\/#primaryimage\"},\"thumbnailUrl\":\"https:\\\/\\\/gentedebasquet.com.ar\\\/sitio\\\/wp-content\\\/uploads\\\/2015\\\/05\\\/100.jpg\",\"keywords\":[\"ACB\",\"Iberostar Tenerife\",\"Liga Endesa\",\"Murcia\",\"Nicol\u00e1s Richotti\"],\"articleSection\":[\"Bahienses Afuera\",\"Slide\"],\"inLanguage\":\"es\"},{\"@type\":\"WebPage\",\"@id\":\"http:\\\/\\\/gentedebasquet.com.ar\\\/sitio\\\/2015\\\/05\\\/24\\\/richotti-cumplio-100-en-espana\\\/\",\"url\":\"http:\\\/\\\/gentedebasquet.com.ar\\\/sitio\\\/2015\\\/05\\\/24\\\/richotti-cumplio-100-en-espana\\\/\",\"name\":\"Richotti cumpli\u00f3 100 en Espa\u00f1a - Gente de B\u00e1squet\",\"isPartOf\":{\"@id\":\"https:\\\/\\\/gentedebasquet.com.ar\\\/sitio\\\/#website\"},\"primaryImageOfPage\":{\"@id\":\"http:\\\/\\\/gentedebasquet.com.ar\\\/sitio\\\/2015\\\/05\\\/24\\\/richotti-cumplio-100-en-espana\\\/#primaryimage\"},\"image\":{\"@id\":\"http:\\\/\\\/gentedebasquet.com.ar\\\/sitio\\\/2015\\\/05\\\/24\\\/richotti-cumplio-100-en-espana\\\/#primaryimage\"},\"thumbnailUrl\":\"https:\\\/\\\/gentedebasquet.com.ar\\\/sitio\\\/wp-content\\\/uploads\\\/2015\\\/05\\\/100.jpg\",\"datePublished\":\"2015-05-24T13:53:03+00:00\",\"author\":{\"@id\":\"https:\\\/\\\/gentedebasquet.com.ar\\\/sitio\\\/#\\\/schema\\\/person\\\/ca0b63bbb977369988a7bbbdc519943a\"},\"breadcrumb\":{\"@id\":\"http:\\\/\\\/gentedebasquet.com.ar\\\/sitio\\\/2015\\\/05\\\/24\\\/richotti-cumplio-100-en-espana\\\/#breadcrumb\"},\"inLanguage\":\"es\",\"potentialAction\":[{\"@type\":\"ReadAction\",\"target\":[\"http:\\\/\\\/gentedebasquet.com.ar\\\/sitio\\\/2015\\\/05\\\/24\\\/richotti-cumplio-100-en-espana\\\/\"]}]},{\"@type\":\"ImageObject\",\"inLanguage\":\"es\",\"@id\":\"http:\\\/\\\/gentedebasquet.com.ar\\\/sitio\\\/2015\\\/05\\\/24\\\/richotti-cumplio-100-en-espana\\\/#primaryimage\",\"url\":\"https:\\\/\\\/gentedebasquet.com.ar\\\/sitio\\\/wp-content\\\/uploads\\\/2015\\\/05\\\/100.jpg\",\"contentUrl\":\"https:\\\/\\\/gentedebasquet.com.ar\\\/sitio\\\/wp-content\\\/uploads\\\/2015\\\/05\\\/100.jpg\",\"width\":690,\"height\":319},{\"@type\":\"BreadcrumbList\",\"@id\":\"http:\\\/\\\/gentedebasquet.com.ar\\\/sitio\\\/2015\\\/05\\\/24\\\/richotti-cumplio-100-en-espana\\\/#breadcrumb\",\"itemListElement\":[{\"@type\":\"ListItem\",\"position\":1,\"name\":\"Portada\",\"item\":\"https:\\\/\\\/gentedebasquet.com.ar\\\/sitio\\\/\"},{\"@type\":\"ListItem\",\"position\":2,\"name\":\"Richotti cumpli\u00f3 100 en Espa\u00f1a\"}]},{\"@type\":\"WebSite\",\"@id\":\"https:\\\/\\\/gentedebasquet.com.ar\\\/sitio\\\/#website\",\"url\":\"https:\\\/\\\/gentedebasquet.com.ar\\\/sitio\\\/\",\"name\":\"Gente de B\u00e1squet\",\"description\":\"La revista del basquet de Bah\u00eda Blanca\",\"potentialAction\":[{\"@type\":\"SearchAction\",\"target\":{\"@type\":\"EntryPoint\",\"urlTemplate\":\"https:\\\/\\\/gentedebasquet.com.ar\\\/sitio\\\/?s={search_term_string}\"},\"query-input\":{\"@type\":\"PropertyValueSpecification\",\"valueRequired\":true,\"valueName\":\"search_term_string\"}}],\"inLanguage\":\"es\"},{\"@type\":\"Person\",\"@id\":\"https:\\\/\\\/gentedebasquet.com.ar\\\/sitio\\\/#\\\/schema\\\/person\\\/ca0b63bbb977369988a7bbbdc519943a\",\"name\":\"Gente de B\u00e1squet\",\"image\":{\"@type\":\"ImageObject\",\"inLanguage\":\"es\",\"@id\":\"https:\\\/\\\/secure.gravatar.com\\\/avatar\\\/7f2c48bdc33b30088f941fb6082e555f2874c98e20cb159d7b92b50eadfce793?s=96&d=mm&r=g\",\"url\":\"https:\\\/\\\/secure.gravatar.com\\\/avatar\\\/7f2c48bdc33b30088f941fb6082e555f2874c98e20cb159d7b92b50eadfce793?s=96&d=mm&r=g\",\"contentUrl\":\"https:\\\/\\\/secure.gravatar.com\\\/avatar\\\/7f2c48bdc33b30088f941fb6082e555f2874c98e20cb159d7b92b50eadfce793?s=96&d=mm&r=g\",\"caption\":\"Gente de B\u00e1squet\"},\"sameAs\":[\"http:\\\/\\\/gentedebasquet.com.ar\\\/sitio\"],\"url\":\"https:\\\/\\\/gentedebasquet.com.ar\\\/sitio\\\/author\\\/ulises\\\/\"}]}<\/script>\n<!-- \/ Yoast SEO plugin. -->","yoast_head_json":{"title":"Richotti cumpli\u00f3 100 en Espa\u00f1a - Gente de B\u00e1squet","robots":{"index":"index","follow":"follow","max-snippet":"max-snippet:-1","max-image-preview":"max-image-preview:large","max-video-preview":"max-video-preview:-1"},"canonical":"http:\/\/gentedebasquet.com.ar\/sitio\/2015\/05\/24\/richotti-cumplio-100-en-espana\/","og_locale":"es_ES","og_type":"article","og_title":"Richotti cumpli\u00f3 100 en Espa\u00f1a - Gente de B\u00e1squet","og_description":"Tenerife (11\u00ba) cerr\u00f3 la temporada con derrota ante Murcia por 104-81","og_url":"http:\/\/gentedebasquet.com.ar\/sitio\/2015\/05\/24\/richotti-cumplio-100-en-espana\/","og_site_name":"Gente de B\u00e1squet","article_published_time":"2015-05-24T13:53:03+00:00","og_image":[{"width":690,"height":319,"url":"http:\/\/gentedebasquet.com.ar\/sitio\/wp-content\/uploads\/2015\/05\/100.jpg","type":"image\/jpeg"}],"author":"Gente de B\u00e1squet","twitter_card":"summary_large_image","twitter_misc":{"Escrito por":"Gente de B\u00e1squet","Tiempo de lectura":"2 minutos"},"schema":{"@context":"https:\/\/schema.org","@graph":[{"@type":"Article","@id":"http:\/\/gentedebasquet.com.ar\/sitio\/2015\/05\/24\/richotti-cumplio-100-en-espana\/#article","isPartOf":{"@id":"http:\/\/gentedebasquet.com.ar\/sitio\/2015\/05\/24\/richotti-cumplio-100-en-espana\/"},"author":{"name":"Gente de B\u00e1squet","@id":"https:\/\/gentedebasquet.com.ar\/sitio\/#\/schema\/person\/ca0b63bbb977369988a7bbbdc519943a"},"headline":"Richotti cumpli\u00f3 100 en Espa\u00f1a","datePublished":"2015-05-24T13:53:03+00:00","mainEntityOfPage":{"@id":"http:\/\/gentedebasquet.com.ar\/sitio\/2015\/05\/24\/richotti-cumplio-100-en-espana\/"},"wordCount":488,"image":{"@id":"http:\/\/gentedebasquet.com.ar\/sitio\/2015\/05\/24\/richotti-cumplio-100-en-espana\/#primaryimage"},"thumbnailUrl":"https:\/\/gentedebasquet.com.ar\/sitio\/wp-content\/uploads\/2015\/05\/100.jpg","keywords":["ACB","Iberostar Tenerife","Liga Endesa","Murcia","Nicol\u00e1s Richotti"],"articleSection":["Bahienses Afuera","Slide"],"inLanguage":"es"},{"@type":"WebPage","@id":"http:\/\/gentedebasquet.com.ar\/sitio\/2015\/05\/24\/richotti-cumplio-100-en-espana\/","url":"http:\/\/gentedebasquet.com.ar\/sitio\/2015\/05\/24\/richotti-cumplio-100-en-espana\/","name":"Richotti cumpli\u00f3 100 en Espa\u00f1a - Gente de B\u00e1squet","isPartOf":{"@id":"https:\/\/gentedebasquet.com.ar\/sitio\/#website"},"primaryImageOfPage":{"@id":"http:\/\/gentedebasquet.com.ar\/sitio\/2015\/05\/24\/richotti-cumplio-100-en-espana\/#primaryimage"},"image":{"@id":"http:\/\/gentedebasquet.com.ar\/sitio\/2015\/05\/24\/richotti-cumplio-100-en-espana\/#primaryimage"},"thumbnailUrl":"https:\/\/gentedebasquet.com.ar\/sitio\/wp-content\/uploads\/2015\/05\/100.jpg","datePublished":"2015-05-24T13:53:03+00:00","author":{"@id":"https:\/\/gentedebasquet.com.ar\/sitio\/#\/schema\/person\/ca0b63bbb977369988a7bbbdc519943a"},"breadcrumb":{"@id":"http:\/\/gentedebasquet.com.ar\/sitio\/2015\/05\/24\/richotti-cumplio-100-en-espana\/#breadcrumb"},"inLanguage":"es","potentialAction":[{"@type":"ReadAction","target":["http:\/\/gentedebasquet.com.ar\/sitio\/2015\/05\/24\/richotti-cumplio-100-en-espana\/"]}]},{"@type":"ImageObject","inLanguage":"es","@id":"http:\/\/gentedebasquet.com.ar\/sitio\/2015\/05\/24\/richotti-cumplio-100-en-espana\/#primaryimage","url":"https:\/\/gentedebasquet.com.ar\/sitio\/wp-content\/uploads\/2015\/05\/100.jpg","contentUrl":"https:\/\/gentedebasquet.com.ar\/sitio\/wp-content\/uploads\/2015\/05\/100.jpg","width":690,"height":319},{"@type":"BreadcrumbList","@id":"http:\/\/gentedebasquet.com.ar\/sitio\/2015\/05\/24\/richotti-cumplio-100-en-espana\/#breadcrumb","itemListElement":[{"@type":"ListItem","position":1,"name":"Portada","item":"https:\/\/gentedebasquet.com.ar\/sitio\/"},{"@type":"ListItem","position":2,"name":"Richotti cumpli\u00f3 100 en Espa\u00f1a"}]},{"@type":"WebSite","@id":"https:\/\/gentedebasquet.com.ar\/sitio\/#website","url":"https:\/\/gentedebasquet.com.ar\/sitio\/","name":"Gente de B\u00e1squet","description":"La revista del basquet de Bah\u00eda Blanca","potentialAction":[{"@type":"SearchAction","target":{"@type":"EntryPoint","urlTemplate":"https:\/\/gentedebasquet.com.ar\/sitio\/?s={search_term_string}"},"query-input":{"@type":"PropertyValueSpecification","valueRequired":true,"valueName":"search_term_string"}}],"inLanguage":"es"},{"@type":"Person","@id":"https:\/\/gentedebasquet.com.ar\/sitio\/#\/schema\/person\/ca0b63bbb977369988a7bbbdc519943a","name":"Gente de B\u00e1squet","image":{"@type":"ImageObject","inLanguage":"es","@id":"https:\/\/secure.gravatar.com\/avatar\/7f2c48bdc33b30088f941fb6082e555f2874c98e20cb159d7b92b50eadfce793?s=96&d=mm&r=g","url":"https:\/\/secure.gravatar.com\/avatar\/7f2c48bdc33b30088f941fb6082e555f2874c98e20cb159d7b92b50eadfce793?s=96&d=mm&r=g","contentUrl":"https:\/\/secure.gravatar.com\/avatar\/7f2c48bdc33b30088f941fb6082e555f2874c98e20cb159d7b92b50eadfce793?s=96&d=mm&r=g","caption":"Gente de B\u00e1squet"},"sameAs":["http:\/\/gentedebasquet.com.ar\/sitio"],"url":"https:\/\/gentedebasquet.com.ar\/sitio\/author\/ulises\/"}]}},"_links":{"self":[{"href":"https:\/\/gentedebasquet.com.ar\/sitio\/wp-json\/wp\/v2\/posts\/45881","targetHints":{"allow":["GET"]}}],"collection":[{"href":"https:\/\/gentedebasquet.com.ar\/sitio\/wp-json\/wp\/v2\/posts"}],"about":[{"href":"https:\/\/gentedebasquet.com.ar\/sitio\/wp-json\/wp\/v2\/types\/post"}],"author":[{"embeddable":true,"href":"https:\/\/gentedebasquet.com.ar\/sitio\/wp-json\/wp\/v2\/users\/1"}],"replies":[{"embeddable":true,"href":"https:\/\/gentedebasquet.com.ar\/sitio\/wp-json\/wp\/v2\/comments?post=45881"}],"version-history":[{"count":0,"href":"https:\/\/gentedebasquet.com.ar\/sitio\/wp-json\/wp\/v2\/posts\/45881\/revisions"}],"wp:featuredmedia":[{"embeddable":true,"href":"https:\/\/gentedebasquet.com.ar\/sitio\/wp-json\/wp\/v2\/media\/45884"}],"wp:attachment":[{"href":"https:\/\/gentedebasquet.com.ar\/sitio\/wp-json\/wp\/v2\/media?parent=45881"}],"wp:term":[{"taxonomy":"category","embeddable":true,"href":"https:\/\/gentedebasquet.com.ar\/sitio\/wp-json\/wp\/v2\/categories?post=45881"},{"taxonomy":"post_tag","embeddable":true,"href":"https:\/\/gentedebasquet.com.ar\/sitio\/wp-json\/wp\/v2\/tags?post=45881"}],"curies":[{"name":"wp","href":"https:\/\/api.w.org\/{rel}","templated":true}]}}