{"id":45942,"date":"2015-05-25T22:54:18","date_gmt":"2015-05-26T01:54:18","guid":{"rendered":"http:\/\/www.gentedebasquet.com.ar\/?p=45942"},"modified":"2015-05-25T22:54:18","modified_gmt":"2015-05-26T01:54:18","slug":"retoma-su-linea","status":"publish","type":"post","link":"https:\/\/gentedebasquet.com.ar\/sitio\/2015\/05\/25\/retoma-su-linea\/","title":{"rendered":"Retoma su l\u00ednea"},"content":{"rendered":"<p><b>Independiente venci\u00f3 a Los Andes por 61 a 60 en cancha de Argentino y volvi\u00f3 al triunfo. En un partido cambiante y deslucido, el \u201cViola\u201d lo cerr\u00f3 mejor aprovechando su buena efectividad en tiros libres (11\/12 T1, 6\/6 en el 4C), m\u00e1s all\u00e1 que el equipo Puntaltense tuvo la \u00faltima para ganarlo. En el elenco de Musumeci hubo buenas actuaciones de Maidana (13, 5\/10 T2), Minervino (12, 6\/6 T1, 10 en el ST) y Banchero (12). Por \u201cLosa\u201d, que cont\u00f3 con una rotaci\u00f3n de 6 jugadores y lanz\u00f3 3\/21 T3, no alcanz\u00f3 con lo hecho por Canella (21, 8\/12 T2), Polchi (16, 3\/10 T3, 10 en el 4C) y Sella (11).<\/b><\/p>\n<p>De rachas, as\u00ed arranc\u00f3 el partido con Independiente pegando de arranque, con una bomba de Montanaro y con su juego interno haci\u00e9ndose fuerte en la pintura, estamp\u00f3 un parcial de 7-0 aprovechando el frio inicio de su rival (0\/5 TC). Con Canella (6) decidido a atacar el cesto, Los Andes acort\u00f3 la diferencia (7-8 a 4.37) aprovechando que el \u201cViola\u201d comenz\u00f3 a equivocar los caminos (7 fallos consecutivos), y m\u00e1s all\u00e1 que Banchero cort\u00f3 esa racha, una buena acci\u00f3n de doble y falta por parte de Sella (primer y \u00fanico acierto de campo de un jugador local que no sea Canella) dej\u00f3 las cosas igualadas (10-10) a falta de 2.37. Pero los de Carbonell se iban a secar, mostr\u00e1ndose imprecisos con la bola (4 p\u00e9rdidas) y abusando del triple sin \u00e9xito (0\/6 en el 1C), y un nuevo acierto de Banchero (cerr\u00f3 con 6) m\u00e1s el buen ingreso de Reschini hicieron que el visitante cierre mejor y se lleve el primer cuarto por 14 a 10.<\/p>\n<p>Con Maidana y Banchero combin\u00e1ndose bien cerca del cesto, el visitante sac\u00f3 la m\u00e1xima de 8 (18-10) en el arranque del segundo cuarto, pero se iba a quedar anotando solo 2 puntos en m\u00e1s de 5 minutos, abusando del tiro exterior y perdiendo fluidez ofensiva, y Los Andes lo maximiz\u00f3 yendo para adentro, porque Sella (4) y Canella (4) romp\u00edan la defensa rival y anotaban cerca del cesto para comandar una racha de 11-2 que dej\u00f3 a los de Carbonell al frente (21-20 a 3.07) por primera vez en el juego. Pese a que Polchi cortaba la mala racha en cuanto a triples (0\/8 T3), el banco le daba soluciones a Independiente (25-24) m\u00e1s all\u00e1 que ese cierre ser\u00eda una pesadilla para los de Musumeci; porque Guill\u00e9n hizo una falta antideportiva, el propio coach recibi\u00f3 una t\u00e9cnica y en ese contexto, entre los tiros libres (2\/3 T1) m\u00e1s el t\u00e1ndem Sella-Canella \u00a0que sigui\u00f3 castigando, \u201cLosa\u201d lo cerr\u00f3 con un parcial de 7-0 que le dio una buena luz camino a los vestuarios: 31-25.<\/p>\n<p>Tras el descanso largo Independiente entr\u00f3 con otra actitud, primero encontrando gol en su media cancha comandado por Minervino (4) y luego apelando a una bomba de Montanaro m\u00e1s una r\u00e1faga de Maidana (4) con el tiro de media distancia, para dar vuelta el partido (38-33 6.27) con un parcial de 13 a 2 aprovechando que el equipo Puntaltense ced\u00eda en defensa y se mostraba inc\u00f3modo en ataque (0\/5 T3). Con Canella (4) como abanderado, Los Andes lleg\u00f3 a acortar a 1 (40-39), pero un triple de Branciforte le dio aire al \u201cViola\u201d que lleg\u00f3 a los 10 minutos finales ganando 45 a 40.<\/p>\n<p>Ya en el \u00faltimo cuarto, aparecer\u00eda la figura de Polchi (8, 2 T3) castigando de larga distancia para darle vida a Los Andes que adem\u00e1s contaba con la regularidad de Canella y as\u00ed los de Carbonell lo daban vuelta a mediados del parcial (52-51 a 4.54) aprovechando, que m\u00e1s all\u00e1 del goleo de Maidana (4), el \u201cViola\u201d carec\u00eda de ideas en ataque. En un juego cada vez m\u00e1s friccionado, Los Andes sum\u00f3 \u00fanicamente desde la l\u00ednea (6\/8 T1) sin encontrar ofensivas claras, mientras que Independiente encontr\u00f3 en el oportunismo de Reschini (4) m\u00e1s la efectividad en tiros libres de Minervino (4\/4 T1), la forma de llegar al minuto final arriba por 3 (61-58). Un buen doble de Sella acort\u00f3 a 1 (61-60) a 28 segundos, y tras un fallo de Minervino, \u201cLosa\u201d tuvo la chance de ganarlo, el propio \u201cNacho\u201d penetr\u00f3 y descarg\u00f3 la bola hacia Polchi que tom\u00f3 un tiro exigido que no toc\u00f3 aro, para que el equipo de Musumeci respire y vuelva a festejar.<\/p>\n<p>&nbsp;<\/p>\n<p>[vimeo]http:\/\/vimeo.com\/128832259[\/vimeo]<\/p>\n<p>&nbsp;<\/p>\n<p><b>S\u00edntesis<\/b> | Segunda Divisi\u00f3n \u2013 Fecha #10<\/p>\n<p><b>Los Andes 60:<\/b> Jerem\u00edas Gonc\u00e1lvez 1, Ignacio Sella 11, Guido Canella 21, Marcos Polchi 16, Mat\u00edas Amigo 6 (FI); Fabio Zangla 5. DT: Leandro Carbonell.<\/p>\n<p><b>Independiente 61:<\/b> Mario Minervino 12, Sebasti\u00e1n Branciforte 5, Mauro Montanaro 6, Andr\u00e9s Maidana 13, Gustavo Banchero 12(FI); Mariano Guill\u00e9n 3, Juan Cruz Reschini 8, Nicol\u00e1s Caputo 2. DT: Javier Musumeci.<\/p>\n<p><b>Parciales:<\/b> 10-14, 31-25 (21-11), 40-45 (9-20), 60-61 (20-16).<\/p>\n<p><b>\u00c1rbitros:<\/b> Jorge Scheffer \u2013 Jorge Blanco.<\/p>\n<p><b>Estadio:<\/b> Ardubilio Severini (Argentino).<\/p>\n<p><a class=\"modalf iframe\" title=\"Planilla\" href=\"https:\/\/docs.google.com\/spreadsheets\/d\/1cn90HR8bVYxHz1jjK0zcmiTV4C9IOg5SBwYI5dwRm-E\/pubhtml?gid=1913095225&amp;single=true\">Ver Planilla<\/a><\/p>\n<p>&nbsp;<\/p>\n<p>[vimeo]http:\/\/vimeo.com\/128832258[\/vimeo]<\/p>\n","protected":false},"excerpt":{"rendered":"<p>Independiente venci\u00f3 a Los Andes por 61 a 60 y volvi\u00f3 al triunfo<\/p>\n","protected":false},"author":1,"featured_media":45943,"comment_status":"closed","ping_status":"open","sticky":false,"template":"","format":"standard","meta":{"jnews-multi-image_gallery":[],"jnews_single_post":[],"jnews_primary_category":[],"footnotes":""},"categories":[25,101],"tags":[549,331,12,152,210],"class_list":["post-45942","post","type-post","status-publish","format-standard","has-post-thumbnail","hentry","category-segunda","category-slide","tag-andres-maidana","tag-guido-canella","tag-independiente","tag-los-andes","tag-mario-minervino"],"yoast_head":"<!-- This site is optimized with the Yoast SEO plugin v27.4 - https:\/\/yoast.com\/product\/yoast-seo-wordpress\/ -->\n<title>Retoma su l\u00ednea - Gente de B\u00e1squet<\/title>\n<meta name=\"robots\" content=\"index, follow, max-snippet:-1, max-image-preview:large, max-video-preview:-1\" \/>\n<link rel=\"canonical\" href=\"https:\/\/gentedebasquet.com.ar\/sitio\/2015\/05\/25\/retoma-su-linea\/\" \/>\n<meta property=\"og:locale\" content=\"es_ES\" \/>\n<meta property=\"og:type\" content=\"article\" \/>\n<meta property=\"og:title\" content=\"Retoma su l\u00ednea - Gente de B\u00e1squet\" \/>\n<meta property=\"og:description\" content=\"Independiente venci\u00f3 a Los Andes por 61 a 60 y volvi\u00f3 al triunfo\" \/>\n<meta property=\"og:url\" content=\"https:\/\/gentedebasquet.com.ar\/sitio\/2015\/05\/25\/retoma-su-linea\/\" \/>\n<meta property=\"og:site_name\" content=\"Gente de B\u00e1squet\" \/>\n<meta property=\"article:published_time\" content=\"2015-05-26T01:54:18+00:00\" \/>\n<meta property=\"og:image\" content=\"https:\/\/gentedebasquet.com.ar\/sitio\/wp-content\/uploads\/2015\/05\/11354861_10202546306818119_729397110_n.jpg\" \/>\n\t<meta property=\"og:image:width\" content=\"690\" \/>\n\t<meta property=\"og:image:height\" content=\"319\" \/>\n\t<meta property=\"og:image:type\" content=\"image\/jpeg\" \/>\n<meta name=\"author\" content=\"Gente de B\u00e1squet\" \/>\n<meta name=\"twitter:card\" content=\"summary_large_image\" \/>\n<meta name=\"twitter:label1\" content=\"Escrito por\" \/>\n\t<meta name=\"twitter:data1\" content=\"Gente de B\u00e1squet\" \/>\n\t<meta name=\"twitter:label2\" content=\"Tiempo de lectura\" \/>\n\t<meta name=\"twitter:data2\" content=\"4 minutos\" \/>\n<script type=\"application\/ld+json\" class=\"yoast-schema-graph\">{\"@context\":\"https:\\\/\\\/schema.org\",\"@graph\":[{\"@type\":\"Article\",\"@id\":\"https:\\\/\\\/gentedebasquet.com.ar\\\/sitio\\\/2015\\\/05\\\/25\\\/retoma-su-linea\\\/#article\",\"isPartOf\":{\"@id\":\"https:\\\/\\\/gentedebasquet.com.ar\\\/sitio\\\/2015\\\/05\\\/25\\\/retoma-su-linea\\\/\"},\"author\":{\"name\":\"Gente de B\u00e1squet\",\"@id\":\"http:\\\/\\\/gentedebasquet.com.ar\\\/sitio\\\/#\\\/schema\\\/person\\\/ca0b63bbb977369988a7bbbdc519943a\"},\"headline\":\"Retoma su l\u00ednea\",\"datePublished\":\"2015-05-26T01:54:18+00:00\",\"mainEntityOfPage\":{\"@id\":\"https:\\\/\\\/gentedebasquet.com.ar\\\/sitio\\\/2015\\\/05\\\/25\\\/retoma-su-linea\\\/\"},\"wordCount\":782,\"image\":{\"@id\":\"https:\\\/\\\/gentedebasquet.com.ar\\\/sitio\\\/2015\\\/05\\\/25\\\/retoma-su-linea\\\/#primaryimage\"},\"thumbnailUrl\":\"https:\\\/\\\/gentedebasquet.com.ar\\\/sitio\\\/wp-content\\\/uploads\\\/2015\\\/05\\\/11354861_10202546306818119_729397110_n.jpg\",\"keywords\":[\"Andr\u00e9s Maidana\",\"Guido Canella\",\"independiente\",\"Los Andes\",\"Mario Minervino\"],\"articleSection\":[\"Segunda\",\"Slide\"],\"inLanguage\":\"es\"},{\"@type\":\"WebPage\",\"@id\":\"https:\\\/\\\/gentedebasquet.com.ar\\\/sitio\\\/2015\\\/05\\\/25\\\/retoma-su-linea\\\/\",\"url\":\"https:\\\/\\\/gentedebasquet.com.ar\\\/sitio\\\/2015\\\/05\\\/25\\\/retoma-su-linea\\\/\",\"name\":\"Retoma su l\u00ednea - Gente de B\u00e1squet\",\"isPartOf\":{\"@id\":\"http:\\\/\\\/gentedebasquet.com.ar\\\/sitio\\\/#website\"},\"primaryImageOfPage\":{\"@id\":\"https:\\\/\\\/gentedebasquet.com.ar\\\/sitio\\\/2015\\\/05\\\/25\\\/retoma-su-linea\\\/#primaryimage\"},\"image\":{\"@id\":\"https:\\\/\\\/gentedebasquet.com.ar\\\/sitio\\\/2015\\\/05\\\/25\\\/retoma-su-linea\\\/#primaryimage\"},\"thumbnailUrl\":\"https:\\\/\\\/gentedebasquet.com.ar\\\/sitio\\\/wp-content\\\/uploads\\\/2015\\\/05\\\/11354861_10202546306818119_729397110_n.jpg\",\"datePublished\":\"2015-05-26T01:54:18+00:00\",\"author\":{\"@id\":\"http:\\\/\\\/gentedebasquet.com.ar\\\/sitio\\\/#\\\/schema\\\/person\\\/ca0b63bbb977369988a7bbbdc519943a\"},\"breadcrumb\":{\"@id\":\"https:\\\/\\\/gentedebasquet.com.ar\\\/sitio\\\/2015\\\/05\\\/25\\\/retoma-su-linea\\\/#breadcrumb\"},\"inLanguage\":\"es\",\"potentialAction\":[{\"@type\":\"ReadAction\",\"target\":[\"https:\\\/\\\/gentedebasquet.com.ar\\\/sitio\\\/2015\\\/05\\\/25\\\/retoma-su-linea\\\/\"]}]},{\"@type\":\"ImageObject\",\"inLanguage\":\"es\",\"@id\":\"https:\\\/\\\/gentedebasquet.com.ar\\\/sitio\\\/2015\\\/05\\\/25\\\/retoma-su-linea\\\/#primaryimage\",\"url\":\"https:\\\/\\\/gentedebasquet.com.ar\\\/sitio\\\/wp-content\\\/uploads\\\/2015\\\/05\\\/11354861_10202546306818119_729397110_n.jpg\",\"contentUrl\":\"https:\\\/\\\/gentedebasquet.com.ar\\\/sitio\\\/wp-content\\\/uploads\\\/2015\\\/05\\\/11354861_10202546306818119_729397110_n.jpg\",\"width\":690,\"height\":319},{\"@type\":\"BreadcrumbList\",\"@id\":\"https:\\\/\\\/gentedebasquet.com.ar\\\/sitio\\\/2015\\\/05\\\/25\\\/retoma-su-linea\\\/#breadcrumb\",\"itemListElement\":[{\"@type\":\"ListItem\",\"position\":1,\"name\":\"Portada\",\"item\":\"http:\\\/\\\/gentedebasquet.com.ar\\\/sitio\\\/\"},{\"@type\":\"ListItem\",\"position\":2,\"name\":\"Retoma su l\u00ednea\"}]},{\"@type\":\"WebSite\",\"@id\":\"http:\\\/\\\/gentedebasquet.com.ar\\\/sitio\\\/#website\",\"url\":\"http:\\\/\\\/gentedebasquet.com.ar\\\/sitio\\\/\",\"name\":\"Gente de B\u00e1squet\",\"description\":\"La revista del basquet de Bah\u00eda Blanca\",\"potentialAction\":[{\"@type\":\"SearchAction\",\"target\":{\"@type\":\"EntryPoint\",\"urlTemplate\":\"http:\\\/\\\/gentedebasquet.com.ar\\\/sitio\\\/?s={search_term_string}\"},\"query-input\":{\"@type\":\"PropertyValueSpecification\",\"valueRequired\":true,\"valueName\":\"search_term_string\"}}],\"inLanguage\":\"es\"},{\"@type\":\"Person\",\"@id\":\"http:\\\/\\\/gentedebasquet.com.ar\\\/sitio\\\/#\\\/schema\\\/person\\\/ca0b63bbb977369988a7bbbdc519943a\",\"name\":\"Gente de B\u00e1squet\",\"image\":{\"@type\":\"ImageObject\",\"inLanguage\":\"es\",\"@id\":\"https:\\\/\\\/secure.gravatar.com\\\/avatar\\\/7f2c48bdc33b30088f941fb6082e555f2874c98e20cb159d7b92b50eadfce793?s=96&d=mm&r=g\",\"url\":\"https:\\\/\\\/secure.gravatar.com\\\/avatar\\\/7f2c48bdc33b30088f941fb6082e555f2874c98e20cb159d7b92b50eadfce793?s=96&d=mm&r=g\",\"contentUrl\":\"https:\\\/\\\/secure.gravatar.com\\\/avatar\\\/7f2c48bdc33b30088f941fb6082e555f2874c98e20cb159d7b92b50eadfce793?s=96&d=mm&r=g\",\"caption\":\"Gente de B\u00e1squet\"},\"sameAs\":[\"http:\\\/\\\/gentedebasquet.com.ar\\\/sitio\"],\"url\":\"https:\\\/\\\/gentedebasquet.com.ar\\\/sitio\\\/author\\\/ulises\\\/\"}]}<\/script>\n<!-- \/ Yoast SEO plugin. -->","yoast_head_json":{"title":"Retoma su l\u00ednea - Gente de B\u00e1squet","robots":{"index":"index","follow":"follow","max-snippet":"max-snippet:-1","max-image-preview":"max-image-preview:large","max-video-preview":"max-video-preview:-1"},"canonical":"https:\/\/gentedebasquet.com.ar\/sitio\/2015\/05\/25\/retoma-su-linea\/","og_locale":"es_ES","og_type":"article","og_title":"Retoma su l\u00ednea - Gente de B\u00e1squet","og_description":"Independiente venci\u00f3 a Los Andes por 61 a 60 y volvi\u00f3 al triunfo","og_url":"https:\/\/gentedebasquet.com.ar\/sitio\/2015\/05\/25\/retoma-su-linea\/","og_site_name":"Gente de B\u00e1squet","article_published_time":"2015-05-26T01:54:18+00:00","og_image":[{"width":690,"height":319,"url":"https:\/\/gentedebasquet.com.ar\/sitio\/wp-content\/uploads\/2015\/05\/11354861_10202546306818119_729397110_n.jpg","type":"image\/jpeg"}],"author":"Gente de B\u00e1squet","twitter_card":"summary_large_image","twitter_misc":{"Escrito por":"Gente de B\u00e1squet","Tiempo de lectura":"4 minutos"},"schema":{"@context":"https:\/\/schema.org","@graph":[{"@type":"Article","@id":"https:\/\/gentedebasquet.com.ar\/sitio\/2015\/05\/25\/retoma-su-linea\/#article","isPartOf":{"@id":"https:\/\/gentedebasquet.com.ar\/sitio\/2015\/05\/25\/retoma-su-linea\/"},"author":{"name":"Gente de B\u00e1squet","@id":"http:\/\/gentedebasquet.com.ar\/sitio\/#\/schema\/person\/ca0b63bbb977369988a7bbbdc519943a"},"headline":"Retoma su l\u00ednea","datePublished":"2015-05-26T01:54:18+00:00","mainEntityOfPage":{"@id":"https:\/\/gentedebasquet.com.ar\/sitio\/2015\/05\/25\/retoma-su-linea\/"},"wordCount":782,"image":{"@id":"https:\/\/gentedebasquet.com.ar\/sitio\/2015\/05\/25\/retoma-su-linea\/#primaryimage"},"thumbnailUrl":"https:\/\/gentedebasquet.com.ar\/sitio\/wp-content\/uploads\/2015\/05\/11354861_10202546306818119_729397110_n.jpg","keywords":["Andr\u00e9s Maidana","Guido Canella","independiente","Los Andes","Mario Minervino"],"articleSection":["Segunda","Slide"],"inLanguage":"es"},{"@type":"WebPage","@id":"https:\/\/gentedebasquet.com.ar\/sitio\/2015\/05\/25\/retoma-su-linea\/","url":"https:\/\/gentedebasquet.com.ar\/sitio\/2015\/05\/25\/retoma-su-linea\/","name":"Retoma su l\u00ednea - Gente de B\u00e1squet","isPartOf":{"@id":"http:\/\/gentedebasquet.com.ar\/sitio\/#website"},"primaryImageOfPage":{"@id":"https:\/\/gentedebasquet.com.ar\/sitio\/2015\/05\/25\/retoma-su-linea\/#primaryimage"},"image":{"@id":"https:\/\/gentedebasquet.com.ar\/sitio\/2015\/05\/25\/retoma-su-linea\/#primaryimage"},"thumbnailUrl":"https:\/\/gentedebasquet.com.ar\/sitio\/wp-content\/uploads\/2015\/05\/11354861_10202546306818119_729397110_n.jpg","datePublished":"2015-05-26T01:54:18+00:00","author":{"@id":"http:\/\/gentedebasquet.com.ar\/sitio\/#\/schema\/person\/ca0b63bbb977369988a7bbbdc519943a"},"breadcrumb":{"@id":"https:\/\/gentedebasquet.com.ar\/sitio\/2015\/05\/25\/retoma-su-linea\/#breadcrumb"},"inLanguage":"es","potentialAction":[{"@type":"ReadAction","target":["https:\/\/gentedebasquet.com.ar\/sitio\/2015\/05\/25\/retoma-su-linea\/"]}]},{"@type":"ImageObject","inLanguage":"es","@id":"https:\/\/gentedebasquet.com.ar\/sitio\/2015\/05\/25\/retoma-su-linea\/#primaryimage","url":"https:\/\/gentedebasquet.com.ar\/sitio\/wp-content\/uploads\/2015\/05\/11354861_10202546306818119_729397110_n.jpg","contentUrl":"https:\/\/gentedebasquet.com.ar\/sitio\/wp-content\/uploads\/2015\/05\/11354861_10202546306818119_729397110_n.jpg","width":690,"height":319},{"@type":"BreadcrumbList","@id":"https:\/\/gentedebasquet.com.ar\/sitio\/2015\/05\/25\/retoma-su-linea\/#breadcrumb","itemListElement":[{"@type":"ListItem","position":1,"name":"Portada","item":"http:\/\/gentedebasquet.com.ar\/sitio\/"},{"@type":"ListItem","position":2,"name":"Retoma su l\u00ednea"}]},{"@type":"WebSite","@id":"http:\/\/gentedebasquet.com.ar\/sitio\/#website","url":"http:\/\/gentedebasquet.com.ar\/sitio\/","name":"Gente de B\u00e1squet","description":"La revista del basquet de Bah\u00eda Blanca","potentialAction":[{"@type":"SearchAction","target":{"@type":"EntryPoint","urlTemplate":"http:\/\/gentedebasquet.com.ar\/sitio\/?s={search_term_string}"},"query-input":{"@type":"PropertyValueSpecification","valueRequired":true,"valueName":"search_term_string"}}],"inLanguage":"es"},{"@type":"Person","@id":"http:\/\/gentedebasquet.com.ar\/sitio\/#\/schema\/person\/ca0b63bbb977369988a7bbbdc519943a","name":"Gente de B\u00e1squet","image":{"@type":"ImageObject","inLanguage":"es","@id":"https:\/\/secure.gravatar.com\/avatar\/7f2c48bdc33b30088f941fb6082e555f2874c98e20cb159d7b92b50eadfce793?s=96&d=mm&r=g","url":"https:\/\/secure.gravatar.com\/avatar\/7f2c48bdc33b30088f941fb6082e555f2874c98e20cb159d7b92b50eadfce793?s=96&d=mm&r=g","contentUrl":"https:\/\/secure.gravatar.com\/avatar\/7f2c48bdc33b30088f941fb6082e555f2874c98e20cb159d7b92b50eadfce793?s=96&d=mm&r=g","caption":"Gente de B\u00e1squet"},"sameAs":["http:\/\/gentedebasquet.com.ar\/sitio"],"url":"https:\/\/gentedebasquet.com.ar\/sitio\/author\/ulises\/"}]}},"_links":{"self":[{"href":"https:\/\/gentedebasquet.com.ar\/sitio\/wp-json\/wp\/v2\/posts\/45942","targetHints":{"allow":["GET"]}}],"collection":[{"href":"https:\/\/gentedebasquet.com.ar\/sitio\/wp-json\/wp\/v2\/posts"}],"about":[{"href":"https:\/\/gentedebasquet.com.ar\/sitio\/wp-json\/wp\/v2\/types\/post"}],"author":[{"embeddable":true,"href":"https:\/\/gentedebasquet.com.ar\/sitio\/wp-json\/wp\/v2\/users\/1"}],"replies":[{"embeddable":true,"href":"https:\/\/gentedebasquet.com.ar\/sitio\/wp-json\/wp\/v2\/comments?post=45942"}],"version-history":[{"count":0,"href":"https:\/\/gentedebasquet.com.ar\/sitio\/wp-json\/wp\/v2\/posts\/45942\/revisions"}],"wp:featuredmedia":[{"embeddable":true,"href":"https:\/\/gentedebasquet.com.ar\/sitio\/wp-json\/wp\/v2\/media\/45943"}],"wp:attachment":[{"href":"https:\/\/gentedebasquet.com.ar\/sitio\/wp-json\/wp\/v2\/media?parent=45942"}],"wp:term":[{"taxonomy":"category","embeddable":true,"href":"https:\/\/gentedebasquet.com.ar\/sitio\/wp-json\/wp\/v2\/categories?post=45942"},{"taxonomy":"post_tag","embeddable":true,"href":"https:\/\/gentedebasquet.com.ar\/sitio\/wp-json\/wp\/v2\/tags?post=45942"}],"curies":[{"name":"wp","href":"https:\/\/api.w.org\/{rel}","templated":true}]}}