{"id":45945,"date":"2015-05-25T22:03:37","date_gmt":"2015-05-26T01:03:37","guid":{"rendered":"http:\/\/www.gentedebasquet.com.ar\/?p=45945"},"modified":"2015-05-25T22:03:37","modified_gmt":"2015-05-26T01:03:37","slug":"velocidad-tuvo-mas-cuerda","status":"publish","type":"post","link":"https:\/\/gentedebasquet.com.ar\/sitio\/2015\/05\/25\/velocidad-tuvo-mas-cuerda\/","title":{"rendered":"Velocidad tuvo m\u00e1s cuerda"},"content":{"rendered":"<p><strong>Superando una noche complicada con los relojes, el conjunto de Juan Soldini venci\u00f3 a La Falda por 73 a 67 y sum\u00f3 su tercer triunfo del a\u00f1o. Sebasti\u00e1n Mart\u00ednez, con 33 puntos (6\/12 3p, 6\/6 2p y 3\/5 TL), fue la gran figura del partido.Adem\u00e1s, el visitante cont\u00f3 con las buenas actuaciones de De Pastena (11) y Rausemberg (8 y 6 rebotes). En el due\u00f1o de casa se destacaron Vilouta (22) y Federico Gonz\u00e1lez (15).<\/strong><\/p>\n<p>Con 15 minutos de demora por el mal funcionamiento de reloj de 24s., La Falda y Velocidad comenzaron a tomar ritmo de partido en La Caldera. El arranque fue bastante parejo, con efectividad en Federico Gonz\u00e1lez en el due\u00f1o de casa y gol en Sebasti\u00e1n Mart\u00ednez para la visita. El escolta ex Pac\u00edfico y Comercial us\u00f3 su amenazante tiro de tres para ir para adentro tras una finta, la rotaci\u00f3n fall\u00f3 y Velo se pus al frente (12-16). M\u00e1s a\u00fan, De Pastena tuvo un buen ingreso y Soria cerr\u00f3 el cuarto con una bomba (14-21).<\/p>\n<p>La aparici\u00f3n de Gabriel Saieg en la pintura le dio r\u00e9ditos al conjunto de Becchina. El pivot absorbi\u00f3 juego, no titube\u00f3 a la hora de encarar y provoc\u00f3 faltas. Las cuatro primeras anotaciones del local en el segmento llegaron por su v\u00eda. Luego, Lafa tir\u00f3 una zona 2-3 para tratar de sacar de ritmo a Velocidad y concentrar gente en la zona pintada. Con esos m\u00e9todos, descont\u00f3 (25-29 y 31-36), hasta que un triple de Delucchi le dio ventaja de 10 a la visita de cara al descanso largo (31-41).<\/p>\n<p>Un regreso m\u00e1s activo del local le dio vida y puntos para emparejar el partido. Adem\u00e1s, Gabriel Fern\u00e1ndez anot\u00f3 desde 6.75 metros y Velocidad se sec\u00f3 (anot\u00f3 un solo gol de campo en los primeros 6m09). Ese lapso le permiti\u00f3 pasar al frente 46-45 a 4m11 del final del 3C, con doble de Vilouta. Pero Velo se reencontr\u00f3 r\u00e1pidamente con el liderazgo mediante dos acciones individuales de Sebasti\u00e1n Mart\u00ednez: en la primera cort\u00f3 un pase y se fue solo a depositar la bandeja; luego, anot\u00f3 un triple (49-54).<\/p>\n<p>Cuando el partido estaba por ingresar en su mejor parte, un nuevo inconveniente en el reloj de posesi\u00f3n detuvo las acciones. Restaban 7m37 y Velocidad ganaba 58 a 57. La buena voluntad de ambos equipos y la paciencia de los jueces hizo que minutos m\u00e1s tarde, el partido continuara. Pero a 4m05 y a 3m42 del cierre, se reiteraron las anomal\u00eda. Al parecer, un falso contacto entre el sistema viejo y el nuevo provocaba el mal funcionamiento, no solo del reloj de 24s, sino que el tablero principal tambi\u00e9n se vio involucrado.<\/p>\n<p>Tras la soluci\u00f3n, Sebasti\u00e1n Mart\u00ednez anot\u00f3 dos bombazos consecutivos que alej\u00f3 a la visita (63-71) y oblig\u00f3 a Becchina a solicitar tiempo muerto. Vilouta, principal arma ofensiva de La Falda (perdi\u00f3 a Roque por faltas en los instantes finales), acerc\u00f3 a seis unidades a su equipo (65-71), pero el tiempo ya jugaba un papel fundamental a favor de Velocidad quien, con Mart\u00ednez y Delucchi en la l\u00ednea, cerr\u00f3 el partido.<\/p>\n<p>&nbsp;<\/p>\n<p>[vimeo]http:\/\/vimeo.com\/128900452[\/vimeo]<\/p>\n<p>&nbsp;<\/p>\n<p><strong>S\u00edntesis<\/strong> | Segunda Divisi\u00f3n &#8211; Fecha #10<\/p>\n<p><strong>La Falda\u00a067:\u00a0<\/strong>Facundo Roque 3 (x),\u00a0Gabriel Fern\u00e1ndez 7,\u00a0Federico Vilouta 22,\u00a0Federico Gonz\u00e1lez 15, Andr\u00e9s\u00a0Mond\u00f3n 7 (Fi);\u00a0Gabriel Saieg 13,\u00a0Tom\u00e1s Minucci 0,\u00a0Guido Delucchi 0,\u00a0Gustavo Lan 0 y\u00a0Franco Rom\u00e1n 0.\u00a0DT: Nicol\u00e1s Becchina.<\/p>\n<p><strong>Velocidad 73:<\/strong> Sim\u00f3n\u00a0Delucchi 9, Sebasti\u00e1n\u00a0Mart\u00ednez 33,\u00a0Hern\u00e1n Soria 7,\u00a0Gustavo Cruz 3,\u00a0Germ\u00e1n Rausemberg 8 (Fi);\u00a0Juan De Pastena 11,\u00a0Le\u00f3n Beresovsky 0 y\u00a0Mart\u00edn Carina 2.\u00a0DT: Juan Soldini.<\/p>\n<p><strong>Parciales:\u00a0<\/strong>14-21, 32-41 (18-20), 56-54 (24-13) y 67-73 (11-19).<\/p>\n<p><strong>\u00c1rbitros:<\/strong> Alejandro Ramallo &#8211; Marjorie Stuardo.<\/p>\n<p><span style=\"line-height: 1.5em;\"><strong>Estadio:<\/strong>\u00a0<\/span>La Caldera (La Falda).<\/p>\n<p><a class=\"modalf iframe\" title=\"Planilla\" href=\"https:\/\/docs.google.com\/spreadsheets\/d\/13A7Q4L6rhlobAs3SAX-_-Wdd1EPyi14qof5XzRgnOew\/pubhtml\" target=\"_blank\" rel=\"noopener\">Ver Planilla<\/a><\/p>\n<p>&nbsp;<\/p>\n<p>[vimeo]http:\/\/vimeo.com\/128902905[\/vimeo]<\/p>\n","protected":false},"excerpt":{"rendered":"<p>En un juego muy interrumpido por el reloj, derrot\u00f3 a La Falda por 73 a 67<\/p>\n","protected":false},"author":1,"featured_media":45946,"comment_status":"closed","ping_status":"open","sticky":false,"template":"","format":"standard","meta":{"jnews-multi-image_gallery":[],"jnews_single_post":[],"jnews_primary_category":[],"footnotes":""},"categories":[25,101],"tags":[13,254,21],"class_list":["post-45945","post","type-post","status-publish","format-standard","has-post-thumbnail","hentry","category-segunda","category-slide","tag-la-falda","tag-sebastian-martinez","tag-velocidad"],"yoast_head":"<!-- This site is optimized with the Yoast SEO plugin v27.5 - https:\/\/yoast.com\/product\/yoast-seo-wordpress\/ -->\n<title>Velocidad tuvo m\u00e1s cuerda - Gente de B\u00e1squet<\/title>\n<meta name=\"robots\" content=\"index, follow, max-snippet:-1, max-image-preview:large, max-video-preview:-1\" \/>\n<link rel=\"canonical\" href=\"https:\/\/gentedebasquet.com.ar\/sitio\/2015\/05\/25\/velocidad-tuvo-mas-cuerda\/\" \/>\n<meta property=\"og:locale\" content=\"es_ES\" \/>\n<meta property=\"og:type\" content=\"article\" \/>\n<meta property=\"og:title\" content=\"Velocidad tuvo m\u00e1s cuerda - Gente de B\u00e1squet\" \/>\n<meta property=\"og:description\" content=\"En un juego muy interrumpido por el reloj, derrot\u00f3 a La Falda por 73 a 67\" \/>\n<meta property=\"og:url\" content=\"https:\/\/gentedebasquet.com.ar\/sitio\/2015\/05\/25\/velocidad-tuvo-mas-cuerda\/\" \/>\n<meta property=\"og:site_name\" content=\"Gente de B\u00e1squet\" \/>\n<meta property=\"article:published_time\" content=\"2015-05-26T01:03:37+00:00\" \/>\n<meta property=\"og:image\" content=\"https:\/\/gentedebasquet.com.ar\/sitio\/wp-content\/uploads\/2015\/05\/Sebastian-Martinez-la-Falda-Velocidad.jpg\" \/>\n\t<meta property=\"og:image:width\" content=\"690\" \/>\n\t<meta property=\"og:image:height\" content=\"319\" \/>\n\t<meta property=\"og:image:type\" content=\"image\/jpeg\" \/>\n<meta name=\"author\" content=\"Gente de B\u00e1squet\" \/>\n<meta name=\"twitter:card\" content=\"summary_large_image\" \/>\n<meta name=\"twitter:label1\" content=\"Escrito por\" \/>\n\t<meta name=\"twitter:data1\" content=\"Gente de B\u00e1squet\" \/>\n\t<meta name=\"twitter:label2\" content=\"Tiempo de lectura\" \/>\n\t<meta name=\"twitter:data2\" content=\"3 minutos\" \/>\n<script type=\"application\/ld+json\" class=\"yoast-schema-graph\">{\"@context\":\"https:\\\/\\\/schema.org\",\"@graph\":[{\"@type\":\"Article\",\"@id\":\"https:\\\/\\\/gentedebasquet.com.ar\\\/sitio\\\/2015\\\/05\\\/25\\\/velocidad-tuvo-mas-cuerda\\\/#article\",\"isPartOf\":{\"@id\":\"https:\\\/\\\/gentedebasquet.com.ar\\\/sitio\\\/2015\\\/05\\\/25\\\/velocidad-tuvo-mas-cuerda\\\/\"},\"author\":{\"name\":\"Gente de B\u00e1squet\",\"@id\":\"https:\\\/\\\/gentedebasquet.com.ar\\\/sitio\\\/#\\\/schema\\\/person\\\/ca0b63bbb977369988a7bbbdc519943a\"},\"headline\":\"Velocidad tuvo m\u00e1s cuerda\",\"datePublished\":\"2015-05-26T01:03:37+00:00\",\"mainEntityOfPage\":{\"@id\":\"https:\\\/\\\/gentedebasquet.com.ar\\\/sitio\\\/2015\\\/05\\\/25\\\/velocidad-tuvo-mas-cuerda\\\/\"},\"wordCount\":640,\"image\":{\"@id\":\"https:\\\/\\\/gentedebasquet.com.ar\\\/sitio\\\/2015\\\/05\\\/25\\\/velocidad-tuvo-mas-cuerda\\\/#primaryimage\"},\"thumbnailUrl\":\"https:\\\/\\\/gentedebasquet.com.ar\\\/sitio\\\/wp-content\\\/uploads\\\/2015\\\/05\\\/Sebastian-Martinez-la-Falda-Velocidad.jpg\",\"keywords\":[\"La Falda\",\"Sebasti\u00e1n Mart\u00ednez\",\"Velocidad\"],\"articleSection\":[\"Segunda\",\"Slide\"],\"inLanguage\":\"es\"},{\"@type\":\"WebPage\",\"@id\":\"https:\\\/\\\/gentedebasquet.com.ar\\\/sitio\\\/2015\\\/05\\\/25\\\/velocidad-tuvo-mas-cuerda\\\/\",\"url\":\"https:\\\/\\\/gentedebasquet.com.ar\\\/sitio\\\/2015\\\/05\\\/25\\\/velocidad-tuvo-mas-cuerda\\\/\",\"name\":\"Velocidad tuvo m\u00e1s cuerda - Gente de B\u00e1squet\",\"isPartOf\":{\"@id\":\"https:\\\/\\\/gentedebasquet.com.ar\\\/sitio\\\/#website\"},\"primaryImageOfPage\":{\"@id\":\"https:\\\/\\\/gentedebasquet.com.ar\\\/sitio\\\/2015\\\/05\\\/25\\\/velocidad-tuvo-mas-cuerda\\\/#primaryimage\"},\"image\":{\"@id\":\"https:\\\/\\\/gentedebasquet.com.ar\\\/sitio\\\/2015\\\/05\\\/25\\\/velocidad-tuvo-mas-cuerda\\\/#primaryimage\"},\"thumbnailUrl\":\"https:\\\/\\\/gentedebasquet.com.ar\\\/sitio\\\/wp-content\\\/uploads\\\/2015\\\/05\\\/Sebastian-Martinez-la-Falda-Velocidad.jpg\",\"datePublished\":\"2015-05-26T01:03:37+00:00\",\"author\":{\"@id\":\"https:\\\/\\\/gentedebasquet.com.ar\\\/sitio\\\/#\\\/schema\\\/person\\\/ca0b63bbb977369988a7bbbdc519943a\"},\"breadcrumb\":{\"@id\":\"https:\\\/\\\/gentedebasquet.com.ar\\\/sitio\\\/2015\\\/05\\\/25\\\/velocidad-tuvo-mas-cuerda\\\/#breadcrumb\"},\"inLanguage\":\"es\",\"potentialAction\":[{\"@type\":\"ReadAction\",\"target\":[\"https:\\\/\\\/gentedebasquet.com.ar\\\/sitio\\\/2015\\\/05\\\/25\\\/velocidad-tuvo-mas-cuerda\\\/\"]}]},{\"@type\":\"ImageObject\",\"inLanguage\":\"es\",\"@id\":\"https:\\\/\\\/gentedebasquet.com.ar\\\/sitio\\\/2015\\\/05\\\/25\\\/velocidad-tuvo-mas-cuerda\\\/#primaryimage\",\"url\":\"https:\\\/\\\/gentedebasquet.com.ar\\\/sitio\\\/wp-content\\\/uploads\\\/2015\\\/05\\\/Sebastian-Martinez-la-Falda-Velocidad.jpg\",\"contentUrl\":\"https:\\\/\\\/gentedebasquet.com.ar\\\/sitio\\\/wp-content\\\/uploads\\\/2015\\\/05\\\/Sebastian-Martinez-la-Falda-Velocidad.jpg\",\"width\":690,\"height\":319},{\"@type\":\"BreadcrumbList\",\"@id\":\"https:\\\/\\\/gentedebasquet.com.ar\\\/sitio\\\/2015\\\/05\\\/25\\\/velocidad-tuvo-mas-cuerda\\\/#breadcrumb\",\"itemListElement\":[{\"@type\":\"ListItem\",\"position\":1,\"name\":\"Portada\",\"item\":\"https:\\\/\\\/gentedebasquet.com.ar\\\/sitio\\\/\"},{\"@type\":\"ListItem\",\"position\":2,\"name\":\"Velocidad tuvo m\u00e1s cuerda\"}]},{\"@type\":\"WebSite\",\"@id\":\"https:\\\/\\\/gentedebasquet.com.ar\\\/sitio\\\/#website\",\"url\":\"https:\\\/\\\/gentedebasquet.com.ar\\\/sitio\\\/\",\"name\":\"Gente de B\u00e1squet\",\"description\":\"La revista del basquet de Bah\u00eda Blanca\",\"potentialAction\":[{\"@type\":\"SearchAction\",\"target\":{\"@type\":\"EntryPoint\",\"urlTemplate\":\"https:\\\/\\\/gentedebasquet.com.ar\\\/sitio\\\/?s={search_term_string}\"},\"query-input\":{\"@type\":\"PropertyValueSpecification\",\"valueRequired\":true,\"valueName\":\"search_term_string\"}}],\"inLanguage\":\"es\"},{\"@type\":\"Person\",\"@id\":\"https:\\\/\\\/gentedebasquet.com.ar\\\/sitio\\\/#\\\/schema\\\/person\\\/ca0b63bbb977369988a7bbbdc519943a\",\"name\":\"Gente de B\u00e1squet\",\"image\":{\"@type\":\"ImageObject\",\"inLanguage\":\"es\",\"@id\":\"https:\\\/\\\/secure.gravatar.com\\\/avatar\\\/7f2c48bdc33b30088f941fb6082e555f2874c98e20cb159d7b92b50eadfce793?s=96&d=mm&r=g\",\"url\":\"https:\\\/\\\/secure.gravatar.com\\\/avatar\\\/7f2c48bdc33b30088f941fb6082e555f2874c98e20cb159d7b92b50eadfce793?s=96&d=mm&r=g\",\"contentUrl\":\"https:\\\/\\\/secure.gravatar.com\\\/avatar\\\/7f2c48bdc33b30088f941fb6082e555f2874c98e20cb159d7b92b50eadfce793?s=96&d=mm&r=g\",\"caption\":\"Gente de B\u00e1squet\"},\"sameAs\":[\"http:\\\/\\\/gentedebasquet.com.ar\\\/sitio\"],\"url\":\"https:\\\/\\\/gentedebasquet.com.ar\\\/sitio\\\/author\\\/ulises\\\/\"}]}<\/script>\n<!-- \/ Yoast SEO plugin. -->","yoast_head_json":{"title":"Velocidad tuvo m\u00e1s cuerda - Gente de B\u00e1squet","robots":{"index":"index","follow":"follow","max-snippet":"max-snippet:-1","max-image-preview":"max-image-preview:large","max-video-preview":"max-video-preview:-1"},"canonical":"https:\/\/gentedebasquet.com.ar\/sitio\/2015\/05\/25\/velocidad-tuvo-mas-cuerda\/","og_locale":"es_ES","og_type":"article","og_title":"Velocidad tuvo m\u00e1s cuerda - Gente de B\u00e1squet","og_description":"En un juego muy interrumpido por el reloj, derrot\u00f3 a La Falda por 73 a 67","og_url":"https:\/\/gentedebasquet.com.ar\/sitio\/2015\/05\/25\/velocidad-tuvo-mas-cuerda\/","og_site_name":"Gente de B\u00e1squet","article_published_time":"2015-05-26T01:03:37+00:00","og_image":[{"width":690,"height":319,"url":"https:\/\/gentedebasquet.com.ar\/sitio\/wp-content\/uploads\/2015\/05\/Sebastian-Martinez-la-Falda-Velocidad.jpg","type":"image\/jpeg"}],"author":"Gente de B\u00e1squet","twitter_card":"summary_large_image","twitter_misc":{"Escrito por":"Gente de B\u00e1squet","Tiempo de lectura":"3 minutos"},"schema":{"@context":"https:\/\/schema.org","@graph":[{"@type":"Article","@id":"https:\/\/gentedebasquet.com.ar\/sitio\/2015\/05\/25\/velocidad-tuvo-mas-cuerda\/#article","isPartOf":{"@id":"https:\/\/gentedebasquet.com.ar\/sitio\/2015\/05\/25\/velocidad-tuvo-mas-cuerda\/"},"author":{"name":"Gente de B\u00e1squet","@id":"https:\/\/gentedebasquet.com.ar\/sitio\/#\/schema\/person\/ca0b63bbb977369988a7bbbdc519943a"},"headline":"Velocidad tuvo m\u00e1s cuerda","datePublished":"2015-05-26T01:03:37+00:00","mainEntityOfPage":{"@id":"https:\/\/gentedebasquet.com.ar\/sitio\/2015\/05\/25\/velocidad-tuvo-mas-cuerda\/"},"wordCount":640,"image":{"@id":"https:\/\/gentedebasquet.com.ar\/sitio\/2015\/05\/25\/velocidad-tuvo-mas-cuerda\/#primaryimage"},"thumbnailUrl":"https:\/\/gentedebasquet.com.ar\/sitio\/wp-content\/uploads\/2015\/05\/Sebastian-Martinez-la-Falda-Velocidad.jpg","keywords":["La Falda","Sebasti\u00e1n Mart\u00ednez","Velocidad"],"articleSection":["Segunda","Slide"],"inLanguage":"es"},{"@type":"WebPage","@id":"https:\/\/gentedebasquet.com.ar\/sitio\/2015\/05\/25\/velocidad-tuvo-mas-cuerda\/","url":"https:\/\/gentedebasquet.com.ar\/sitio\/2015\/05\/25\/velocidad-tuvo-mas-cuerda\/","name":"Velocidad tuvo m\u00e1s cuerda - Gente de B\u00e1squet","isPartOf":{"@id":"https:\/\/gentedebasquet.com.ar\/sitio\/#website"},"primaryImageOfPage":{"@id":"https:\/\/gentedebasquet.com.ar\/sitio\/2015\/05\/25\/velocidad-tuvo-mas-cuerda\/#primaryimage"},"image":{"@id":"https:\/\/gentedebasquet.com.ar\/sitio\/2015\/05\/25\/velocidad-tuvo-mas-cuerda\/#primaryimage"},"thumbnailUrl":"https:\/\/gentedebasquet.com.ar\/sitio\/wp-content\/uploads\/2015\/05\/Sebastian-Martinez-la-Falda-Velocidad.jpg","datePublished":"2015-05-26T01:03:37+00:00","author":{"@id":"https:\/\/gentedebasquet.com.ar\/sitio\/#\/schema\/person\/ca0b63bbb977369988a7bbbdc519943a"},"breadcrumb":{"@id":"https:\/\/gentedebasquet.com.ar\/sitio\/2015\/05\/25\/velocidad-tuvo-mas-cuerda\/#breadcrumb"},"inLanguage":"es","potentialAction":[{"@type":"ReadAction","target":["https:\/\/gentedebasquet.com.ar\/sitio\/2015\/05\/25\/velocidad-tuvo-mas-cuerda\/"]}]},{"@type":"ImageObject","inLanguage":"es","@id":"https:\/\/gentedebasquet.com.ar\/sitio\/2015\/05\/25\/velocidad-tuvo-mas-cuerda\/#primaryimage","url":"https:\/\/gentedebasquet.com.ar\/sitio\/wp-content\/uploads\/2015\/05\/Sebastian-Martinez-la-Falda-Velocidad.jpg","contentUrl":"https:\/\/gentedebasquet.com.ar\/sitio\/wp-content\/uploads\/2015\/05\/Sebastian-Martinez-la-Falda-Velocidad.jpg","width":690,"height":319},{"@type":"BreadcrumbList","@id":"https:\/\/gentedebasquet.com.ar\/sitio\/2015\/05\/25\/velocidad-tuvo-mas-cuerda\/#breadcrumb","itemListElement":[{"@type":"ListItem","position":1,"name":"Portada","item":"https:\/\/gentedebasquet.com.ar\/sitio\/"},{"@type":"ListItem","position":2,"name":"Velocidad tuvo m\u00e1s cuerda"}]},{"@type":"WebSite","@id":"https:\/\/gentedebasquet.com.ar\/sitio\/#website","url":"https:\/\/gentedebasquet.com.ar\/sitio\/","name":"Gente de B\u00e1squet","description":"La revista del basquet de Bah\u00eda Blanca","potentialAction":[{"@type":"SearchAction","target":{"@type":"EntryPoint","urlTemplate":"https:\/\/gentedebasquet.com.ar\/sitio\/?s={search_term_string}"},"query-input":{"@type":"PropertyValueSpecification","valueRequired":true,"valueName":"search_term_string"}}],"inLanguage":"es"},{"@type":"Person","@id":"https:\/\/gentedebasquet.com.ar\/sitio\/#\/schema\/person\/ca0b63bbb977369988a7bbbdc519943a","name":"Gente de B\u00e1squet","image":{"@type":"ImageObject","inLanguage":"es","@id":"https:\/\/secure.gravatar.com\/avatar\/7f2c48bdc33b30088f941fb6082e555f2874c98e20cb159d7b92b50eadfce793?s=96&d=mm&r=g","url":"https:\/\/secure.gravatar.com\/avatar\/7f2c48bdc33b30088f941fb6082e555f2874c98e20cb159d7b92b50eadfce793?s=96&d=mm&r=g","contentUrl":"https:\/\/secure.gravatar.com\/avatar\/7f2c48bdc33b30088f941fb6082e555f2874c98e20cb159d7b92b50eadfce793?s=96&d=mm&r=g","caption":"Gente de B\u00e1squet"},"sameAs":["http:\/\/gentedebasquet.com.ar\/sitio"],"url":"https:\/\/gentedebasquet.com.ar\/sitio\/author\/ulises\/"}]}},"_links":{"self":[{"href":"https:\/\/gentedebasquet.com.ar\/sitio\/wp-json\/wp\/v2\/posts\/45945","targetHints":{"allow":["GET"]}}],"collection":[{"href":"https:\/\/gentedebasquet.com.ar\/sitio\/wp-json\/wp\/v2\/posts"}],"about":[{"href":"https:\/\/gentedebasquet.com.ar\/sitio\/wp-json\/wp\/v2\/types\/post"}],"author":[{"embeddable":true,"href":"https:\/\/gentedebasquet.com.ar\/sitio\/wp-json\/wp\/v2\/users\/1"}],"replies":[{"embeddable":true,"href":"https:\/\/gentedebasquet.com.ar\/sitio\/wp-json\/wp\/v2\/comments?post=45945"}],"version-history":[{"count":0,"href":"https:\/\/gentedebasquet.com.ar\/sitio\/wp-json\/wp\/v2\/posts\/45945\/revisions"}],"wp:featuredmedia":[{"embeddable":true,"href":"https:\/\/gentedebasquet.com.ar\/sitio\/wp-json\/wp\/v2\/media\/45946"}],"wp:attachment":[{"href":"https:\/\/gentedebasquet.com.ar\/sitio\/wp-json\/wp\/v2\/media?parent=45945"}],"wp:term":[{"taxonomy":"category","embeddable":true,"href":"https:\/\/gentedebasquet.com.ar\/sitio\/wp-json\/wp\/v2\/categories?post=45945"},{"taxonomy":"post_tag","embeddable":true,"href":"https:\/\/gentedebasquet.com.ar\/sitio\/wp-json\/wp\/v2\/tags?post=45945"}],"curies":[{"name":"wp","href":"https:\/\/api.w.org\/{rel}","templated":true}]}}