{"id":45947,"date":"2015-05-25T23:39:40","date_gmt":"2015-05-26T02:39:40","guid":{"rendered":"http:\/\/www.gentedebasquet.com.ar\/?p=45947"},"modified":"2015-05-25T23:39:40","modified_gmt":"2015-05-26T02:39:40","slug":"le-conto-hasta-diez","status":"publish","type":"post","link":"https:\/\/gentedebasquet.com.ar\/sitio\/2015\/05\/25\/le-conto-hasta-diez\/","title":{"rendered":"Le cont\u00f3 hasta diez"},"content":{"rendered":"<p><b>Sportivo Bahiense fue el encargado de terminar con la racha de Pac\u00edfico. En el Eladio Santos lo venci\u00f3 72-60 y le cort\u00f3 una seguidilla de nueve victorias consecutivas. De la mano de Fabi\u00e1n Gendana (17 \u2013 3\/4 T3 4c) y Mart\u00edn Villoldo (16 \u2013 7 en el 4c), el due\u00f1o de casa destrab\u00f3 un partido complicado y muy friccionado, para as\u00ed llevarse el triunfo. El otro que se destac\u00f3 en el Tricolor fue Lucas Santarelli (16). Por el lado visitante, que no tuvo disponibles a Ezequiel Meneses y Mauro Richotti, sobresalieron Mauricio Gonz\u00e1lez (14), Joaqu\u00edn Larrandart (14) y Facundo Wattson (13).<\/b><\/p>\n<p>La paridad rein\u00f3 en el comienzo del encuentro. Con Mauricio Gonz\u00e1lez (9) como principal exponente en ofensiva, Pac\u00edfico comenz\u00f3 mejor la tarde\/noche. Con 3m52s en el reloj, el Verde se distanci\u00f3 13-8. Sportivo, por su parte, pudo repartir m\u00e1s el goleo y as\u00ed emparejar el tr\u00e1mite del encuentro. \u00a0Entre Gendana (5), Villoldo (5) y Blasco (4) se encargaron de darle variantes de gol al Tricolor de calle Alvarado. En el cierre y gracias a un doble de Santarelli, el due\u00f1o de casa se fue al primer descanso arriba 17-14.<\/p>\n<p>Fue Pacifico quien volvi\u00f3 mejor luego del primer descanso. Con Bonino (6) y Larrandart (6) tirando de la lanza, el Verde estamp\u00f3 un pasaje de 10-2 para pasar al frente en el resultado (19-24). Adem\u00e1s, la visita aprovech\u00f3 la temprana penalizaci\u00f3n de su rival por faltas y factur\u00f3 desde la l\u00ednea de libres (10\/13 TL). Si bien el Tricolor no tuvo fluidez en ofensiva (4 perdidas) y por momentos equivoc\u00f3 los caminos (0\/6 T3), se mantuvo en partido gracias a los aportes de Santarelli (5) y Gendana (3). Al descanso m\u00e1s largo se fue arriba el elenco de Pablo Kooistra 31-28.<\/p>\n<p>A la vuelta de los vestuarios el juego continu\u00f3 con la misma t\u00f3nica, sobre todo durante los primeros minutos. Santarelli (7) pudo seguir gravitando en el aro contrario y junto a Gentili (4) le dieron vida a Sportivo. A falta de 3m52s por jugar, llegaron igualados en 39-39. Luego, en un abrir y cerrar de ojos, mediante las bombas de Wattson (x2) y Larrandart el Verde se encendi\u00f3 y logr\u00f3 sacar una nueva distancia (42-48). De cara al \u00faltimo segmento el visitante se fue arriba con una brecha de cuatro puntos (46-50).<\/p>\n<p>Ya en el ep\u00edlogo, Sportivo comenz\u00f3 a plantear una defensa alta y Pac\u00edfico se apresur\u00f3. Un pasaje de 10-0, que incluy\u00f3 triples de Gendana y Villoldo, le permiti\u00f3 al elenco de Fernando Alvarez pasar al frente (56-50) con 6m17s por jugar. Los minutos continuaron pasando y la sequ\u00eda del Verde tambi\u00e9n. En ocho minutos y medio de juego la visita solo anot\u00f3 dos unidades. Ya en el cierre nuevamente apareci\u00f3 Gendana con dos bombas consecutivas para cerrar definitivamente el resultado (68-54). As\u00ed Sportivo pas\u00f3 otra prueba de fuego, sum\u00f3 su tercer triunfo al hilo y sali\u00f3 bien parado de la seguidilla de partidos con Comercial, Independiente y Pacifico.<\/p>\n<p>&nbsp;<\/p>\n<p>[vimeo]http:\/\/vimeo.com\/128834884[\/vimeo]<\/p>\n<p>&nbsp;<\/p>\n<p><b>S\u00edntesis |\u00a0<\/b>Segunda Divisi\u00f3n \u2013 Fecha #10<\/p>\n<p><b>Sportivo Bahiense 72:<\/b>\u00a0Gustavo Gentili 9,\u00a0Fabi\u00e1n Gendana 17,\u00a0Mart\u00edn Villoldo 16, Lucas Santarelli 16,\u00a0Juan Ignacio Blasco 8 (Fi).\u00a0Nicol\u00e1s Mart\u00ednez 5, Yoel Asnaghi 1, Joaqu\u00edn Tuero 0, Gabriel De La Torre 0 y Juan Manuel Ponce 0.\u00a0DT: Fernando Alvarez.<\/p>\n<p><b>Pac\u00edfico 60:\u00a0<\/b>Facundo Wattson 13, Manuel Sacrist\u00e1n 5, Fernando Bonino 7, Joaqu\u00edn Larrandart 14, Mauricio Gonz\u00e1lez 14 (Fi). Juan Cruz Marini 0, Lucas Ru\u00edz 5 (x) y Branco Salvatori 2.\u00a0DT: Pablo Kooistra.<b><\/b><\/p>\n<p><b>Parciales:\u00a0<\/b>17-14, 28-31 (11-17), 46-50 (18-19) y 72-60 (26-10).<\/p>\n<p><b>\u00c1rbitros:<\/b>\u00a0Eduardo Ferreyra \u2013 Mauro Reyes<\/p>\n<p><b>Estadio:<\/b>\u00a0Eladio Santos (Club Sportivo Bahiense).<\/p>\n<p><a class=\"modalf iframe\" title=\"Planilla\" href=\"https:\/\/docs.google.com\/spreadsheets\/d\/1c9k3gOKDoaVv36z8cwIlaCD5PQSSencO_PkU7SRYHto\/pubhtml?gid=48891511&amp;single=true\" target=\"_blank\" rel=\"noopener\">Ver Planilla<\/a><\/p>\n<p>&nbsp;<\/p>\n<p>[vimeo]http:\/\/vimeo.com\/128831620[\/vimeo]<\/p>\n","protected":false},"excerpt":{"rendered":"<p>Sportivo super\u00f3 72-60 a Pac\u00edfico y le sac\u00f3 el invicto de nueve partidos. <\/p>\n","protected":false},"author":1,"featured_media":45948,"comment_status":"closed","ping_status":"open","sticky":false,"template":"","format":"standard","meta":{"jnews-multi-image_gallery":[],"jnews_single_post":[],"jnews_primary_category":[],"footnotes":""},"categories":[25,101],"tags":[17,20],"class_list":["post-45947","post","type-post","status-publish","format-standard","has-post-thumbnail","hentry","category-segunda","category-slide","tag-pacifico","tag-sportivo-bahiense"],"yoast_head":"<!-- This site is optimized with the Yoast SEO plugin v27.5 - https:\/\/yoast.com\/product\/yoast-seo-wordpress\/ -->\n<title>Le cont\u00f3 hasta diez - Gente de B\u00e1squet<\/title>\n<meta name=\"robots\" content=\"index, follow, max-snippet:-1, max-image-preview:large, max-video-preview:-1\" \/>\n<link rel=\"canonical\" href=\"https:\/\/gentedebasquet.com.ar\/sitio\/2015\/05\/25\/le-conto-hasta-diez\/\" \/>\n<meta property=\"og:locale\" content=\"es_ES\" \/>\n<meta property=\"og:type\" content=\"article\" \/>\n<meta property=\"og:title\" content=\"Le cont\u00f3 hasta diez - Gente de B\u00e1squet\" \/>\n<meta property=\"og:description\" content=\"Sportivo super\u00f3 72-60 a Pac\u00edfico y le sac\u00f3 el invicto de nueve partidos.\" \/>\n<meta property=\"og:url\" content=\"https:\/\/gentedebasquet.com.ar\/sitio\/2015\/05\/25\/le-conto-hasta-diez\/\" \/>\n<meta property=\"og:site_name\" content=\"Gente de B\u00e1squet\" \/>\n<meta property=\"article:published_time\" content=\"2015-05-26T02:39:40+00:00\" \/>\n<meta property=\"og:image\" content=\"https:\/\/gentedebasquet.com.ar\/sitio\/wp-content\/uploads\/2015\/05\/DSC_0010.jpg\" \/>\n\t<meta property=\"og:image:width\" content=\"690\" \/>\n\t<meta property=\"og:image:height\" content=\"319\" \/>\n\t<meta property=\"og:image:type\" content=\"image\/jpeg\" \/>\n<meta name=\"author\" content=\"Gente de B\u00e1squet\" \/>\n<meta name=\"twitter:card\" content=\"summary_large_image\" \/>\n<meta name=\"twitter:label1\" content=\"Escrito por\" \/>\n\t<meta name=\"twitter:data1\" content=\"Gente de B\u00e1squet\" \/>\n\t<meta name=\"twitter:label2\" content=\"Tiempo de lectura\" \/>\n\t<meta name=\"twitter:data2\" content=\"3 minutos\" \/>\n<script type=\"application\/ld+json\" class=\"yoast-schema-graph\">{\"@context\":\"https:\\\/\\\/schema.org\",\"@graph\":[{\"@type\":\"Article\",\"@id\":\"https:\\\/\\\/gentedebasquet.com.ar\\\/sitio\\\/2015\\\/05\\\/25\\\/le-conto-hasta-diez\\\/#article\",\"isPartOf\":{\"@id\":\"https:\\\/\\\/gentedebasquet.com.ar\\\/sitio\\\/2015\\\/05\\\/25\\\/le-conto-hasta-diez\\\/\"},\"author\":{\"name\":\"Gente de B\u00e1squet\",\"@id\":\"https:\\\/\\\/gentedebasquet.com.ar\\\/sitio\\\/#\\\/schema\\\/person\\\/ca0b63bbb977369988a7bbbdc519943a\"},\"headline\":\"Le cont\u00f3 hasta diez\",\"datePublished\":\"2015-05-26T02:39:40+00:00\",\"mainEntityOfPage\":{\"@id\":\"https:\\\/\\\/gentedebasquet.com.ar\\\/sitio\\\/2015\\\/05\\\/25\\\/le-conto-hasta-diez\\\/\"},\"wordCount\":602,\"image\":{\"@id\":\"https:\\\/\\\/gentedebasquet.com.ar\\\/sitio\\\/2015\\\/05\\\/25\\\/le-conto-hasta-diez\\\/#primaryimage\"},\"thumbnailUrl\":\"https:\\\/\\\/gentedebasquet.com.ar\\\/sitio\\\/wp-content\\\/uploads\\\/2015\\\/05\\\/DSC_0010.jpg\",\"keywords\":[\"Pacifico\",\"Sportivo Bahiense\"],\"articleSection\":[\"Segunda\",\"Slide\"],\"inLanguage\":\"es\"},{\"@type\":\"WebPage\",\"@id\":\"https:\\\/\\\/gentedebasquet.com.ar\\\/sitio\\\/2015\\\/05\\\/25\\\/le-conto-hasta-diez\\\/\",\"url\":\"https:\\\/\\\/gentedebasquet.com.ar\\\/sitio\\\/2015\\\/05\\\/25\\\/le-conto-hasta-diez\\\/\",\"name\":\"Le cont\u00f3 hasta diez - Gente de B\u00e1squet\",\"isPartOf\":{\"@id\":\"https:\\\/\\\/gentedebasquet.com.ar\\\/sitio\\\/#website\"},\"primaryImageOfPage\":{\"@id\":\"https:\\\/\\\/gentedebasquet.com.ar\\\/sitio\\\/2015\\\/05\\\/25\\\/le-conto-hasta-diez\\\/#primaryimage\"},\"image\":{\"@id\":\"https:\\\/\\\/gentedebasquet.com.ar\\\/sitio\\\/2015\\\/05\\\/25\\\/le-conto-hasta-diez\\\/#primaryimage\"},\"thumbnailUrl\":\"https:\\\/\\\/gentedebasquet.com.ar\\\/sitio\\\/wp-content\\\/uploads\\\/2015\\\/05\\\/DSC_0010.jpg\",\"datePublished\":\"2015-05-26T02:39:40+00:00\",\"author\":{\"@id\":\"https:\\\/\\\/gentedebasquet.com.ar\\\/sitio\\\/#\\\/schema\\\/person\\\/ca0b63bbb977369988a7bbbdc519943a\"},\"breadcrumb\":{\"@id\":\"https:\\\/\\\/gentedebasquet.com.ar\\\/sitio\\\/2015\\\/05\\\/25\\\/le-conto-hasta-diez\\\/#breadcrumb\"},\"inLanguage\":\"es\",\"potentialAction\":[{\"@type\":\"ReadAction\",\"target\":[\"https:\\\/\\\/gentedebasquet.com.ar\\\/sitio\\\/2015\\\/05\\\/25\\\/le-conto-hasta-diez\\\/\"]}]},{\"@type\":\"ImageObject\",\"inLanguage\":\"es\",\"@id\":\"https:\\\/\\\/gentedebasquet.com.ar\\\/sitio\\\/2015\\\/05\\\/25\\\/le-conto-hasta-diez\\\/#primaryimage\",\"url\":\"https:\\\/\\\/gentedebasquet.com.ar\\\/sitio\\\/wp-content\\\/uploads\\\/2015\\\/05\\\/DSC_0010.jpg\",\"contentUrl\":\"https:\\\/\\\/gentedebasquet.com.ar\\\/sitio\\\/wp-content\\\/uploads\\\/2015\\\/05\\\/DSC_0010.jpg\",\"width\":690,\"height\":319},{\"@type\":\"BreadcrumbList\",\"@id\":\"https:\\\/\\\/gentedebasquet.com.ar\\\/sitio\\\/2015\\\/05\\\/25\\\/le-conto-hasta-diez\\\/#breadcrumb\",\"itemListElement\":[{\"@type\":\"ListItem\",\"position\":1,\"name\":\"Portada\",\"item\":\"https:\\\/\\\/gentedebasquet.com.ar\\\/sitio\\\/\"},{\"@type\":\"ListItem\",\"position\":2,\"name\":\"Le cont\u00f3 hasta diez\"}]},{\"@type\":\"WebSite\",\"@id\":\"https:\\\/\\\/gentedebasquet.com.ar\\\/sitio\\\/#website\",\"url\":\"https:\\\/\\\/gentedebasquet.com.ar\\\/sitio\\\/\",\"name\":\"Gente de B\u00e1squet\",\"description\":\"La revista del basquet de Bah\u00eda Blanca\",\"potentialAction\":[{\"@type\":\"SearchAction\",\"target\":{\"@type\":\"EntryPoint\",\"urlTemplate\":\"https:\\\/\\\/gentedebasquet.com.ar\\\/sitio\\\/?s={search_term_string}\"},\"query-input\":{\"@type\":\"PropertyValueSpecification\",\"valueRequired\":true,\"valueName\":\"search_term_string\"}}],\"inLanguage\":\"es\"},{\"@type\":\"Person\",\"@id\":\"https:\\\/\\\/gentedebasquet.com.ar\\\/sitio\\\/#\\\/schema\\\/person\\\/ca0b63bbb977369988a7bbbdc519943a\",\"name\":\"Gente de B\u00e1squet\",\"image\":{\"@type\":\"ImageObject\",\"inLanguage\":\"es\",\"@id\":\"https:\\\/\\\/secure.gravatar.com\\\/avatar\\\/7f2c48bdc33b30088f941fb6082e555f2874c98e20cb159d7b92b50eadfce793?s=96&d=mm&r=g\",\"url\":\"https:\\\/\\\/secure.gravatar.com\\\/avatar\\\/7f2c48bdc33b30088f941fb6082e555f2874c98e20cb159d7b92b50eadfce793?s=96&d=mm&r=g\",\"contentUrl\":\"https:\\\/\\\/secure.gravatar.com\\\/avatar\\\/7f2c48bdc33b30088f941fb6082e555f2874c98e20cb159d7b92b50eadfce793?s=96&d=mm&r=g\",\"caption\":\"Gente de B\u00e1squet\"},\"sameAs\":[\"http:\\\/\\\/gentedebasquet.com.ar\\\/sitio\"],\"url\":\"https:\\\/\\\/gentedebasquet.com.ar\\\/sitio\\\/author\\\/ulises\\\/\"}]}<\/script>\n<!-- \/ Yoast SEO plugin. -->","yoast_head_json":{"title":"Le cont\u00f3 hasta diez - Gente de B\u00e1squet","robots":{"index":"index","follow":"follow","max-snippet":"max-snippet:-1","max-image-preview":"max-image-preview:large","max-video-preview":"max-video-preview:-1"},"canonical":"https:\/\/gentedebasquet.com.ar\/sitio\/2015\/05\/25\/le-conto-hasta-diez\/","og_locale":"es_ES","og_type":"article","og_title":"Le cont\u00f3 hasta diez - Gente de B\u00e1squet","og_description":"Sportivo super\u00f3 72-60 a Pac\u00edfico y le sac\u00f3 el invicto de nueve partidos.","og_url":"https:\/\/gentedebasquet.com.ar\/sitio\/2015\/05\/25\/le-conto-hasta-diez\/","og_site_name":"Gente de B\u00e1squet","article_published_time":"2015-05-26T02:39:40+00:00","og_image":[{"width":690,"height":319,"url":"https:\/\/gentedebasquet.com.ar\/sitio\/wp-content\/uploads\/2015\/05\/DSC_0010.jpg","type":"image\/jpeg"}],"author":"Gente de B\u00e1squet","twitter_card":"summary_large_image","twitter_misc":{"Escrito por":"Gente de B\u00e1squet","Tiempo de lectura":"3 minutos"},"schema":{"@context":"https:\/\/schema.org","@graph":[{"@type":"Article","@id":"https:\/\/gentedebasquet.com.ar\/sitio\/2015\/05\/25\/le-conto-hasta-diez\/#article","isPartOf":{"@id":"https:\/\/gentedebasquet.com.ar\/sitio\/2015\/05\/25\/le-conto-hasta-diez\/"},"author":{"name":"Gente de B\u00e1squet","@id":"https:\/\/gentedebasquet.com.ar\/sitio\/#\/schema\/person\/ca0b63bbb977369988a7bbbdc519943a"},"headline":"Le cont\u00f3 hasta diez","datePublished":"2015-05-26T02:39:40+00:00","mainEntityOfPage":{"@id":"https:\/\/gentedebasquet.com.ar\/sitio\/2015\/05\/25\/le-conto-hasta-diez\/"},"wordCount":602,"image":{"@id":"https:\/\/gentedebasquet.com.ar\/sitio\/2015\/05\/25\/le-conto-hasta-diez\/#primaryimage"},"thumbnailUrl":"https:\/\/gentedebasquet.com.ar\/sitio\/wp-content\/uploads\/2015\/05\/DSC_0010.jpg","keywords":["Pacifico","Sportivo Bahiense"],"articleSection":["Segunda","Slide"],"inLanguage":"es"},{"@type":"WebPage","@id":"https:\/\/gentedebasquet.com.ar\/sitio\/2015\/05\/25\/le-conto-hasta-diez\/","url":"https:\/\/gentedebasquet.com.ar\/sitio\/2015\/05\/25\/le-conto-hasta-diez\/","name":"Le cont\u00f3 hasta diez - Gente de B\u00e1squet","isPartOf":{"@id":"https:\/\/gentedebasquet.com.ar\/sitio\/#website"},"primaryImageOfPage":{"@id":"https:\/\/gentedebasquet.com.ar\/sitio\/2015\/05\/25\/le-conto-hasta-diez\/#primaryimage"},"image":{"@id":"https:\/\/gentedebasquet.com.ar\/sitio\/2015\/05\/25\/le-conto-hasta-diez\/#primaryimage"},"thumbnailUrl":"https:\/\/gentedebasquet.com.ar\/sitio\/wp-content\/uploads\/2015\/05\/DSC_0010.jpg","datePublished":"2015-05-26T02:39:40+00:00","author":{"@id":"https:\/\/gentedebasquet.com.ar\/sitio\/#\/schema\/person\/ca0b63bbb977369988a7bbbdc519943a"},"breadcrumb":{"@id":"https:\/\/gentedebasquet.com.ar\/sitio\/2015\/05\/25\/le-conto-hasta-diez\/#breadcrumb"},"inLanguage":"es","potentialAction":[{"@type":"ReadAction","target":["https:\/\/gentedebasquet.com.ar\/sitio\/2015\/05\/25\/le-conto-hasta-diez\/"]}]},{"@type":"ImageObject","inLanguage":"es","@id":"https:\/\/gentedebasquet.com.ar\/sitio\/2015\/05\/25\/le-conto-hasta-diez\/#primaryimage","url":"https:\/\/gentedebasquet.com.ar\/sitio\/wp-content\/uploads\/2015\/05\/DSC_0010.jpg","contentUrl":"https:\/\/gentedebasquet.com.ar\/sitio\/wp-content\/uploads\/2015\/05\/DSC_0010.jpg","width":690,"height":319},{"@type":"BreadcrumbList","@id":"https:\/\/gentedebasquet.com.ar\/sitio\/2015\/05\/25\/le-conto-hasta-diez\/#breadcrumb","itemListElement":[{"@type":"ListItem","position":1,"name":"Portada","item":"https:\/\/gentedebasquet.com.ar\/sitio\/"},{"@type":"ListItem","position":2,"name":"Le cont\u00f3 hasta diez"}]},{"@type":"WebSite","@id":"https:\/\/gentedebasquet.com.ar\/sitio\/#website","url":"https:\/\/gentedebasquet.com.ar\/sitio\/","name":"Gente de B\u00e1squet","description":"La revista del basquet de Bah\u00eda Blanca","potentialAction":[{"@type":"SearchAction","target":{"@type":"EntryPoint","urlTemplate":"https:\/\/gentedebasquet.com.ar\/sitio\/?s={search_term_string}"},"query-input":{"@type":"PropertyValueSpecification","valueRequired":true,"valueName":"search_term_string"}}],"inLanguage":"es"},{"@type":"Person","@id":"https:\/\/gentedebasquet.com.ar\/sitio\/#\/schema\/person\/ca0b63bbb977369988a7bbbdc519943a","name":"Gente de B\u00e1squet","image":{"@type":"ImageObject","inLanguage":"es","@id":"https:\/\/secure.gravatar.com\/avatar\/7f2c48bdc33b30088f941fb6082e555f2874c98e20cb159d7b92b50eadfce793?s=96&d=mm&r=g","url":"https:\/\/secure.gravatar.com\/avatar\/7f2c48bdc33b30088f941fb6082e555f2874c98e20cb159d7b92b50eadfce793?s=96&d=mm&r=g","contentUrl":"https:\/\/secure.gravatar.com\/avatar\/7f2c48bdc33b30088f941fb6082e555f2874c98e20cb159d7b92b50eadfce793?s=96&d=mm&r=g","caption":"Gente de B\u00e1squet"},"sameAs":["http:\/\/gentedebasquet.com.ar\/sitio"],"url":"https:\/\/gentedebasquet.com.ar\/sitio\/author\/ulises\/"}]}},"_links":{"self":[{"href":"https:\/\/gentedebasquet.com.ar\/sitio\/wp-json\/wp\/v2\/posts\/45947","targetHints":{"allow":["GET"]}}],"collection":[{"href":"https:\/\/gentedebasquet.com.ar\/sitio\/wp-json\/wp\/v2\/posts"}],"about":[{"href":"https:\/\/gentedebasquet.com.ar\/sitio\/wp-json\/wp\/v2\/types\/post"}],"author":[{"embeddable":true,"href":"https:\/\/gentedebasquet.com.ar\/sitio\/wp-json\/wp\/v2\/users\/1"}],"replies":[{"embeddable":true,"href":"https:\/\/gentedebasquet.com.ar\/sitio\/wp-json\/wp\/v2\/comments?post=45947"}],"version-history":[{"count":0,"href":"https:\/\/gentedebasquet.com.ar\/sitio\/wp-json\/wp\/v2\/posts\/45947\/revisions"}],"wp:featuredmedia":[{"embeddable":true,"href":"https:\/\/gentedebasquet.com.ar\/sitio\/wp-json\/wp\/v2\/media\/45948"}],"wp:attachment":[{"href":"https:\/\/gentedebasquet.com.ar\/sitio\/wp-json\/wp\/v2\/media?parent=45947"}],"wp:term":[{"taxonomy":"category","embeddable":true,"href":"https:\/\/gentedebasquet.com.ar\/sitio\/wp-json\/wp\/v2\/categories?post=45947"},{"taxonomy":"post_tag","embeddable":true,"href":"https:\/\/gentedebasquet.com.ar\/sitio\/wp-json\/wp\/v2\/tags?post=45947"}],"curies":[{"name":"wp","href":"https:\/\/api.w.org\/{rel}","templated":true}]}}