{"id":45961,"date":"2015-05-25T22:47:54","date_gmt":"2015-05-26T01:47:54","guid":{"rendered":"http:\/\/www.gentedebasquet.com.ar\/?p=45961"},"modified":"2015-05-25T22:47:54","modified_gmt":"2015-05-26T01:47:54","slug":"batalla-patriotica","status":"publish","type":"post","link":"https:\/\/gentedebasquet.com.ar\/sitio\/2015\/05\/25\/batalla-patriotica\/","title":{"rendered":"Batalla patri\u00f3tica"},"content":{"rendered":"<p><strong>En el comienzo de la segunda rueda, Estrella derrot\u00f3 en su casa a Comercial por 70 a 58. \u00a0En un encuentro picante (6 faltas t\u00e9cnicas en total), el conjunto de Claudio Queti tuvo a Franco Cardone (18 unidades, 16 en la primerta mitad con 7-10 en t2), Dami\u00e1n Carci (13) y Maximiliano Sterz (10 y 15 rebotes) como m\u00e1ximos exponentes ofensivos. \u00a0En la visita, que perdi\u00f3 en el 2C a Dalmiro Lella por doble falta t\u00e9cnica, Pablo Pollio (16), Am\u00edlcar Andreanelli y el susodicho Lella (9 cada uno) fueron los de mejor rendimiento. \u00a0<span style=\"color: #ff6600;\">MIR\u00c1 EL VIDEO.<\/span><\/strong><\/p>\n<p>En una fecha cuyos partidos fueron programados para comenzar 19hs, la excepci\u00f3n se dio en el Luis \u00c1lvarez con motivo de la llegada sobre la hora del D.T. Claudio Queti tras un viaje por Buenos Aires. \u00a0Sin embargo su conjunto no lleg\u00f3 tarde al encuentro, porque desde el arranque domin\u00f3 las acciones mediante un parcial de 17-7 en 6m amparado en un gran pasaje de Cardone en la ofensiva (11 puntos en ese tramo, 16 en tan solo el 1C), ante un Comercial que se sustent\u00f3 de la tarea de Pollio en la zona pintada (6) pero perdi\u00f3 varias veces la posesi\u00f3n del bal\u00f3n (6).<\/p>\n<p>El portuario reaccion\u00f3 en el 2C a partir de un buen ingreso de Lella desde la banca (9), que impuls\u00f3 una racha de 17-9 en 7m30. \u00a0Sin embargo, Dalmiro ver\u00eda su expulsi\u00f3n del partido luego de un intercambio con la terna arbitral que le vali\u00f3 la descalificaci\u00f3n por doble falta t\u00e9cnica. \u00a0Estrella se mantuvo a flote, gracias a que Mariano Trellini (7, incluyendo un triple) comenz\u00f3 a encontrar el hueco luego de un err\u00e1tico primer cuarto (1-5), y cerr\u00f3 arriba la primera mitad (39-32).<\/p>\n<p>Al regreso de los vestuarios, el encuentro se torn\u00f3 impreciso y baj\u00f3 un escal\u00f3n en cuanto a intensidad. Le toc\u00f3 a Estrella ser el que tuvo problemas con la transici\u00f3n (7 p\u00e9rdidas) aunque encontr\u00f3 r\u00e9dito en el juego interno de Sterz y Camara (4 cada uno). \u00a0Pero fue el bajo porcentaje de campo de Comercial (3-15), lo que le prohibi\u00f3 a los de Dodero achicar el d\u00e9ficit de cara al final, en un per\u00edodo que fue el tramo m\u00e1s flojo del cotejo (13-13).<\/p>\n<p>Y en el ep\u00edlogo, Estrella cont\u00f3 con una gran intervenci\u00f3n de Dami\u00e1n Carci (9, con 5-5 en t1) en los momentos decisivos del encuentro que le permiti\u00f3 abrochar la victoria, ante un Comercial que de nuevo concret\u00f3 tan solo 3 goles de campo en todo el segmento.<\/p>\n<p>&nbsp;<\/p>\n<p>[youtube]https:\/\/www.youtube.com\/watch?v=Erh0_XBQulU&amp;feature=youtu.be[\/youtube]<\/p>\n<p>&nbsp;<\/p>\n<p><strong style=\"line-height: 1.5em;\">S\u00edntesis<\/strong><span style=\"line-height: 1.5em;\"> | Segunda Divis\u00f3n &#8211; Fecha # 10<\/span><\/p>\n<p><b>Estrella 70:\u00a0<\/b>Dami\u00e1n Carci 13, Mariano Trellini 9, Franco Cardone 18, Mat\u00edas Specogna 2, Maximiliano Sterz 10 (FI); Emiliano Deminicis 0, Santiago Quiroga 8, Alan Pan 2 (x), Agust\u00edn Bianco 0, Nahuel Camara 8, Bruno Gigliotti 0. \u00a0D.T: Claudio Queti.<\/p>\n<p><strong>Comercial 58:\u00a0<\/strong>Am\u00edlcar Andreanelli 9, Mart\u00edn Godoy 3, Gast\u00f3n Chaves 6, Sebasti\u00e1n Tacchetti 7, Pablo Pollio 16 (FI); Dalmiro Lella 9 (x), Nicol\u00e1s Vallejos 5, Gonzalo Llull 0, Ignacio Luppino 0, Ramiro Riviere 0. \u00a0D.T: Sebasti\u00e1n Dodero.<\/p>\n<p><strong>Parciales:\u00a0<\/strong>26-13, 39-32 (13-19), 52-45 (13-13), 70-58 (18-13).<\/p>\n<p><strong>\u00c1rbitros:\u00a0<\/strong>Alejandro Go\u00f1i &#8211; Emanuel S\u00e1nchez.<\/p>\n<p><strong>Estadio:\u00a0<\/strong>Luis \u00c1lvarez (Estrella).<\/p>\n<p><a class=\"modalf iframe\" title=\"Planilla\" href=\"https:\/\/docs.google.com\/spreadsheets\/d\/17Vm4Gou_DrVuRgrpebN66LBijnckrMC1EGaRTOBQ2_E\/pubhtml\" target=\"_blank\" rel=\"noopener\">Ver Planilla<\/a><\/p>\n<p>&nbsp;<\/p>\n<p>[youtube]https:\/\/youtu.be\/oxIkFn57KW0[\/youtube]<\/p>\n","protected":false},"excerpt":{"rendered":"<p>En un \u00e1spero partido en el d\u00eda de la Patria , Estrella derrot\u00f3 a Comercial por 70 a 58.<\/p>\n","protected":false},"author":1,"featured_media":45965,"comment_status":"closed","ping_status":"open","sticky":false,"template":"","format":"standard","meta":{"jnews-multi-image_gallery":[],"jnews_single_post":[],"jnews_primary_category":[],"footnotes":""},"categories":[25,101],"tags":[548,7,151,527,10,304,609],"class_list":["post-45961","post","type-post","status-publish","format-standard","has-post-thumbnail","hentry","category-segunda","category-slide","tag-amilcar-andreanelli","tag-comercial","tag-dalmiro-lella","tag-damian-carci","tag-estrella","tag-franco-cardone","tag-pablo-pollio"],"yoast_head":"<!-- This site is optimized with the Yoast SEO plugin v27.5 - https:\/\/yoast.com\/product\/yoast-seo-wordpress\/ -->\n<title>Batalla patri\u00f3tica - Gente de B\u00e1squet<\/title>\n<meta name=\"robots\" content=\"index, follow, max-snippet:-1, max-image-preview:large, max-video-preview:-1\" \/>\n<link rel=\"canonical\" href=\"http:\/\/gentedebasquet.com.ar\/sitio\/2015\/05\/25\/batalla-patriotica\/\" \/>\n<meta property=\"og:locale\" content=\"es_ES\" \/>\n<meta property=\"og:type\" content=\"article\" \/>\n<meta property=\"og:title\" content=\"Batalla patri\u00f3tica - Gente de B\u00e1squet\" \/>\n<meta property=\"og:description\" content=\"En un \u00e1spero partido en el d\u00eda de la Patria , Estrella derrot\u00f3 a Comercial por 70 a 58.\" \/>\n<meta property=\"og:url\" content=\"http:\/\/gentedebasquet.com.ar\/sitio\/2015\/05\/25\/batalla-patriotica\/\" \/>\n<meta property=\"og:site_name\" content=\"Gente de B\u00e1squet\" \/>\n<meta property=\"article:published_time\" content=\"2015-05-26T01:47:54+00:00\" \/>\n<meta property=\"og:image\" content=\"http:\/\/gentedebasquet.com.ar\/sitio\/wp-content\/uploads\/2015\/05\/WP_20150519_22_10_39_Pro2.jpg\" \/>\n\t<meta property=\"og:image:width\" content=\"690\" \/>\n\t<meta property=\"og:image:height\" content=\"319\" \/>\n\t<meta property=\"og:image:type\" content=\"image\/jpeg\" \/>\n<meta name=\"author\" content=\"Gente de B\u00e1squet\" \/>\n<meta name=\"twitter:card\" content=\"summary_large_image\" \/>\n<meta name=\"twitter:label1\" content=\"Escrito por\" \/>\n\t<meta name=\"twitter:data1\" content=\"Gente de B\u00e1squet\" \/>\n\t<meta name=\"twitter:label2\" content=\"Tiempo de lectura\" \/>\n\t<meta name=\"twitter:data2\" content=\"3 minutos\" \/>\n<script type=\"application\/ld+json\" class=\"yoast-schema-graph\">{\"@context\":\"https:\\\/\\\/schema.org\",\"@graph\":[{\"@type\":\"Article\",\"@id\":\"http:\\\/\\\/gentedebasquet.com.ar\\\/sitio\\\/2015\\\/05\\\/25\\\/batalla-patriotica\\\/#article\",\"isPartOf\":{\"@id\":\"http:\\\/\\\/gentedebasquet.com.ar\\\/sitio\\\/2015\\\/05\\\/25\\\/batalla-patriotica\\\/\"},\"author\":{\"name\":\"Gente de B\u00e1squet\",\"@id\":\"https:\\\/\\\/gentedebasquet.com.ar\\\/sitio\\\/#\\\/schema\\\/person\\\/ca0b63bbb977369988a7bbbdc519943a\"},\"headline\":\"Batalla patri\u00f3tica\",\"datePublished\":\"2015-05-26T01:47:54+00:00\",\"mainEntityOfPage\":{\"@id\":\"http:\\\/\\\/gentedebasquet.com.ar\\\/sitio\\\/2015\\\/05\\\/25\\\/batalla-patriotica\\\/\"},\"wordCount\":540,\"image\":{\"@id\":\"http:\\\/\\\/gentedebasquet.com.ar\\\/sitio\\\/2015\\\/05\\\/25\\\/batalla-patriotica\\\/#primaryimage\"},\"thumbnailUrl\":\"https:\\\/\\\/gentedebasquet.com.ar\\\/sitio\\\/wp-content\\\/uploads\\\/2015\\\/05\\\/WP_20150519_22_10_39_Pro2.jpg\",\"keywords\":[\"Amilcar Andreanelli\",\"Comercial\",\"Dalmiro Lella\",\"Dami\u00e1n Carci\",\"Estrella\",\"Franco Cardone\",\"Pablo Pollio\"],\"articleSection\":[\"Segunda\",\"Slide\"],\"inLanguage\":\"es\"},{\"@type\":\"WebPage\",\"@id\":\"http:\\\/\\\/gentedebasquet.com.ar\\\/sitio\\\/2015\\\/05\\\/25\\\/batalla-patriotica\\\/\",\"url\":\"http:\\\/\\\/gentedebasquet.com.ar\\\/sitio\\\/2015\\\/05\\\/25\\\/batalla-patriotica\\\/\",\"name\":\"Batalla patri\u00f3tica - Gente de B\u00e1squet\",\"isPartOf\":{\"@id\":\"https:\\\/\\\/gentedebasquet.com.ar\\\/sitio\\\/#website\"},\"primaryImageOfPage\":{\"@id\":\"http:\\\/\\\/gentedebasquet.com.ar\\\/sitio\\\/2015\\\/05\\\/25\\\/batalla-patriotica\\\/#primaryimage\"},\"image\":{\"@id\":\"http:\\\/\\\/gentedebasquet.com.ar\\\/sitio\\\/2015\\\/05\\\/25\\\/batalla-patriotica\\\/#primaryimage\"},\"thumbnailUrl\":\"https:\\\/\\\/gentedebasquet.com.ar\\\/sitio\\\/wp-content\\\/uploads\\\/2015\\\/05\\\/WP_20150519_22_10_39_Pro2.jpg\",\"datePublished\":\"2015-05-26T01:47:54+00:00\",\"author\":{\"@id\":\"https:\\\/\\\/gentedebasquet.com.ar\\\/sitio\\\/#\\\/schema\\\/person\\\/ca0b63bbb977369988a7bbbdc519943a\"},\"breadcrumb\":{\"@id\":\"http:\\\/\\\/gentedebasquet.com.ar\\\/sitio\\\/2015\\\/05\\\/25\\\/batalla-patriotica\\\/#breadcrumb\"},\"inLanguage\":\"es\",\"potentialAction\":[{\"@type\":\"ReadAction\",\"target\":[\"http:\\\/\\\/gentedebasquet.com.ar\\\/sitio\\\/2015\\\/05\\\/25\\\/batalla-patriotica\\\/\"]}]},{\"@type\":\"ImageObject\",\"inLanguage\":\"es\",\"@id\":\"http:\\\/\\\/gentedebasquet.com.ar\\\/sitio\\\/2015\\\/05\\\/25\\\/batalla-patriotica\\\/#primaryimage\",\"url\":\"https:\\\/\\\/gentedebasquet.com.ar\\\/sitio\\\/wp-content\\\/uploads\\\/2015\\\/05\\\/WP_20150519_22_10_39_Pro2.jpg\",\"contentUrl\":\"https:\\\/\\\/gentedebasquet.com.ar\\\/sitio\\\/wp-content\\\/uploads\\\/2015\\\/05\\\/WP_20150519_22_10_39_Pro2.jpg\",\"width\":690,\"height\":319},{\"@type\":\"BreadcrumbList\",\"@id\":\"http:\\\/\\\/gentedebasquet.com.ar\\\/sitio\\\/2015\\\/05\\\/25\\\/batalla-patriotica\\\/#breadcrumb\",\"itemListElement\":[{\"@type\":\"ListItem\",\"position\":1,\"name\":\"Portada\",\"item\":\"https:\\\/\\\/gentedebasquet.com.ar\\\/sitio\\\/\"},{\"@type\":\"ListItem\",\"position\":2,\"name\":\"Batalla patri\u00f3tica\"}]},{\"@type\":\"WebSite\",\"@id\":\"https:\\\/\\\/gentedebasquet.com.ar\\\/sitio\\\/#website\",\"url\":\"https:\\\/\\\/gentedebasquet.com.ar\\\/sitio\\\/\",\"name\":\"Gente de B\u00e1squet\",\"description\":\"La revista del basquet de Bah\u00eda Blanca\",\"potentialAction\":[{\"@type\":\"SearchAction\",\"target\":{\"@type\":\"EntryPoint\",\"urlTemplate\":\"https:\\\/\\\/gentedebasquet.com.ar\\\/sitio\\\/?s={search_term_string}\"},\"query-input\":{\"@type\":\"PropertyValueSpecification\",\"valueRequired\":true,\"valueName\":\"search_term_string\"}}],\"inLanguage\":\"es\"},{\"@type\":\"Person\",\"@id\":\"https:\\\/\\\/gentedebasquet.com.ar\\\/sitio\\\/#\\\/schema\\\/person\\\/ca0b63bbb977369988a7bbbdc519943a\",\"name\":\"Gente de B\u00e1squet\",\"image\":{\"@type\":\"ImageObject\",\"inLanguage\":\"es\",\"@id\":\"https:\\\/\\\/secure.gravatar.com\\\/avatar\\\/7f2c48bdc33b30088f941fb6082e555f2874c98e20cb159d7b92b50eadfce793?s=96&d=mm&r=g\",\"url\":\"https:\\\/\\\/secure.gravatar.com\\\/avatar\\\/7f2c48bdc33b30088f941fb6082e555f2874c98e20cb159d7b92b50eadfce793?s=96&d=mm&r=g\",\"contentUrl\":\"https:\\\/\\\/secure.gravatar.com\\\/avatar\\\/7f2c48bdc33b30088f941fb6082e555f2874c98e20cb159d7b92b50eadfce793?s=96&d=mm&r=g\",\"caption\":\"Gente de B\u00e1squet\"},\"sameAs\":[\"http:\\\/\\\/gentedebasquet.com.ar\\\/sitio\"],\"url\":\"https:\\\/\\\/gentedebasquet.com.ar\\\/sitio\\\/author\\\/ulises\\\/\"}]}<\/script>\n<!-- \/ Yoast SEO plugin. -->","yoast_head_json":{"title":"Batalla patri\u00f3tica - Gente de B\u00e1squet","robots":{"index":"index","follow":"follow","max-snippet":"max-snippet:-1","max-image-preview":"max-image-preview:large","max-video-preview":"max-video-preview:-1"},"canonical":"http:\/\/gentedebasquet.com.ar\/sitio\/2015\/05\/25\/batalla-patriotica\/","og_locale":"es_ES","og_type":"article","og_title":"Batalla patri\u00f3tica - Gente de B\u00e1squet","og_description":"En un \u00e1spero partido en el d\u00eda de la Patria , Estrella derrot\u00f3 a Comercial por 70 a 58.","og_url":"http:\/\/gentedebasquet.com.ar\/sitio\/2015\/05\/25\/batalla-patriotica\/","og_site_name":"Gente de B\u00e1squet","article_published_time":"2015-05-26T01:47:54+00:00","og_image":[{"width":690,"height":319,"url":"http:\/\/gentedebasquet.com.ar\/sitio\/wp-content\/uploads\/2015\/05\/WP_20150519_22_10_39_Pro2.jpg","type":"image\/jpeg"}],"author":"Gente de B\u00e1squet","twitter_card":"summary_large_image","twitter_misc":{"Escrito por":"Gente de B\u00e1squet","Tiempo de lectura":"3 minutos"},"schema":{"@context":"https:\/\/schema.org","@graph":[{"@type":"Article","@id":"http:\/\/gentedebasquet.com.ar\/sitio\/2015\/05\/25\/batalla-patriotica\/#article","isPartOf":{"@id":"http:\/\/gentedebasquet.com.ar\/sitio\/2015\/05\/25\/batalla-patriotica\/"},"author":{"name":"Gente de B\u00e1squet","@id":"https:\/\/gentedebasquet.com.ar\/sitio\/#\/schema\/person\/ca0b63bbb977369988a7bbbdc519943a"},"headline":"Batalla patri\u00f3tica","datePublished":"2015-05-26T01:47:54+00:00","mainEntityOfPage":{"@id":"http:\/\/gentedebasquet.com.ar\/sitio\/2015\/05\/25\/batalla-patriotica\/"},"wordCount":540,"image":{"@id":"http:\/\/gentedebasquet.com.ar\/sitio\/2015\/05\/25\/batalla-patriotica\/#primaryimage"},"thumbnailUrl":"https:\/\/gentedebasquet.com.ar\/sitio\/wp-content\/uploads\/2015\/05\/WP_20150519_22_10_39_Pro2.jpg","keywords":["Amilcar Andreanelli","Comercial","Dalmiro Lella","Dami\u00e1n Carci","Estrella","Franco Cardone","Pablo Pollio"],"articleSection":["Segunda","Slide"],"inLanguage":"es"},{"@type":"WebPage","@id":"http:\/\/gentedebasquet.com.ar\/sitio\/2015\/05\/25\/batalla-patriotica\/","url":"http:\/\/gentedebasquet.com.ar\/sitio\/2015\/05\/25\/batalla-patriotica\/","name":"Batalla patri\u00f3tica - Gente de B\u00e1squet","isPartOf":{"@id":"https:\/\/gentedebasquet.com.ar\/sitio\/#website"},"primaryImageOfPage":{"@id":"http:\/\/gentedebasquet.com.ar\/sitio\/2015\/05\/25\/batalla-patriotica\/#primaryimage"},"image":{"@id":"http:\/\/gentedebasquet.com.ar\/sitio\/2015\/05\/25\/batalla-patriotica\/#primaryimage"},"thumbnailUrl":"https:\/\/gentedebasquet.com.ar\/sitio\/wp-content\/uploads\/2015\/05\/WP_20150519_22_10_39_Pro2.jpg","datePublished":"2015-05-26T01:47:54+00:00","author":{"@id":"https:\/\/gentedebasquet.com.ar\/sitio\/#\/schema\/person\/ca0b63bbb977369988a7bbbdc519943a"},"breadcrumb":{"@id":"http:\/\/gentedebasquet.com.ar\/sitio\/2015\/05\/25\/batalla-patriotica\/#breadcrumb"},"inLanguage":"es","potentialAction":[{"@type":"ReadAction","target":["http:\/\/gentedebasquet.com.ar\/sitio\/2015\/05\/25\/batalla-patriotica\/"]}]},{"@type":"ImageObject","inLanguage":"es","@id":"http:\/\/gentedebasquet.com.ar\/sitio\/2015\/05\/25\/batalla-patriotica\/#primaryimage","url":"https:\/\/gentedebasquet.com.ar\/sitio\/wp-content\/uploads\/2015\/05\/WP_20150519_22_10_39_Pro2.jpg","contentUrl":"https:\/\/gentedebasquet.com.ar\/sitio\/wp-content\/uploads\/2015\/05\/WP_20150519_22_10_39_Pro2.jpg","width":690,"height":319},{"@type":"BreadcrumbList","@id":"http:\/\/gentedebasquet.com.ar\/sitio\/2015\/05\/25\/batalla-patriotica\/#breadcrumb","itemListElement":[{"@type":"ListItem","position":1,"name":"Portada","item":"https:\/\/gentedebasquet.com.ar\/sitio\/"},{"@type":"ListItem","position":2,"name":"Batalla patri\u00f3tica"}]},{"@type":"WebSite","@id":"https:\/\/gentedebasquet.com.ar\/sitio\/#website","url":"https:\/\/gentedebasquet.com.ar\/sitio\/","name":"Gente de B\u00e1squet","description":"La revista del basquet de Bah\u00eda Blanca","potentialAction":[{"@type":"SearchAction","target":{"@type":"EntryPoint","urlTemplate":"https:\/\/gentedebasquet.com.ar\/sitio\/?s={search_term_string}"},"query-input":{"@type":"PropertyValueSpecification","valueRequired":true,"valueName":"search_term_string"}}],"inLanguage":"es"},{"@type":"Person","@id":"https:\/\/gentedebasquet.com.ar\/sitio\/#\/schema\/person\/ca0b63bbb977369988a7bbbdc519943a","name":"Gente de B\u00e1squet","image":{"@type":"ImageObject","inLanguage":"es","@id":"https:\/\/secure.gravatar.com\/avatar\/7f2c48bdc33b30088f941fb6082e555f2874c98e20cb159d7b92b50eadfce793?s=96&d=mm&r=g","url":"https:\/\/secure.gravatar.com\/avatar\/7f2c48bdc33b30088f941fb6082e555f2874c98e20cb159d7b92b50eadfce793?s=96&d=mm&r=g","contentUrl":"https:\/\/secure.gravatar.com\/avatar\/7f2c48bdc33b30088f941fb6082e555f2874c98e20cb159d7b92b50eadfce793?s=96&d=mm&r=g","caption":"Gente de B\u00e1squet"},"sameAs":["http:\/\/gentedebasquet.com.ar\/sitio"],"url":"https:\/\/gentedebasquet.com.ar\/sitio\/author\/ulises\/"}]}},"_links":{"self":[{"href":"https:\/\/gentedebasquet.com.ar\/sitio\/wp-json\/wp\/v2\/posts\/45961","targetHints":{"allow":["GET"]}}],"collection":[{"href":"https:\/\/gentedebasquet.com.ar\/sitio\/wp-json\/wp\/v2\/posts"}],"about":[{"href":"https:\/\/gentedebasquet.com.ar\/sitio\/wp-json\/wp\/v2\/types\/post"}],"author":[{"embeddable":true,"href":"https:\/\/gentedebasquet.com.ar\/sitio\/wp-json\/wp\/v2\/users\/1"}],"replies":[{"embeddable":true,"href":"https:\/\/gentedebasquet.com.ar\/sitio\/wp-json\/wp\/v2\/comments?post=45961"}],"version-history":[{"count":0,"href":"https:\/\/gentedebasquet.com.ar\/sitio\/wp-json\/wp\/v2\/posts\/45961\/revisions"}],"wp:featuredmedia":[{"embeddable":true,"href":"https:\/\/gentedebasquet.com.ar\/sitio\/wp-json\/wp\/v2\/media\/45965"}],"wp:attachment":[{"href":"https:\/\/gentedebasquet.com.ar\/sitio\/wp-json\/wp\/v2\/media?parent=45961"}],"wp:term":[{"taxonomy":"category","embeddable":true,"href":"https:\/\/gentedebasquet.com.ar\/sitio\/wp-json\/wp\/v2\/categories?post=45961"},{"taxonomy":"post_tag","embeddable":true,"href":"https:\/\/gentedebasquet.com.ar\/sitio\/wp-json\/wp\/v2\/tags?post=45961"}],"curies":[{"name":"wp","href":"https:\/\/api.w.org\/{rel}","templated":true}]}}