{"id":46055,"date":"2015-05-29T14:12:50","date_gmt":"2015-05-29T17:12:50","guid":{"rendered":"http:\/\/www.gentedebasquet.com.ar\/?p=46055"},"modified":"2015-05-29T14:12:50","modified_gmt":"2015-05-29T17:12:50","slug":"el-final-four-ira-en-patagones","status":"publish","type":"post","link":"https:\/\/gentedebasquet.com.ar\/sitio\/2015\/05\/29\/el-final-four-ira-en-patagones\/","title":{"rendered":"El Final Four ir\u00e1 en Patagones"},"content":{"rendered":"<p><strong>Mediante una licitaci\u00f3n que hicieron los clubes, se defini\u00f3 en la oficinas de la CABB que el Club Atenas de Carmen de Patagones ser\u00e1 la sede para realizar el Final Four de la temporada 2014-2015 del Torneo Federal de B\u00e1squetbol. Se disputar\u00e1 entre el viernes 5 y s\u00e1bado 6 de junio.<\/strong><\/p>\n<p>Qued\u00f3 definido que el Club Atenas de Patagones ser\u00e1 quien albergue el Final Four para definir el campe\u00f3n del Torneo Federal.<\/p>\n<p>Participar\u00e1n los cuatro ganadores de las finales regionales y ascendidos al TNA 2015-2016: Atenas, Hind\u00fa Club de Resistencia (Chaco), Parque Sur de Concepci\u00f3n del Uruguay (Entre R\u00edos) y Olimpo, buscando definir el campe\u00f3n de la temporada del TFB.<\/p>\n<p>Las semifinales ser\u00e1n: Atenas vs Parque Sur y Olimpo vs Hind\u00fa Club.<\/p>\n<p><a href=\"http:\/\/www.gentedebasquet.com.ar\/wp-content\/uploads\/2015\/05\/Acta-f4.jpg\"><img decoding=\"async\" class=\"aligncenter size-full wp-image-46059\" alt=\"Acta f4\" src=\"http:\/\/www.gentedebasquet.com.ar\/wp-content\/uploads\/2015\/05\/Acta-f4.jpg\" width=\"599\" height=\"781\" srcset=\"https:\/\/gentedebasquet.com.ar\/sitio\/wp-content\/uploads\/2015\/05\/Acta-f4.jpg 599w, https:\/\/gentedebasquet.com.ar\/sitio\/wp-content\/uploads\/2015\/05\/Acta-f4-230x300.jpg 230w\" sizes=\"(max-width: 599px) 100vw, 599px\" \/><\/a><\/p>\n<p><strong>Foto:<\/strong> gentileza Eugenio Andr\u00e9s (Prensa Olimpo Basket).<\/p>\n","protected":false},"excerpt":{"rendered":"<p>Olimpo jugar\u00e1 su semifinal el viernes 5 de junio ante Hind\u00fa Club de Resistencia<\/p>\n","protected":false},"author":1,"featured_media":46056,"comment_status":"closed","ping_status":"open","sticky":false,"template":"","format":"standard","meta":{"jnews-multi-image_gallery":[],"jnews_single_post":[],"jnews_primary_category":[],"footnotes":""},"categories":[36,39,101],"tags":[85,700,701,16,702,354],"class_list":["post-46055","post","type-post","status-publish","format-standard","has-post-thumbnail","hentry","category-federal","category-nacional","category-slide","tag-atenas-patagones","tag-final-four","tag-hindu-club","tag-olimpo","tag-parque-sur","tag-tfb"],"yoast_head":"<!-- This site is optimized with the Yoast SEO plugin v27.5 - https:\/\/yoast.com\/product\/yoast-seo-wordpress\/ -->\n<title>El Final Four ir\u00e1 en Patagones - Gente de B\u00e1squet<\/title>\n<meta name=\"robots\" content=\"index, follow, max-snippet:-1, max-image-preview:large, max-video-preview:-1\" \/>\n<link rel=\"canonical\" href=\"http:\/\/gentedebasquet.com.ar\/sitio\/2015\/05\/29\/el-final-four-ira-en-patagones\/\" \/>\n<meta property=\"og:locale\" content=\"es_ES\" \/>\n<meta property=\"og:type\" content=\"article\" \/>\n<meta property=\"og:title\" content=\"El Final Four ir\u00e1 en Patagones - Gente de B\u00e1squet\" \/>\n<meta property=\"og:description\" content=\"Olimpo jugar\u00e1 su semifinal el viernes 5 de junio ante Hind\u00fa Club de Resistencia\" \/>\n<meta property=\"og:url\" content=\"http:\/\/gentedebasquet.com.ar\/sitio\/2015\/05\/29\/el-final-four-ira-en-patagones\/\" \/>\n<meta property=\"og:site_name\" content=\"Gente de B\u00e1squet\" \/>\n<meta property=\"article:published_time\" content=\"2015-05-29T17:12:50+00:00\" \/>\n<meta property=\"og:image\" content=\"http:\/\/gentedebasquet.com.ar\/sitio\/wp-content\/uploads\/2015\/05\/Olimpo-Atenas-Patagones-TFB-Final-Four.jpg\" \/>\n\t<meta property=\"og:image:width\" content=\"690\" \/>\n\t<meta property=\"og:image:height\" content=\"318\" \/>\n\t<meta property=\"og:image:type\" content=\"image\/jpeg\" \/>\n<meta name=\"author\" content=\"Gente de B\u00e1squet\" \/>\n<meta name=\"twitter:card\" content=\"summary_large_image\" \/>\n<meta name=\"twitter:label1\" content=\"Escrito por\" \/>\n\t<meta name=\"twitter:data1\" content=\"Gente de B\u00e1squet\" \/>\n\t<meta name=\"twitter:label2\" content=\"Tiempo de lectura\" \/>\n\t<meta name=\"twitter:data2\" content=\"1 minuto\" \/>\n<script type=\"application\/ld+json\" class=\"yoast-schema-graph\">{\"@context\":\"https:\\\/\\\/schema.org\",\"@graph\":[{\"@type\":\"Article\",\"@id\":\"http:\\\/\\\/gentedebasquet.com.ar\\\/sitio\\\/2015\\\/05\\\/29\\\/el-final-four-ira-en-patagones\\\/#article\",\"isPartOf\":{\"@id\":\"http:\\\/\\\/gentedebasquet.com.ar\\\/sitio\\\/2015\\\/05\\\/29\\\/el-final-four-ira-en-patagones\\\/\"},\"author\":{\"name\":\"Gente de B\u00e1squet\",\"@id\":\"https:\\\/\\\/gentedebasquet.com.ar\\\/sitio\\\/#\\\/schema\\\/person\\\/ca0b63bbb977369988a7bbbdc519943a\"},\"headline\":\"El Final Four ir\u00e1 en Patagones\",\"datePublished\":\"2015-05-29T17:12:50+00:00\",\"mainEntityOfPage\":{\"@id\":\"http:\\\/\\\/gentedebasquet.com.ar\\\/sitio\\\/2015\\\/05\\\/29\\\/el-final-four-ira-en-patagones\\\/\"},\"wordCount\":143,\"image\":{\"@id\":\"http:\\\/\\\/gentedebasquet.com.ar\\\/sitio\\\/2015\\\/05\\\/29\\\/el-final-four-ira-en-patagones\\\/#primaryimage\"},\"thumbnailUrl\":\"https:\\\/\\\/gentedebasquet.com.ar\\\/sitio\\\/wp-content\\\/uploads\\\/2015\\\/05\\\/Olimpo-Atenas-Patagones-TFB-Final-Four.jpg\",\"keywords\":[\"Atenas Patagones\",\"Final Four\",\"Hind\u00fa Club\",\"Ol\u00edmpo\",\"Parque Sur\",\"TFB\"],\"articleSection\":[\"Federal\",\"Nacional\",\"Slide\"],\"inLanguage\":\"es\"},{\"@type\":\"WebPage\",\"@id\":\"http:\\\/\\\/gentedebasquet.com.ar\\\/sitio\\\/2015\\\/05\\\/29\\\/el-final-four-ira-en-patagones\\\/\",\"url\":\"http:\\\/\\\/gentedebasquet.com.ar\\\/sitio\\\/2015\\\/05\\\/29\\\/el-final-four-ira-en-patagones\\\/\",\"name\":\"El Final Four ir\u00e1 en Patagones - Gente de B\u00e1squet\",\"isPartOf\":{\"@id\":\"https:\\\/\\\/gentedebasquet.com.ar\\\/sitio\\\/#website\"},\"primaryImageOfPage\":{\"@id\":\"http:\\\/\\\/gentedebasquet.com.ar\\\/sitio\\\/2015\\\/05\\\/29\\\/el-final-four-ira-en-patagones\\\/#primaryimage\"},\"image\":{\"@id\":\"http:\\\/\\\/gentedebasquet.com.ar\\\/sitio\\\/2015\\\/05\\\/29\\\/el-final-four-ira-en-patagones\\\/#primaryimage\"},\"thumbnailUrl\":\"https:\\\/\\\/gentedebasquet.com.ar\\\/sitio\\\/wp-content\\\/uploads\\\/2015\\\/05\\\/Olimpo-Atenas-Patagones-TFB-Final-Four.jpg\",\"datePublished\":\"2015-05-29T17:12:50+00:00\",\"author\":{\"@id\":\"https:\\\/\\\/gentedebasquet.com.ar\\\/sitio\\\/#\\\/schema\\\/person\\\/ca0b63bbb977369988a7bbbdc519943a\"},\"breadcrumb\":{\"@id\":\"http:\\\/\\\/gentedebasquet.com.ar\\\/sitio\\\/2015\\\/05\\\/29\\\/el-final-four-ira-en-patagones\\\/#breadcrumb\"},\"inLanguage\":\"es\",\"potentialAction\":[{\"@type\":\"ReadAction\",\"target\":[\"http:\\\/\\\/gentedebasquet.com.ar\\\/sitio\\\/2015\\\/05\\\/29\\\/el-final-four-ira-en-patagones\\\/\"]}]},{\"@type\":\"ImageObject\",\"inLanguage\":\"es\",\"@id\":\"http:\\\/\\\/gentedebasquet.com.ar\\\/sitio\\\/2015\\\/05\\\/29\\\/el-final-four-ira-en-patagones\\\/#primaryimage\",\"url\":\"https:\\\/\\\/gentedebasquet.com.ar\\\/sitio\\\/wp-content\\\/uploads\\\/2015\\\/05\\\/Olimpo-Atenas-Patagones-TFB-Final-Four.jpg\",\"contentUrl\":\"https:\\\/\\\/gentedebasquet.com.ar\\\/sitio\\\/wp-content\\\/uploads\\\/2015\\\/05\\\/Olimpo-Atenas-Patagones-TFB-Final-Four.jpg\",\"width\":690,\"height\":318},{\"@type\":\"BreadcrumbList\",\"@id\":\"http:\\\/\\\/gentedebasquet.com.ar\\\/sitio\\\/2015\\\/05\\\/29\\\/el-final-four-ira-en-patagones\\\/#breadcrumb\",\"itemListElement\":[{\"@type\":\"ListItem\",\"position\":1,\"name\":\"Portada\",\"item\":\"https:\\\/\\\/gentedebasquet.com.ar\\\/sitio\\\/\"},{\"@type\":\"ListItem\",\"position\":2,\"name\":\"El Final Four ir\u00e1 en Patagones\"}]},{\"@type\":\"WebSite\",\"@id\":\"https:\\\/\\\/gentedebasquet.com.ar\\\/sitio\\\/#website\",\"url\":\"https:\\\/\\\/gentedebasquet.com.ar\\\/sitio\\\/\",\"name\":\"Gente de B\u00e1squet\",\"description\":\"La revista del basquet de Bah\u00eda Blanca\",\"potentialAction\":[{\"@type\":\"SearchAction\",\"target\":{\"@type\":\"EntryPoint\",\"urlTemplate\":\"https:\\\/\\\/gentedebasquet.com.ar\\\/sitio\\\/?s={search_term_string}\"},\"query-input\":{\"@type\":\"PropertyValueSpecification\",\"valueRequired\":true,\"valueName\":\"search_term_string\"}}],\"inLanguage\":\"es\"},{\"@type\":\"Person\",\"@id\":\"https:\\\/\\\/gentedebasquet.com.ar\\\/sitio\\\/#\\\/schema\\\/person\\\/ca0b63bbb977369988a7bbbdc519943a\",\"name\":\"Gente de B\u00e1squet\",\"image\":{\"@type\":\"ImageObject\",\"inLanguage\":\"es\",\"@id\":\"https:\\\/\\\/secure.gravatar.com\\\/avatar\\\/7f2c48bdc33b30088f941fb6082e555f2874c98e20cb159d7b92b50eadfce793?s=96&d=mm&r=g\",\"url\":\"https:\\\/\\\/secure.gravatar.com\\\/avatar\\\/7f2c48bdc33b30088f941fb6082e555f2874c98e20cb159d7b92b50eadfce793?s=96&d=mm&r=g\",\"contentUrl\":\"https:\\\/\\\/secure.gravatar.com\\\/avatar\\\/7f2c48bdc33b30088f941fb6082e555f2874c98e20cb159d7b92b50eadfce793?s=96&d=mm&r=g\",\"caption\":\"Gente de B\u00e1squet\"},\"sameAs\":[\"http:\\\/\\\/gentedebasquet.com.ar\\\/sitio\"],\"url\":\"https:\\\/\\\/gentedebasquet.com.ar\\\/sitio\\\/author\\\/ulises\\\/\"}]}<\/script>\n<!-- \/ Yoast SEO plugin. -->","yoast_head_json":{"title":"El Final Four ir\u00e1 en Patagones - Gente de B\u00e1squet","robots":{"index":"index","follow":"follow","max-snippet":"max-snippet:-1","max-image-preview":"max-image-preview:large","max-video-preview":"max-video-preview:-1"},"canonical":"http:\/\/gentedebasquet.com.ar\/sitio\/2015\/05\/29\/el-final-four-ira-en-patagones\/","og_locale":"es_ES","og_type":"article","og_title":"El Final Four ir\u00e1 en Patagones - Gente de B\u00e1squet","og_description":"Olimpo jugar\u00e1 su semifinal el viernes 5 de junio ante Hind\u00fa Club de Resistencia","og_url":"http:\/\/gentedebasquet.com.ar\/sitio\/2015\/05\/29\/el-final-four-ira-en-patagones\/","og_site_name":"Gente de B\u00e1squet","article_published_time":"2015-05-29T17:12:50+00:00","og_image":[{"width":690,"height":318,"url":"http:\/\/gentedebasquet.com.ar\/sitio\/wp-content\/uploads\/2015\/05\/Olimpo-Atenas-Patagones-TFB-Final-Four.jpg","type":"image\/jpeg"}],"author":"Gente de B\u00e1squet","twitter_card":"summary_large_image","twitter_misc":{"Escrito por":"Gente de B\u00e1squet","Tiempo de lectura":"1 minuto"},"schema":{"@context":"https:\/\/schema.org","@graph":[{"@type":"Article","@id":"http:\/\/gentedebasquet.com.ar\/sitio\/2015\/05\/29\/el-final-four-ira-en-patagones\/#article","isPartOf":{"@id":"http:\/\/gentedebasquet.com.ar\/sitio\/2015\/05\/29\/el-final-four-ira-en-patagones\/"},"author":{"name":"Gente de B\u00e1squet","@id":"https:\/\/gentedebasquet.com.ar\/sitio\/#\/schema\/person\/ca0b63bbb977369988a7bbbdc519943a"},"headline":"El Final Four ir\u00e1 en Patagones","datePublished":"2015-05-29T17:12:50+00:00","mainEntityOfPage":{"@id":"http:\/\/gentedebasquet.com.ar\/sitio\/2015\/05\/29\/el-final-four-ira-en-patagones\/"},"wordCount":143,"image":{"@id":"http:\/\/gentedebasquet.com.ar\/sitio\/2015\/05\/29\/el-final-four-ira-en-patagones\/#primaryimage"},"thumbnailUrl":"https:\/\/gentedebasquet.com.ar\/sitio\/wp-content\/uploads\/2015\/05\/Olimpo-Atenas-Patagones-TFB-Final-Four.jpg","keywords":["Atenas Patagones","Final Four","Hind\u00fa Club","Ol\u00edmpo","Parque Sur","TFB"],"articleSection":["Federal","Nacional","Slide"],"inLanguage":"es"},{"@type":"WebPage","@id":"http:\/\/gentedebasquet.com.ar\/sitio\/2015\/05\/29\/el-final-four-ira-en-patagones\/","url":"http:\/\/gentedebasquet.com.ar\/sitio\/2015\/05\/29\/el-final-four-ira-en-patagones\/","name":"El Final Four ir\u00e1 en Patagones - Gente de B\u00e1squet","isPartOf":{"@id":"https:\/\/gentedebasquet.com.ar\/sitio\/#website"},"primaryImageOfPage":{"@id":"http:\/\/gentedebasquet.com.ar\/sitio\/2015\/05\/29\/el-final-four-ira-en-patagones\/#primaryimage"},"image":{"@id":"http:\/\/gentedebasquet.com.ar\/sitio\/2015\/05\/29\/el-final-four-ira-en-patagones\/#primaryimage"},"thumbnailUrl":"https:\/\/gentedebasquet.com.ar\/sitio\/wp-content\/uploads\/2015\/05\/Olimpo-Atenas-Patagones-TFB-Final-Four.jpg","datePublished":"2015-05-29T17:12:50+00:00","author":{"@id":"https:\/\/gentedebasquet.com.ar\/sitio\/#\/schema\/person\/ca0b63bbb977369988a7bbbdc519943a"},"breadcrumb":{"@id":"http:\/\/gentedebasquet.com.ar\/sitio\/2015\/05\/29\/el-final-four-ira-en-patagones\/#breadcrumb"},"inLanguage":"es","potentialAction":[{"@type":"ReadAction","target":["http:\/\/gentedebasquet.com.ar\/sitio\/2015\/05\/29\/el-final-four-ira-en-patagones\/"]}]},{"@type":"ImageObject","inLanguage":"es","@id":"http:\/\/gentedebasquet.com.ar\/sitio\/2015\/05\/29\/el-final-four-ira-en-patagones\/#primaryimage","url":"https:\/\/gentedebasquet.com.ar\/sitio\/wp-content\/uploads\/2015\/05\/Olimpo-Atenas-Patagones-TFB-Final-Four.jpg","contentUrl":"https:\/\/gentedebasquet.com.ar\/sitio\/wp-content\/uploads\/2015\/05\/Olimpo-Atenas-Patagones-TFB-Final-Four.jpg","width":690,"height":318},{"@type":"BreadcrumbList","@id":"http:\/\/gentedebasquet.com.ar\/sitio\/2015\/05\/29\/el-final-four-ira-en-patagones\/#breadcrumb","itemListElement":[{"@type":"ListItem","position":1,"name":"Portada","item":"https:\/\/gentedebasquet.com.ar\/sitio\/"},{"@type":"ListItem","position":2,"name":"El Final Four ir\u00e1 en Patagones"}]},{"@type":"WebSite","@id":"https:\/\/gentedebasquet.com.ar\/sitio\/#website","url":"https:\/\/gentedebasquet.com.ar\/sitio\/","name":"Gente de B\u00e1squet","description":"La revista del basquet de Bah\u00eda Blanca","potentialAction":[{"@type":"SearchAction","target":{"@type":"EntryPoint","urlTemplate":"https:\/\/gentedebasquet.com.ar\/sitio\/?s={search_term_string}"},"query-input":{"@type":"PropertyValueSpecification","valueRequired":true,"valueName":"search_term_string"}}],"inLanguage":"es"},{"@type":"Person","@id":"https:\/\/gentedebasquet.com.ar\/sitio\/#\/schema\/person\/ca0b63bbb977369988a7bbbdc519943a","name":"Gente de B\u00e1squet","image":{"@type":"ImageObject","inLanguage":"es","@id":"https:\/\/secure.gravatar.com\/avatar\/7f2c48bdc33b30088f941fb6082e555f2874c98e20cb159d7b92b50eadfce793?s=96&d=mm&r=g","url":"https:\/\/secure.gravatar.com\/avatar\/7f2c48bdc33b30088f941fb6082e555f2874c98e20cb159d7b92b50eadfce793?s=96&d=mm&r=g","contentUrl":"https:\/\/secure.gravatar.com\/avatar\/7f2c48bdc33b30088f941fb6082e555f2874c98e20cb159d7b92b50eadfce793?s=96&d=mm&r=g","caption":"Gente de B\u00e1squet"},"sameAs":["http:\/\/gentedebasquet.com.ar\/sitio"],"url":"https:\/\/gentedebasquet.com.ar\/sitio\/author\/ulises\/"}]}},"_links":{"self":[{"href":"https:\/\/gentedebasquet.com.ar\/sitio\/wp-json\/wp\/v2\/posts\/46055","targetHints":{"allow":["GET"]}}],"collection":[{"href":"https:\/\/gentedebasquet.com.ar\/sitio\/wp-json\/wp\/v2\/posts"}],"about":[{"href":"https:\/\/gentedebasquet.com.ar\/sitio\/wp-json\/wp\/v2\/types\/post"}],"author":[{"embeddable":true,"href":"https:\/\/gentedebasquet.com.ar\/sitio\/wp-json\/wp\/v2\/users\/1"}],"replies":[{"embeddable":true,"href":"https:\/\/gentedebasquet.com.ar\/sitio\/wp-json\/wp\/v2\/comments?post=46055"}],"version-history":[{"count":0,"href":"https:\/\/gentedebasquet.com.ar\/sitio\/wp-json\/wp\/v2\/posts\/46055\/revisions"}],"wp:featuredmedia":[{"embeddable":true,"href":"https:\/\/gentedebasquet.com.ar\/sitio\/wp-json\/wp\/v2\/media\/46056"}],"wp:attachment":[{"href":"https:\/\/gentedebasquet.com.ar\/sitio\/wp-json\/wp\/v2\/media?parent=46055"}],"wp:term":[{"taxonomy":"category","embeddable":true,"href":"https:\/\/gentedebasquet.com.ar\/sitio\/wp-json\/wp\/v2\/categories?post=46055"},{"taxonomy":"post_tag","embeddable":true,"href":"https:\/\/gentedebasquet.com.ar\/sitio\/wp-json\/wp\/v2\/tags?post=46055"}],"curies":[{"name":"wp","href":"https:\/\/api.w.org\/{rel}","templated":true}]}}