{"id":46122,"date":"2015-05-29T22:58:44","date_gmt":"2015-05-30T01:58:44","guid":{"rendered":"http:\/\/www.gentedebasquet.com.ar\/?p=46122"},"modified":"2015-05-29T22:58:44","modified_gmt":"2015-05-30T01:58:44","slug":"provincia-se-instalo-en-semis","status":"publish","type":"post","link":"https:\/\/gentedebasquet.com.ar\/sitio\/2015\/05\/29\/provincia-se-instalo-en-semis\/","title":{"rendered":"Provincia se instal\u00f3 en semis"},"content":{"rendered":"<p><strong>Provincia de Buenos Aires sac\u00f3 adelante un duro compromiso, venci\u00f3 a Misiones por <a href=\"http:\/\/www.fibalivestats.com\/matches\/35596\/15\/71\/32\/555uGyw7tmcTg\/\" target=\"_blank\" rel=\"noopener\">84 a 73<\/a> y avanz\u00f3 a las semifinales del Argentino U17. En dicha instancia deber\u00e1 enfrentar, este s\u00e1bado desde las 21, a Tucum\u00e1n, que dej\u00f3 en el camino a Chaco (90-66). Valent\u00edn Bettiga fue el goleador de Provincia (17); mientras que tambi\u00e9n hubo un buen aporte de Joaqu\u00edn S\u00e1nchez (7) y Bruno Pallotti (2). La otra semifinal la protagonizar\u00e1n Santa Fe y C\u00f3rdoba (18.30).\u00a0El certamen, del cual participan 16 selecciones divididas en cuatro zonas, se desarrolla ha<strong>sta el 31 de mayo, en Pergamino, Chivilcoy y Jun\u00edn.<\/strong>\u00a0Provincia fue con la\u00a0<a href=\"http:\/\/www.gentedebasquet.com.ar\/tan-cerca\/\" target=\"_blank\" rel=\"noopener\">base de Chivilcoy<\/a>.\u00a0<\/strong><\/p>\n<p>&nbsp;<\/p>\n<p><strong>FASE CAMPEONATO<\/strong><\/p>\n<p>El primero en meterse en las semis fue Santa Fe, que rem\u00f3 desde atr\u00e1s, pero tuvo temple y convicci\u00f3n para darlo vuelta y derrotar a FeBAMBA por 66 a 61, en el club Comunicaciones (Pergamino), con un brillante cuarto final (lo gan\u00f3 21 a 11). Fern\u00e1ndez, con 14 puntos y seis rebotes fue el m\u00e1s del ganador, no obstante, fue Paz, quien aport\u00f3 un triple decisivo cuando el desenlace estaba abierto y se llev\u00f3 todos los abrazos. Por los porte\u00f1os, que lanzaron un pobre 4-16 desde la l\u00ednea de tres puntos, fue valioso el trabajo de Quercetti, con 13 tantos y otros diez rebotes.<\/p>\n<p>M\u00e1s tarde, y ya en Jun\u00edn, C\u00f3rdoba materializ\u00f3 un triunfo que signific\u00f3 un gran desahogo, ante el combativo Entre R\u00edos, por 69 a 67 en una definici\u00f3n ajustada y muy re\u00f1ida (Lerosse tuvo el empate en el cierre pero la defensa rival forz\u00f3 su penetraci\u00f3n y no termin\u00f3 lanzando a tiempo). Sigue invicto y es gran candidato. Otro que sufri\u00f3 de m\u00e1s fue Buenos Aires, que termin\u00f3 imponiendo su mayor jerarqu\u00eda para superar a Misiones por 84 a 73, en un partido parejo que se resolvi\u00f3 reci\u00e9n en los \u00faltimos minutos. Los bonaerenses tuvieron paciencia en los momentos cruciales y, en base a un goleo bien repartido y una gran defensa en el complemento, pudieron sentenciar la historia y decretar, de esta manera, su clasificaci\u00f3n a las semifinales. Bettiga, con 17 puntos, seis rebotes y cuatro robos fue la figura del ganador, bien respaldado por Spano (16), Ibarra (14) y Pastorino (13). En los misioneros, en tanto, no alcanz\u00f3 el esfuerzo de Pioretti.<\/p>\n<p>Y en el cierre de la jornada, en Pergamino, se concret\u00f3 el gran batacazo de la jornada: Tucum\u00e1n, con una impactante solidez y compromiso colectivo aplast\u00f3 a un desconocido Chaco por 90 a 6. El elenco dirigido por Mart\u00edn Vera domin\u00f3 de principio a fin y jam\u00e1s permiti\u00f3 equivalencias ante un rival confundido y ap\u00e1tico: inicialmente respaldado en una asombrosa efectividad y luego con notable paciencia, criterio y solidez. Chaco, que en los papeles part\u00eda como favorito, qued\u00f3 desconcertado ante semejante manifestaci\u00f3n colectiva. La diferencia final habla por s\u00ed sola: 24 puntos. Ignacio Echeverr\u00eda y el peque\u00f1o Lucas Madero (ovacionado por todo el estadio cuando sali\u00f3 por faltas) resultaron los picos m\u00e1s altos de un plantel parejo en todos sus protagonistas.<\/p>\n<p>Con estos resultados, las semifinales por el t\u00edtulo quedaron compuestas por un lado por Santa Fe y C\u00f3rdoba y por otro por Buenos Aires y Tucum\u00e1n. Ambos juegos se disputar\u00e1n en la sede de Pergamino, a partir de las 18.30.<\/p>\n<p><strong>FASE CAMPEONATO<\/strong><\/p>\n<p>Semifinal por el 5to Puesto<\/p>\n<p>Cancha: Comunicaciones<\/p>\n<p>15.00 hs &#8211; Entre Rios vs Febamba<\/p>\n<p>17.30 hs &#8211; Misiones vs Chaco<\/p>\n<p>Semifinal por el 1er Puesto<\/p>\n<p>Cancha: Argentino de Pergamino<\/p>\n<p>18.30 hs &#8211; Cordoba vs Santa Fe<\/p>\n<p>21.00 hs &#8211; Buenos Aires vs Tucum\u00e1n<\/p>\n<p>&nbsp;<\/p>\n<p><strong>FASE ESTIMULO<\/strong><\/p>\n<p>En el primer partido de los cuartos de final de la Fase Est\u00edmulo del 23\u00b0 Campeonato Argentino Masculino de Selecciones U17, San Juan derrot\u00f3 78-67 a Corrientes y se convirti\u00f3 en el primer semifinalista camino al noveno puesto. Lo de los sanjuaninos fue s\u00f3lido y, desde el 18-13 en su favor al finalizar los 10 minutos iniciales, controlaron el partido y lo ganaron de punta a punta. Ahora, San Juan cruzar\u00e1 en la pr\u00f3xima instancia ante La Pampa. En tanto que Corrientes se medir\u00e1 en la reclasificaci\u00f3n ante Santiago del Estero.<\/p>\n<p>A continuaci\u00f3n, Formosa venci\u00f3 con lo justo a Chubut, por 69-68, en un partido infartante que se resolvi\u00f3 en la \u00faltima pelota. Chubut fue levemente superior en los primeros 30 minutos y parec\u00eda encaminarse a un triunfo. Sin embargo, con un gran cuarto final, Formosa dio vuelta el juego y en un cierre incre\u00edble se qued\u00f3 con la victoria cuando Gustavo Mambr\u00edn tom\u00f3 un rebote ofensivo y lo convirti\u00f3 en dos puntos, con apenas dos segundos por jugar, para marcar el 69-68 final. De esta manera, los formose\u00f1os avanzaron a semifinales de la Fase Est\u00edmulo del Argentino U17. En ese cruce, Formosa se medir\u00e1 con R\u00edo Negro, mientras que en la reclasificaci\u00f3n, Chubut jugar\u00e1 ante Mendoza.<\/p>\n<p>Posteriormente, La Pampa consigui\u00f3 una gran victoria por 62-55 sobre Santiago del Estero y sigue en carrera hacia el noveno puesto. El partido fue cambiante. Santiago domin\u00f3 el primer parcial (19-10), pero los chicos pampeanos respondieron con un gran segundo cuarto (21-10) y tomaron el control del partido gracias a una r\u00e1faga 18-10 en el tercer periodo. En los 10 minutos finales, Santiago luch\u00f3 y redujo la diferencia, pero el esfuerzo no fue suficiente y el triunfo qued\u00f3 para La Pampa. De esta manera, los pampeanos enfrentar\u00e1n a San Juan en semifinales de la Fase Est\u00edmulo del Argentino U17, en tanto que Santiago del Estero se medir\u00e1 ante Corrientes.<\/p>\n<p>Finalmente, en el \u00faltimo juego de los cuartos de final de la Fase Est\u00edmulo del Argentino U17, R\u00edo Negro le gan\u00f3 74-63 a Mendoza en un partidazo. La clave de la victoria rionegrina estuvo en el \u00faltimo cuarto, parcial en el que los dirigidos por Marcelo Y\u00e1\u00f1ez rompieron con la paridad y se impusieron por 24-13 para llevarse el pase a semifinales de esta fase, lo que les permite tener como objetivo el noveno puesto en el torneo. Con este resultado, R\u00edo Negro se medir\u00e1 este s\u00e1bado ante Formosa, en tanto que los pibes mendocinos enfrentar\u00e1n a Chubut.<\/p>\n<p>&nbsp;<\/p>\n<p><strong>FASE EST\u00cdMULO \u0096<\/strong> S\u00e1bado 30 de mayo<\/p>\n<p>Semifinales<\/p>\n<p>9:00 hs \u0096 Formosa vs R\u00edo Negro<\/p>\n<p>11:00 hs \u0096 San Juan vs La Pampa<\/p>\n<p>Reclasificaci\u00f3n<\/p>\n<p>9:00 hs \u0096 Chubut vs Mendoza<\/p>\n<p>11:00 hs \u0096 Santiago del Estero vs Corrientes<\/p>\n<p><strong>Fuente:<\/strong> Diego Garc\u00eda (Prensa CABB).<\/p>\n<p><strong>Foto:<\/strong> La Raz\u00f3n de Chivilcoy.<\/p>\n","protected":false},"excerpt":{"rendered":"<p>Venci\u00f3 a Misiones 84-73 y desde las 21 del s\u00e1bado, enfrentar\u00e1 a Tucum\u00e1n<\/p>\n","protected":false},"author":1,"featured_media":46123,"comment_status":"closed","ping_status":"open","sticky":false,"template":"","format":"standard","meta":{"jnews-multi-image_gallery":[],"jnews_single_post":[],"jnews_primary_category":[],"footnotes":""},"categories":[75,101],"tags":[391,459,533,305,706,375],"class_list":["post-46122","post","type-post","status-publish","format-standard","has-post-thumbnail","hentry","category-provincia","category-slide","tag-argentino-u17","tag-bruno-pallotti","tag-buenos-aires-u17","tag-joaquin-sanchez","tag-misiones","tag-valentin-bettiga"],"yoast_head":"<!-- This site is optimized with the Yoast SEO plugin v27.5 - https:\/\/yoast.com\/product\/yoast-seo-wordpress\/ -->\n<title>Provincia se instal\u00f3 en semis - Gente de B\u00e1squet<\/title>\n<meta name=\"robots\" content=\"index, follow, max-snippet:-1, max-image-preview:large, max-video-preview:-1\" \/>\n<link rel=\"canonical\" href=\"https:\/\/gentedebasquet.com.ar\/sitio\/2015\/05\/29\/provincia-se-instalo-en-semis\/\" \/>\n<meta property=\"og:locale\" content=\"es_ES\" \/>\n<meta property=\"og:type\" content=\"article\" \/>\n<meta property=\"og:title\" content=\"Provincia se instal\u00f3 en semis - Gente de B\u00e1squet\" \/>\n<meta property=\"og:description\" content=\"Venci\u00f3 a Misiones 84-73 y desde las 21 del s\u00e1bado, enfrentar\u00e1 a Tucum\u00e1n\" \/>\n<meta property=\"og:url\" content=\"https:\/\/gentedebasquet.com.ar\/sitio\/2015\/05\/29\/provincia-se-instalo-en-semis\/\" \/>\n<meta property=\"og:site_name\" content=\"Gente de B\u00e1squet\" \/>\n<meta property=\"article:published_time\" content=\"2015-05-30T01:58:44+00:00\" \/>\n<meta property=\"og:image\" content=\"https:\/\/gentedebasquet.com.ar\/sitio\/wp-content\/uploads\/2015\/05\/Buenos-Aires-Misiones-U17.jpg\" \/>\n\t<meta property=\"og:image:width\" content=\"690\" \/>\n\t<meta property=\"og:image:height\" content=\"319\" \/>\n\t<meta property=\"og:image:type\" content=\"image\/jpeg\" \/>\n<meta name=\"author\" content=\"Gente de B\u00e1squet\" \/>\n<meta name=\"twitter:card\" content=\"summary_large_image\" \/>\n<meta name=\"twitter:label1\" content=\"Escrito por\" \/>\n\t<meta name=\"twitter:data1\" content=\"Gente de B\u00e1squet\" \/>\n\t<meta name=\"twitter:label2\" content=\"Tiempo de lectura\" \/>\n\t<meta name=\"twitter:data2\" content=\"5 minutos\" \/>\n<script type=\"application\/ld+json\" class=\"yoast-schema-graph\">{\"@context\":\"https:\\\/\\\/schema.org\",\"@graph\":[{\"@type\":\"Article\",\"@id\":\"https:\\\/\\\/gentedebasquet.com.ar\\\/sitio\\\/2015\\\/05\\\/29\\\/provincia-se-instalo-en-semis\\\/#article\",\"isPartOf\":{\"@id\":\"https:\\\/\\\/gentedebasquet.com.ar\\\/sitio\\\/2015\\\/05\\\/29\\\/provincia-se-instalo-en-semis\\\/\"},\"author\":{\"name\":\"Gente de B\u00e1squet\",\"@id\":\"https:\\\/\\\/gentedebasquet.com.ar\\\/sitio\\\/#\\\/schema\\\/person\\\/ca0b63bbb977369988a7bbbdc519943a\"},\"headline\":\"Provincia se instal\u00f3 en semis\",\"datePublished\":\"2015-05-30T01:58:44+00:00\",\"mainEntityOfPage\":{\"@id\":\"https:\\\/\\\/gentedebasquet.com.ar\\\/sitio\\\/2015\\\/05\\\/29\\\/provincia-se-instalo-en-semis\\\/\"},\"wordCount\":1076,\"image\":{\"@id\":\"https:\\\/\\\/gentedebasquet.com.ar\\\/sitio\\\/2015\\\/05\\\/29\\\/provincia-se-instalo-en-semis\\\/#primaryimage\"},\"thumbnailUrl\":\"https:\\\/\\\/gentedebasquet.com.ar\\\/sitio\\\/wp-content\\\/uploads\\\/2015\\\/05\\\/Buenos-Aires-Misiones-U17.jpg\",\"keywords\":[\"Argentino U17\",\"Bruno Pallotti\",\"Buenos Aires U17\",\"Joaqu\u00edn S\u00e1nchez\",\"Misiones\",\"Valent\u00edn Bettiga\"],\"articleSection\":[\"Provincia\",\"Slide\"],\"inLanguage\":\"es\"},{\"@type\":\"WebPage\",\"@id\":\"https:\\\/\\\/gentedebasquet.com.ar\\\/sitio\\\/2015\\\/05\\\/29\\\/provincia-se-instalo-en-semis\\\/\",\"url\":\"https:\\\/\\\/gentedebasquet.com.ar\\\/sitio\\\/2015\\\/05\\\/29\\\/provincia-se-instalo-en-semis\\\/\",\"name\":\"Provincia se instal\u00f3 en semis - Gente de B\u00e1squet\",\"isPartOf\":{\"@id\":\"https:\\\/\\\/gentedebasquet.com.ar\\\/sitio\\\/#website\"},\"primaryImageOfPage\":{\"@id\":\"https:\\\/\\\/gentedebasquet.com.ar\\\/sitio\\\/2015\\\/05\\\/29\\\/provincia-se-instalo-en-semis\\\/#primaryimage\"},\"image\":{\"@id\":\"https:\\\/\\\/gentedebasquet.com.ar\\\/sitio\\\/2015\\\/05\\\/29\\\/provincia-se-instalo-en-semis\\\/#primaryimage\"},\"thumbnailUrl\":\"https:\\\/\\\/gentedebasquet.com.ar\\\/sitio\\\/wp-content\\\/uploads\\\/2015\\\/05\\\/Buenos-Aires-Misiones-U17.jpg\",\"datePublished\":\"2015-05-30T01:58:44+00:00\",\"author\":{\"@id\":\"https:\\\/\\\/gentedebasquet.com.ar\\\/sitio\\\/#\\\/schema\\\/person\\\/ca0b63bbb977369988a7bbbdc519943a\"},\"breadcrumb\":{\"@id\":\"https:\\\/\\\/gentedebasquet.com.ar\\\/sitio\\\/2015\\\/05\\\/29\\\/provincia-se-instalo-en-semis\\\/#breadcrumb\"},\"inLanguage\":\"es\",\"potentialAction\":[{\"@type\":\"ReadAction\",\"target\":[\"https:\\\/\\\/gentedebasquet.com.ar\\\/sitio\\\/2015\\\/05\\\/29\\\/provincia-se-instalo-en-semis\\\/\"]}]},{\"@type\":\"ImageObject\",\"inLanguage\":\"es\",\"@id\":\"https:\\\/\\\/gentedebasquet.com.ar\\\/sitio\\\/2015\\\/05\\\/29\\\/provincia-se-instalo-en-semis\\\/#primaryimage\",\"url\":\"https:\\\/\\\/gentedebasquet.com.ar\\\/sitio\\\/wp-content\\\/uploads\\\/2015\\\/05\\\/Buenos-Aires-Misiones-U17.jpg\",\"contentUrl\":\"https:\\\/\\\/gentedebasquet.com.ar\\\/sitio\\\/wp-content\\\/uploads\\\/2015\\\/05\\\/Buenos-Aires-Misiones-U17.jpg\",\"width\":690,\"height\":319},{\"@type\":\"BreadcrumbList\",\"@id\":\"https:\\\/\\\/gentedebasquet.com.ar\\\/sitio\\\/2015\\\/05\\\/29\\\/provincia-se-instalo-en-semis\\\/#breadcrumb\",\"itemListElement\":[{\"@type\":\"ListItem\",\"position\":1,\"name\":\"Portada\",\"item\":\"https:\\\/\\\/gentedebasquet.com.ar\\\/sitio\\\/\"},{\"@type\":\"ListItem\",\"position\":2,\"name\":\"Provincia se instal\u00f3 en semis\"}]},{\"@type\":\"WebSite\",\"@id\":\"https:\\\/\\\/gentedebasquet.com.ar\\\/sitio\\\/#website\",\"url\":\"https:\\\/\\\/gentedebasquet.com.ar\\\/sitio\\\/\",\"name\":\"Gente de B\u00e1squet\",\"description\":\"La revista del basquet de Bah\u00eda Blanca\",\"potentialAction\":[{\"@type\":\"SearchAction\",\"target\":{\"@type\":\"EntryPoint\",\"urlTemplate\":\"https:\\\/\\\/gentedebasquet.com.ar\\\/sitio\\\/?s={search_term_string}\"},\"query-input\":{\"@type\":\"PropertyValueSpecification\",\"valueRequired\":true,\"valueName\":\"search_term_string\"}}],\"inLanguage\":\"es\"},{\"@type\":\"Person\",\"@id\":\"https:\\\/\\\/gentedebasquet.com.ar\\\/sitio\\\/#\\\/schema\\\/person\\\/ca0b63bbb977369988a7bbbdc519943a\",\"name\":\"Gente de B\u00e1squet\",\"image\":{\"@type\":\"ImageObject\",\"inLanguage\":\"es\",\"@id\":\"https:\\\/\\\/secure.gravatar.com\\\/avatar\\\/7f2c48bdc33b30088f941fb6082e555f2874c98e20cb159d7b92b50eadfce793?s=96&d=mm&r=g\",\"url\":\"https:\\\/\\\/secure.gravatar.com\\\/avatar\\\/7f2c48bdc33b30088f941fb6082e555f2874c98e20cb159d7b92b50eadfce793?s=96&d=mm&r=g\",\"contentUrl\":\"https:\\\/\\\/secure.gravatar.com\\\/avatar\\\/7f2c48bdc33b30088f941fb6082e555f2874c98e20cb159d7b92b50eadfce793?s=96&d=mm&r=g\",\"caption\":\"Gente de B\u00e1squet\"},\"sameAs\":[\"http:\\\/\\\/gentedebasquet.com.ar\\\/sitio\"],\"url\":\"https:\\\/\\\/gentedebasquet.com.ar\\\/sitio\\\/author\\\/ulises\\\/\"}]}<\/script>\n<!-- \/ Yoast SEO plugin. -->","yoast_head_json":{"title":"Provincia se instal\u00f3 en semis - Gente de B\u00e1squet","robots":{"index":"index","follow":"follow","max-snippet":"max-snippet:-1","max-image-preview":"max-image-preview:large","max-video-preview":"max-video-preview:-1"},"canonical":"https:\/\/gentedebasquet.com.ar\/sitio\/2015\/05\/29\/provincia-se-instalo-en-semis\/","og_locale":"es_ES","og_type":"article","og_title":"Provincia se instal\u00f3 en semis - Gente de B\u00e1squet","og_description":"Venci\u00f3 a Misiones 84-73 y desde las 21 del s\u00e1bado, enfrentar\u00e1 a Tucum\u00e1n","og_url":"https:\/\/gentedebasquet.com.ar\/sitio\/2015\/05\/29\/provincia-se-instalo-en-semis\/","og_site_name":"Gente de B\u00e1squet","article_published_time":"2015-05-30T01:58:44+00:00","og_image":[{"width":690,"height":319,"url":"https:\/\/gentedebasquet.com.ar\/sitio\/wp-content\/uploads\/2015\/05\/Buenos-Aires-Misiones-U17.jpg","type":"image\/jpeg"}],"author":"Gente de B\u00e1squet","twitter_card":"summary_large_image","twitter_misc":{"Escrito por":"Gente de B\u00e1squet","Tiempo de lectura":"5 minutos"},"schema":{"@context":"https:\/\/schema.org","@graph":[{"@type":"Article","@id":"https:\/\/gentedebasquet.com.ar\/sitio\/2015\/05\/29\/provincia-se-instalo-en-semis\/#article","isPartOf":{"@id":"https:\/\/gentedebasquet.com.ar\/sitio\/2015\/05\/29\/provincia-se-instalo-en-semis\/"},"author":{"name":"Gente de B\u00e1squet","@id":"https:\/\/gentedebasquet.com.ar\/sitio\/#\/schema\/person\/ca0b63bbb977369988a7bbbdc519943a"},"headline":"Provincia se instal\u00f3 en semis","datePublished":"2015-05-30T01:58:44+00:00","mainEntityOfPage":{"@id":"https:\/\/gentedebasquet.com.ar\/sitio\/2015\/05\/29\/provincia-se-instalo-en-semis\/"},"wordCount":1076,"image":{"@id":"https:\/\/gentedebasquet.com.ar\/sitio\/2015\/05\/29\/provincia-se-instalo-en-semis\/#primaryimage"},"thumbnailUrl":"https:\/\/gentedebasquet.com.ar\/sitio\/wp-content\/uploads\/2015\/05\/Buenos-Aires-Misiones-U17.jpg","keywords":["Argentino U17","Bruno Pallotti","Buenos Aires U17","Joaqu\u00edn S\u00e1nchez","Misiones","Valent\u00edn Bettiga"],"articleSection":["Provincia","Slide"],"inLanguage":"es"},{"@type":"WebPage","@id":"https:\/\/gentedebasquet.com.ar\/sitio\/2015\/05\/29\/provincia-se-instalo-en-semis\/","url":"https:\/\/gentedebasquet.com.ar\/sitio\/2015\/05\/29\/provincia-se-instalo-en-semis\/","name":"Provincia se instal\u00f3 en semis - Gente de B\u00e1squet","isPartOf":{"@id":"https:\/\/gentedebasquet.com.ar\/sitio\/#website"},"primaryImageOfPage":{"@id":"https:\/\/gentedebasquet.com.ar\/sitio\/2015\/05\/29\/provincia-se-instalo-en-semis\/#primaryimage"},"image":{"@id":"https:\/\/gentedebasquet.com.ar\/sitio\/2015\/05\/29\/provincia-se-instalo-en-semis\/#primaryimage"},"thumbnailUrl":"https:\/\/gentedebasquet.com.ar\/sitio\/wp-content\/uploads\/2015\/05\/Buenos-Aires-Misiones-U17.jpg","datePublished":"2015-05-30T01:58:44+00:00","author":{"@id":"https:\/\/gentedebasquet.com.ar\/sitio\/#\/schema\/person\/ca0b63bbb977369988a7bbbdc519943a"},"breadcrumb":{"@id":"https:\/\/gentedebasquet.com.ar\/sitio\/2015\/05\/29\/provincia-se-instalo-en-semis\/#breadcrumb"},"inLanguage":"es","potentialAction":[{"@type":"ReadAction","target":["https:\/\/gentedebasquet.com.ar\/sitio\/2015\/05\/29\/provincia-se-instalo-en-semis\/"]}]},{"@type":"ImageObject","inLanguage":"es","@id":"https:\/\/gentedebasquet.com.ar\/sitio\/2015\/05\/29\/provincia-se-instalo-en-semis\/#primaryimage","url":"https:\/\/gentedebasquet.com.ar\/sitio\/wp-content\/uploads\/2015\/05\/Buenos-Aires-Misiones-U17.jpg","contentUrl":"https:\/\/gentedebasquet.com.ar\/sitio\/wp-content\/uploads\/2015\/05\/Buenos-Aires-Misiones-U17.jpg","width":690,"height":319},{"@type":"BreadcrumbList","@id":"https:\/\/gentedebasquet.com.ar\/sitio\/2015\/05\/29\/provincia-se-instalo-en-semis\/#breadcrumb","itemListElement":[{"@type":"ListItem","position":1,"name":"Portada","item":"https:\/\/gentedebasquet.com.ar\/sitio\/"},{"@type":"ListItem","position":2,"name":"Provincia se instal\u00f3 en semis"}]},{"@type":"WebSite","@id":"https:\/\/gentedebasquet.com.ar\/sitio\/#website","url":"https:\/\/gentedebasquet.com.ar\/sitio\/","name":"Gente de B\u00e1squet","description":"La revista del basquet de Bah\u00eda Blanca","potentialAction":[{"@type":"SearchAction","target":{"@type":"EntryPoint","urlTemplate":"https:\/\/gentedebasquet.com.ar\/sitio\/?s={search_term_string}"},"query-input":{"@type":"PropertyValueSpecification","valueRequired":true,"valueName":"search_term_string"}}],"inLanguage":"es"},{"@type":"Person","@id":"https:\/\/gentedebasquet.com.ar\/sitio\/#\/schema\/person\/ca0b63bbb977369988a7bbbdc519943a","name":"Gente de B\u00e1squet","image":{"@type":"ImageObject","inLanguage":"es","@id":"https:\/\/secure.gravatar.com\/avatar\/7f2c48bdc33b30088f941fb6082e555f2874c98e20cb159d7b92b50eadfce793?s=96&d=mm&r=g","url":"https:\/\/secure.gravatar.com\/avatar\/7f2c48bdc33b30088f941fb6082e555f2874c98e20cb159d7b92b50eadfce793?s=96&d=mm&r=g","contentUrl":"https:\/\/secure.gravatar.com\/avatar\/7f2c48bdc33b30088f941fb6082e555f2874c98e20cb159d7b92b50eadfce793?s=96&d=mm&r=g","caption":"Gente de B\u00e1squet"},"sameAs":["http:\/\/gentedebasquet.com.ar\/sitio"],"url":"https:\/\/gentedebasquet.com.ar\/sitio\/author\/ulises\/"}]}},"_links":{"self":[{"href":"https:\/\/gentedebasquet.com.ar\/sitio\/wp-json\/wp\/v2\/posts\/46122","targetHints":{"allow":["GET"]}}],"collection":[{"href":"https:\/\/gentedebasquet.com.ar\/sitio\/wp-json\/wp\/v2\/posts"}],"about":[{"href":"https:\/\/gentedebasquet.com.ar\/sitio\/wp-json\/wp\/v2\/types\/post"}],"author":[{"embeddable":true,"href":"https:\/\/gentedebasquet.com.ar\/sitio\/wp-json\/wp\/v2\/users\/1"}],"replies":[{"embeddable":true,"href":"https:\/\/gentedebasquet.com.ar\/sitio\/wp-json\/wp\/v2\/comments?post=46122"}],"version-history":[{"count":0,"href":"https:\/\/gentedebasquet.com.ar\/sitio\/wp-json\/wp\/v2\/posts\/46122\/revisions"}],"wp:featuredmedia":[{"embeddable":true,"href":"https:\/\/gentedebasquet.com.ar\/sitio\/wp-json\/wp\/v2\/media\/46123"}],"wp:attachment":[{"href":"https:\/\/gentedebasquet.com.ar\/sitio\/wp-json\/wp\/v2\/media?parent=46122"}],"wp:term":[{"taxonomy":"category","embeddable":true,"href":"https:\/\/gentedebasquet.com.ar\/sitio\/wp-json\/wp\/v2\/categories?post=46122"},{"taxonomy":"post_tag","embeddable":true,"href":"https:\/\/gentedebasquet.com.ar\/sitio\/wp-json\/wp\/v2\/tags?post=46122"}],"curies":[{"name":"wp","href":"https:\/\/api.w.org\/{rel}","templated":true}]}}