{"id":46162,"date":"2015-05-31T21:15:08","date_gmt":"2015-06-01T00:15:08","guid":{"rendered":"http:\/\/www.gentedebasquet.com.ar\/?p=46162"},"modified":"2015-05-31T21:15:08","modified_gmt":"2015-06-01T00:15:08","slug":"el-grito-de-una-una-provincia","status":"publish","type":"post","link":"https:\/\/gentedebasquet.com.ar\/sitio\/2015\/05\/31\/el-grito-de-una-una-provincia\/","title":{"rendered":"El grito de una una Provincia"},"content":{"rendered":"<p><strong>Buenos Aires fue s\u00f3lido de principio a fin, tuvo paciencia y criterio en los momentos definitivos y se llev\u00f3 un enorme triunfo ante C\u00f3rdoba por <a href=\"http:\/\/www.fibalivestats.com\/matches\/35596\/15\/72\/70\/32vC7lzUI\/\" target=\"_blank\" rel=\"noopener\">72 a 61<\/a> para quedarse con el t\u00edtulo del Argentino U17, disputado en Pergamino y Jun\u00edn. El equipo de Oscar Chac\u00f3n (base de Chivilcoy), en silencio, cerr\u00f3 invicto y con un destacable compromiso colectivo le puso el mo\u00f1o a un certamen perfecto desde los resultados. Bruno Pallotti (14), Valent\u00edn Bettiga (13) y Joaqu\u00edn S\u00e1nchez (2) hicieron un buen aporte para el campe\u00f3n.<\/strong><\/p>\n<p>El arranque fue todo de los bonaerenses, que entraron enfocados y muy intensos atr\u00e1s, con un Bettiga decisivo atr\u00e1s (sobre Vaulet) y efectivo adelante (seis puntos en el primer cuarto). Pero esa ventaja inicial no la pudo disfrutar demasiado, porque lentamente su rival le emparej\u00f3 la historia y encontr\u00f3 variantes m\u00e1s all\u00e1 de su figura, que igual dio la cara, como siempre, en otros apartados (cinco rebotes y dos asistencias al PT). As\u00ed fueron gol a gol hasta el descanso. Con Mare por un lado (12) y Amichetti y Pallotti, por el otro. Sin efectividad externa, pero con una actitud digna de la instancia.<\/p>\n<p>Ya en el complemento el encuentro gan\u00f3 en intensidad pero perdi\u00f3 lucimiento. Como si ambas federaciones hubieran asumido la importancia del partido. C\u00f3rdoba resumi\u00f3 sus ofensivas a la inspiraci\u00f3n de Vaulet y Buenos Aires forz\u00f3 de su juego en transici\u00f3n y los lanzamientos externos. Y entonces apareci\u00f3 Bettiga, quien tom\u00f3 las riendas del local, absorbi\u00f3 la presi\u00f3n y permiti\u00f3 que su equipo sacara una m\u00e1xima de ocho a falta de 6\u201917\u2019\u2019 (58 a 50).<\/p>\n<p>A los cordobeses les afect\u00f3 ese golpe. Sintieron el desgaste, padecieron la falta de efectividad y se derrumbaron desde lo an\u00edmico. La m\u00e1xima se estir\u00f3 a 13, cuando quedaban cuatro minutos y luego de un doble del muy consistente Ibarra (concluy\u00f3 con 16 tantos y diez rebotes), el quiebre pareci\u00f3 definitivo. De hecho lo fue porque C\u00f3rdoba jam\u00e1s logr\u00f3 recuperarse y termin\u00f3 tirando la toalla, a pesar del notable esfuerzo de su plantel.<\/p>\n<p>La serenidad de Pallotti en el cierre tambi\u00e9n empuj\u00f3 a ese desenlace. Buenos Aires es campe\u00f3n U17. Dos semanas despu\u00e9s de haberse consagrado tambi\u00e9n en la categor\u00eda U15. Como para no festejarlo\u2026<\/p>\n<figure id=\"attachment_46170\" aria-describedby=\"caption-attachment-46170\" style=\"width: 640px\" class=\"wp-caption aligncenter\"><a href=\"http:\/\/www.gentedebasquet.com.ar\/wp-content\/uploads\/2015\/05\/Bettiga-S\u00e1nchez-Pallotti.jpg\"><img decoding=\"async\" class=\"size-full wp-image-46170\" alt=\"Bettiga, Pallotti y S\u00e1nchez celebran el t\u00edtulo\" src=\"http:\/\/www.gentedebasquet.com.ar\/wp-content\/uploads\/2015\/05\/Bettiga-S\u00e1nchez-Pallotti.jpg\" width=\"640\" height=\"480\" \/><\/a><figcaption id=\"caption-attachment-46170\" class=\"wp-caption-text\">Bettiga, Pallotti y S\u00e1nchez celebran el t\u00edtulo (Foto: gentileza Laura Reiner).<\/figcaption><\/figure>\n<p><strong>Fuente:<\/strong>\u00a0Germ\u00e1n Beder (Prensa CABB).<\/p>\n<p><strong>Foto:<\/strong> Prensa CABB.<\/p>\n","protected":false},"excerpt":{"rendered":"<p>Los U17 ganaron el Argentino al vencer en la final a C\u00f3rdoba por 72 a 61<\/p>\n","protected":false},"author":1,"featured_media":46163,"comment_status":"closed","ping_status":"open","sticky":false,"template":"","format":"standard","meta":{"jnews-multi-image_gallery":[],"jnews_single_post":[],"jnews_primary_category":[],"footnotes":""},"categories":[101],"tags":[391,459,533,305,375],"class_list":["post-46162","post","type-post","status-publish","format-standard","has-post-thumbnail","hentry","category-slide","tag-argentino-u17","tag-bruno-pallotti","tag-buenos-aires-u17","tag-joaquin-sanchez","tag-valentin-bettiga"],"yoast_head":"<!-- This site is optimized with the Yoast SEO plugin v27.5 - https:\/\/yoast.com\/product\/yoast-seo-wordpress\/ -->\n<title>El grito de una una Provincia - Gente de B\u00e1squet<\/title>\n<meta name=\"robots\" content=\"index, follow, max-snippet:-1, max-image-preview:large, max-video-preview:-1\" \/>\n<link rel=\"canonical\" href=\"https:\/\/gentedebasquet.com.ar\/sitio\/2015\/05\/31\/el-grito-de-una-una-provincia\/\" \/>\n<meta property=\"og:locale\" content=\"es_ES\" \/>\n<meta property=\"og:type\" content=\"article\" \/>\n<meta property=\"og:title\" content=\"El grito de una una Provincia - Gente de B\u00e1squet\" \/>\n<meta property=\"og:description\" content=\"Los U17 ganaron el Argentino al vencer en la final a C\u00f3rdoba por 72 a 61\" \/>\n<meta property=\"og:url\" content=\"https:\/\/gentedebasquet.com.ar\/sitio\/2015\/05\/31\/el-grito-de-una-una-provincia\/\" \/>\n<meta property=\"og:site_name\" content=\"Gente de B\u00e1squet\" \/>\n<meta property=\"article:published_time\" content=\"2015-06-01T00:15:08+00:00\" \/>\n<meta property=\"og:image\" content=\"https:\/\/gentedebasquet.com.ar\/sitio\/wp-content\/uploads\/2015\/05\/11327791_919527314755076_1640563751_n.jpg\" \/>\n\t<meta property=\"og:image:width\" content=\"690\" \/>\n\t<meta property=\"og:image:height\" content=\"319\" \/>\n\t<meta property=\"og:image:type\" content=\"image\/jpeg\" \/>\n<meta name=\"author\" content=\"Gente de B\u00e1squet\" \/>\n<meta name=\"twitter:card\" content=\"summary_large_image\" \/>\n<meta name=\"twitter:label1\" content=\"Escrito por\" \/>\n\t<meta name=\"twitter:data1\" content=\"Gente de B\u00e1squet\" \/>\n\t<meta name=\"twitter:label2\" content=\"Tiempo de lectura\" \/>\n\t<meta name=\"twitter:data2\" content=\"2 minutos\" \/>\n<script type=\"application\/ld+json\" class=\"yoast-schema-graph\">{\"@context\":\"https:\\\/\\\/schema.org\",\"@graph\":[{\"@type\":\"Article\",\"@id\":\"https:\\\/\\\/gentedebasquet.com.ar\\\/sitio\\\/2015\\\/05\\\/31\\\/el-grito-de-una-una-provincia\\\/#article\",\"isPartOf\":{\"@id\":\"https:\\\/\\\/gentedebasquet.com.ar\\\/sitio\\\/2015\\\/05\\\/31\\\/el-grito-de-una-una-provincia\\\/\"},\"author\":{\"name\":\"Gente de B\u00e1squet\",\"@id\":\"https:\\\/\\\/gentedebasquet.com.ar\\\/sitio\\\/#\\\/schema\\\/person\\\/ca0b63bbb977369988a7bbbdc519943a\"},\"headline\":\"El grito de una una Provincia\",\"datePublished\":\"2015-06-01T00:15:08+00:00\",\"mainEntityOfPage\":{\"@id\":\"https:\\\/\\\/gentedebasquet.com.ar\\\/sitio\\\/2015\\\/05\\\/31\\\/el-grito-de-una-una-provincia\\\/\"},\"wordCount\":421,\"image\":{\"@id\":\"https:\\\/\\\/gentedebasquet.com.ar\\\/sitio\\\/2015\\\/05\\\/31\\\/el-grito-de-una-una-provincia\\\/#primaryimage\"},\"thumbnailUrl\":\"https:\\\/\\\/gentedebasquet.com.ar\\\/sitio\\\/wp-content\\\/uploads\\\/2015\\\/05\\\/11327791_919527314755076_1640563751_n.jpg\",\"keywords\":[\"Argentino U17\",\"Bruno Pallotti\",\"Buenos Aires U17\",\"Joaqu\u00edn S\u00e1nchez\",\"Valent\u00edn Bettiga\"],\"articleSection\":[\"Slide\"],\"inLanguage\":\"es\"},{\"@type\":\"WebPage\",\"@id\":\"https:\\\/\\\/gentedebasquet.com.ar\\\/sitio\\\/2015\\\/05\\\/31\\\/el-grito-de-una-una-provincia\\\/\",\"url\":\"https:\\\/\\\/gentedebasquet.com.ar\\\/sitio\\\/2015\\\/05\\\/31\\\/el-grito-de-una-una-provincia\\\/\",\"name\":\"El grito de una una Provincia - Gente de B\u00e1squet\",\"isPartOf\":{\"@id\":\"https:\\\/\\\/gentedebasquet.com.ar\\\/sitio\\\/#website\"},\"primaryImageOfPage\":{\"@id\":\"https:\\\/\\\/gentedebasquet.com.ar\\\/sitio\\\/2015\\\/05\\\/31\\\/el-grito-de-una-una-provincia\\\/#primaryimage\"},\"image\":{\"@id\":\"https:\\\/\\\/gentedebasquet.com.ar\\\/sitio\\\/2015\\\/05\\\/31\\\/el-grito-de-una-una-provincia\\\/#primaryimage\"},\"thumbnailUrl\":\"https:\\\/\\\/gentedebasquet.com.ar\\\/sitio\\\/wp-content\\\/uploads\\\/2015\\\/05\\\/11327791_919527314755076_1640563751_n.jpg\",\"datePublished\":\"2015-06-01T00:15:08+00:00\",\"author\":{\"@id\":\"https:\\\/\\\/gentedebasquet.com.ar\\\/sitio\\\/#\\\/schema\\\/person\\\/ca0b63bbb977369988a7bbbdc519943a\"},\"breadcrumb\":{\"@id\":\"https:\\\/\\\/gentedebasquet.com.ar\\\/sitio\\\/2015\\\/05\\\/31\\\/el-grito-de-una-una-provincia\\\/#breadcrumb\"},\"inLanguage\":\"es\",\"potentialAction\":[{\"@type\":\"ReadAction\",\"target\":[\"https:\\\/\\\/gentedebasquet.com.ar\\\/sitio\\\/2015\\\/05\\\/31\\\/el-grito-de-una-una-provincia\\\/\"]}]},{\"@type\":\"ImageObject\",\"inLanguage\":\"es\",\"@id\":\"https:\\\/\\\/gentedebasquet.com.ar\\\/sitio\\\/2015\\\/05\\\/31\\\/el-grito-de-una-una-provincia\\\/#primaryimage\",\"url\":\"https:\\\/\\\/gentedebasquet.com.ar\\\/sitio\\\/wp-content\\\/uploads\\\/2015\\\/05\\\/11327791_919527314755076_1640563751_n.jpg\",\"contentUrl\":\"https:\\\/\\\/gentedebasquet.com.ar\\\/sitio\\\/wp-content\\\/uploads\\\/2015\\\/05\\\/11327791_919527314755076_1640563751_n.jpg\",\"width\":690,\"height\":319},{\"@type\":\"BreadcrumbList\",\"@id\":\"https:\\\/\\\/gentedebasquet.com.ar\\\/sitio\\\/2015\\\/05\\\/31\\\/el-grito-de-una-una-provincia\\\/#breadcrumb\",\"itemListElement\":[{\"@type\":\"ListItem\",\"position\":1,\"name\":\"Portada\",\"item\":\"https:\\\/\\\/gentedebasquet.com.ar\\\/sitio\\\/\"},{\"@type\":\"ListItem\",\"position\":2,\"name\":\"El grito de una una Provincia\"}]},{\"@type\":\"WebSite\",\"@id\":\"https:\\\/\\\/gentedebasquet.com.ar\\\/sitio\\\/#website\",\"url\":\"https:\\\/\\\/gentedebasquet.com.ar\\\/sitio\\\/\",\"name\":\"Gente de B\u00e1squet\",\"description\":\"La revista del basquet de Bah\u00eda Blanca\",\"potentialAction\":[{\"@type\":\"SearchAction\",\"target\":{\"@type\":\"EntryPoint\",\"urlTemplate\":\"https:\\\/\\\/gentedebasquet.com.ar\\\/sitio\\\/?s={search_term_string}\"},\"query-input\":{\"@type\":\"PropertyValueSpecification\",\"valueRequired\":true,\"valueName\":\"search_term_string\"}}],\"inLanguage\":\"es\"},{\"@type\":\"Person\",\"@id\":\"https:\\\/\\\/gentedebasquet.com.ar\\\/sitio\\\/#\\\/schema\\\/person\\\/ca0b63bbb977369988a7bbbdc519943a\",\"name\":\"Gente de B\u00e1squet\",\"image\":{\"@type\":\"ImageObject\",\"inLanguage\":\"es\",\"@id\":\"https:\\\/\\\/secure.gravatar.com\\\/avatar\\\/7f2c48bdc33b30088f941fb6082e555f2874c98e20cb159d7b92b50eadfce793?s=96&d=mm&r=g\",\"url\":\"https:\\\/\\\/secure.gravatar.com\\\/avatar\\\/7f2c48bdc33b30088f941fb6082e555f2874c98e20cb159d7b92b50eadfce793?s=96&d=mm&r=g\",\"contentUrl\":\"https:\\\/\\\/secure.gravatar.com\\\/avatar\\\/7f2c48bdc33b30088f941fb6082e555f2874c98e20cb159d7b92b50eadfce793?s=96&d=mm&r=g\",\"caption\":\"Gente de B\u00e1squet\"},\"sameAs\":[\"http:\\\/\\\/gentedebasquet.com.ar\\\/sitio\"],\"url\":\"https:\\\/\\\/gentedebasquet.com.ar\\\/sitio\\\/author\\\/ulises\\\/\"}]}<\/script>\n<!-- \/ Yoast SEO plugin. -->","yoast_head_json":{"title":"El grito de una una Provincia - Gente de B\u00e1squet","robots":{"index":"index","follow":"follow","max-snippet":"max-snippet:-1","max-image-preview":"max-image-preview:large","max-video-preview":"max-video-preview:-1"},"canonical":"https:\/\/gentedebasquet.com.ar\/sitio\/2015\/05\/31\/el-grito-de-una-una-provincia\/","og_locale":"es_ES","og_type":"article","og_title":"El grito de una una Provincia - Gente de B\u00e1squet","og_description":"Los U17 ganaron el Argentino al vencer en la final a C\u00f3rdoba por 72 a 61","og_url":"https:\/\/gentedebasquet.com.ar\/sitio\/2015\/05\/31\/el-grito-de-una-una-provincia\/","og_site_name":"Gente de B\u00e1squet","article_published_time":"2015-06-01T00:15:08+00:00","og_image":[{"width":690,"height":319,"url":"https:\/\/gentedebasquet.com.ar\/sitio\/wp-content\/uploads\/2015\/05\/11327791_919527314755076_1640563751_n.jpg","type":"image\/jpeg"}],"author":"Gente de B\u00e1squet","twitter_card":"summary_large_image","twitter_misc":{"Escrito por":"Gente de B\u00e1squet","Tiempo de lectura":"2 minutos"},"schema":{"@context":"https:\/\/schema.org","@graph":[{"@type":"Article","@id":"https:\/\/gentedebasquet.com.ar\/sitio\/2015\/05\/31\/el-grito-de-una-una-provincia\/#article","isPartOf":{"@id":"https:\/\/gentedebasquet.com.ar\/sitio\/2015\/05\/31\/el-grito-de-una-una-provincia\/"},"author":{"name":"Gente de B\u00e1squet","@id":"https:\/\/gentedebasquet.com.ar\/sitio\/#\/schema\/person\/ca0b63bbb977369988a7bbbdc519943a"},"headline":"El grito de una una Provincia","datePublished":"2015-06-01T00:15:08+00:00","mainEntityOfPage":{"@id":"https:\/\/gentedebasquet.com.ar\/sitio\/2015\/05\/31\/el-grito-de-una-una-provincia\/"},"wordCount":421,"image":{"@id":"https:\/\/gentedebasquet.com.ar\/sitio\/2015\/05\/31\/el-grito-de-una-una-provincia\/#primaryimage"},"thumbnailUrl":"https:\/\/gentedebasquet.com.ar\/sitio\/wp-content\/uploads\/2015\/05\/11327791_919527314755076_1640563751_n.jpg","keywords":["Argentino U17","Bruno Pallotti","Buenos Aires U17","Joaqu\u00edn S\u00e1nchez","Valent\u00edn Bettiga"],"articleSection":["Slide"],"inLanguage":"es"},{"@type":"WebPage","@id":"https:\/\/gentedebasquet.com.ar\/sitio\/2015\/05\/31\/el-grito-de-una-una-provincia\/","url":"https:\/\/gentedebasquet.com.ar\/sitio\/2015\/05\/31\/el-grito-de-una-una-provincia\/","name":"El grito de una una Provincia - Gente de B\u00e1squet","isPartOf":{"@id":"https:\/\/gentedebasquet.com.ar\/sitio\/#website"},"primaryImageOfPage":{"@id":"https:\/\/gentedebasquet.com.ar\/sitio\/2015\/05\/31\/el-grito-de-una-una-provincia\/#primaryimage"},"image":{"@id":"https:\/\/gentedebasquet.com.ar\/sitio\/2015\/05\/31\/el-grito-de-una-una-provincia\/#primaryimage"},"thumbnailUrl":"https:\/\/gentedebasquet.com.ar\/sitio\/wp-content\/uploads\/2015\/05\/11327791_919527314755076_1640563751_n.jpg","datePublished":"2015-06-01T00:15:08+00:00","author":{"@id":"https:\/\/gentedebasquet.com.ar\/sitio\/#\/schema\/person\/ca0b63bbb977369988a7bbbdc519943a"},"breadcrumb":{"@id":"https:\/\/gentedebasquet.com.ar\/sitio\/2015\/05\/31\/el-grito-de-una-una-provincia\/#breadcrumb"},"inLanguage":"es","potentialAction":[{"@type":"ReadAction","target":["https:\/\/gentedebasquet.com.ar\/sitio\/2015\/05\/31\/el-grito-de-una-una-provincia\/"]}]},{"@type":"ImageObject","inLanguage":"es","@id":"https:\/\/gentedebasquet.com.ar\/sitio\/2015\/05\/31\/el-grito-de-una-una-provincia\/#primaryimage","url":"https:\/\/gentedebasquet.com.ar\/sitio\/wp-content\/uploads\/2015\/05\/11327791_919527314755076_1640563751_n.jpg","contentUrl":"https:\/\/gentedebasquet.com.ar\/sitio\/wp-content\/uploads\/2015\/05\/11327791_919527314755076_1640563751_n.jpg","width":690,"height":319},{"@type":"BreadcrumbList","@id":"https:\/\/gentedebasquet.com.ar\/sitio\/2015\/05\/31\/el-grito-de-una-una-provincia\/#breadcrumb","itemListElement":[{"@type":"ListItem","position":1,"name":"Portada","item":"https:\/\/gentedebasquet.com.ar\/sitio\/"},{"@type":"ListItem","position":2,"name":"El grito de una una Provincia"}]},{"@type":"WebSite","@id":"https:\/\/gentedebasquet.com.ar\/sitio\/#website","url":"https:\/\/gentedebasquet.com.ar\/sitio\/","name":"Gente de B\u00e1squet","description":"La revista del basquet de Bah\u00eda Blanca","potentialAction":[{"@type":"SearchAction","target":{"@type":"EntryPoint","urlTemplate":"https:\/\/gentedebasquet.com.ar\/sitio\/?s={search_term_string}"},"query-input":{"@type":"PropertyValueSpecification","valueRequired":true,"valueName":"search_term_string"}}],"inLanguage":"es"},{"@type":"Person","@id":"https:\/\/gentedebasquet.com.ar\/sitio\/#\/schema\/person\/ca0b63bbb977369988a7bbbdc519943a","name":"Gente de B\u00e1squet","image":{"@type":"ImageObject","inLanguage":"es","@id":"https:\/\/secure.gravatar.com\/avatar\/7f2c48bdc33b30088f941fb6082e555f2874c98e20cb159d7b92b50eadfce793?s=96&d=mm&r=g","url":"https:\/\/secure.gravatar.com\/avatar\/7f2c48bdc33b30088f941fb6082e555f2874c98e20cb159d7b92b50eadfce793?s=96&d=mm&r=g","contentUrl":"https:\/\/secure.gravatar.com\/avatar\/7f2c48bdc33b30088f941fb6082e555f2874c98e20cb159d7b92b50eadfce793?s=96&d=mm&r=g","caption":"Gente de B\u00e1squet"},"sameAs":["http:\/\/gentedebasquet.com.ar\/sitio"],"url":"https:\/\/gentedebasquet.com.ar\/sitio\/author\/ulises\/"}]}},"_links":{"self":[{"href":"https:\/\/gentedebasquet.com.ar\/sitio\/wp-json\/wp\/v2\/posts\/46162","targetHints":{"allow":["GET"]}}],"collection":[{"href":"https:\/\/gentedebasquet.com.ar\/sitio\/wp-json\/wp\/v2\/posts"}],"about":[{"href":"https:\/\/gentedebasquet.com.ar\/sitio\/wp-json\/wp\/v2\/types\/post"}],"author":[{"embeddable":true,"href":"https:\/\/gentedebasquet.com.ar\/sitio\/wp-json\/wp\/v2\/users\/1"}],"replies":[{"embeddable":true,"href":"https:\/\/gentedebasquet.com.ar\/sitio\/wp-json\/wp\/v2\/comments?post=46162"}],"version-history":[{"count":0,"href":"https:\/\/gentedebasquet.com.ar\/sitio\/wp-json\/wp\/v2\/posts\/46162\/revisions"}],"wp:featuredmedia":[{"embeddable":true,"href":"https:\/\/gentedebasquet.com.ar\/sitio\/wp-json\/wp\/v2\/media\/46163"}],"wp:attachment":[{"href":"https:\/\/gentedebasquet.com.ar\/sitio\/wp-json\/wp\/v2\/media?parent=46162"}],"wp:term":[{"taxonomy":"category","embeddable":true,"href":"https:\/\/gentedebasquet.com.ar\/sitio\/wp-json\/wp\/v2\/categories?post=46162"},{"taxonomy":"post_tag","embeddable":true,"href":"https:\/\/gentedebasquet.com.ar\/sitio\/wp-json\/wp\/v2\/tags?post=46162"}],"curies":[{"name":"wp","href":"https:\/\/api.w.org\/{rel}","templated":true}]}}