{"id":46817,"date":"2015-06-16T18:30:55","date_gmt":"2015-06-16T21:30:55","guid":{"rendered":"http:\/\/www.gentedebasquet.com.ar\/?p=46817"},"modified":"2015-06-16T18:30:55","modified_gmt":"2015-06-16T21:30:55","slug":"juany-jasen-se-quedo-sin-ascenso","status":"publish","type":"post","link":"https:\/\/gentedebasquet.com.ar\/sitio\/2015\/06\/16\/juany-jasen-se-quedo-sin-ascenso\/","title":{"rendered":"Juany Jasen se qued\u00f3 sin ascenso"},"content":{"rendered":"<p><strong>La ACB comunic\u00f3 que no se inscribir\u00e1 al Club Baloncesto Tizona SAD (Ford Burgos), ya que no ha cumplimentado toda la documentaci\u00f3n ni abonado las cantidades requeridas para su inscripci\u00f3n. De acuerdo a la normativa de la competici\u00f3n, la plaza ser\u00e1 ofrecida al Gipuzkoa Basket Club, clasificado en 17\u00aa posici\u00f3n en la Liga Endesa 2014-15.<\/strong><\/p>\n<p>La ACB comunica que no se afiliar\u00e1 a la ACB el Club Baloncesto Tizona SAD, al no haber presentado toda la documentaci\u00f3n requerida ni abonado todas las cantidades estipuladas para su inscripci\u00f3n en la competici\u00f3n. El Club Baloncesto Tizona SAD no participar\u00e1 por tanto en la Liga Endesa 2015-16, pese a <a href=\"http:\/\/www.gentedebasquet.com.ar\/titulo-y-ascenso-para-juany-jasen\/\" target=\"_blank\" rel=\"noopener\">haber logrado en la cancha<\/a> el t\u00edtulo en la LEB Oro.<\/p>\n<p>De acuerdo a la normativa ACB, la plaza vacante que deja libre un equipo con plaza de ascenso pasa a ser ofrecida al club que haya obtenido mejor clasificaci\u00f3n deportiva de entre los que ocupen plaza de descenso. Dicho club deber\u00e1 solicitar su afiliaci\u00f3n a la ACB y aportar la documentaci\u00f3n necesaria para ser admitido nuevamente como socio de la ACB.<\/p>\n<p>En consecuencia, la plaza vacante ser\u00e1 ofrecida al Gipuzkoa Basket Club, 17\u00ba clasificado en la Liga Regular 2014-15.<\/p>\n<p><strong>Fuente:\u00a0<\/strong>Comunicaci\u00f3n ACB.<\/p>\n","protected":false},"excerpt":{"rendered":"<p>Por no presentar documentaci\u00f3n y pagos, Ford Burgos no jugar\u00e1 la Liga Endesa<\/p>\n","protected":false},"author":1,"featured_media":46818,"comment_status":"closed","ping_status":"open","sticky":false,"template":"","format":"standard","meta":{"jnews-multi-image_gallery":[],"jnews_single_post":[],"jnews_primary_category":[],"footnotes":""},"categories":[34,101],"tags":[117,365,539,83,540,197],"class_list":["post-46817","post","type-post","status-publish","format-standard","has-post-thumbnail","hentry","category-bahienses-afuera","category-slide","tag-acb","tag-espana","tag-ford-burgos","tag-juan-ignacio-jasen","tag-leb-oro","tag-liga-endesa"],"yoast_head":"<!-- This site is optimized with the Yoast SEO plugin v27.5 - https:\/\/yoast.com\/product\/yoast-seo-wordpress\/ -->\n<title>Juany Jasen se qued\u00f3 sin ascenso - Gente de B\u00e1squet<\/title>\n<meta name=\"robots\" content=\"index, follow, max-snippet:-1, max-image-preview:large, max-video-preview:-1\" \/>\n<link rel=\"canonical\" href=\"http:\/\/gentedebasquet.com.ar\/sitio\/2015\/06\/16\/juany-jasen-se-quedo-sin-ascenso\/\" \/>\n<meta property=\"og:locale\" content=\"es_ES\" \/>\n<meta property=\"og:type\" content=\"article\" \/>\n<meta property=\"og:title\" content=\"Juany Jasen se qued\u00f3 sin ascenso - Gente de B\u00e1squet\" \/>\n<meta property=\"og:description\" content=\"Por no presentar documentaci\u00f3n y pagos, Ford Burgos no jugar\u00e1 la Liga Endesa\" \/>\n<meta property=\"og:url\" content=\"http:\/\/gentedebasquet.com.ar\/sitio\/2015\/06\/16\/juany-jasen-se-quedo-sin-ascenso\/\" \/>\n<meta property=\"og:site_name\" content=\"Gente de B\u00e1squet\" \/>\n<meta property=\"article:published_time\" content=\"2015-06-16T21:30:55+00:00\" \/>\n<meta property=\"og:image\" content=\"http:\/\/gentedebasquet.com.ar\/sitio\/wp-content\/uploads\/2015\/06\/Ford-Burgos-Jasen.jpg\" \/>\n\t<meta property=\"og:image:width\" content=\"690\" \/>\n\t<meta property=\"og:image:height\" content=\"319\" \/>\n\t<meta property=\"og:image:type\" content=\"image\/jpeg\" \/>\n<meta name=\"author\" content=\"Gente de B\u00e1squet\" \/>\n<meta name=\"twitter:card\" content=\"summary_large_image\" \/>\n<meta name=\"twitter:label1\" content=\"Escrito por\" \/>\n\t<meta name=\"twitter:data1\" content=\"Gente de B\u00e1squet\" \/>\n\t<meta name=\"twitter:label2\" content=\"Tiempo de lectura\" \/>\n\t<meta name=\"twitter:data2\" content=\"1 minuto\" \/>\n<script type=\"application\/ld+json\" class=\"yoast-schema-graph\">{\"@context\":\"https:\\\/\\\/schema.org\",\"@graph\":[{\"@type\":\"Article\",\"@id\":\"http:\\\/\\\/gentedebasquet.com.ar\\\/sitio\\\/2015\\\/06\\\/16\\\/juany-jasen-se-quedo-sin-ascenso\\\/#article\",\"isPartOf\":{\"@id\":\"http:\\\/\\\/gentedebasquet.com.ar\\\/sitio\\\/2015\\\/06\\\/16\\\/juany-jasen-se-quedo-sin-ascenso\\\/\"},\"author\":{\"name\":\"Gente de B\u00e1squet\",\"@id\":\"https:\\\/\\\/gentedebasquet.com.ar\\\/sitio\\\/#\\\/schema\\\/person\\\/ca0b63bbb977369988a7bbbdc519943a\"},\"headline\":\"Juany Jasen se qued\u00f3 sin ascenso\",\"datePublished\":\"2015-06-16T21:30:55+00:00\",\"mainEntityOfPage\":{\"@id\":\"http:\\\/\\\/gentedebasquet.com.ar\\\/sitio\\\/2015\\\/06\\\/16\\\/juany-jasen-se-quedo-sin-ascenso\\\/\"},\"wordCount\":215,\"image\":{\"@id\":\"http:\\\/\\\/gentedebasquet.com.ar\\\/sitio\\\/2015\\\/06\\\/16\\\/juany-jasen-se-quedo-sin-ascenso\\\/#primaryimage\"},\"thumbnailUrl\":\"https:\\\/\\\/gentedebasquet.com.ar\\\/sitio\\\/wp-content\\\/uploads\\\/2015\\\/06\\\/Ford-Burgos-Jasen.jpg\",\"keywords\":[\"ACB\",\"Espa\u00f1a\",\"Ford Burgos\",\"Juan Ignacio Jasen\",\"LEB Oro\",\"Liga Endesa\"],\"articleSection\":[\"Bahienses Afuera\",\"Slide\"],\"inLanguage\":\"es\"},{\"@type\":\"WebPage\",\"@id\":\"http:\\\/\\\/gentedebasquet.com.ar\\\/sitio\\\/2015\\\/06\\\/16\\\/juany-jasen-se-quedo-sin-ascenso\\\/\",\"url\":\"http:\\\/\\\/gentedebasquet.com.ar\\\/sitio\\\/2015\\\/06\\\/16\\\/juany-jasen-se-quedo-sin-ascenso\\\/\",\"name\":\"Juany Jasen se qued\u00f3 sin ascenso - Gente de B\u00e1squet\",\"isPartOf\":{\"@id\":\"https:\\\/\\\/gentedebasquet.com.ar\\\/sitio\\\/#website\"},\"primaryImageOfPage\":{\"@id\":\"http:\\\/\\\/gentedebasquet.com.ar\\\/sitio\\\/2015\\\/06\\\/16\\\/juany-jasen-se-quedo-sin-ascenso\\\/#primaryimage\"},\"image\":{\"@id\":\"http:\\\/\\\/gentedebasquet.com.ar\\\/sitio\\\/2015\\\/06\\\/16\\\/juany-jasen-se-quedo-sin-ascenso\\\/#primaryimage\"},\"thumbnailUrl\":\"https:\\\/\\\/gentedebasquet.com.ar\\\/sitio\\\/wp-content\\\/uploads\\\/2015\\\/06\\\/Ford-Burgos-Jasen.jpg\",\"datePublished\":\"2015-06-16T21:30:55+00:00\",\"author\":{\"@id\":\"https:\\\/\\\/gentedebasquet.com.ar\\\/sitio\\\/#\\\/schema\\\/person\\\/ca0b63bbb977369988a7bbbdc519943a\"},\"breadcrumb\":{\"@id\":\"http:\\\/\\\/gentedebasquet.com.ar\\\/sitio\\\/2015\\\/06\\\/16\\\/juany-jasen-se-quedo-sin-ascenso\\\/#breadcrumb\"},\"inLanguage\":\"es\",\"potentialAction\":[{\"@type\":\"ReadAction\",\"target\":[\"http:\\\/\\\/gentedebasquet.com.ar\\\/sitio\\\/2015\\\/06\\\/16\\\/juany-jasen-se-quedo-sin-ascenso\\\/\"]}]},{\"@type\":\"ImageObject\",\"inLanguage\":\"es\",\"@id\":\"http:\\\/\\\/gentedebasquet.com.ar\\\/sitio\\\/2015\\\/06\\\/16\\\/juany-jasen-se-quedo-sin-ascenso\\\/#primaryimage\",\"url\":\"https:\\\/\\\/gentedebasquet.com.ar\\\/sitio\\\/wp-content\\\/uploads\\\/2015\\\/06\\\/Ford-Burgos-Jasen.jpg\",\"contentUrl\":\"https:\\\/\\\/gentedebasquet.com.ar\\\/sitio\\\/wp-content\\\/uploads\\\/2015\\\/06\\\/Ford-Burgos-Jasen.jpg\",\"width\":690,\"height\":319},{\"@type\":\"BreadcrumbList\",\"@id\":\"http:\\\/\\\/gentedebasquet.com.ar\\\/sitio\\\/2015\\\/06\\\/16\\\/juany-jasen-se-quedo-sin-ascenso\\\/#breadcrumb\",\"itemListElement\":[{\"@type\":\"ListItem\",\"position\":1,\"name\":\"Portada\",\"item\":\"https:\\\/\\\/gentedebasquet.com.ar\\\/sitio\\\/\"},{\"@type\":\"ListItem\",\"position\":2,\"name\":\"Juany Jasen se qued\u00f3 sin ascenso\"}]},{\"@type\":\"WebSite\",\"@id\":\"https:\\\/\\\/gentedebasquet.com.ar\\\/sitio\\\/#website\",\"url\":\"https:\\\/\\\/gentedebasquet.com.ar\\\/sitio\\\/\",\"name\":\"Gente de B\u00e1squet\",\"description\":\"La revista del basquet de Bah\u00eda Blanca\",\"potentialAction\":[{\"@type\":\"SearchAction\",\"target\":{\"@type\":\"EntryPoint\",\"urlTemplate\":\"https:\\\/\\\/gentedebasquet.com.ar\\\/sitio\\\/?s={search_term_string}\"},\"query-input\":{\"@type\":\"PropertyValueSpecification\",\"valueRequired\":true,\"valueName\":\"search_term_string\"}}],\"inLanguage\":\"es\"},{\"@type\":\"Person\",\"@id\":\"https:\\\/\\\/gentedebasquet.com.ar\\\/sitio\\\/#\\\/schema\\\/person\\\/ca0b63bbb977369988a7bbbdc519943a\",\"name\":\"Gente de B\u00e1squet\",\"image\":{\"@type\":\"ImageObject\",\"inLanguage\":\"es\",\"@id\":\"https:\\\/\\\/secure.gravatar.com\\\/avatar\\\/7f2c48bdc33b30088f941fb6082e555f2874c98e20cb159d7b92b50eadfce793?s=96&d=mm&r=g\",\"url\":\"https:\\\/\\\/secure.gravatar.com\\\/avatar\\\/7f2c48bdc33b30088f941fb6082e555f2874c98e20cb159d7b92b50eadfce793?s=96&d=mm&r=g\",\"contentUrl\":\"https:\\\/\\\/secure.gravatar.com\\\/avatar\\\/7f2c48bdc33b30088f941fb6082e555f2874c98e20cb159d7b92b50eadfce793?s=96&d=mm&r=g\",\"caption\":\"Gente de B\u00e1squet\"},\"sameAs\":[\"http:\\\/\\\/gentedebasquet.com.ar\\\/sitio\"],\"url\":\"https:\\\/\\\/gentedebasquet.com.ar\\\/sitio\\\/author\\\/ulises\\\/\"}]}<\/script>\n<!-- \/ Yoast SEO plugin. -->","yoast_head_json":{"title":"Juany Jasen se qued\u00f3 sin ascenso - Gente de B\u00e1squet","robots":{"index":"index","follow":"follow","max-snippet":"max-snippet:-1","max-image-preview":"max-image-preview:large","max-video-preview":"max-video-preview:-1"},"canonical":"http:\/\/gentedebasquet.com.ar\/sitio\/2015\/06\/16\/juany-jasen-se-quedo-sin-ascenso\/","og_locale":"es_ES","og_type":"article","og_title":"Juany Jasen se qued\u00f3 sin ascenso - Gente de B\u00e1squet","og_description":"Por no presentar documentaci\u00f3n y pagos, Ford Burgos no jugar\u00e1 la Liga Endesa","og_url":"http:\/\/gentedebasquet.com.ar\/sitio\/2015\/06\/16\/juany-jasen-se-quedo-sin-ascenso\/","og_site_name":"Gente de B\u00e1squet","article_published_time":"2015-06-16T21:30:55+00:00","og_image":[{"width":690,"height":319,"url":"http:\/\/gentedebasquet.com.ar\/sitio\/wp-content\/uploads\/2015\/06\/Ford-Burgos-Jasen.jpg","type":"image\/jpeg"}],"author":"Gente de B\u00e1squet","twitter_card":"summary_large_image","twitter_misc":{"Escrito por":"Gente de B\u00e1squet","Tiempo de lectura":"1 minuto"},"schema":{"@context":"https:\/\/schema.org","@graph":[{"@type":"Article","@id":"http:\/\/gentedebasquet.com.ar\/sitio\/2015\/06\/16\/juany-jasen-se-quedo-sin-ascenso\/#article","isPartOf":{"@id":"http:\/\/gentedebasquet.com.ar\/sitio\/2015\/06\/16\/juany-jasen-se-quedo-sin-ascenso\/"},"author":{"name":"Gente de B\u00e1squet","@id":"https:\/\/gentedebasquet.com.ar\/sitio\/#\/schema\/person\/ca0b63bbb977369988a7bbbdc519943a"},"headline":"Juany Jasen se qued\u00f3 sin ascenso","datePublished":"2015-06-16T21:30:55+00:00","mainEntityOfPage":{"@id":"http:\/\/gentedebasquet.com.ar\/sitio\/2015\/06\/16\/juany-jasen-se-quedo-sin-ascenso\/"},"wordCount":215,"image":{"@id":"http:\/\/gentedebasquet.com.ar\/sitio\/2015\/06\/16\/juany-jasen-se-quedo-sin-ascenso\/#primaryimage"},"thumbnailUrl":"https:\/\/gentedebasquet.com.ar\/sitio\/wp-content\/uploads\/2015\/06\/Ford-Burgos-Jasen.jpg","keywords":["ACB","Espa\u00f1a","Ford Burgos","Juan Ignacio Jasen","LEB Oro","Liga Endesa"],"articleSection":["Bahienses Afuera","Slide"],"inLanguage":"es"},{"@type":"WebPage","@id":"http:\/\/gentedebasquet.com.ar\/sitio\/2015\/06\/16\/juany-jasen-se-quedo-sin-ascenso\/","url":"http:\/\/gentedebasquet.com.ar\/sitio\/2015\/06\/16\/juany-jasen-se-quedo-sin-ascenso\/","name":"Juany Jasen se qued\u00f3 sin ascenso - Gente de B\u00e1squet","isPartOf":{"@id":"https:\/\/gentedebasquet.com.ar\/sitio\/#website"},"primaryImageOfPage":{"@id":"http:\/\/gentedebasquet.com.ar\/sitio\/2015\/06\/16\/juany-jasen-se-quedo-sin-ascenso\/#primaryimage"},"image":{"@id":"http:\/\/gentedebasquet.com.ar\/sitio\/2015\/06\/16\/juany-jasen-se-quedo-sin-ascenso\/#primaryimage"},"thumbnailUrl":"https:\/\/gentedebasquet.com.ar\/sitio\/wp-content\/uploads\/2015\/06\/Ford-Burgos-Jasen.jpg","datePublished":"2015-06-16T21:30:55+00:00","author":{"@id":"https:\/\/gentedebasquet.com.ar\/sitio\/#\/schema\/person\/ca0b63bbb977369988a7bbbdc519943a"},"breadcrumb":{"@id":"http:\/\/gentedebasquet.com.ar\/sitio\/2015\/06\/16\/juany-jasen-se-quedo-sin-ascenso\/#breadcrumb"},"inLanguage":"es","potentialAction":[{"@type":"ReadAction","target":["http:\/\/gentedebasquet.com.ar\/sitio\/2015\/06\/16\/juany-jasen-se-quedo-sin-ascenso\/"]}]},{"@type":"ImageObject","inLanguage":"es","@id":"http:\/\/gentedebasquet.com.ar\/sitio\/2015\/06\/16\/juany-jasen-se-quedo-sin-ascenso\/#primaryimage","url":"https:\/\/gentedebasquet.com.ar\/sitio\/wp-content\/uploads\/2015\/06\/Ford-Burgos-Jasen.jpg","contentUrl":"https:\/\/gentedebasquet.com.ar\/sitio\/wp-content\/uploads\/2015\/06\/Ford-Burgos-Jasen.jpg","width":690,"height":319},{"@type":"BreadcrumbList","@id":"http:\/\/gentedebasquet.com.ar\/sitio\/2015\/06\/16\/juany-jasen-se-quedo-sin-ascenso\/#breadcrumb","itemListElement":[{"@type":"ListItem","position":1,"name":"Portada","item":"https:\/\/gentedebasquet.com.ar\/sitio\/"},{"@type":"ListItem","position":2,"name":"Juany Jasen se qued\u00f3 sin ascenso"}]},{"@type":"WebSite","@id":"https:\/\/gentedebasquet.com.ar\/sitio\/#website","url":"https:\/\/gentedebasquet.com.ar\/sitio\/","name":"Gente de B\u00e1squet","description":"La revista del basquet de Bah\u00eda Blanca","potentialAction":[{"@type":"SearchAction","target":{"@type":"EntryPoint","urlTemplate":"https:\/\/gentedebasquet.com.ar\/sitio\/?s={search_term_string}"},"query-input":{"@type":"PropertyValueSpecification","valueRequired":true,"valueName":"search_term_string"}}],"inLanguage":"es"},{"@type":"Person","@id":"https:\/\/gentedebasquet.com.ar\/sitio\/#\/schema\/person\/ca0b63bbb977369988a7bbbdc519943a","name":"Gente de B\u00e1squet","image":{"@type":"ImageObject","inLanguage":"es","@id":"https:\/\/secure.gravatar.com\/avatar\/7f2c48bdc33b30088f941fb6082e555f2874c98e20cb159d7b92b50eadfce793?s=96&d=mm&r=g","url":"https:\/\/secure.gravatar.com\/avatar\/7f2c48bdc33b30088f941fb6082e555f2874c98e20cb159d7b92b50eadfce793?s=96&d=mm&r=g","contentUrl":"https:\/\/secure.gravatar.com\/avatar\/7f2c48bdc33b30088f941fb6082e555f2874c98e20cb159d7b92b50eadfce793?s=96&d=mm&r=g","caption":"Gente de B\u00e1squet"},"sameAs":["http:\/\/gentedebasquet.com.ar\/sitio"],"url":"https:\/\/gentedebasquet.com.ar\/sitio\/author\/ulises\/"}]}},"_links":{"self":[{"href":"https:\/\/gentedebasquet.com.ar\/sitio\/wp-json\/wp\/v2\/posts\/46817","targetHints":{"allow":["GET"]}}],"collection":[{"href":"https:\/\/gentedebasquet.com.ar\/sitio\/wp-json\/wp\/v2\/posts"}],"about":[{"href":"https:\/\/gentedebasquet.com.ar\/sitio\/wp-json\/wp\/v2\/types\/post"}],"author":[{"embeddable":true,"href":"https:\/\/gentedebasquet.com.ar\/sitio\/wp-json\/wp\/v2\/users\/1"}],"replies":[{"embeddable":true,"href":"https:\/\/gentedebasquet.com.ar\/sitio\/wp-json\/wp\/v2\/comments?post=46817"}],"version-history":[{"count":0,"href":"https:\/\/gentedebasquet.com.ar\/sitio\/wp-json\/wp\/v2\/posts\/46817\/revisions"}],"wp:featuredmedia":[{"embeddable":true,"href":"https:\/\/gentedebasquet.com.ar\/sitio\/wp-json\/wp\/v2\/media\/46818"}],"wp:attachment":[{"href":"https:\/\/gentedebasquet.com.ar\/sitio\/wp-json\/wp\/v2\/media?parent=46817"}],"wp:term":[{"taxonomy":"category","embeddable":true,"href":"https:\/\/gentedebasquet.com.ar\/sitio\/wp-json\/wp\/v2\/categories?post=46817"},{"taxonomy":"post_tag","embeddable":true,"href":"https:\/\/gentedebasquet.com.ar\/sitio\/wp-json\/wp\/v2\/tags?post=46817"}],"curies":[{"name":"wp","href":"https:\/\/api.w.org\/{rel}","templated":true}]}}