{"id":46826,"date":"2015-06-28T15:03:47","date_gmt":"2015-06-28T18:03:47","guid":{"rendered":"http:\/\/www.gentedebasquet.com.ar\/?p=46826"},"modified":"2015-06-28T15:03:47","modified_gmt":"2015-06-28T18:03:47","slug":"sub-14-y-sub-campeon","status":"publish","type":"post","link":"https:\/\/gentedebasquet.com.ar\/sitio\/2015\/06\/28\/sub-14-y-sub-campeon\/","title":{"rendered":"Sub 14 y subcampe\u00f3n"},"content":{"rendered":"<p><strong>Bah\u00eda Blanca realiz\u00f3 una muy buena campa\u00f1a y finaliz\u00f3 el Campeonato Provincial Sub 14 Femenino en la segunda colocaci\u00f3n. Bah\u00eda venci\u00f3 al local Necochea, E. Echeverr\u00eda, Jun\u00edn y Pergamino, y en su \u00faltima presentaci\u00f3n, el equipo de Viviana Albizu cay\u00f3 ante el campe\u00f3n Olavarr\u00eda por 80 a 34. <strong>Repas\u00e1 todos los partidos y el plantel que represent\u00f3 a la Asociaci\u00f3n Bahiense con jugadoras de Estudiantes, Independiente, Barracas Central y 9 de Julio.\u00a0<\/strong><\/strong><\/p>\n<p>&nbsp;<\/p>\n<h6>POSICIONES<\/h6>\n<p>1) Olavarr\u00eda (5-0)<\/p>\n<p><strong>2) Bah\u00eda Blanca (4-1)<\/strong><\/p>\n<p>3) Necochea (3-2)<\/p>\n<p>4) Esteban Echeverr\u00eda (2-3)<\/p>\n<p>5) Jun\u00edn (1-4)<\/p>\n<p>6) Pergamino (0-5)<\/p>\n<p>&nbsp;<\/p>\n<table width=\"100%\" border=\"2\">\n<tbody>\n<tr>\n<td align=\"center\" bgcolor=\"#ffffff\"><span style=\"color: #000000; font-family: tahoma, verdana, arial, helvetica, sans-serif; font-size: small;\"><strong>\u00a0 \u00a0 PROVINCIAL \u00a0\u00a0<\/strong><\/span><\/td>\n<td align=\"center\" bgcolor=\"#ffffff\"><span style=\"color: #000000; font-family: tahoma, verdana, arial, helvetica, sans-serif; font-size: small;\"><strong>U14 &#8211; FEMENINO<\/strong><\/span><\/td>\n<\/tr>\n<\/tbody>\n<\/table>\n<p>&nbsp;<\/p>\n<table width=\"100%\" border=\"2\">\n<tbody>\n<tr>\n<td align=\"center\" bgcolor=\"#095abf\"><span style=\"color: #ffffff; font-family: tahoma, verdana, arial, helvetica, sans-serif; font-size: small;\"><strong>FECHA 1 -Viernes 26\/06\/2015<\/strong><\/span><\/td>\n<\/tr>\n<\/tbody>\n<\/table>\n<table width=\"100%\" border=\"2\">\n<tbody>\n<tr>\n<td align=\"center\" bgcolor=\"#e87006\"><span style=\"color: #000000; font-family: tahoma, verdana, arial, helvetica, sans-serif; font-size: small;\"><strong>HORA \/ SEDE<\/strong><\/span><\/td>\n<td align=\"center\" bgcolor=\"#e87006\"><span style=\"color: #000000; font-family: tahoma, verdana, arial, helvetica, sans-serif; font-size: small;\"><strong>LOCAL<\/strong><\/span><\/td>\n<td align=\"center\" bgcolor=\"#000000\"><span style=\"color: #ffffff; font-family: tahoma, verdana, arial, helvetica, sans-serif; font-size: small;\"><strong>RES<\/strong><\/span><\/td>\n<td align=\"center\" bgcolor=\"#e87006\"><span style=\"color: #000000; font-family: tahoma, verdana, arial, helvetica, sans-serif; font-size: small;\"><strong>VISITANTE<\/strong><\/span><\/td>\n<\/tr>\n<tr>\n<td align=\"center\" bgcolor=\"#dcdcdc\"><span style=\"font-family: tahoma, verdana, arial, helvetica, sans-serif; font-size: small;\">18.00 &#8211; Rivadavia<\/span><\/td>\n<td align=\"center\" bgcolor=\"#dcdcdc\"><span style=\"font-family: tahoma, verdana, arial, helvetica, sans-serif; font-size: small;\">Jun\u00edn<\/span><\/td>\n<td align=\"center\" bgcolor=\"#dcdcdc\"><span style=\"font-family: tahoma, verdana, arial, helvetica, sans-serif; font-size: small;\">37-62<\/span><\/td>\n<td align=\"center\" bgcolor=\"#dcdcdc\"><span style=\"font-family: tahoma, verdana, arial, helvetica, sans-serif; font-size: small;\">E. Echeverr\u00eda<\/span><\/td>\n<\/tr>\n<tr>\n<td align=\"center\" bgcolor=\"#eeeeee\"><span style=\"font-family: tahoma, verdana, arial, helvetica, sans-serif; font-size: small;\">18.00 &#8211; Hurac\u00e1n<\/span><\/td>\n<td align=\"center\" bgcolor=\"#eeeeee\"><span style=\"font-family: tahoma, verdana, arial, helvetica, sans-serif; font-size: small;\">Olavarr\u00eda<\/span><\/td>\n<td align=\"center\" bgcolor=\"#eeeeee\"><span style=\"font-family: tahoma, verdana, arial, helvetica, sans-serif; font-size: small;\">149-14<\/span><\/td>\n<td align=\"center\" bgcolor=\"#eeeeee\"><span style=\"font-family: tahoma, verdana, arial, helvetica, sans-serif; font-size: small;\">Pergamino<\/span><\/td>\n<\/tr>\n<tr>\n<td align=\"center\" bgcolor=\"#dcdcdc\"><span style=\"font-family: tahoma, verdana, arial, helvetica, sans-serif; font-size: small;\">20.30 &#8211; Rivadavia<\/span><\/td>\n<td align=\"center\" bgcolor=\"#dcdcdc\"><span style=\"font-family: tahoma, verdana, arial, helvetica, sans-serif; font-size: small;\">Necochea<\/span><\/td>\n<td align=\"center\" bgcolor=\"#dcdcdc\"><span style=\"font-family: tahoma, verdana, arial, helvetica, sans-serif; font-size: small;\">44-55<\/span><\/td>\n<td align=\"center\" bgcolor=\"#dcdcdc\"><span style=\"font-family: tahoma, verdana, arial, helvetica, sans-serif; font-size: small;\">BAH\u00cdA BLANCA<\/span><\/td>\n<\/tr>\n<tr>\n<td align=\"center\" bgcolor=\"#095abf\"><span style=\"font-family: tahoma, verdana, arial, helvetica, sans-serif; font-size: small;\">****************<\/span><\/td>\n<td align=\"center\" bgcolor=\"#095abf\"><span style=\"font-family: tahoma, verdana, arial, helvetica, sans-serif; font-size: small;\">********************<\/span><\/td>\n<td align=\"center\" bgcolor=\"#095abf\"><span style=\"font-family: tahoma, verdana, arial, helvetica, sans-serif; font-size: small;\">******<\/span><\/td>\n<td align=\"center\" bgcolor=\"#095abf\"><span style=\"font-family: tahoma, verdana, arial, helvetica, sans-serif; font-size: small;\">********************<\/span><\/td>\n<\/tr>\n<\/tbody>\n<\/table>\n<p>&nbsp;<\/p>\n<table width=\"100%\" border=\"2\">\n<tbody>\n<tr>\n<td align=\"center\" bgcolor=\"#095abf\"><span style=\"color: #ffffff; font-family: tahoma, verdana, arial, helvetica, sans-serif; font-size: small;\"><strong>FECHA 2 &#8211; S\u00e1bado 27\/06\/2015<\/strong><\/span><\/td>\n<\/tr>\n<\/tbody>\n<\/table>\n<table width=\"100%\" border=\"2\">\n<tbody>\n<tr>\n<td align=\"center\" bgcolor=\"#e87006\"><span style=\"color: #000000; font-family: tahoma, verdana, arial, helvetica, sans-serif; font-size: small;\"><strong>HORA \/ SEDE<\/strong><\/span><\/td>\n<td align=\"center\" bgcolor=\"#e87006\"><span style=\"color: #000000; font-family: tahoma, verdana, arial, helvetica, sans-serif; font-size: small;\"><strong>LOCAL<\/strong><\/span><\/td>\n<td align=\"center\" bgcolor=\"#000000\"><span style=\"color: #ffffff; font-family: tahoma, verdana, arial, helvetica, sans-serif; font-size: small;\"><strong>RES<\/strong><\/span><\/td>\n<td align=\"center\" bgcolor=\"#e87006\"><span style=\"color: #000000; font-family: tahoma, verdana, arial, helvetica, sans-serif; font-size: small;\"><strong>VISITANTE<\/strong><\/span><\/td>\n<\/tr>\n<tr>\n<td align=\"center\" bgcolor=\"#dcdcdc\"><span style=\"font-family: tahoma, verdana, arial, helvetica, sans-serif; font-size: small;\">10.00 &#8211; Rivadavia<\/span><\/td>\n<td align=\"center\" bgcolor=\"#dcdcdc\"><span style=\"font-family: tahoma, verdana, arial, helvetica, sans-serif; font-size: small;\">Necochea<\/span><\/td>\n<td align=\"center\" bgcolor=\"#dcdcdc\"><span style=\"font-family: tahoma, verdana, arial, helvetica, sans-serif; font-size: small;\">43-73<\/span><\/td>\n<td align=\"center\" bgcolor=\"#dcdcdc\"><span style=\"font-family: tahoma, verdana, arial, helvetica, sans-serif; font-size: small;\">Olavarr\u00eda<\/span><\/td>\n<\/tr>\n<tr>\n<td align=\"center\" bgcolor=\"#eeeeee\"><span style=\"font-family: tahoma, verdana, arial, helvetica, sans-serif; font-size: small;\">10.00 &#8211; Hurac\u00e1n<\/span><\/td>\n<td align=\"center\" bgcolor=\"#eeeeee\"><span style=\"font-family: tahoma, verdana, arial, helvetica, sans-serif; font-size: small;\">BAH\u00cdA BLANCA<\/span><\/td>\n<td align=\"center\" bgcolor=\"#eeeeee\"><span style=\"font-family: tahoma, verdana, arial, helvetica, sans-serif; font-size: small;\">69-41<\/span><\/td>\n<td align=\"center\" bgcolor=\"#eeeeee\"><span style=\"font-family: tahoma, verdana, arial, helvetica, sans-serif; font-size: small;\">Jun\u00edn<\/span><\/td>\n<\/tr>\n<tr>\n<td align=\"center\" bgcolor=\"#dcdcdc\"><span style=\"font-family: tahoma, verdana, arial, helvetica, sans-serif; font-size: small;\">10.00 &#8211; C. Basko<\/span><\/td>\n<td align=\"center\" bgcolor=\"#dcdcdc\"><span style=\"font-family: tahoma, verdana, arial, helvetica, sans-serif; font-size: small;\">E. Echeverr\u00eda<\/span><\/td>\n<td align=\"center\" bgcolor=\"#dcdcdc\"><span style=\"font-family: tahoma, verdana, arial, helvetica, sans-serif; font-size: small;\">67-29<\/span><\/td>\n<td align=\"center\" bgcolor=\"#dcdcdc\"><span style=\"font-family: tahoma, verdana, arial, helvetica, sans-serif; font-size: small;\">Pergamino<\/span><\/td>\n<\/tr>\n<tr>\n<td align=\"center\" bgcolor=\"#095abf\"><span style=\"font-family: tahoma, verdana, arial, helvetica, sans-serif; font-size: small;\">****************<\/span><\/td>\n<td align=\"center\" bgcolor=\"#095abf\"><span style=\"font-family: tahoma, verdana, arial, helvetica, sans-serif; font-size: small;\">********************<\/span><\/td>\n<td align=\"center\" bgcolor=\"#095abf\"><span style=\"font-family: tahoma, verdana, arial, helvetica, sans-serif; font-size: small;\">******<\/span><\/td>\n<td align=\"center\" bgcolor=\"#095abf\"><span style=\"font-family: tahoma, verdana, arial, helvetica, sans-serif; font-size: small;\">********************<\/span><\/td>\n<\/tr>\n<\/tbody>\n<\/table>\n<p>&nbsp;<\/p>\n<table width=\"100%\" border=\"2\">\n<tbody>\n<tr>\n<td align=\"center\" bgcolor=\"#095abf\"><span style=\"color: #ffffff; font-family: tahoma, verdana, arial, helvetica, sans-serif; font-size: small;\"><strong>FECHA 3 &#8211; S\u00e1bado 27\/06\/2015<\/strong><\/span><\/td>\n<\/tr>\n<\/tbody>\n<\/table>\n<table width=\"100%\" border=\"2\">\n<tbody>\n<tr>\n<td align=\"center\" bgcolor=\"#e87006\"><span style=\"color: #000000; font-family: tahoma, verdana, arial, helvetica, sans-serif; font-size: small;\"><strong>HORA \/ SEDE<\/strong><\/span><\/td>\n<td align=\"center\" bgcolor=\"#e87006\"><span style=\"color: #000000; font-family: tahoma, verdana, arial, helvetica, sans-serif; font-size: small;\"><strong>LOCAL<\/strong><\/span><\/td>\n<td align=\"center\" bgcolor=\"#000000\"><span style=\"color: #ffffff; font-family: tahoma, verdana, arial, helvetica, sans-serif; font-size: small;\"><strong>RES<\/strong><\/span><\/td>\n<td align=\"center\" bgcolor=\"#e87006\"><span style=\"color: #000000; font-family: tahoma, verdana, arial, helvetica, sans-serif; font-size: small;\"><strong>VISITANTE<\/strong><\/span><\/td>\n<\/tr>\n<tr>\n<td align=\"center\" bgcolor=\"#dcdcdc\"><span style=\"font-family: tahoma, verdana, arial, helvetica, sans-serif; font-size: small;\">18.00 &#8211; Hurac\u00e1n<\/span><\/td>\n<td align=\"center\" bgcolor=\"#dcdcdc\"><span style=\"font-family: tahoma, verdana, arial, helvetica, sans-serif; font-size: small;\">Olavarr\u00eda<\/span><\/td>\n<td align=\"center\" bgcolor=\"#dcdcdc\"><span style=\"font-family: tahoma, verdana, arial, helvetica, sans-serif; font-size: small;\">57-34<\/span><\/td>\n<td align=\"center\" bgcolor=\"#dcdcdc\"><span style=\"font-family: tahoma, verdana, arial, helvetica, sans-serif; font-size: small;\">E. Echeverr\u00eda<\/span><\/td>\n<\/tr>\n<tr>\n<td align=\"center\" bgcolor=\"#eeeeee\"><span style=\"font-family: tahoma, verdana, arial, helvetica, sans-serif; font-size: small;\">18.00- Rivadavia<\/span><\/td>\n<td align=\"center\" bgcolor=\"#eeeeee\"><span style=\"font-family: tahoma, verdana, arial, helvetica, sans-serif; font-size: small;\">Pergamino<\/span><\/td>\n<td align=\"center\" bgcolor=\"#eeeeee\"><span style=\"font-family: tahoma, verdana, arial, helvetica, sans-serif; font-size: small;\">16-108<\/span><\/td>\n<td align=\"center\" bgcolor=\"#eeeeee\"><span style=\"font-family: tahoma, verdana, arial, helvetica, sans-serif; font-size: small;\">BAH\u00cdA BLANCA<\/span><\/td>\n<\/tr>\n<tr>\n<td align=\"center\" bgcolor=\"#dcdcdc\"><span style=\"font-family: tahoma, verdana, arial, helvetica, sans-serif; font-size: small;\">20.30 &#8211; Hurac\u00e1n<\/span><\/td>\n<td align=\"center\" bgcolor=\"#dcdcdc\"><span style=\"font-family: tahoma, verdana, arial, helvetica, sans-serif; font-size: small;\">Jun\u00edn<\/span><\/td>\n<td align=\"center\" bgcolor=\"#dcdcdc\"><span style=\"font-family: tahoma, verdana, arial, helvetica, sans-serif; font-size: small;\">41-66<\/span><\/td>\n<td align=\"center\" bgcolor=\"#dcdcdc\"><span style=\"font-family: tahoma, verdana, arial, helvetica, sans-serif; font-size: small;\">Necochea<\/span><\/td>\n<\/tr>\n<tr>\n<td align=\"center\" bgcolor=\"#095abf\"><span style=\"font-family: tahoma, verdana, arial, helvetica, sans-serif; font-size: small;\">****************<\/span><\/td>\n<td align=\"center\" bgcolor=\"#095abf\"><span style=\"font-family: tahoma, verdana, arial, helvetica, sans-serif; font-size: small;\">********************<\/span><\/td>\n<td align=\"center\" bgcolor=\"#095abf\"><span style=\"font-family: tahoma, verdana, arial, helvetica, sans-serif; font-size: small;\">******<\/span><\/td>\n<td align=\"center\" bgcolor=\"#095abf\"><span style=\"font-family: tahoma, verdana, arial, helvetica, sans-serif; font-size: small;\">********************<\/span><\/td>\n<\/tr>\n<\/tbody>\n<\/table>\n<p>&nbsp;<\/p>\n<table width=\"100%\" border=\"2\">\n<tbody>\n<tr>\n<td align=\"center\" bgcolor=\"#095abf\"><span style=\"color: #ffffff; font-family: tahoma, verdana, arial, helvetica, sans-serif; font-size: small;\"><strong>FECHA 4 &#8211; Domingo 28\/06\/2015<\/strong><\/span><\/td>\n<\/tr>\n<\/tbody>\n<\/table>\n<table width=\"100%\" border=\"2\">\n<tbody>\n<tr>\n<td align=\"center\" bgcolor=\"#e87006\"><span style=\"color: #000000; font-family: tahoma, verdana, arial, helvetica, sans-serif; font-size: small;\"><strong>HORA \/ SEDE<\/strong><\/span><\/td>\n<td align=\"center\" bgcolor=\"#e87006\"><span style=\"color: #000000; font-family: tahoma, verdana, arial, helvetica, sans-serif; font-size: small;\"><strong>LOCAL<\/strong><\/span><\/td>\n<td align=\"center\" bgcolor=\"#000000\"><span style=\"color: #ffffff; font-family: tahoma, verdana, arial, helvetica, sans-serif; font-size: small;\"><strong>RES<\/strong><\/span><\/td>\n<td align=\"center\" bgcolor=\"#e87006\"><span style=\"color: #000000; font-family: tahoma, verdana, arial, helvetica, sans-serif; font-size: small;\"><strong>VISITANTE<\/strong><\/span><\/td>\n<\/tr>\n<tr>\n<td align=\"center\" bgcolor=\"#dcdcdc\"><span style=\"font-family: tahoma, verdana, arial, helvetica, sans-serif; font-size: small;\">09.00 &#8211; Hurac\u00e1n<\/span><\/td>\n<td align=\"center\" bgcolor=\"#dcdcdc\"><span style=\"font-family: tahoma, verdana, arial, helvetica, sans-serif; font-size: small;\">E. Echeverr\u00eda<\/span><\/td>\n<td align=\"center\" bgcolor=\"#dcdcdc\"><span style=\"font-family: tahoma, verdana, arial, helvetica, sans-serif; font-size: small;\">42-67<\/span><\/td>\n<td align=\"center\" bgcolor=\"#dcdcdc\"><span style=\"font-family: tahoma, verdana, arial, helvetica, sans-serif; font-size: small;\">BAH\u00cdA BLANCA<\/span><\/td>\n<\/tr>\n<tr>\n<td align=\"center\" bgcolor=\"#eeeeee\"><span style=\"font-family: tahoma, verdana, arial, helvetica, sans-serif; font-size: small;\">09.00 &#8211; C. Basko<\/span><\/td>\n<td align=\"center\" bgcolor=\"#eeeeee\"><span style=\"font-family: tahoma, verdana, arial, helvetica, sans-serif; font-size: small;\">Olavarr\u00eda<\/span><\/td>\n<td align=\"center\" bgcolor=\"#eeeeee\"><span style=\"font-family: tahoma, verdana, arial, helvetica, sans-serif; font-size: small;\">95-17<\/span><\/td>\n<td align=\"center\" bgcolor=\"#eeeeee\"><span style=\"font-family: tahoma, verdana, arial, helvetica, sans-serif; font-size: small;\">Jun\u00edn<\/span><\/td>\n<\/tr>\n<tr>\n<td align=\"center\" bgcolor=\"#dcdcdc\"><span style=\"font-family: tahoma, verdana, arial, helvetica, sans-serif; font-size: small;\">09.00 &#8211; Rivadavia<\/span><\/td>\n<td align=\"center\" bgcolor=\"#dcdcdc\"><span style=\"font-family: tahoma, verdana, arial, helvetica, sans-serif; font-size: small;\">Necochea<\/span><\/td>\n<td align=\"center\" bgcolor=\"#dcdcdc\"><span style=\"font-family: tahoma, verdana, arial, helvetica, sans-serif; font-size: small;\">73-25<\/span><\/td>\n<td align=\"center\" bgcolor=\"#dcdcdc\"><span style=\"font-family: tahoma, verdana, arial, helvetica, sans-serif; font-size: small;\">Pergamino<\/span><\/td>\n<\/tr>\n<tr>\n<td align=\"center\" bgcolor=\"#095abf\"><span style=\"font-family: tahoma, verdana, arial, helvetica, sans-serif; font-size: small;\">****************<\/span><\/td>\n<td align=\"center\" bgcolor=\"#095abf\"><span style=\"font-family: tahoma, verdana, arial, helvetica, sans-serif; font-size: small;\">********************<\/span><\/td>\n<td align=\"center\" bgcolor=\"#095abf\"><span style=\"font-family: tahoma, verdana, arial, helvetica, sans-serif; font-size: small;\">******<\/span><\/td>\n<td align=\"center\" bgcolor=\"#095abf\"><span style=\"font-family: tahoma, verdana, arial, helvetica, sans-serif; font-size: small;\">********************<\/span><\/td>\n<\/tr>\n<\/tbody>\n<\/table>\n<p>&nbsp;<\/p>\n<table width=\"100%\" border=\"2\">\n<tbody>\n<tr>\n<td align=\"center\" bgcolor=\"#095abf\"><span style=\"color: #ffffff; font-family: tahoma, verdana, arial, helvetica, sans-serif; font-size: small;\"><strong>FECHA 5 &#8211; Domingo 28\/06\/2015<\/strong><\/span><\/td>\n<\/tr>\n<\/tbody>\n<\/table>\n<table width=\"100%\" border=\"2\">\n<tbody>\n<tr>\n<td align=\"center\" bgcolor=\"#e87006\"><span style=\"color: #000000; font-family: tahoma, verdana, arial, helvetica, sans-serif; font-size: small;\"><strong>HORA \/ SEDE<\/strong><\/span><\/td>\n<td align=\"center\" bgcolor=\"#e87006\"><span style=\"color: #000000; font-family: tahoma, verdana, arial, helvetica, sans-serif; font-size: small;\"><strong>LOCAL<\/strong><\/span><\/td>\n<td align=\"center\" bgcolor=\"#000000\"><span style=\"color: #ffffff; font-family: tahoma, verdana, arial, helvetica, sans-serif; font-size: small;\"><strong>RES<\/strong><\/span><\/td>\n<td align=\"center\" bgcolor=\"#e87006\"><span style=\"color: #000000; font-family: tahoma, verdana, arial, helvetica, sans-serif; font-size: small;\"><strong>VISITANTE<\/strong><\/span><\/td>\n<\/tr>\n<tr>\n<td align=\"center\" bgcolor=\"#dcdcdc\"><span style=\"font-family: tahoma, verdana, arial, helvetica, sans-serif; font-size: small;\">16.00 &#8211; Rivadavia<\/span><\/td>\n<td align=\"center\" bgcolor=\"#dcdcdc\"><span style=\"font-family: tahoma, verdana, arial, helvetica, sans-serif; font-size: small;\">Necochea<\/span><\/td>\n<td align=\"center\" bgcolor=\"#dcdcdc\"><span style=\"font-family: tahoma, verdana, arial, helvetica, sans-serif; font-size: small;\">63-38<\/span><\/td>\n<td align=\"center\" bgcolor=\"#dcdcdc\"><span style=\"font-family: tahoma, verdana, arial, helvetica, sans-serif; font-size: small;\">E. Echeverr\u00eda<\/span><\/td>\n<\/tr>\n<tr>\n<td align=\"center\" bgcolor=\"#eeeeee\"><span style=\"font-family: tahoma, verdana, arial, helvetica, sans-serif; font-size: small;\">18.00 &#8211; Hurac\u00e1n<\/span><\/td>\n<td align=\"center\" bgcolor=\"#eeeeee\"><span style=\"font-family: tahoma, verdana, arial, helvetica, sans-serif; font-size: small;\">BAH\u00cdA BLANCA<\/span><\/td>\n<td align=\"center\" bgcolor=\"#eeeeee\"><span style=\"font-family: tahoma, verdana, arial, helvetica, sans-serif; font-size: small;\">34-80<\/span><\/td>\n<td align=\"center\" bgcolor=\"#eeeeee\"><span style=\"font-family: tahoma, verdana, arial, helvetica, sans-serif; font-size: small;\">Olavarr\u00eda<\/span><\/td>\n<\/tr>\n<tr>\n<td align=\"center\" bgcolor=\"#dcdcdc\"><span style=\"font-family: tahoma, verdana, arial, helvetica, sans-serif; font-size: small;\">16.00 &#8211; C. Basko<\/span><\/td>\n<td align=\"center\" bgcolor=\"#dcdcdc\"><span style=\"font-family: tahoma, verdana, arial, helvetica, sans-serif; font-size: small;\">Pergamino<\/span><\/td>\n<td align=\"center\" bgcolor=\"#dcdcdc\"><span style=\"font-family: tahoma, verdana, arial, helvetica, sans-serif; font-size: small;\">17-63<\/span><\/td>\n<td align=\"center\" bgcolor=\"#dcdcdc\"><span style=\"font-family: tahoma, verdana, arial, helvetica, sans-serif; font-size: small;\">Jun\u00edn<\/span><\/td>\n<\/tr>\n<tr>\n<td align=\"center\" bgcolor=\"#095abf\"><span style=\"font-family: tahoma, verdana, arial, helvetica, sans-serif; font-size: small;\">****************<\/span><\/td>\n<td align=\"center\" bgcolor=\"#095abf\"><span style=\"font-family: tahoma, verdana, arial, helvetica, sans-serif; font-size: small;\">********************<\/span><\/td>\n<td align=\"center\" bgcolor=\"#095abf\"><span style=\"font-family: tahoma, verdana, arial, helvetica, sans-serif; font-size: small;\">******<\/span><\/td>\n<td align=\"center\" bgcolor=\"#095abf\"><span style=\"font-family: tahoma, verdana, arial, helvetica, sans-serif; font-size: small;\">********************<\/span><\/td>\n<\/tr>\n<\/tbody>\n<\/table>\n<p>&nbsp;<\/p>\n<h6><\/h6>\n<h6><span style=\"font-size: 14px; line-height: 1.5em;\">\u00a0<\/span><\/h6>\n<h4 style=\"text-align: center;\">SELECCI\u00d3N BAH\u00cdA BLANCA U14-F<\/h4>\n<table width=\"100%\" border=\"2\">\n<tbody>\n<tr>\n<td align=\"center\" bgcolor=\"#ececec\"><a href=\"http:\/\/www.gentedebasquet.com.ar\/wp-content\/uploads\/2015\/06\/Maitena-V\u00e1zquez.jpg\"><img decoding=\"async\" class=\"aligncenter size-full wp-image-47298\" alt=\"Maitena V\u00e1zquez\" src=\"http:\/\/www.gentedebasquet.com.ar\/wp-content\/uploads\/2015\/06\/Maitena-V\u00e1zquez.jpg\" width=\"200\" height=\"200\" \/><\/a><\/td>\n<td align=\"center\" bgcolor=\"#ececec\"><a href=\"http:\/\/www.gentedebasquet.com.ar\/wp-content\/uploads\/2015\/06\/Victoria-P\u00e9rez.jpg\"><img decoding=\"async\" class=\"aligncenter size-full wp-image-47303\" alt=\"Victoria P\u00e9rez\" src=\"http:\/\/www.gentedebasquet.com.ar\/wp-content\/uploads\/2015\/06\/Victoria-P\u00e9rez.jpg\" width=\"200\" height=\"200\" \/><\/a><\/td>\n<td align=\"center\" bgcolor=\"#ececec\"><a href=\"http:\/\/www.gentedebasquet.com.ar\/wp-content\/uploads\/2015\/06\/Luc\u00eda-Ortiz.jpg\"><img decoding=\"async\" class=\"aligncenter size-full wp-image-47297\" alt=\"Luc\u00eda Ortiz\" src=\"http:\/\/www.gentedebasquet.com.ar\/wp-content\/uploads\/2015\/06\/Luc\u00eda-Ortiz.jpg\" width=\"200\" height=\"200\" \/><\/a><\/td>\n<\/tr>\n<tr>\n<td align=\"center\" bgcolor=\"#000000\"><span style=\"color: #ffffff;\">Maitena V\u00c1ZQUEZ<\/span><\/td>\n<td align=\"center\" bgcolor=\"#000000\"><span style=\"color: #ffffff;\">Victoria P\u00c9REZ<\/span><\/td>\n<td align=\"center\" bgcolor=\"#000000\"><span style=\"color: #ffffff;\">Luc\u00eda ORT\u00cdZ<\/span><\/td>\n<\/tr>\n<tr>\n<td align=\"center\" bgcolor=\"#ffffff\">Base &#8211; Barracas<\/td>\n<td align=\"center\" bgcolor=\"#ffffff\">Escolta &#8211; Independiente<\/td>\n<td align=\"center\" bgcolor=\"#ffffff\">Alera &#8211; Independiente<\/td>\n<\/tr>\n<tr>\n<td align=\"center\" bgcolor=\"#ffffff\">Bah\u00eda Blanca &#8211; 05\/11\/2003<\/td>\n<td align=\"center\" bgcolor=\"#ffffff\">Dorrego &#8211; 02\/07\/2001<\/td>\n<td align=\"center\" bgcolor=\"#ffffff\">Bah\u00eda Blanca &#8211; 16\/12\/2003<\/td>\n<\/tr>\n<tr>\n<td align=\"center\" bgcolor=\"#ececec\"><a href=\"http:\/\/www.gentedebasquet.com.ar\/wp-content\/uploads\/2015\/06\/Emilia-Fern\u00e1ndez.jpg\"><img decoding=\"async\" class=\"aligncenter size-full wp-image-47293\" alt=\"Emilia Fern\u00e1ndez\" src=\"http:\/\/www.gentedebasquet.com.ar\/wp-content\/uploads\/2015\/06\/Emilia-Fern\u00e1ndez.jpg\" width=\"200\" height=\"200\" \/><\/a><\/td>\n<td align=\"center\" bgcolor=\"#ececec\"><a href=\"http:\/\/www.gentedebasquet.com.ar\/wp-content\/uploads\/2015\/06\/Chabela-Garc\u00eda.jpg\"><img decoding=\"async\" class=\"aligncenter size-full wp-image-47292\" alt=\"Chabela Garc\u00eda\" src=\"http:\/\/www.gentedebasquet.com.ar\/wp-content\/uploads\/2015\/06\/Chabela-Garc\u00eda.jpg\" width=\"200\" height=\"200\" \/><\/a><\/td>\n<td align=\"center\" bgcolor=\"#ececec\"><a href=\"http:\/\/www.gentedebasquet.com.ar\/wp-content\/uploads\/2015\/06\/Josefina-Brossard.jpg\"><img decoding=\"async\" class=\"aligncenter size-full wp-image-47295\" alt=\"Josefina Brossard\" src=\"http:\/\/www.gentedebasquet.com.ar\/wp-content\/uploads\/2015\/06\/Josefina-Brossard.jpg\" width=\"200\" height=\"200\" srcset=\"https:\/\/gentedebasquet.com.ar\/sitio\/wp-content\/uploads\/2015\/06\/Josefina-Brossard.jpg 200w, https:\/\/gentedebasquet.com.ar\/sitio\/wp-content\/uploads\/2015\/06\/Josefina-Brossard-150x150.jpg 150w\" sizes=\"(max-width: 200px) 100vw, 200px\" \/><\/a><\/td>\n<\/tr>\n<tr>\n<td align=\"center\" bgcolor=\"#000000\"><span style=\"color: #ffffff;\">Emilia FERN\u00c1NDEZ<\/span><\/td>\n<td align=\"center\" bgcolor=\"#000000\"><span style=\"color: #ffffff;\">Chabela GARC\u00cdA<\/span><\/td>\n<td align=\"center\" bgcolor=\"#000000\"><span style=\"color: #ffffff;\">Josefina BROSSARD<\/span><\/td>\n<\/tr>\n<tr>\n<td align=\"center\" bgcolor=\"#ffffff\">Escolta &#8211; 9 de Julio<\/td>\n<td align=\"center\" bgcolor=\"#ffffff\">Base &#8211; Barracas<\/td>\n<td align=\"center\" bgcolor=\"#ffffff\">Pivot &#8211; Independiente<\/td>\n<\/tr>\n<tr>\n<td align=\"center\" bgcolor=\"#ffffff\">Bah\u00eda Blanca &#8211; 25\/09\/2001<\/td>\n<td align=\"center\" bgcolor=\"#ffffff\">Bah\u00eda Blanca &#8211; 13\/11\/2002<\/td>\n<td align=\"center\" bgcolor=\"#ffffff\">Bah\u00eda Blanca &#8211; 02\/10\/2002<\/td>\n<\/tr>\n<tr>\n<td align=\"center\" bgcolor=\"#ececec\"><a href=\"http:\/\/www.gentedebasquet.com.ar\/wp-content\/uploads\/2015\/06\/Martina-Caputo.jpg\"><img decoding=\"async\" class=\"aligncenter size-full wp-image-47299\" alt=\"Martina Caputo\" src=\"http:\/\/www.gentedebasquet.com.ar\/wp-content\/uploads\/2015\/06\/Martina-Caputo.jpg\" width=\"200\" height=\"200\" srcset=\"https:\/\/gentedebasquet.com.ar\/sitio\/wp-content\/uploads\/2015\/06\/Martina-Caputo.jpg 200w, https:\/\/gentedebasquet.com.ar\/sitio\/wp-content\/uploads\/2015\/06\/Martina-Caputo-150x150.jpg 150w\" sizes=\"(max-width: 200px) 100vw, 200px\" \/><\/a><\/td>\n<td align=\"center\" bgcolor=\"#ececec\"><a href=\"http:\/\/www.gentedebasquet.com.ar\/wp-content\/uploads\/2015\/06\/Agustina-Moreno.jpg\"><img decoding=\"async\" class=\"aligncenter size-full wp-image-47289\" alt=\"Agustina Moreno\" src=\"http:\/\/www.gentedebasquet.com.ar\/wp-content\/uploads\/2015\/06\/Agustina-Moreno.jpg\" width=\"200\" height=\"200\" srcset=\"https:\/\/gentedebasquet.com.ar\/sitio\/wp-content\/uploads\/2015\/06\/Agustina-Moreno.jpg 200w, https:\/\/gentedebasquet.com.ar\/sitio\/wp-content\/uploads\/2015\/06\/Agustina-Moreno-150x150.jpg 150w\" sizes=\"(max-width: 200px) 100vw, 200px\" \/><\/a><\/td>\n<td align=\"center\" bgcolor=\"#ececec\"><a href=\"http:\/\/www.gentedebasquet.com.ar\/wp-content\/uploads\/2015\/06\/Ail\u00edn-Larrosa.jpg\"><img decoding=\"async\" class=\"aligncenter size-full wp-image-47290\" alt=\"Ail\u00edn Larrosa\" src=\"http:\/\/www.gentedebasquet.com.ar\/wp-content\/uploads\/2015\/06\/Ail\u00edn-Larrosa.jpg\" width=\"200\" height=\"200\" \/><\/a><\/td>\n<\/tr>\n<tr>\n<td align=\"center\" bgcolor=\"#000000\"><span style=\"color: #ffffff;\">Martina CAPUTO<\/span><\/td>\n<td align=\"center\" bgcolor=\"#000000\"><span style=\"color: #ffffff;\">Agustina MORENO<\/span><\/td>\n<td align=\"center\" bgcolor=\"#000000\"><span style=\"color: #ffffff;\">Ail\u00edn LARROSA<\/span><\/td>\n<\/tr>\n<tr>\n<td align=\"center\" bgcolor=\"#ffffff\">Ala Pivot &#8211; Estudiantes<\/td>\n<td align=\"center\" bgcolor=\"#ffffff\">Ala Pivot &#8211; 9 de Julio<\/td>\n<td align=\"center\" bgcolor=\"#ffffff\">Pivot &#8211; Estudiantes<\/td>\n<\/tr>\n<tr>\n<td align=\"center\" bgcolor=\"#ffffff\">Bah\u00eda Blanca &#8211; 25\/04\/2002<\/td>\n<td align=\"center\" bgcolor=\"#ffffff\">Bah\u00eda Blanca &#8211; 17\/05\/2001<\/td>\n<td align=\"center\" bgcolor=\"#ffffff\">Bah\u00eda Blanca &#8211; 18\/01\/2001<\/td>\n<\/tr>\n<tr>\n<td align=\"center\" bgcolor=\"#ececec\"><a href=\"http:\/\/www.gentedebasquet.com.ar\/wp-content\/uploads\/2015\/06\/Paloma-Vecchi.jpg\"><img decoding=\"async\" class=\"aligncenter size-full wp-image-47301\" alt=\"Paloma Vecchi\" src=\"http:\/\/www.gentedebasquet.com.ar\/wp-content\/uploads\/2015\/06\/Paloma-Vecchi.jpg\" width=\"200\" height=\"200\" srcset=\"https:\/\/gentedebasquet.com.ar\/sitio\/wp-content\/uploads\/2015\/06\/Paloma-Vecchi.jpg 200w, https:\/\/gentedebasquet.com.ar\/sitio\/wp-content\/uploads\/2015\/06\/Paloma-Vecchi-150x150.jpg 150w\" sizes=\"(max-width: 200px) 100vw, 200px\" \/><\/a><\/td>\n<td align=\"center\" bgcolor=\"#ececec\"><a href=\"http:\/\/www.gentedebasquet.com.ar\/wp-content\/uploads\/2015\/06\/Morena-Wentland.jpg\"><img decoding=\"async\" class=\"aligncenter size-full wp-image-47300\" alt=\"Morena Wentland\" src=\"http:\/\/www.gentedebasquet.com.ar\/wp-content\/uploads\/2015\/06\/Morena-Wentland.jpg\" width=\"200\" height=\"200\" srcset=\"https:\/\/gentedebasquet.com.ar\/sitio\/wp-content\/uploads\/2015\/06\/Morena-Wentland.jpg 200w, https:\/\/gentedebasquet.com.ar\/sitio\/wp-content\/uploads\/2015\/06\/Morena-Wentland-150x150.jpg 150w\" sizes=\"(max-width: 200px) 100vw, 200px\" \/><\/a><\/td>\n<td align=\"center\" bgcolor=\"#ececec\"><a href=\"http:\/\/www.gentedebasquet.com.ar\/wp-content\/uploads\/2015\/06\/Tatiana-Schabas.jpg\"><img decoding=\"async\" class=\"aligncenter size-full wp-image-47302\" alt=\"Tatiana Schabas\" src=\"http:\/\/www.gentedebasquet.com.ar\/wp-content\/uploads\/2015\/06\/Tatiana-Schabas.jpg\" width=\"200\" height=\"200\" srcset=\"https:\/\/gentedebasquet.com.ar\/sitio\/wp-content\/uploads\/2015\/06\/Tatiana-Schabas.jpg 200w, https:\/\/gentedebasquet.com.ar\/sitio\/wp-content\/uploads\/2015\/06\/Tatiana-Schabas-150x150.jpg 150w\" sizes=\"(max-width: 200px) 100vw, 200px\" \/><\/a><\/td>\n<\/tr>\n<tr>\n<td align=\"center\" bgcolor=\"#000000\"><span style=\"color: #ffffff;\">Paloma VECCHI<\/span><\/td>\n<td align=\"center\" bgcolor=\"#000000\"><span style=\"color: #ffffff;\">Morena WENTLAND<\/span><\/td>\n<td align=\"center\" bgcolor=\"#000000\"><span style=\"color: #ffffff;\">Tatiana SCHABAS<\/span><\/td>\n<\/tr>\n<tr>\n<td align=\"center\" bgcolor=\"#ffffff\">Escolta &#8211; Barracas<\/td>\n<td align=\"center\" bgcolor=\"#ffffff\">Alera &#8211; Independiente<\/td>\n<td align=\"center\" bgcolor=\"#ffffff\">Escolta &#8211; Independiente<\/td>\n<\/tr>\n<tr>\n<td align=\"center\" bgcolor=\"#ffffff\">Bah\u00eda Blanca &#8211; 14\/09\/2003<\/td>\n<td align=\"center\" bgcolor=\"#ffffff\">Bah\u00eda Blanca &#8211; 17\/06\/2003<\/td>\n<td align=\"center\" bgcolor=\"#ffffff\">Bah\u00eda Blanca &#8211; 28\/08\/2003<\/td>\n<\/tr>\n<tr>\n<td align=\"center\" bgcolor=\"#ececec\"><a href=\"http:\/\/www.gentedebasquet.com.ar\/wp-content\/uploads\/2015\/06\/Viviana-Albizu.jpg\"><img decoding=\"async\" class=\"aligncenter size-full wp-image-47304\" alt=\"Viviana Albizu\" src=\"http:\/\/www.gentedebasquet.com.ar\/wp-content\/uploads\/2015\/06\/Viviana-Albizu.jpg\" width=\"200\" height=\"200\" srcset=\"https:\/\/gentedebasquet.com.ar\/sitio\/wp-content\/uploads\/2015\/06\/Viviana-Albizu.jpg 200w, https:\/\/gentedebasquet.com.ar\/sitio\/wp-content\/uploads\/2015\/06\/Viviana-Albizu-150x150.jpg 150w\" sizes=\"(max-width: 200px) 100vw, 200px\" \/><\/a><\/td>\n<td align=\"center\" bgcolor=\"#ececec\"><a href=\"http:\/\/www.gentedebasquet.com.ar\/wp-content\/uploads\/2015\/06\/Florencia-Gorriti.jpg\"><img decoding=\"async\" class=\"aligncenter size-full wp-image-47294\" alt=\"Florencia Gorriti\" src=\"http:\/\/www.gentedebasquet.com.ar\/wp-content\/uploads\/2015\/06\/Florencia-Gorriti.jpg\" width=\"200\" height=\"200\" srcset=\"https:\/\/gentedebasquet.com.ar\/sitio\/wp-content\/uploads\/2015\/06\/Florencia-Gorriti.jpg 200w, https:\/\/gentedebasquet.com.ar\/sitio\/wp-content\/uploads\/2015\/06\/Florencia-Gorriti-150x150.jpg 150w\" sizes=\"(max-width: 200px) 100vw, 200px\" \/><\/a><\/td>\n<td align=\"center\" bgcolor=\"#ececec\"><a href=\"http:\/\/www.gentedebasquet.com.ar\/wp-content\/uploads\/2015\/06\/Josefina-Calvento.jpg\"><img decoding=\"async\" class=\"aligncenter size-full wp-image-47296\" alt=\"Josefina Calvento\" src=\"http:\/\/www.gentedebasquet.com.ar\/wp-content\/uploads\/2015\/06\/Josefina-Calvento.jpg\" width=\"200\" height=\"200\" srcset=\"https:\/\/gentedebasquet.com.ar\/sitio\/wp-content\/uploads\/2015\/06\/Josefina-Calvento.jpg 200w, https:\/\/gentedebasquet.com.ar\/sitio\/wp-content\/uploads\/2015\/06\/Josefina-Calvento-150x150.jpg 150w\" sizes=\"(max-width: 200px) 100vw, 200px\" \/><\/a><\/td>\n<\/tr>\n<tr>\n<td align=\"center\" bgcolor=\"#000000\"><span style=\"color: #ffffff;\">Viviana ALBIZU<\/span><\/td>\n<td align=\"center\" bgcolor=\"#000000\"><span style=\"color: #ffffff;\">Florencia GORRITI<\/span><\/td>\n<td align=\"center\" bgcolor=\"#000000\"><span style=\"color: #ffffff;\">Josefina CALVENTO<\/span><\/td>\n<\/tr>\n<tr>\n<td align=\"center\" bgcolor=\"#ffffff\">Entrenadora<\/td>\n<td align=\"center\" bgcolor=\"#ffffff\">Asistente<\/td>\n<td align=\"center\" bgcolor=\"#ffffff\">PF<\/td>\n<\/tr>\n<tr>\n<td align=\"center\" bgcolor=\"#ffffff\">Bah\u00eda Blanca &#8211; 09\/12\/1968<\/td>\n<td align=\"center\" bgcolor=\"#ffffff\">Bah\u00eda Blanca &#8211; 05\/03\/1990<\/td>\n<td align=\"center\" bgcolor=\"#ffffff\">Bah\u00eda Blanca &#8211; 15\/10\/1988<\/td>\n<\/tr>\n<\/tbody>\n<\/table>\n<p><strong>Fotos:<\/strong> Romina Sald\u00edas y Josefina Calvento.<\/p>\n<p>&nbsp;<\/p>\n","protected":false},"excerpt":{"rendered":"<p>El equipo femenino cerr\u00f3 el Provincial con r\u00e9cord de 4-1 y logr\u00f3 el 2\u00ba puesto<\/p>\n","protected":false},"author":1,"featured_media":47433,"comment_status":"closed","ping_status":"open","sticky":false,"template":"","format":"standard","meta":{"jnews-multi-image_gallery":[],"jnews_single_post":[],"jnews_primary_category":[],"footnotes":""},"categories":[59,247,101],"tags":[70,707,683,731],"class_list":["post-46826","post","type-post","status-publish","format-standard","has-post-thumbnail","hentry","category-bahia-2","category-bahiau15","category-slide","tag-bahia-blanca","tag-necochea","tag-provincial-u14","tag-viviana-albizu"],"yoast_head":"<!-- This site is optimized with the Yoast SEO plugin v27.5 - https:\/\/yoast.com\/product\/yoast-seo-wordpress\/ -->\n<title>Sub 14 y subcampe\u00f3n - Gente de B\u00e1squet<\/title>\n<meta name=\"robots\" content=\"index, follow, max-snippet:-1, max-image-preview:large, max-video-preview:-1\" \/>\n<link rel=\"canonical\" href=\"https:\/\/gentedebasquet.com.ar\/sitio\/2015\/06\/28\/sub-14-y-sub-campeon\/\" \/>\n<meta property=\"og:locale\" content=\"es_ES\" \/>\n<meta property=\"og:type\" content=\"article\" \/>\n<meta property=\"og:title\" content=\"Sub 14 y subcampe\u00f3n - Gente de B\u00e1squet\" \/>\n<meta property=\"og:description\" content=\"El equipo femenino cerr\u00f3 el Provincial con r\u00e9cord de 4-1 y logr\u00f3 el 2\u00ba puesto\" \/>\n<meta property=\"og:url\" content=\"https:\/\/gentedebasquet.com.ar\/sitio\/2015\/06\/28\/sub-14-y-sub-campeon\/\" \/>\n<meta property=\"og:site_name\" content=\"Gente de B\u00e1squet\" \/>\n<meta property=\"article:published_time\" content=\"2015-06-28T18:03:47+00:00\" \/>\n<meta property=\"og:image\" content=\"https:\/\/gentedebasquet.com.ar\/sitio\/wp-content\/uploads\/2015\/06\/Bahia-U14-Femenino.jpg\" \/>\n\t<meta property=\"og:image:width\" content=\"690\" \/>\n\t<meta property=\"og:image:height\" content=\"319\" \/>\n\t<meta property=\"og:image:type\" content=\"image\/jpeg\" \/>\n<meta name=\"author\" content=\"Gente de B\u00e1squet\" \/>\n<meta name=\"twitter:card\" content=\"summary_large_image\" \/>\n<meta name=\"twitter:label1\" content=\"Escrito por\" \/>\n\t<meta name=\"twitter:data1\" content=\"Gente de B\u00e1squet\" \/>\n\t<meta name=\"twitter:label2\" content=\"Tiempo de lectura\" \/>\n\t<meta name=\"twitter:data2\" content=\"2 minutos\" \/>\n<script type=\"application\/ld+json\" class=\"yoast-schema-graph\">{\"@context\":\"https:\\\/\\\/schema.org\",\"@graph\":[{\"@type\":\"Article\",\"@id\":\"https:\\\/\\\/gentedebasquet.com.ar\\\/sitio\\\/2015\\\/06\\\/28\\\/sub-14-y-sub-campeon\\\/#article\",\"isPartOf\":{\"@id\":\"https:\\\/\\\/gentedebasquet.com.ar\\\/sitio\\\/2015\\\/06\\\/28\\\/sub-14-y-sub-campeon\\\/\"},\"author\":{\"name\":\"Gente de B\u00e1squet\",\"@id\":\"https:\\\/\\\/gentedebasquet.com.ar\\\/sitio\\\/#\\\/schema\\\/person\\\/ca0b63bbb977369988a7bbbdc519943a\"},\"headline\":\"Sub 14 y subcampe\u00f3n\",\"datePublished\":\"2015-06-28T18:03:47+00:00\",\"mainEntityOfPage\":{\"@id\":\"https:\\\/\\\/gentedebasquet.com.ar\\\/sitio\\\/2015\\\/06\\\/28\\\/sub-14-y-sub-campeon\\\/\"},\"wordCount\":421,\"image\":{\"@id\":\"https:\\\/\\\/gentedebasquet.com.ar\\\/sitio\\\/2015\\\/06\\\/28\\\/sub-14-y-sub-campeon\\\/#primaryimage\"},\"thumbnailUrl\":\"https:\\\/\\\/gentedebasquet.com.ar\\\/sitio\\\/wp-content\\\/uploads\\\/2015\\\/06\\\/Bahia-U14-Femenino.jpg\",\"keywords\":[\"Bah\u00eda Blanca\",\"Necochea\",\"Provincial U14\",\"Viviana Albizu\"],\"articleSection\":[\"#Bah\u00eda\",\"#Bah\u00edaU15\",\"Slide\"],\"inLanguage\":\"es\"},{\"@type\":\"WebPage\",\"@id\":\"https:\\\/\\\/gentedebasquet.com.ar\\\/sitio\\\/2015\\\/06\\\/28\\\/sub-14-y-sub-campeon\\\/\",\"url\":\"https:\\\/\\\/gentedebasquet.com.ar\\\/sitio\\\/2015\\\/06\\\/28\\\/sub-14-y-sub-campeon\\\/\",\"name\":\"Sub 14 y subcampe\u00f3n - Gente de B\u00e1squet\",\"isPartOf\":{\"@id\":\"https:\\\/\\\/gentedebasquet.com.ar\\\/sitio\\\/#website\"},\"primaryImageOfPage\":{\"@id\":\"https:\\\/\\\/gentedebasquet.com.ar\\\/sitio\\\/2015\\\/06\\\/28\\\/sub-14-y-sub-campeon\\\/#primaryimage\"},\"image\":{\"@id\":\"https:\\\/\\\/gentedebasquet.com.ar\\\/sitio\\\/2015\\\/06\\\/28\\\/sub-14-y-sub-campeon\\\/#primaryimage\"},\"thumbnailUrl\":\"https:\\\/\\\/gentedebasquet.com.ar\\\/sitio\\\/wp-content\\\/uploads\\\/2015\\\/06\\\/Bahia-U14-Femenino.jpg\",\"datePublished\":\"2015-06-28T18:03:47+00:00\",\"author\":{\"@id\":\"https:\\\/\\\/gentedebasquet.com.ar\\\/sitio\\\/#\\\/schema\\\/person\\\/ca0b63bbb977369988a7bbbdc519943a\"},\"breadcrumb\":{\"@id\":\"https:\\\/\\\/gentedebasquet.com.ar\\\/sitio\\\/2015\\\/06\\\/28\\\/sub-14-y-sub-campeon\\\/#breadcrumb\"},\"inLanguage\":\"es\",\"potentialAction\":[{\"@type\":\"ReadAction\",\"target\":[\"https:\\\/\\\/gentedebasquet.com.ar\\\/sitio\\\/2015\\\/06\\\/28\\\/sub-14-y-sub-campeon\\\/\"]}]},{\"@type\":\"ImageObject\",\"inLanguage\":\"es\",\"@id\":\"https:\\\/\\\/gentedebasquet.com.ar\\\/sitio\\\/2015\\\/06\\\/28\\\/sub-14-y-sub-campeon\\\/#primaryimage\",\"url\":\"https:\\\/\\\/gentedebasquet.com.ar\\\/sitio\\\/wp-content\\\/uploads\\\/2015\\\/06\\\/Bahia-U14-Femenino.jpg\",\"contentUrl\":\"https:\\\/\\\/gentedebasquet.com.ar\\\/sitio\\\/wp-content\\\/uploads\\\/2015\\\/06\\\/Bahia-U14-Femenino.jpg\",\"width\":690,\"height\":319},{\"@type\":\"BreadcrumbList\",\"@id\":\"https:\\\/\\\/gentedebasquet.com.ar\\\/sitio\\\/2015\\\/06\\\/28\\\/sub-14-y-sub-campeon\\\/#breadcrumb\",\"itemListElement\":[{\"@type\":\"ListItem\",\"position\":1,\"name\":\"Portada\",\"item\":\"https:\\\/\\\/gentedebasquet.com.ar\\\/sitio\\\/\"},{\"@type\":\"ListItem\",\"position\":2,\"name\":\"Sub 14 y subcampe\u00f3n\"}]},{\"@type\":\"WebSite\",\"@id\":\"https:\\\/\\\/gentedebasquet.com.ar\\\/sitio\\\/#website\",\"url\":\"https:\\\/\\\/gentedebasquet.com.ar\\\/sitio\\\/\",\"name\":\"Gente de B\u00e1squet\",\"description\":\"La revista del basquet de Bah\u00eda Blanca\",\"potentialAction\":[{\"@type\":\"SearchAction\",\"target\":{\"@type\":\"EntryPoint\",\"urlTemplate\":\"https:\\\/\\\/gentedebasquet.com.ar\\\/sitio\\\/?s={search_term_string}\"},\"query-input\":{\"@type\":\"PropertyValueSpecification\",\"valueRequired\":true,\"valueName\":\"search_term_string\"}}],\"inLanguage\":\"es\"},{\"@type\":\"Person\",\"@id\":\"https:\\\/\\\/gentedebasquet.com.ar\\\/sitio\\\/#\\\/schema\\\/person\\\/ca0b63bbb977369988a7bbbdc519943a\",\"name\":\"Gente de B\u00e1squet\",\"image\":{\"@type\":\"ImageObject\",\"inLanguage\":\"es\",\"@id\":\"https:\\\/\\\/secure.gravatar.com\\\/avatar\\\/7f2c48bdc33b30088f941fb6082e555f2874c98e20cb159d7b92b50eadfce793?s=96&d=mm&r=g\",\"url\":\"https:\\\/\\\/secure.gravatar.com\\\/avatar\\\/7f2c48bdc33b30088f941fb6082e555f2874c98e20cb159d7b92b50eadfce793?s=96&d=mm&r=g\",\"contentUrl\":\"https:\\\/\\\/secure.gravatar.com\\\/avatar\\\/7f2c48bdc33b30088f941fb6082e555f2874c98e20cb159d7b92b50eadfce793?s=96&d=mm&r=g\",\"caption\":\"Gente de B\u00e1squet\"},\"sameAs\":[\"http:\\\/\\\/gentedebasquet.com.ar\\\/sitio\"],\"url\":\"https:\\\/\\\/gentedebasquet.com.ar\\\/sitio\\\/author\\\/ulises\\\/\"}]}<\/script>\n<!-- \/ Yoast SEO plugin. -->","yoast_head_json":{"title":"Sub 14 y subcampe\u00f3n - Gente de B\u00e1squet","robots":{"index":"index","follow":"follow","max-snippet":"max-snippet:-1","max-image-preview":"max-image-preview:large","max-video-preview":"max-video-preview:-1"},"canonical":"https:\/\/gentedebasquet.com.ar\/sitio\/2015\/06\/28\/sub-14-y-sub-campeon\/","og_locale":"es_ES","og_type":"article","og_title":"Sub 14 y subcampe\u00f3n - Gente de B\u00e1squet","og_description":"El equipo femenino cerr\u00f3 el Provincial con r\u00e9cord de 4-1 y logr\u00f3 el 2\u00ba puesto","og_url":"https:\/\/gentedebasquet.com.ar\/sitio\/2015\/06\/28\/sub-14-y-sub-campeon\/","og_site_name":"Gente de B\u00e1squet","article_published_time":"2015-06-28T18:03:47+00:00","og_image":[{"width":690,"height":319,"url":"https:\/\/gentedebasquet.com.ar\/sitio\/wp-content\/uploads\/2015\/06\/Bahia-U14-Femenino.jpg","type":"image\/jpeg"}],"author":"Gente de B\u00e1squet","twitter_card":"summary_large_image","twitter_misc":{"Escrito por":"Gente de B\u00e1squet","Tiempo de lectura":"2 minutos"},"schema":{"@context":"https:\/\/schema.org","@graph":[{"@type":"Article","@id":"https:\/\/gentedebasquet.com.ar\/sitio\/2015\/06\/28\/sub-14-y-sub-campeon\/#article","isPartOf":{"@id":"https:\/\/gentedebasquet.com.ar\/sitio\/2015\/06\/28\/sub-14-y-sub-campeon\/"},"author":{"name":"Gente de B\u00e1squet","@id":"https:\/\/gentedebasquet.com.ar\/sitio\/#\/schema\/person\/ca0b63bbb977369988a7bbbdc519943a"},"headline":"Sub 14 y subcampe\u00f3n","datePublished":"2015-06-28T18:03:47+00:00","mainEntityOfPage":{"@id":"https:\/\/gentedebasquet.com.ar\/sitio\/2015\/06\/28\/sub-14-y-sub-campeon\/"},"wordCount":421,"image":{"@id":"https:\/\/gentedebasquet.com.ar\/sitio\/2015\/06\/28\/sub-14-y-sub-campeon\/#primaryimage"},"thumbnailUrl":"https:\/\/gentedebasquet.com.ar\/sitio\/wp-content\/uploads\/2015\/06\/Bahia-U14-Femenino.jpg","keywords":["Bah\u00eda Blanca","Necochea","Provincial U14","Viviana Albizu"],"articleSection":["#Bah\u00eda","#Bah\u00edaU15","Slide"],"inLanguage":"es"},{"@type":"WebPage","@id":"https:\/\/gentedebasquet.com.ar\/sitio\/2015\/06\/28\/sub-14-y-sub-campeon\/","url":"https:\/\/gentedebasquet.com.ar\/sitio\/2015\/06\/28\/sub-14-y-sub-campeon\/","name":"Sub 14 y subcampe\u00f3n - Gente de B\u00e1squet","isPartOf":{"@id":"https:\/\/gentedebasquet.com.ar\/sitio\/#website"},"primaryImageOfPage":{"@id":"https:\/\/gentedebasquet.com.ar\/sitio\/2015\/06\/28\/sub-14-y-sub-campeon\/#primaryimage"},"image":{"@id":"https:\/\/gentedebasquet.com.ar\/sitio\/2015\/06\/28\/sub-14-y-sub-campeon\/#primaryimage"},"thumbnailUrl":"https:\/\/gentedebasquet.com.ar\/sitio\/wp-content\/uploads\/2015\/06\/Bahia-U14-Femenino.jpg","datePublished":"2015-06-28T18:03:47+00:00","author":{"@id":"https:\/\/gentedebasquet.com.ar\/sitio\/#\/schema\/person\/ca0b63bbb977369988a7bbbdc519943a"},"breadcrumb":{"@id":"https:\/\/gentedebasquet.com.ar\/sitio\/2015\/06\/28\/sub-14-y-sub-campeon\/#breadcrumb"},"inLanguage":"es","potentialAction":[{"@type":"ReadAction","target":["https:\/\/gentedebasquet.com.ar\/sitio\/2015\/06\/28\/sub-14-y-sub-campeon\/"]}]},{"@type":"ImageObject","inLanguage":"es","@id":"https:\/\/gentedebasquet.com.ar\/sitio\/2015\/06\/28\/sub-14-y-sub-campeon\/#primaryimage","url":"https:\/\/gentedebasquet.com.ar\/sitio\/wp-content\/uploads\/2015\/06\/Bahia-U14-Femenino.jpg","contentUrl":"https:\/\/gentedebasquet.com.ar\/sitio\/wp-content\/uploads\/2015\/06\/Bahia-U14-Femenino.jpg","width":690,"height":319},{"@type":"BreadcrumbList","@id":"https:\/\/gentedebasquet.com.ar\/sitio\/2015\/06\/28\/sub-14-y-sub-campeon\/#breadcrumb","itemListElement":[{"@type":"ListItem","position":1,"name":"Portada","item":"https:\/\/gentedebasquet.com.ar\/sitio\/"},{"@type":"ListItem","position":2,"name":"Sub 14 y subcampe\u00f3n"}]},{"@type":"WebSite","@id":"https:\/\/gentedebasquet.com.ar\/sitio\/#website","url":"https:\/\/gentedebasquet.com.ar\/sitio\/","name":"Gente de B\u00e1squet","description":"La revista del basquet de Bah\u00eda Blanca","potentialAction":[{"@type":"SearchAction","target":{"@type":"EntryPoint","urlTemplate":"https:\/\/gentedebasquet.com.ar\/sitio\/?s={search_term_string}"},"query-input":{"@type":"PropertyValueSpecification","valueRequired":true,"valueName":"search_term_string"}}],"inLanguage":"es"},{"@type":"Person","@id":"https:\/\/gentedebasquet.com.ar\/sitio\/#\/schema\/person\/ca0b63bbb977369988a7bbbdc519943a","name":"Gente de B\u00e1squet","image":{"@type":"ImageObject","inLanguage":"es","@id":"https:\/\/secure.gravatar.com\/avatar\/7f2c48bdc33b30088f941fb6082e555f2874c98e20cb159d7b92b50eadfce793?s=96&d=mm&r=g","url":"https:\/\/secure.gravatar.com\/avatar\/7f2c48bdc33b30088f941fb6082e555f2874c98e20cb159d7b92b50eadfce793?s=96&d=mm&r=g","contentUrl":"https:\/\/secure.gravatar.com\/avatar\/7f2c48bdc33b30088f941fb6082e555f2874c98e20cb159d7b92b50eadfce793?s=96&d=mm&r=g","caption":"Gente de B\u00e1squet"},"sameAs":["http:\/\/gentedebasquet.com.ar\/sitio"],"url":"https:\/\/gentedebasquet.com.ar\/sitio\/author\/ulises\/"}]}},"_links":{"self":[{"href":"https:\/\/gentedebasquet.com.ar\/sitio\/wp-json\/wp\/v2\/posts\/46826","targetHints":{"allow":["GET"]}}],"collection":[{"href":"https:\/\/gentedebasquet.com.ar\/sitio\/wp-json\/wp\/v2\/posts"}],"about":[{"href":"https:\/\/gentedebasquet.com.ar\/sitio\/wp-json\/wp\/v2\/types\/post"}],"author":[{"embeddable":true,"href":"https:\/\/gentedebasquet.com.ar\/sitio\/wp-json\/wp\/v2\/users\/1"}],"replies":[{"embeddable":true,"href":"https:\/\/gentedebasquet.com.ar\/sitio\/wp-json\/wp\/v2\/comments?post=46826"}],"version-history":[{"count":0,"href":"https:\/\/gentedebasquet.com.ar\/sitio\/wp-json\/wp\/v2\/posts\/46826\/revisions"}],"wp:featuredmedia":[{"embeddable":true,"href":"https:\/\/gentedebasquet.com.ar\/sitio\/wp-json\/wp\/v2\/media\/47433"}],"wp:attachment":[{"href":"https:\/\/gentedebasquet.com.ar\/sitio\/wp-json\/wp\/v2\/media?parent=46826"}],"wp:term":[{"taxonomy":"category","embeddable":true,"href":"https:\/\/gentedebasquet.com.ar\/sitio\/wp-json\/wp\/v2\/categories?post=46826"},{"taxonomy":"post_tag","embeddable":true,"href":"https:\/\/gentedebasquet.com.ar\/sitio\/wp-json\/wp\/v2\/tags?post=46826"}],"curies":[{"name":"wp","href":"https:\/\/api.w.org\/{rel}","templated":true}]}}