{"id":46854,"date":"2015-06-18T23:45:50","date_gmt":"2015-06-19T02:45:50","guid":{"rendered":"http:\/\/www.gentedebasquet.com.ar\/?p=46854"},"modified":"2015-06-18T23:45:50","modified_gmt":"2015-06-19T02:45:50","slug":"naranja-para-el-resfrio","status":"publish","type":"post","link":"https:\/\/gentedebasquet.com.ar\/sitio\/2015\/06\/18\/naranja-para-el-resfrio\/","title":{"rendered":"Naranja para el resfr\u00edo"},"content":{"rendered":"<p><strong>San Lorenzo impuso el ritmo desde el inicio y marc\u00f3 el camino para quedarse con una festejada victoria sobre 9 de Julio, por 80 a 60. El Naranja sum\u00f3 el tercer triunfo del a\u00f1o, merced a su defensa a presi\u00f3n y al goleo repartido: R\u00edos Lodoli (14), Fern\u00e1ndez, Benedetti y Nahuel Diez (10), Silva (9) y Morando (8). Spikerman (20) fue el mejor en la visita, que cont\u00f3 con solo cuatro fichas mayores, nunca pudo ponerse en partido, sufri\u00f3 la baja efectividad a distancia (2\/17 3p) y qued\u00f3 como \u00fanico colista ante la <a href=\"http:\/\/www.gentedebasquet.com.ar\/el-negro-rada\/\" target=\"_blank\" rel=\"noopener\">victoria de Estudiantes<\/a>.<\/strong><\/p>\n<p>Como si se tratara de un juego de n\u00fameros, la aparici\u00f3n de Nahuel Diez en el inicio del juego, con dos dobles y una bomba (7-3) fue importante para que San Lorenzo comience a imponerse sobre \u00ab9\u00bb. Rold\u00e1n pidi\u00f3 tiempo muerto pero nada cambi\u00f3: el local estir\u00f3 la diferencia gracias a una defensa a presi\u00f3n, recost\u00e1ndose luego en zona y encontrando al mejor posicionado para lanzar en ofensiva. As\u00ed, escap\u00f3 13-3, 17-5 y 19-9 en el 1C.<\/p>\n<p>La visita solo mostr\u00f3 buenas intenciones de la mano de Jos\u00e9 Luis Mart\u00ednez (6 unidades en el 1C) y Gonzalo Spikerman, <a href=\"http:\/\/www.gentedebasquet.com.ar\/primera-goleadores\/\" target=\"_blank\" rel=\"noopener\">segundo m\u00e1ximo anotador del torneo<\/a>, autor de 20 puntos (8\/10 2p)\u00a0No obstante, a partir de que el due\u00f1o de casa comenz\u00f3 a mover el banco, se fue despegando. Jorge Garc\u00eda, Hildemann, Halberg, Morando y Biggi le dieron descanso a los iniciales, ante un 9 de Julio corto y abrumado por el ritmo que impuso el due\u00f1o de casa.<\/p>\n<p>Si bien la vista tuvo un esperanzador regreso de los vestuarios, con un parcial de 8-3 (44-34), San Lorenzo encontr\u00f3 gol a distancia y empez\u00f3 a sellar la victoria. Luciano Fern\u00e1ndez, con dos triples consecutivos, marc\u00f3 el camino. Nahuel Diez lo imit\u00f3 y R\u00edos Lodoli -con tres bombas en fila- termin\u00f3 de dar el golpe de KO (63-41 a 1m08 del cierre del 3C). El Naranja acumul\u00f3 6\/8 en triples en el cuarto, mientras que, en el otro costado, la efectividad era nula: 0\/15 hasta que Francisco Bonaguro acert\u00f3 a falta de 5m28.<\/p>\n<p>La diferencia se hizo irremontable y Rold\u00e1n decidi\u00f3 cerrar con Bl\u00e1zquez, Pe\u00f1alver, Milton Ruesga y Bonaguro alrededor del Colo Mart\u00ednez. Mientras que Halberg y Hildemann se repartieron la conducci\u00f3n del local en los \u00faltimos minutos, que celebr\u00f3 la victoria con la misma intensidad con la que encar\u00f3 el partido. Fue la tercera del torneo, importante para escaparle a los \u00faltimos lugares de la tabla.<\/p>\n<p>&nbsp;<\/p>\n<p>[vimeo]http:\/\/vimeo.com\/131175182[\/vimeo]<\/p>\n<p>&nbsp;<\/p>\n<p><strong>S\u00edntesis |<\/strong> Primera Divisi\u00f3n &#8211; Fecha #9<\/p>\n<p><strong>San Lorenzo\u00a080:\u00a0<\/strong>Luciano Fern\u00e1ndez 10,\u00a0Eesteban Benedetti 10,\u00a0Nahuel Diez 10,\u00a0Mart\u00edn R\u00edos Lodoli 14,\u00a0Leandro Silva 9 (Fi);\u00a0Jorge Garc\u00eda 6,\u00a0Mauricio Halberg 2, Andr\u00e9s\u00a0Hildemann 6,\u00a0Federico Biggi\u00a0 3,\u00a0Mariano Morando 8,\u00a0Alan Gonz\u00e1lez 2 y\u00a0Francisco Diez 0.\u00a0DT: Rafael Canosa.<\/p>\n<p><strong>9 de Julio 60:\u00a0<\/strong>Agust\u00edn Pena 4, Mart\u00edn\u00a0Ayala 8,\u00a0Gonzalo Spikerman 20,\u00a0Jonathan Thorp 2, Jos\u00e9 Luis\u00a0Mart\u00ednez 13 (Fi);\u00a0Fernando Pe\u00f1alver 2,\u00a0Mauro Bl\u00e1zquez 1,\u00a0Francisco Bonaguro 10 y\u00a0Milton Ruesga 0.\u00a0DT: Emiliano Rold\u00e1n.<\/p>\n<p><strong>Parciales:<\/strong> 19-13, 41-26 (22-13), 63-43 (22-17) y 80-60 (17-17).<\/p>\n<p><strong><span style=\"line-height: 1.5em;\">\u00c1rbitros:\u00a0<\/span><\/strong>N\u00e9stor Schernenco &#8211; Sebasti\u00e1n Arcas.<\/p>\n<p><span style=\"line-height: 1.5em;\"><strong>Estadio:<\/strong>\u00a0<\/span>Rom\u00e1n Avecilla (San Lorenzo).<\/p>\n<p><a class=\"modalf iframe\" title=\"Planilla\" href=\"https:\/\/docs.google.com\/spreadsheets\/d\/1qjM0nNQskUScIdFLFXMXoLSk9nLs9cbXP76dp-KSFDc\/pubhtml\" target=\"_blank\" rel=\"noopener\">Ver Planilla<\/a><\/p>\n<p>&nbsp;<\/p>\n<p>[vimeo]http:\/\/vimeo.com\/131176900[\/vimeo]<\/p>\n","protected":false},"excerpt":{"rendered":"<p>Llega el invierno y San Lorenzo se pone a tono: 80 a 60 sobre 9 de Julio<\/p>\n","protected":false},"author":1,"featured_media":46861,"comment_status":"closed","ping_status":"open","sticky":false,"template":"","format":"standard","meta":{"jnews-multi-image_gallery":[],"jnews_single_post":[],"jnews_primary_category":[],"footnotes":""},"categories":[23,101],"tags":[2,313,141,224,225,732,19],"class_list":["post-46854","post","type-post","status-publish","format-standard","has-post-thumbnail","hentry","category-primera","category-slide","tag-9dejulio","tag-esteban-benedetti","tag-gonzalo-spikerman","tag-luciano-fernandez","tag-martin-rios-lodoli","tag-nahuel-diez","tag-san-lorenzo"],"yoast_head":"<!-- This site is optimized with the Yoast SEO plugin v27.5 - https:\/\/yoast.com\/product\/yoast-seo-wordpress\/ -->\n<title>Naranja para el resfr\u00edo - Gente de B\u00e1squet<\/title>\n<meta name=\"robots\" content=\"index, follow, max-snippet:-1, max-image-preview:large, max-video-preview:-1\" \/>\n<link rel=\"canonical\" href=\"http:\/\/gentedebasquet.com.ar\/sitio\/2015\/06\/18\/naranja-para-el-resfrio\/\" \/>\n<meta property=\"og:locale\" content=\"es_ES\" \/>\n<meta property=\"og:type\" content=\"article\" \/>\n<meta property=\"og:title\" content=\"Naranja para el resfr\u00edo - Gente de B\u00e1squet\" \/>\n<meta property=\"og:description\" content=\"Llega el invierno y San Lorenzo se pone a tono: 80 a 60 sobre 9 de Julio\" \/>\n<meta property=\"og:url\" content=\"http:\/\/gentedebasquet.com.ar\/sitio\/2015\/06\/18\/naranja-para-el-resfrio\/\" \/>\n<meta property=\"og:site_name\" content=\"Gente de B\u00e1squet\" \/>\n<meta property=\"article:published_time\" content=\"2015-06-19T02:45:50+00:00\" \/>\n<meta property=\"og:image\" content=\"http:\/\/gentedebasquet.com.ar\/sitio\/wp-content\/uploads\/2015\/06\/San-Lorenzo-9-de-Julio.jpg\" \/>\n\t<meta property=\"og:image:width\" content=\"690\" \/>\n\t<meta property=\"og:image:height\" content=\"319\" \/>\n\t<meta property=\"og:image:type\" content=\"image\/jpeg\" \/>\n<meta name=\"author\" content=\"Gente de B\u00e1squet\" \/>\n<meta name=\"twitter:card\" content=\"summary_large_image\" \/>\n<meta name=\"twitter:label1\" content=\"Escrito por\" \/>\n\t<meta name=\"twitter:data1\" content=\"Gente de B\u00e1squet\" \/>\n\t<meta name=\"twitter:label2\" content=\"Tiempo de lectura\" \/>\n\t<meta name=\"twitter:data2\" content=\"3 minutos\" \/>\n<script type=\"application\/ld+json\" class=\"yoast-schema-graph\">{\"@context\":\"https:\\\/\\\/schema.org\",\"@graph\":[{\"@type\":\"Article\",\"@id\":\"http:\\\/\\\/gentedebasquet.com.ar\\\/sitio\\\/2015\\\/06\\\/18\\\/naranja-para-el-resfrio\\\/#article\",\"isPartOf\":{\"@id\":\"http:\\\/\\\/gentedebasquet.com.ar\\\/sitio\\\/2015\\\/06\\\/18\\\/naranja-para-el-resfrio\\\/\"},\"author\":{\"name\":\"Gente de B\u00e1squet\",\"@id\":\"https:\\\/\\\/gentedebasquet.com.ar\\\/sitio\\\/#\\\/schema\\\/person\\\/ca0b63bbb977369988a7bbbdc519943a\"},\"headline\":\"Naranja para el resfr\u00edo\",\"datePublished\":\"2015-06-19T02:45:50+00:00\",\"mainEntityOfPage\":{\"@id\":\"http:\\\/\\\/gentedebasquet.com.ar\\\/sitio\\\/2015\\\/06\\\/18\\\/naranja-para-el-resfrio\\\/\"},\"wordCount\":535,\"image\":{\"@id\":\"http:\\\/\\\/gentedebasquet.com.ar\\\/sitio\\\/2015\\\/06\\\/18\\\/naranja-para-el-resfrio\\\/#primaryimage\"},\"thumbnailUrl\":\"https:\\\/\\\/gentedebasquet.com.ar\\\/sitio\\\/wp-content\\\/uploads\\\/2015\\\/06\\\/San-Lorenzo-9-de-Julio.jpg\",\"keywords\":[\"9 de Julio\",\"Esteban Benedetti\",\"Gonzalo Spikerman\",\"luciano fernandez\",\"Mart\u00edn R\u00edos Lodoli\",\"Nahuel Diez\",\"San Lorenzo\"],\"articleSection\":[\"Primera\",\"Slide\"],\"inLanguage\":\"es\"},{\"@type\":\"WebPage\",\"@id\":\"http:\\\/\\\/gentedebasquet.com.ar\\\/sitio\\\/2015\\\/06\\\/18\\\/naranja-para-el-resfrio\\\/\",\"url\":\"http:\\\/\\\/gentedebasquet.com.ar\\\/sitio\\\/2015\\\/06\\\/18\\\/naranja-para-el-resfrio\\\/\",\"name\":\"Naranja para el resfr\u00edo - Gente de B\u00e1squet\",\"isPartOf\":{\"@id\":\"https:\\\/\\\/gentedebasquet.com.ar\\\/sitio\\\/#website\"},\"primaryImageOfPage\":{\"@id\":\"http:\\\/\\\/gentedebasquet.com.ar\\\/sitio\\\/2015\\\/06\\\/18\\\/naranja-para-el-resfrio\\\/#primaryimage\"},\"image\":{\"@id\":\"http:\\\/\\\/gentedebasquet.com.ar\\\/sitio\\\/2015\\\/06\\\/18\\\/naranja-para-el-resfrio\\\/#primaryimage\"},\"thumbnailUrl\":\"https:\\\/\\\/gentedebasquet.com.ar\\\/sitio\\\/wp-content\\\/uploads\\\/2015\\\/06\\\/San-Lorenzo-9-de-Julio.jpg\",\"datePublished\":\"2015-06-19T02:45:50+00:00\",\"author\":{\"@id\":\"https:\\\/\\\/gentedebasquet.com.ar\\\/sitio\\\/#\\\/schema\\\/person\\\/ca0b63bbb977369988a7bbbdc519943a\"},\"breadcrumb\":{\"@id\":\"http:\\\/\\\/gentedebasquet.com.ar\\\/sitio\\\/2015\\\/06\\\/18\\\/naranja-para-el-resfrio\\\/#breadcrumb\"},\"inLanguage\":\"es\",\"potentialAction\":[{\"@type\":\"ReadAction\",\"target\":[\"http:\\\/\\\/gentedebasquet.com.ar\\\/sitio\\\/2015\\\/06\\\/18\\\/naranja-para-el-resfrio\\\/\"]}]},{\"@type\":\"ImageObject\",\"inLanguage\":\"es\",\"@id\":\"http:\\\/\\\/gentedebasquet.com.ar\\\/sitio\\\/2015\\\/06\\\/18\\\/naranja-para-el-resfrio\\\/#primaryimage\",\"url\":\"https:\\\/\\\/gentedebasquet.com.ar\\\/sitio\\\/wp-content\\\/uploads\\\/2015\\\/06\\\/San-Lorenzo-9-de-Julio.jpg\",\"contentUrl\":\"https:\\\/\\\/gentedebasquet.com.ar\\\/sitio\\\/wp-content\\\/uploads\\\/2015\\\/06\\\/San-Lorenzo-9-de-Julio.jpg\",\"width\":690,\"height\":319},{\"@type\":\"BreadcrumbList\",\"@id\":\"http:\\\/\\\/gentedebasquet.com.ar\\\/sitio\\\/2015\\\/06\\\/18\\\/naranja-para-el-resfrio\\\/#breadcrumb\",\"itemListElement\":[{\"@type\":\"ListItem\",\"position\":1,\"name\":\"Portada\",\"item\":\"https:\\\/\\\/gentedebasquet.com.ar\\\/sitio\\\/\"},{\"@type\":\"ListItem\",\"position\":2,\"name\":\"Naranja para el resfr\u00edo\"}]},{\"@type\":\"WebSite\",\"@id\":\"https:\\\/\\\/gentedebasquet.com.ar\\\/sitio\\\/#website\",\"url\":\"https:\\\/\\\/gentedebasquet.com.ar\\\/sitio\\\/\",\"name\":\"Gente de B\u00e1squet\",\"description\":\"La revista del basquet de Bah\u00eda Blanca\",\"potentialAction\":[{\"@type\":\"SearchAction\",\"target\":{\"@type\":\"EntryPoint\",\"urlTemplate\":\"https:\\\/\\\/gentedebasquet.com.ar\\\/sitio\\\/?s={search_term_string}\"},\"query-input\":{\"@type\":\"PropertyValueSpecification\",\"valueRequired\":true,\"valueName\":\"search_term_string\"}}],\"inLanguage\":\"es\"},{\"@type\":\"Person\",\"@id\":\"https:\\\/\\\/gentedebasquet.com.ar\\\/sitio\\\/#\\\/schema\\\/person\\\/ca0b63bbb977369988a7bbbdc519943a\",\"name\":\"Gente de B\u00e1squet\",\"image\":{\"@type\":\"ImageObject\",\"inLanguage\":\"es\",\"@id\":\"https:\\\/\\\/secure.gravatar.com\\\/avatar\\\/7f2c48bdc33b30088f941fb6082e555f2874c98e20cb159d7b92b50eadfce793?s=96&d=mm&r=g\",\"url\":\"https:\\\/\\\/secure.gravatar.com\\\/avatar\\\/7f2c48bdc33b30088f941fb6082e555f2874c98e20cb159d7b92b50eadfce793?s=96&d=mm&r=g\",\"contentUrl\":\"https:\\\/\\\/secure.gravatar.com\\\/avatar\\\/7f2c48bdc33b30088f941fb6082e555f2874c98e20cb159d7b92b50eadfce793?s=96&d=mm&r=g\",\"caption\":\"Gente de B\u00e1squet\"},\"sameAs\":[\"http:\\\/\\\/gentedebasquet.com.ar\\\/sitio\"],\"url\":\"https:\\\/\\\/gentedebasquet.com.ar\\\/sitio\\\/author\\\/ulises\\\/\"}]}<\/script>\n<!-- \/ Yoast SEO plugin. -->","yoast_head_json":{"title":"Naranja para el resfr\u00edo - Gente de B\u00e1squet","robots":{"index":"index","follow":"follow","max-snippet":"max-snippet:-1","max-image-preview":"max-image-preview:large","max-video-preview":"max-video-preview:-1"},"canonical":"http:\/\/gentedebasquet.com.ar\/sitio\/2015\/06\/18\/naranja-para-el-resfrio\/","og_locale":"es_ES","og_type":"article","og_title":"Naranja para el resfr\u00edo - Gente de B\u00e1squet","og_description":"Llega el invierno y San Lorenzo se pone a tono: 80 a 60 sobre 9 de Julio","og_url":"http:\/\/gentedebasquet.com.ar\/sitio\/2015\/06\/18\/naranja-para-el-resfrio\/","og_site_name":"Gente de B\u00e1squet","article_published_time":"2015-06-19T02:45:50+00:00","og_image":[{"width":690,"height":319,"url":"http:\/\/gentedebasquet.com.ar\/sitio\/wp-content\/uploads\/2015\/06\/San-Lorenzo-9-de-Julio.jpg","type":"image\/jpeg"}],"author":"Gente de B\u00e1squet","twitter_card":"summary_large_image","twitter_misc":{"Escrito por":"Gente de B\u00e1squet","Tiempo de lectura":"3 minutos"},"schema":{"@context":"https:\/\/schema.org","@graph":[{"@type":"Article","@id":"http:\/\/gentedebasquet.com.ar\/sitio\/2015\/06\/18\/naranja-para-el-resfrio\/#article","isPartOf":{"@id":"http:\/\/gentedebasquet.com.ar\/sitio\/2015\/06\/18\/naranja-para-el-resfrio\/"},"author":{"name":"Gente de B\u00e1squet","@id":"https:\/\/gentedebasquet.com.ar\/sitio\/#\/schema\/person\/ca0b63bbb977369988a7bbbdc519943a"},"headline":"Naranja para el resfr\u00edo","datePublished":"2015-06-19T02:45:50+00:00","mainEntityOfPage":{"@id":"http:\/\/gentedebasquet.com.ar\/sitio\/2015\/06\/18\/naranja-para-el-resfrio\/"},"wordCount":535,"image":{"@id":"http:\/\/gentedebasquet.com.ar\/sitio\/2015\/06\/18\/naranja-para-el-resfrio\/#primaryimage"},"thumbnailUrl":"https:\/\/gentedebasquet.com.ar\/sitio\/wp-content\/uploads\/2015\/06\/San-Lorenzo-9-de-Julio.jpg","keywords":["9 de Julio","Esteban Benedetti","Gonzalo Spikerman","luciano fernandez","Mart\u00edn R\u00edos Lodoli","Nahuel Diez","San Lorenzo"],"articleSection":["Primera","Slide"],"inLanguage":"es"},{"@type":"WebPage","@id":"http:\/\/gentedebasquet.com.ar\/sitio\/2015\/06\/18\/naranja-para-el-resfrio\/","url":"http:\/\/gentedebasquet.com.ar\/sitio\/2015\/06\/18\/naranja-para-el-resfrio\/","name":"Naranja para el resfr\u00edo - Gente de B\u00e1squet","isPartOf":{"@id":"https:\/\/gentedebasquet.com.ar\/sitio\/#website"},"primaryImageOfPage":{"@id":"http:\/\/gentedebasquet.com.ar\/sitio\/2015\/06\/18\/naranja-para-el-resfrio\/#primaryimage"},"image":{"@id":"http:\/\/gentedebasquet.com.ar\/sitio\/2015\/06\/18\/naranja-para-el-resfrio\/#primaryimage"},"thumbnailUrl":"https:\/\/gentedebasquet.com.ar\/sitio\/wp-content\/uploads\/2015\/06\/San-Lorenzo-9-de-Julio.jpg","datePublished":"2015-06-19T02:45:50+00:00","author":{"@id":"https:\/\/gentedebasquet.com.ar\/sitio\/#\/schema\/person\/ca0b63bbb977369988a7bbbdc519943a"},"breadcrumb":{"@id":"http:\/\/gentedebasquet.com.ar\/sitio\/2015\/06\/18\/naranja-para-el-resfrio\/#breadcrumb"},"inLanguage":"es","potentialAction":[{"@type":"ReadAction","target":["http:\/\/gentedebasquet.com.ar\/sitio\/2015\/06\/18\/naranja-para-el-resfrio\/"]}]},{"@type":"ImageObject","inLanguage":"es","@id":"http:\/\/gentedebasquet.com.ar\/sitio\/2015\/06\/18\/naranja-para-el-resfrio\/#primaryimage","url":"https:\/\/gentedebasquet.com.ar\/sitio\/wp-content\/uploads\/2015\/06\/San-Lorenzo-9-de-Julio.jpg","contentUrl":"https:\/\/gentedebasquet.com.ar\/sitio\/wp-content\/uploads\/2015\/06\/San-Lorenzo-9-de-Julio.jpg","width":690,"height":319},{"@type":"BreadcrumbList","@id":"http:\/\/gentedebasquet.com.ar\/sitio\/2015\/06\/18\/naranja-para-el-resfrio\/#breadcrumb","itemListElement":[{"@type":"ListItem","position":1,"name":"Portada","item":"https:\/\/gentedebasquet.com.ar\/sitio\/"},{"@type":"ListItem","position":2,"name":"Naranja para el resfr\u00edo"}]},{"@type":"WebSite","@id":"https:\/\/gentedebasquet.com.ar\/sitio\/#website","url":"https:\/\/gentedebasquet.com.ar\/sitio\/","name":"Gente de B\u00e1squet","description":"La revista del basquet de Bah\u00eda Blanca","potentialAction":[{"@type":"SearchAction","target":{"@type":"EntryPoint","urlTemplate":"https:\/\/gentedebasquet.com.ar\/sitio\/?s={search_term_string}"},"query-input":{"@type":"PropertyValueSpecification","valueRequired":true,"valueName":"search_term_string"}}],"inLanguage":"es"},{"@type":"Person","@id":"https:\/\/gentedebasquet.com.ar\/sitio\/#\/schema\/person\/ca0b63bbb977369988a7bbbdc519943a","name":"Gente de B\u00e1squet","image":{"@type":"ImageObject","inLanguage":"es","@id":"https:\/\/secure.gravatar.com\/avatar\/7f2c48bdc33b30088f941fb6082e555f2874c98e20cb159d7b92b50eadfce793?s=96&d=mm&r=g","url":"https:\/\/secure.gravatar.com\/avatar\/7f2c48bdc33b30088f941fb6082e555f2874c98e20cb159d7b92b50eadfce793?s=96&d=mm&r=g","contentUrl":"https:\/\/secure.gravatar.com\/avatar\/7f2c48bdc33b30088f941fb6082e555f2874c98e20cb159d7b92b50eadfce793?s=96&d=mm&r=g","caption":"Gente de B\u00e1squet"},"sameAs":["http:\/\/gentedebasquet.com.ar\/sitio"],"url":"https:\/\/gentedebasquet.com.ar\/sitio\/author\/ulises\/"}]}},"_links":{"self":[{"href":"https:\/\/gentedebasquet.com.ar\/sitio\/wp-json\/wp\/v2\/posts\/46854","targetHints":{"allow":["GET"]}}],"collection":[{"href":"https:\/\/gentedebasquet.com.ar\/sitio\/wp-json\/wp\/v2\/posts"}],"about":[{"href":"https:\/\/gentedebasquet.com.ar\/sitio\/wp-json\/wp\/v2\/types\/post"}],"author":[{"embeddable":true,"href":"https:\/\/gentedebasquet.com.ar\/sitio\/wp-json\/wp\/v2\/users\/1"}],"replies":[{"embeddable":true,"href":"https:\/\/gentedebasquet.com.ar\/sitio\/wp-json\/wp\/v2\/comments?post=46854"}],"version-history":[{"count":0,"href":"https:\/\/gentedebasquet.com.ar\/sitio\/wp-json\/wp\/v2\/posts\/46854\/revisions"}],"wp:featuredmedia":[{"embeddable":true,"href":"https:\/\/gentedebasquet.com.ar\/sitio\/wp-json\/wp\/v2\/media\/46861"}],"wp:attachment":[{"href":"https:\/\/gentedebasquet.com.ar\/sitio\/wp-json\/wp\/v2\/media?parent=46854"}],"wp:term":[{"taxonomy":"category","embeddable":true,"href":"https:\/\/gentedebasquet.com.ar\/sitio\/wp-json\/wp\/v2\/categories?post=46854"},{"taxonomy":"post_tag","embeddable":true,"href":"https:\/\/gentedebasquet.com.ar\/sitio\/wp-json\/wp\/v2\/tags?post=46854"}],"curies":[{"name":"wp","href":"https:\/\/api.w.org\/{rel}","templated":true}]}}