{"id":47158,"date":"2015-06-23T23:56:33","date_gmt":"2015-06-24T02:56:33","guid":{"rendered":"http:\/\/www.gentedebasquet.com.ar\/?p=47158"},"modified":"2015-06-23T23:56:33","modified_gmt":"2015-06-24T02:56:33","slug":"la-verde-mecanica","status":"publish","type":"post","link":"https:\/\/gentedebasquet.com.ar\/sitio\/2015\/06\/23\/la-verde-mecanica\/","title":{"rendered":"La verde mec\u00e1nica"},"content":{"rendered":"<p><b style=\"line-height: 1.5em;\">Pac\u00edfico sigue en por buena senda y venci\u00f3 a Comercial a domicilio por 82 a 66. El verde domin\u00f3 de principio a fin, aunque en el \u00faltimo cuarto peligr\u00f3 la victoria cuando los del puerto se pusieron a 9 con un gran empuje an\u00edmico. Aun as\u00ed, el verde mantuvo la frialdad y paciencia ofensiva para liquidar las acciones. Fernando Bonino fue el pionero de la victoria con 18 puntos, bien continuado por Larrandart con 17. Adem\u00e1s, Sacrist\u00e1n estuvo cerca del triple doble (10 puntos, 10 rebotes y 8 asistencias). En el local hubo 18 de Chaves y 15 de Lella.<\/b><\/p>\n<p>El primer cuarto fue de rachas. La primera mitad del per\u00edodo tuvo bajo goleo (5-2), por eso Kooistra detuvo el partido para reparar las falencias ofensivas. Y lo logr\u00f3. Pac\u00edfico enhebr\u00f3 un parcial de 6-0 para tomar la delantera, aunque Comercial mantuvo el ritmo goleador con 7 de Chaves para liderar 17-15.<\/p>\n<p>En el segundo el verde estuvo de racha. En 2min30 tuvo una racha de 10-2, lastimando la zona del rival con facilidad, pasando al frente y obligando el tiempo muerto de Dodero. Hacia la mitad del segmento, el visitante mostr\u00f3 variantes ofensivas con buenas combinaciones de Sacrist\u00e1n (2 asistencias) y Ru\u00edz (8 pts. en la pintura). Adem\u00e1s supo cerrar su defensa y asegurar el rebote para ganar el per\u00edodo 27-14 y gobernar 42 a 31 en el entretiempo.<\/p>\n<p>Los de Kooistra no perdieron el tiempo. En 4min30, Pac\u00edfico convirti\u00f3 un parcial de 11-4 (6 de Larrandart) para mantenerse con tranquilidad. Comercial no logr\u00f3 asentar su juego y la defensa hac\u00eda estragos, permitiendo que el verde contin\u00fae por delante 59 a 47.<\/p>\n<p>En el ep\u00edlogo Comercial amenaz\u00f3. Los locales se pusieron a 9 en menos de 1min y el empuje an\u00edmico pareci\u00f3 que pod\u00eda revertir la historia. Pero no fue as\u00ed. Meneses anot\u00f3 5 puntos al hilo y Pac\u00edfico recuper\u00f3 su ritmo ofensivo para anotar con paciencia y correr en los momentos necesarios para liquidar el partido 82 a 66.<\/p>\n<p>&nbsp;<\/p>\n<p><iframe loading=\"lazy\" src=\"https:\/\/www.youtube.com\/embed\/8LqmiIeKPJs?rel=0\" height=\"480\" width=\"640\" allowfullscreen=\"\" frameborder=\"0\"><\/iframe><\/p>\n<p>&nbsp;<\/p>\n<p><b>S\u00edntesis | <\/b>Segunda Divisi\u00f3n \u2013 Fecha #15.<\/p>\n<p><b>Comercial 66:<\/b> Amilcar Andreanelli 13, Dalmiro Lella 15, Gast\u00f3n Chaves 18, Ignacio \u00c9rcoli 2, Pablo Pollio 3 (FI); Nicol\u00e1s Riviere 2, Mart\u00edn Godoy 9, Silvio Brunetti 0, Nicol\u00e1s Vallejos 0, Maximiliano Husman 0, Ignacio Luppino 4, Ramiro Riviere 0. DT: Sebasti\u00e1n Dodero.<\/p>\n<p><b>Pac\u00edfico 82:<\/b> Ezequiel Meneses 9, Manuel Sacrist\u00e1n 10, Fernando Bonino 18 (x), Joaqu\u00edn Larrandart 17, Mauricio Gonz\u00e1lez 8 (FI); Mauro Richotti 7, Genaro Pisano 0, Manuel Maina 0, Juan Cruz Marini 0, Franco Mastandrea 0, Facundo Wattson 0, Lucas Ru\u00edz 13. DT: Pablo Kooistra.<\/p>\n<p><b>Parciales:<\/b> 17-15, 31-42 (14-27), 47-59 (16-17), 66-82 (19-23).<\/p>\n<p><b>\u00c1rbitros:<\/b> Alejandro Ramallo \u2013 Marjorie Stuardo.<\/p>\n<p><b>Estadio:<\/b> Osvaldo Giorgetti (Comercial).<\/p>\n<p><a class=\"modalf iframe\" title=\"Planilla\" href=\"https:\/\/docs.google.com\/spreadsheets\/d\/1imuvIAQxQtzIasmKfxssC98R2v__2MapfPzCTZF3XgE\/pubhtml?gid=275416839&amp;single=true\" target=\"_blank\" rel=\"noopener\">Ver Planilla<\/a><\/p>\n","protected":false},"excerpt":{"rendered":"<p>Pac\u00edfico venci\u00f3 a Comercial 82 a 66 y estir\u00f3 su gran presente<\/p>\n","protected":false},"author":1,"featured_media":47159,"comment_status":"closed","ping_status":"open","sticky":false,"template":"","format":"standard","meta":{"jnews-multi-image_gallery":[],"jnews_single_post":[],"jnews_primary_category":[],"footnotes":""},"categories":[25,101],"tags":[7,577,211,17],"class_list":["post-47158","post","type-post","status-publish","format-standard","has-post-thumbnail","hentry","category-segunda","category-slide","tag-comercial","tag-fernando-bonino","tag-joaquin-larrandart","tag-pacifico"],"yoast_head":"<!-- This site is optimized with the Yoast SEO plugin v27.5 - https:\/\/yoast.com\/product\/yoast-seo-wordpress\/ -->\n<title>La verde mec\u00e1nica - Gente de B\u00e1squet<\/title>\n<meta name=\"robots\" content=\"index, follow, max-snippet:-1, max-image-preview:large, max-video-preview:-1\" \/>\n<link rel=\"canonical\" href=\"https:\/\/gentedebasquet.com.ar\/sitio\/2015\/06\/23\/la-verde-mecanica\/\" \/>\n<meta property=\"og:locale\" content=\"es_ES\" \/>\n<meta property=\"og:type\" content=\"article\" \/>\n<meta property=\"og:title\" content=\"La verde mec\u00e1nica - Gente de B\u00e1squet\" \/>\n<meta property=\"og:description\" content=\"Pac\u00edfico venci\u00f3 a Comercial 82 a 66 y estir\u00f3 su gran presente\" \/>\n<meta property=\"og:url\" content=\"https:\/\/gentedebasquet.com.ar\/sitio\/2015\/06\/23\/la-verde-mecanica\/\" \/>\n<meta property=\"og:site_name\" content=\"Gente de B\u00e1squet\" \/>\n<meta property=\"article:published_time\" content=\"2015-06-24T02:56:33+00:00\" \/>\n<meta property=\"og:image\" content=\"https:\/\/gentedebasquet.com.ar\/sitio\/wp-content\/uploads\/2015\/06\/Fernando-Bonino.jpg\" \/>\n\t<meta property=\"og:image:width\" content=\"690\" \/>\n\t<meta property=\"og:image:height\" content=\"319\" \/>\n\t<meta property=\"og:image:type\" content=\"image\/jpeg\" \/>\n<meta name=\"author\" content=\"Gente de B\u00e1squet\" \/>\n<meta name=\"twitter:card\" content=\"summary_large_image\" \/>\n<meta name=\"twitter:label1\" content=\"Escrito por\" \/>\n\t<meta name=\"twitter:data1\" content=\"Gente de B\u00e1squet\" \/>\n\t<meta name=\"twitter:label2\" content=\"Tiempo de lectura\" \/>\n\t<meta name=\"twitter:data2\" content=\"2 minutos\" \/>\n<script type=\"application\/ld+json\" class=\"yoast-schema-graph\">{\"@context\":\"https:\\\/\\\/schema.org\",\"@graph\":[{\"@type\":\"Article\",\"@id\":\"https:\\\/\\\/gentedebasquet.com.ar\\\/sitio\\\/2015\\\/06\\\/23\\\/la-verde-mecanica\\\/#article\",\"isPartOf\":{\"@id\":\"https:\\\/\\\/gentedebasquet.com.ar\\\/sitio\\\/2015\\\/06\\\/23\\\/la-verde-mecanica\\\/\"},\"author\":{\"name\":\"Gente de B\u00e1squet\",\"@id\":\"https:\\\/\\\/gentedebasquet.com.ar\\\/sitio\\\/#\\\/schema\\\/person\\\/ca0b63bbb977369988a7bbbdc519943a\"},\"headline\":\"La verde mec\u00e1nica\",\"datePublished\":\"2015-06-24T02:56:33+00:00\",\"mainEntityOfPage\":{\"@id\":\"https:\\\/\\\/gentedebasquet.com.ar\\\/sitio\\\/2015\\\/06\\\/23\\\/la-verde-mecanica\\\/\"},\"wordCount\":427,\"image\":{\"@id\":\"https:\\\/\\\/gentedebasquet.com.ar\\\/sitio\\\/2015\\\/06\\\/23\\\/la-verde-mecanica\\\/#primaryimage\"},\"thumbnailUrl\":\"https:\\\/\\\/gentedebasquet.com.ar\\\/sitio\\\/wp-content\\\/uploads\\\/2015\\\/06\\\/Fernando-Bonino.jpg\",\"keywords\":[\"Comercial\",\"Fernando Bonino\",\"Joaqu\u00edn Larrandart\",\"Pacifico\"],\"articleSection\":[\"Segunda\",\"Slide\"],\"inLanguage\":\"es\"},{\"@type\":\"WebPage\",\"@id\":\"https:\\\/\\\/gentedebasquet.com.ar\\\/sitio\\\/2015\\\/06\\\/23\\\/la-verde-mecanica\\\/\",\"url\":\"https:\\\/\\\/gentedebasquet.com.ar\\\/sitio\\\/2015\\\/06\\\/23\\\/la-verde-mecanica\\\/\",\"name\":\"La verde mec\u00e1nica - Gente de B\u00e1squet\",\"isPartOf\":{\"@id\":\"https:\\\/\\\/gentedebasquet.com.ar\\\/sitio\\\/#website\"},\"primaryImageOfPage\":{\"@id\":\"https:\\\/\\\/gentedebasquet.com.ar\\\/sitio\\\/2015\\\/06\\\/23\\\/la-verde-mecanica\\\/#primaryimage\"},\"image\":{\"@id\":\"https:\\\/\\\/gentedebasquet.com.ar\\\/sitio\\\/2015\\\/06\\\/23\\\/la-verde-mecanica\\\/#primaryimage\"},\"thumbnailUrl\":\"https:\\\/\\\/gentedebasquet.com.ar\\\/sitio\\\/wp-content\\\/uploads\\\/2015\\\/06\\\/Fernando-Bonino.jpg\",\"datePublished\":\"2015-06-24T02:56:33+00:00\",\"author\":{\"@id\":\"https:\\\/\\\/gentedebasquet.com.ar\\\/sitio\\\/#\\\/schema\\\/person\\\/ca0b63bbb977369988a7bbbdc519943a\"},\"breadcrumb\":{\"@id\":\"https:\\\/\\\/gentedebasquet.com.ar\\\/sitio\\\/2015\\\/06\\\/23\\\/la-verde-mecanica\\\/#breadcrumb\"},\"inLanguage\":\"es\",\"potentialAction\":[{\"@type\":\"ReadAction\",\"target\":[\"https:\\\/\\\/gentedebasquet.com.ar\\\/sitio\\\/2015\\\/06\\\/23\\\/la-verde-mecanica\\\/\"]}]},{\"@type\":\"ImageObject\",\"inLanguage\":\"es\",\"@id\":\"https:\\\/\\\/gentedebasquet.com.ar\\\/sitio\\\/2015\\\/06\\\/23\\\/la-verde-mecanica\\\/#primaryimage\",\"url\":\"https:\\\/\\\/gentedebasquet.com.ar\\\/sitio\\\/wp-content\\\/uploads\\\/2015\\\/06\\\/Fernando-Bonino.jpg\",\"contentUrl\":\"https:\\\/\\\/gentedebasquet.com.ar\\\/sitio\\\/wp-content\\\/uploads\\\/2015\\\/06\\\/Fernando-Bonino.jpg\",\"width\":690,\"height\":319},{\"@type\":\"BreadcrumbList\",\"@id\":\"https:\\\/\\\/gentedebasquet.com.ar\\\/sitio\\\/2015\\\/06\\\/23\\\/la-verde-mecanica\\\/#breadcrumb\",\"itemListElement\":[{\"@type\":\"ListItem\",\"position\":1,\"name\":\"Portada\",\"item\":\"https:\\\/\\\/gentedebasquet.com.ar\\\/sitio\\\/\"},{\"@type\":\"ListItem\",\"position\":2,\"name\":\"La verde mec\u00e1nica\"}]},{\"@type\":\"WebSite\",\"@id\":\"https:\\\/\\\/gentedebasquet.com.ar\\\/sitio\\\/#website\",\"url\":\"https:\\\/\\\/gentedebasquet.com.ar\\\/sitio\\\/\",\"name\":\"Gente de B\u00e1squet\",\"description\":\"La revista del basquet de Bah\u00eda Blanca\",\"potentialAction\":[{\"@type\":\"SearchAction\",\"target\":{\"@type\":\"EntryPoint\",\"urlTemplate\":\"https:\\\/\\\/gentedebasquet.com.ar\\\/sitio\\\/?s={search_term_string}\"},\"query-input\":{\"@type\":\"PropertyValueSpecification\",\"valueRequired\":true,\"valueName\":\"search_term_string\"}}],\"inLanguage\":\"es\"},{\"@type\":\"Person\",\"@id\":\"https:\\\/\\\/gentedebasquet.com.ar\\\/sitio\\\/#\\\/schema\\\/person\\\/ca0b63bbb977369988a7bbbdc519943a\",\"name\":\"Gente de B\u00e1squet\",\"image\":{\"@type\":\"ImageObject\",\"inLanguage\":\"es\",\"@id\":\"https:\\\/\\\/secure.gravatar.com\\\/avatar\\\/7f2c48bdc33b30088f941fb6082e555f2874c98e20cb159d7b92b50eadfce793?s=96&d=mm&r=g\",\"url\":\"https:\\\/\\\/secure.gravatar.com\\\/avatar\\\/7f2c48bdc33b30088f941fb6082e555f2874c98e20cb159d7b92b50eadfce793?s=96&d=mm&r=g\",\"contentUrl\":\"https:\\\/\\\/secure.gravatar.com\\\/avatar\\\/7f2c48bdc33b30088f941fb6082e555f2874c98e20cb159d7b92b50eadfce793?s=96&d=mm&r=g\",\"caption\":\"Gente de B\u00e1squet\"},\"sameAs\":[\"http:\\\/\\\/gentedebasquet.com.ar\\\/sitio\"],\"url\":\"https:\\\/\\\/gentedebasquet.com.ar\\\/sitio\\\/author\\\/ulises\\\/\"}]}<\/script>\n<!-- \/ Yoast SEO plugin. -->","yoast_head_json":{"title":"La verde mec\u00e1nica - Gente de B\u00e1squet","robots":{"index":"index","follow":"follow","max-snippet":"max-snippet:-1","max-image-preview":"max-image-preview:large","max-video-preview":"max-video-preview:-1"},"canonical":"https:\/\/gentedebasquet.com.ar\/sitio\/2015\/06\/23\/la-verde-mecanica\/","og_locale":"es_ES","og_type":"article","og_title":"La verde mec\u00e1nica - Gente de B\u00e1squet","og_description":"Pac\u00edfico venci\u00f3 a Comercial 82 a 66 y estir\u00f3 su gran presente","og_url":"https:\/\/gentedebasquet.com.ar\/sitio\/2015\/06\/23\/la-verde-mecanica\/","og_site_name":"Gente de B\u00e1squet","article_published_time":"2015-06-24T02:56:33+00:00","og_image":[{"width":690,"height":319,"url":"https:\/\/gentedebasquet.com.ar\/sitio\/wp-content\/uploads\/2015\/06\/Fernando-Bonino.jpg","type":"image\/jpeg"}],"author":"Gente de B\u00e1squet","twitter_card":"summary_large_image","twitter_misc":{"Escrito por":"Gente de B\u00e1squet","Tiempo de lectura":"2 minutos"},"schema":{"@context":"https:\/\/schema.org","@graph":[{"@type":"Article","@id":"https:\/\/gentedebasquet.com.ar\/sitio\/2015\/06\/23\/la-verde-mecanica\/#article","isPartOf":{"@id":"https:\/\/gentedebasquet.com.ar\/sitio\/2015\/06\/23\/la-verde-mecanica\/"},"author":{"name":"Gente de B\u00e1squet","@id":"https:\/\/gentedebasquet.com.ar\/sitio\/#\/schema\/person\/ca0b63bbb977369988a7bbbdc519943a"},"headline":"La verde mec\u00e1nica","datePublished":"2015-06-24T02:56:33+00:00","mainEntityOfPage":{"@id":"https:\/\/gentedebasquet.com.ar\/sitio\/2015\/06\/23\/la-verde-mecanica\/"},"wordCount":427,"image":{"@id":"https:\/\/gentedebasquet.com.ar\/sitio\/2015\/06\/23\/la-verde-mecanica\/#primaryimage"},"thumbnailUrl":"https:\/\/gentedebasquet.com.ar\/sitio\/wp-content\/uploads\/2015\/06\/Fernando-Bonino.jpg","keywords":["Comercial","Fernando Bonino","Joaqu\u00edn Larrandart","Pacifico"],"articleSection":["Segunda","Slide"],"inLanguage":"es"},{"@type":"WebPage","@id":"https:\/\/gentedebasquet.com.ar\/sitio\/2015\/06\/23\/la-verde-mecanica\/","url":"https:\/\/gentedebasquet.com.ar\/sitio\/2015\/06\/23\/la-verde-mecanica\/","name":"La verde mec\u00e1nica - Gente de B\u00e1squet","isPartOf":{"@id":"https:\/\/gentedebasquet.com.ar\/sitio\/#website"},"primaryImageOfPage":{"@id":"https:\/\/gentedebasquet.com.ar\/sitio\/2015\/06\/23\/la-verde-mecanica\/#primaryimage"},"image":{"@id":"https:\/\/gentedebasquet.com.ar\/sitio\/2015\/06\/23\/la-verde-mecanica\/#primaryimage"},"thumbnailUrl":"https:\/\/gentedebasquet.com.ar\/sitio\/wp-content\/uploads\/2015\/06\/Fernando-Bonino.jpg","datePublished":"2015-06-24T02:56:33+00:00","author":{"@id":"https:\/\/gentedebasquet.com.ar\/sitio\/#\/schema\/person\/ca0b63bbb977369988a7bbbdc519943a"},"breadcrumb":{"@id":"https:\/\/gentedebasquet.com.ar\/sitio\/2015\/06\/23\/la-verde-mecanica\/#breadcrumb"},"inLanguage":"es","potentialAction":[{"@type":"ReadAction","target":["https:\/\/gentedebasquet.com.ar\/sitio\/2015\/06\/23\/la-verde-mecanica\/"]}]},{"@type":"ImageObject","inLanguage":"es","@id":"https:\/\/gentedebasquet.com.ar\/sitio\/2015\/06\/23\/la-verde-mecanica\/#primaryimage","url":"https:\/\/gentedebasquet.com.ar\/sitio\/wp-content\/uploads\/2015\/06\/Fernando-Bonino.jpg","contentUrl":"https:\/\/gentedebasquet.com.ar\/sitio\/wp-content\/uploads\/2015\/06\/Fernando-Bonino.jpg","width":690,"height":319},{"@type":"BreadcrumbList","@id":"https:\/\/gentedebasquet.com.ar\/sitio\/2015\/06\/23\/la-verde-mecanica\/#breadcrumb","itemListElement":[{"@type":"ListItem","position":1,"name":"Portada","item":"https:\/\/gentedebasquet.com.ar\/sitio\/"},{"@type":"ListItem","position":2,"name":"La verde mec\u00e1nica"}]},{"@type":"WebSite","@id":"https:\/\/gentedebasquet.com.ar\/sitio\/#website","url":"https:\/\/gentedebasquet.com.ar\/sitio\/","name":"Gente de B\u00e1squet","description":"La revista del basquet de Bah\u00eda Blanca","potentialAction":[{"@type":"SearchAction","target":{"@type":"EntryPoint","urlTemplate":"https:\/\/gentedebasquet.com.ar\/sitio\/?s={search_term_string}"},"query-input":{"@type":"PropertyValueSpecification","valueRequired":true,"valueName":"search_term_string"}}],"inLanguage":"es"},{"@type":"Person","@id":"https:\/\/gentedebasquet.com.ar\/sitio\/#\/schema\/person\/ca0b63bbb977369988a7bbbdc519943a","name":"Gente de B\u00e1squet","image":{"@type":"ImageObject","inLanguage":"es","@id":"https:\/\/secure.gravatar.com\/avatar\/7f2c48bdc33b30088f941fb6082e555f2874c98e20cb159d7b92b50eadfce793?s=96&d=mm&r=g","url":"https:\/\/secure.gravatar.com\/avatar\/7f2c48bdc33b30088f941fb6082e555f2874c98e20cb159d7b92b50eadfce793?s=96&d=mm&r=g","contentUrl":"https:\/\/secure.gravatar.com\/avatar\/7f2c48bdc33b30088f941fb6082e555f2874c98e20cb159d7b92b50eadfce793?s=96&d=mm&r=g","caption":"Gente de B\u00e1squet"},"sameAs":["http:\/\/gentedebasquet.com.ar\/sitio"],"url":"https:\/\/gentedebasquet.com.ar\/sitio\/author\/ulises\/"}]}},"_links":{"self":[{"href":"https:\/\/gentedebasquet.com.ar\/sitio\/wp-json\/wp\/v2\/posts\/47158","targetHints":{"allow":["GET"]}}],"collection":[{"href":"https:\/\/gentedebasquet.com.ar\/sitio\/wp-json\/wp\/v2\/posts"}],"about":[{"href":"https:\/\/gentedebasquet.com.ar\/sitio\/wp-json\/wp\/v2\/types\/post"}],"author":[{"embeddable":true,"href":"https:\/\/gentedebasquet.com.ar\/sitio\/wp-json\/wp\/v2\/users\/1"}],"replies":[{"embeddable":true,"href":"https:\/\/gentedebasquet.com.ar\/sitio\/wp-json\/wp\/v2\/comments?post=47158"}],"version-history":[{"count":0,"href":"https:\/\/gentedebasquet.com.ar\/sitio\/wp-json\/wp\/v2\/posts\/47158\/revisions"}],"wp:featuredmedia":[{"embeddable":true,"href":"https:\/\/gentedebasquet.com.ar\/sitio\/wp-json\/wp\/v2\/media\/47159"}],"wp:attachment":[{"href":"https:\/\/gentedebasquet.com.ar\/sitio\/wp-json\/wp\/v2\/media?parent=47158"}],"wp:term":[{"taxonomy":"category","embeddable":true,"href":"https:\/\/gentedebasquet.com.ar\/sitio\/wp-json\/wp\/v2\/categories?post=47158"},{"taxonomy":"post_tag","embeddable":true,"href":"https:\/\/gentedebasquet.com.ar\/sitio\/wp-json\/wp\/v2\/tags?post=47158"}],"curies":[{"name":"wp","href":"https:\/\/api.w.org\/{rel}","templated":true}]}}