{"id":47165,"date":"2015-06-23T23:24:58","date_gmt":"2015-06-24T02:24:58","guid":{"rendered":"http:\/\/www.gentedebasquet.com.ar\/?p=47165"},"modified":"2015-06-23T23:24:58","modified_gmt":"2015-06-24T02:24:58","slug":"independientemente-del-frio","status":"publish","type":"post","link":"https:\/\/gentedebasquet.com.ar\/sitio\/2015\/06\/23\/independientemente-del-frio\/","title":{"rendered":"Independientemente del fr\u00edo"},"content":{"rendered":"<p><b>Independiente se impuso sobre La Falda 80 a 54 en un deslucido encuentro, donde el fr\u00edo gan\u00f3 la batalla en cada sector de la cancha. De esta manera el \u201cViola\u201d sigue prendido bien arriba en la tabla de posiciones y depende de s\u00ed mismo para quedarse con el tercer puesto de cara a los playoffs. Andr\u00e9s Maidana (16, 6\/9 T2 y 20 de valoraci\u00f3n), Juan Cruz Reschini (14, 6\/9 T2) y Sebasti\u00e1n Branciforte (13 y 26 de valoraci\u00f3n) fueron los m\u00e1s destacados por el elenco ganador; mientras que Federico Vilouta (14), Federico Gonz\u00e1lez (12) y Facundo Roque (11) sobresalieron en un equipo que una vez m\u00e1s las p\u00e9rdidas (18) fueron su tal\u00f3n de Aquiles.<\/b><span style=\"color: #ff6600;\"><br \/>\n<\/span><\/p>\n<p>El encuentro se torn\u00f3 muy parejo desde el inicio ya que La Falda comenz\u00f3 muy certero desde el per\u00edmetro con dos triples de Altuna (2\/2) m\u00e1s uno de Gonz\u00e1lez, adem\u00e1s de alimentar la presencia de Mond\u00f3n (6) en la pintura. Mientras que Reschini (6) rompi\u00f3 defensas constantemente con sus penetraciones al igual que Branciforte (5); y Montanaro (5) haciendo el trabajo sucio en los tableros, logrando segundas chances para su equipo. Aunque cuando Maidana (7) encontr\u00f3 su lanzamiento de frente al cesto fue cuando Independiente mejor\u00f3 su funcionamiento en ofensiva.<\/p>\n<p>Su deuda a\u00fan estaba atr\u00e1s, donde permit\u00eda tiros c\u00f3modos o cortes f\u00e1ciles hacia el cesto. Y esto lo mejor\u00f3 en el segundo cuarto cuando de movida estamp\u00f3 un 10-0 cortando la primera l\u00ednea de pase o anticip\u00e1ndose al pase extra que intent\u00f3 La Falda (7 p\u00e9rdidas). Con Maidana (7) haciendo de las suyas en la pintura y Reschini (6) acompan\u00e1ndolo sin mayor oposici\u00f3n, el \u201cViola\u201d tom\u00f3 distancias en el marcador (33-21). En la vereda de enfrente Gonz\u00e1lez (5) intentaba a restos individuales en un equipo que lograba anotar desde la l\u00ednea (7\/8 T1) dejando en evidencia la falta de variantes (0\/9 TC el resto del equipo).<\/p>\n<p>El tercer segmento estuvo marcado por las imprecisiones (7 p\u00e9rdidas Independiente) y la floja efectividad (1\/11 TC La Falda) de uno y otro equipo respectivamente. Con poco de Banchero debajo del aro el visitante domin\u00f3 las acciones, pero principalmente manteniendo su intensidad en defensa, sin que se sientan sus errores en ataque. Mientras que por el due\u00f1o de casa no alcanz\u00f3 con el trabajo de siempre de Vilouta (6), quien a esa altura era quien intentaba algo distinto atacando el canasto en lugar de apostar al tiro exterior.<\/p>\n<p>Ya con el encuentro definido, Gonz\u00e1lez (11, tir\u00f3 para anotar 16) aprovech\u00f3 sus minutos en cancha para Independiente, acompa\u00f1ando lo bueno que hab\u00edan iniciado Branciforte y Banchero (9 entre ambos). Mientras que la verg\u00fcenza deportiva de Gonz\u00e1lez y Roque fueron lo destacado por el rival, a quien le est\u00e1 costando m\u00e1s de la cuenta con las ausencias (Alfonso, Themtham, Obreque, Fern\u00e1ndez y Gim\u00e9nez).<\/p>\n<p>&nbsp;<\/p>\n<p>[vimeo]http:\/\/vimeo.com\/131619325[\/vimeo]<\/p>\n<p>&nbsp;<\/p>\n<p><strong>S\u00edntesis |\u00a0<\/strong><strong>Segunda Divisi\u00f3n &#8211; <\/strong>Fecha #16<\/p>\n<p><strong>La Falda 54:<\/strong> Facundo Roque 11, Facundo Altuna 8, Federico Vilouta 14, Federico Gonz\u00e1lez 12 y Andr\u00e9s Mond\u00f3n 6 (F.I.); Gustavo Lan 0, Thom\u00e1s Minnucci 0, Gabriel Saieg 0, Guido Delucchi 0 y Franco Rom\u00e1n 3.\u00a0DT: Nicol\u00e1s Becchina.<strong><\/strong><\/p>\n<p><strong>Independiente 80:<\/strong>\u00a0Juan Cruz Reschini 14, Sebasti\u00e1n Branciforte 13, Mauro Montanaro 9, Andr\u00e9s Maidana 16 y Gustavo Banchero 12 (F.I.); Mario Minervino 0, Nicol\u00e1s Caputo 3, Mariano Guill\u00e9n 2, Mauro Insaurralde 0, Juan Ignacio Maurizzi 0, Ezequiel Zani 0 y Joaqu\u00edn Gonz\u00e1lez 11.\u00a0DT: Javier Musumeci.<\/p>\n<p><strong>Parciales:<\/strong> 21-23, 33-45 (12-22), 41-58 (8-13) y 54-80 (13-22).<\/p>\n<p><strong>\u00c1rbitros:<\/strong> Emanuel S\u00e1nchez y Diego Kessler.<\/p>\n<p><strong>Estadio:<\/strong>\u00a0La Falda.<\/p>\n<p><a class=\"modalf iframe\" title=\"Planilla\" href=\"https:\/\/docs.google.com\/spreadsheets\/d\/101sBKpTsVoN_nbw5L34B_z_IwOOh3_5t8Ejd3ECcuIE\/pubhtml\" target=\"_blank\" rel=\"noopener\">Ver Planilla<\/a><\/p>\n<p>&nbsp;<\/p>\n<p>[vimeo]http:\/\/vimeo.com\/131616885[\/vimeo]<\/p>\n","protected":false},"excerpt":{"rendered":"<p>El Viola calienta motores de cara a los playoffs: 80-54 a La Falda<\/p>\n","protected":false},"author":1,"featured_media":47166,"comment_status":"closed","ping_status":"open","sticky":false,"template":"","format":"standard","meta":{"jnews-multi-image_gallery":[],"jnews_single_post":[],"jnews_primary_category":[],"footnotes":""},"categories":[25,101],"tags":[549,739,268,303,12,550,13,586],"class_list":["post-47165","post","type-post","status-publish","format-standard","has-post-thumbnail","hentry","category-segunda","category-slide","tag-andres-maidana","tag-facundo-roque","tag-federico-gonzalez","tag-federico-vilouta","tag-independiente","tag-juan-cruz-reschini","tag-la-falda","tag-sebastian-branciforte"],"yoast_head":"<!-- This site is optimized with the Yoast SEO plugin v27.5 - https:\/\/yoast.com\/product\/yoast-seo-wordpress\/ -->\n<title>Independientemente del fr\u00edo - Gente de B\u00e1squet<\/title>\n<meta name=\"robots\" content=\"index, follow, max-snippet:-1, max-image-preview:large, max-video-preview:-1\" \/>\n<link rel=\"canonical\" href=\"https:\/\/gentedebasquet.com.ar\/sitio\/2015\/06\/23\/independientemente-del-frio\/\" \/>\n<meta property=\"og:locale\" content=\"es_ES\" \/>\n<meta property=\"og:type\" content=\"article\" \/>\n<meta property=\"og:title\" content=\"Independientemente del fr\u00edo - Gente de B\u00e1squet\" \/>\n<meta property=\"og:description\" content=\"El Viola calienta motores de cara a los playoffs: 80-54 a La Falda\" \/>\n<meta property=\"og:url\" content=\"https:\/\/gentedebasquet.com.ar\/sitio\/2015\/06\/23\/independientemente-del-frio\/\" \/>\n<meta property=\"og:site_name\" content=\"Gente de B\u00e1squet\" \/>\n<meta property=\"article:published_time\" content=\"2015-06-24T02:24:58+00:00\" \/>\n<meta property=\"og:image\" content=\"https:\/\/gentedebasquet.com.ar\/sitio\/wp-content\/uploads\/2015\/06\/DSCF5710.jpg\" \/>\n\t<meta property=\"og:image:width\" content=\"690\" \/>\n\t<meta property=\"og:image:height\" content=\"319\" \/>\n\t<meta property=\"og:image:type\" content=\"image\/jpeg\" \/>\n<meta name=\"author\" content=\"Gente de B\u00e1squet\" \/>\n<meta name=\"twitter:card\" content=\"summary_large_image\" \/>\n<meta name=\"twitter:label1\" content=\"Escrito por\" \/>\n\t<meta name=\"twitter:data1\" content=\"Gente de B\u00e1squet\" \/>\n\t<meta name=\"twitter:label2\" content=\"Tiempo de lectura\" \/>\n\t<meta name=\"twitter:data2\" content=\"3 minutos\" \/>\n<script type=\"application\/ld+json\" class=\"yoast-schema-graph\">{\"@context\":\"https:\\\/\\\/schema.org\",\"@graph\":[{\"@type\":\"Article\",\"@id\":\"https:\\\/\\\/gentedebasquet.com.ar\\\/sitio\\\/2015\\\/06\\\/23\\\/independientemente-del-frio\\\/#article\",\"isPartOf\":{\"@id\":\"https:\\\/\\\/gentedebasquet.com.ar\\\/sitio\\\/2015\\\/06\\\/23\\\/independientemente-del-frio\\\/\"},\"author\":{\"name\":\"Gente de B\u00e1squet\",\"@id\":\"https:\\\/\\\/gentedebasquet.com.ar\\\/sitio\\\/#\\\/schema\\\/person\\\/ca0b63bbb977369988a7bbbdc519943a\"},\"headline\":\"Independientemente del fr\u00edo\",\"datePublished\":\"2015-06-24T02:24:58+00:00\",\"mainEntityOfPage\":{\"@id\":\"https:\\\/\\\/gentedebasquet.com.ar\\\/sitio\\\/2015\\\/06\\\/23\\\/independientemente-del-frio\\\/\"},\"wordCount\":587,\"image\":{\"@id\":\"https:\\\/\\\/gentedebasquet.com.ar\\\/sitio\\\/2015\\\/06\\\/23\\\/independientemente-del-frio\\\/#primaryimage\"},\"thumbnailUrl\":\"https:\\\/\\\/gentedebasquet.com.ar\\\/sitio\\\/wp-content\\\/uploads\\\/2015\\\/06\\\/DSCF5710.jpg\",\"keywords\":[\"Andr\u00e9s Maidana\",\"Facundo Roque\",\"Federico Gonz\u00e1lez\",\"Federico Vilouta\",\"independiente\",\"Juan Cruz Reschini\",\"La Falda\",\"Sebasti\u00e1n Branciforte\"],\"articleSection\":[\"Segunda\",\"Slide\"],\"inLanguage\":\"es\"},{\"@type\":\"WebPage\",\"@id\":\"https:\\\/\\\/gentedebasquet.com.ar\\\/sitio\\\/2015\\\/06\\\/23\\\/independientemente-del-frio\\\/\",\"url\":\"https:\\\/\\\/gentedebasquet.com.ar\\\/sitio\\\/2015\\\/06\\\/23\\\/independientemente-del-frio\\\/\",\"name\":\"Independientemente del fr\u00edo - Gente de B\u00e1squet\",\"isPartOf\":{\"@id\":\"https:\\\/\\\/gentedebasquet.com.ar\\\/sitio\\\/#website\"},\"primaryImageOfPage\":{\"@id\":\"https:\\\/\\\/gentedebasquet.com.ar\\\/sitio\\\/2015\\\/06\\\/23\\\/independientemente-del-frio\\\/#primaryimage\"},\"image\":{\"@id\":\"https:\\\/\\\/gentedebasquet.com.ar\\\/sitio\\\/2015\\\/06\\\/23\\\/independientemente-del-frio\\\/#primaryimage\"},\"thumbnailUrl\":\"https:\\\/\\\/gentedebasquet.com.ar\\\/sitio\\\/wp-content\\\/uploads\\\/2015\\\/06\\\/DSCF5710.jpg\",\"datePublished\":\"2015-06-24T02:24:58+00:00\",\"author\":{\"@id\":\"https:\\\/\\\/gentedebasquet.com.ar\\\/sitio\\\/#\\\/schema\\\/person\\\/ca0b63bbb977369988a7bbbdc519943a\"},\"breadcrumb\":{\"@id\":\"https:\\\/\\\/gentedebasquet.com.ar\\\/sitio\\\/2015\\\/06\\\/23\\\/independientemente-del-frio\\\/#breadcrumb\"},\"inLanguage\":\"es\",\"potentialAction\":[{\"@type\":\"ReadAction\",\"target\":[\"https:\\\/\\\/gentedebasquet.com.ar\\\/sitio\\\/2015\\\/06\\\/23\\\/independientemente-del-frio\\\/\"]}]},{\"@type\":\"ImageObject\",\"inLanguage\":\"es\",\"@id\":\"https:\\\/\\\/gentedebasquet.com.ar\\\/sitio\\\/2015\\\/06\\\/23\\\/independientemente-del-frio\\\/#primaryimage\",\"url\":\"https:\\\/\\\/gentedebasquet.com.ar\\\/sitio\\\/wp-content\\\/uploads\\\/2015\\\/06\\\/DSCF5710.jpg\",\"contentUrl\":\"https:\\\/\\\/gentedebasquet.com.ar\\\/sitio\\\/wp-content\\\/uploads\\\/2015\\\/06\\\/DSCF5710.jpg\",\"width\":690,\"height\":319},{\"@type\":\"BreadcrumbList\",\"@id\":\"https:\\\/\\\/gentedebasquet.com.ar\\\/sitio\\\/2015\\\/06\\\/23\\\/independientemente-del-frio\\\/#breadcrumb\",\"itemListElement\":[{\"@type\":\"ListItem\",\"position\":1,\"name\":\"Portada\",\"item\":\"https:\\\/\\\/gentedebasquet.com.ar\\\/sitio\\\/\"},{\"@type\":\"ListItem\",\"position\":2,\"name\":\"Independientemente del fr\u00edo\"}]},{\"@type\":\"WebSite\",\"@id\":\"https:\\\/\\\/gentedebasquet.com.ar\\\/sitio\\\/#website\",\"url\":\"https:\\\/\\\/gentedebasquet.com.ar\\\/sitio\\\/\",\"name\":\"Gente de B\u00e1squet\",\"description\":\"La revista del basquet de Bah\u00eda Blanca\",\"potentialAction\":[{\"@type\":\"SearchAction\",\"target\":{\"@type\":\"EntryPoint\",\"urlTemplate\":\"https:\\\/\\\/gentedebasquet.com.ar\\\/sitio\\\/?s={search_term_string}\"},\"query-input\":{\"@type\":\"PropertyValueSpecification\",\"valueRequired\":true,\"valueName\":\"search_term_string\"}}],\"inLanguage\":\"es\"},{\"@type\":\"Person\",\"@id\":\"https:\\\/\\\/gentedebasquet.com.ar\\\/sitio\\\/#\\\/schema\\\/person\\\/ca0b63bbb977369988a7bbbdc519943a\",\"name\":\"Gente de B\u00e1squet\",\"image\":{\"@type\":\"ImageObject\",\"inLanguage\":\"es\",\"@id\":\"https:\\\/\\\/secure.gravatar.com\\\/avatar\\\/7f2c48bdc33b30088f941fb6082e555f2874c98e20cb159d7b92b50eadfce793?s=96&d=mm&r=g\",\"url\":\"https:\\\/\\\/secure.gravatar.com\\\/avatar\\\/7f2c48bdc33b30088f941fb6082e555f2874c98e20cb159d7b92b50eadfce793?s=96&d=mm&r=g\",\"contentUrl\":\"https:\\\/\\\/secure.gravatar.com\\\/avatar\\\/7f2c48bdc33b30088f941fb6082e555f2874c98e20cb159d7b92b50eadfce793?s=96&d=mm&r=g\",\"caption\":\"Gente de B\u00e1squet\"},\"sameAs\":[\"http:\\\/\\\/gentedebasquet.com.ar\\\/sitio\"],\"url\":\"https:\\\/\\\/gentedebasquet.com.ar\\\/sitio\\\/author\\\/ulises\\\/\"}]}<\/script>\n<!-- \/ Yoast SEO plugin. -->","yoast_head_json":{"title":"Independientemente del fr\u00edo - Gente de B\u00e1squet","robots":{"index":"index","follow":"follow","max-snippet":"max-snippet:-1","max-image-preview":"max-image-preview:large","max-video-preview":"max-video-preview:-1"},"canonical":"https:\/\/gentedebasquet.com.ar\/sitio\/2015\/06\/23\/independientemente-del-frio\/","og_locale":"es_ES","og_type":"article","og_title":"Independientemente del fr\u00edo - Gente de B\u00e1squet","og_description":"El Viola calienta motores de cara a los playoffs: 80-54 a La Falda","og_url":"https:\/\/gentedebasquet.com.ar\/sitio\/2015\/06\/23\/independientemente-del-frio\/","og_site_name":"Gente de B\u00e1squet","article_published_time":"2015-06-24T02:24:58+00:00","og_image":[{"width":690,"height":319,"url":"https:\/\/gentedebasquet.com.ar\/sitio\/wp-content\/uploads\/2015\/06\/DSCF5710.jpg","type":"image\/jpeg"}],"author":"Gente de B\u00e1squet","twitter_card":"summary_large_image","twitter_misc":{"Escrito por":"Gente de B\u00e1squet","Tiempo de lectura":"3 minutos"},"schema":{"@context":"https:\/\/schema.org","@graph":[{"@type":"Article","@id":"https:\/\/gentedebasquet.com.ar\/sitio\/2015\/06\/23\/independientemente-del-frio\/#article","isPartOf":{"@id":"https:\/\/gentedebasquet.com.ar\/sitio\/2015\/06\/23\/independientemente-del-frio\/"},"author":{"name":"Gente de B\u00e1squet","@id":"https:\/\/gentedebasquet.com.ar\/sitio\/#\/schema\/person\/ca0b63bbb977369988a7bbbdc519943a"},"headline":"Independientemente del fr\u00edo","datePublished":"2015-06-24T02:24:58+00:00","mainEntityOfPage":{"@id":"https:\/\/gentedebasquet.com.ar\/sitio\/2015\/06\/23\/independientemente-del-frio\/"},"wordCount":587,"image":{"@id":"https:\/\/gentedebasquet.com.ar\/sitio\/2015\/06\/23\/independientemente-del-frio\/#primaryimage"},"thumbnailUrl":"https:\/\/gentedebasquet.com.ar\/sitio\/wp-content\/uploads\/2015\/06\/DSCF5710.jpg","keywords":["Andr\u00e9s Maidana","Facundo Roque","Federico Gonz\u00e1lez","Federico Vilouta","independiente","Juan Cruz Reschini","La Falda","Sebasti\u00e1n Branciforte"],"articleSection":["Segunda","Slide"],"inLanguage":"es"},{"@type":"WebPage","@id":"https:\/\/gentedebasquet.com.ar\/sitio\/2015\/06\/23\/independientemente-del-frio\/","url":"https:\/\/gentedebasquet.com.ar\/sitio\/2015\/06\/23\/independientemente-del-frio\/","name":"Independientemente del fr\u00edo - Gente de B\u00e1squet","isPartOf":{"@id":"https:\/\/gentedebasquet.com.ar\/sitio\/#website"},"primaryImageOfPage":{"@id":"https:\/\/gentedebasquet.com.ar\/sitio\/2015\/06\/23\/independientemente-del-frio\/#primaryimage"},"image":{"@id":"https:\/\/gentedebasquet.com.ar\/sitio\/2015\/06\/23\/independientemente-del-frio\/#primaryimage"},"thumbnailUrl":"https:\/\/gentedebasquet.com.ar\/sitio\/wp-content\/uploads\/2015\/06\/DSCF5710.jpg","datePublished":"2015-06-24T02:24:58+00:00","author":{"@id":"https:\/\/gentedebasquet.com.ar\/sitio\/#\/schema\/person\/ca0b63bbb977369988a7bbbdc519943a"},"breadcrumb":{"@id":"https:\/\/gentedebasquet.com.ar\/sitio\/2015\/06\/23\/independientemente-del-frio\/#breadcrumb"},"inLanguage":"es","potentialAction":[{"@type":"ReadAction","target":["https:\/\/gentedebasquet.com.ar\/sitio\/2015\/06\/23\/independientemente-del-frio\/"]}]},{"@type":"ImageObject","inLanguage":"es","@id":"https:\/\/gentedebasquet.com.ar\/sitio\/2015\/06\/23\/independientemente-del-frio\/#primaryimage","url":"https:\/\/gentedebasquet.com.ar\/sitio\/wp-content\/uploads\/2015\/06\/DSCF5710.jpg","contentUrl":"https:\/\/gentedebasquet.com.ar\/sitio\/wp-content\/uploads\/2015\/06\/DSCF5710.jpg","width":690,"height":319},{"@type":"BreadcrumbList","@id":"https:\/\/gentedebasquet.com.ar\/sitio\/2015\/06\/23\/independientemente-del-frio\/#breadcrumb","itemListElement":[{"@type":"ListItem","position":1,"name":"Portada","item":"https:\/\/gentedebasquet.com.ar\/sitio\/"},{"@type":"ListItem","position":2,"name":"Independientemente del fr\u00edo"}]},{"@type":"WebSite","@id":"https:\/\/gentedebasquet.com.ar\/sitio\/#website","url":"https:\/\/gentedebasquet.com.ar\/sitio\/","name":"Gente de B\u00e1squet","description":"La revista del basquet de Bah\u00eda Blanca","potentialAction":[{"@type":"SearchAction","target":{"@type":"EntryPoint","urlTemplate":"https:\/\/gentedebasquet.com.ar\/sitio\/?s={search_term_string}"},"query-input":{"@type":"PropertyValueSpecification","valueRequired":true,"valueName":"search_term_string"}}],"inLanguage":"es"},{"@type":"Person","@id":"https:\/\/gentedebasquet.com.ar\/sitio\/#\/schema\/person\/ca0b63bbb977369988a7bbbdc519943a","name":"Gente de B\u00e1squet","image":{"@type":"ImageObject","inLanguage":"es","@id":"https:\/\/secure.gravatar.com\/avatar\/7f2c48bdc33b30088f941fb6082e555f2874c98e20cb159d7b92b50eadfce793?s=96&d=mm&r=g","url":"https:\/\/secure.gravatar.com\/avatar\/7f2c48bdc33b30088f941fb6082e555f2874c98e20cb159d7b92b50eadfce793?s=96&d=mm&r=g","contentUrl":"https:\/\/secure.gravatar.com\/avatar\/7f2c48bdc33b30088f941fb6082e555f2874c98e20cb159d7b92b50eadfce793?s=96&d=mm&r=g","caption":"Gente de B\u00e1squet"},"sameAs":["http:\/\/gentedebasquet.com.ar\/sitio"],"url":"https:\/\/gentedebasquet.com.ar\/sitio\/author\/ulises\/"}]}},"_links":{"self":[{"href":"https:\/\/gentedebasquet.com.ar\/sitio\/wp-json\/wp\/v2\/posts\/47165","targetHints":{"allow":["GET"]}}],"collection":[{"href":"https:\/\/gentedebasquet.com.ar\/sitio\/wp-json\/wp\/v2\/posts"}],"about":[{"href":"https:\/\/gentedebasquet.com.ar\/sitio\/wp-json\/wp\/v2\/types\/post"}],"author":[{"embeddable":true,"href":"https:\/\/gentedebasquet.com.ar\/sitio\/wp-json\/wp\/v2\/users\/1"}],"replies":[{"embeddable":true,"href":"https:\/\/gentedebasquet.com.ar\/sitio\/wp-json\/wp\/v2\/comments?post=47165"}],"version-history":[{"count":0,"href":"https:\/\/gentedebasquet.com.ar\/sitio\/wp-json\/wp\/v2\/posts\/47165\/revisions"}],"wp:featuredmedia":[{"embeddable":true,"href":"https:\/\/gentedebasquet.com.ar\/sitio\/wp-json\/wp\/v2\/media\/47166"}],"wp:attachment":[{"href":"https:\/\/gentedebasquet.com.ar\/sitio\/wp-json\/wp\/v2\/media?parent=47165"}],"wp:term":[{"taxonomy":"category","embeddable":true,"href":"https:\/\/gentedebasquet.com.ar\/sitio\/wp-json\/wp\/v2\/categories?post=47165"},{"taxonomy":"post_tag","embeddable":true,"href":"https:\/\/gentedebasquet.com.ar\/sitio\/wp-json\/wp\/v2\/tags?post=47165"}],"curies":[{"name":"wp","href":"https:\/\/api.w.org\/{rel}","templated":true}]}}