{"id":47206,"date":"2015-06-24T23:37:21","date_gmt":"2015-06-25T02:37:21","guid":{"rendered":"http:\/\/www.gentedebasquet.com.ar\/?p=47206"},"modified":"2015-06-24T23:37:21","modified_gmt":"2015-06-25T02:37:21","slug":"se-los-come-entre-panes","status":"publish","type":"post","link":"https:\/\/gentedebasquet.com.ar\/sitio\/2015\/06\/24\/se-los-come-entre-panes\/","title":{"rendered":"Se los come entre panes"},"content":{"rendered":"<p><strong>Alem estir\u00f3 su buen momento con una victoria contundente sobre Barracas por 90 a 73. El local domin\u00f3 durante los 40 minutos, pero hizo la diferencia con Hern\u00e1n Jasen en cancha. Como lo dijo Gonzalo Etchepare (ver nota), el equipo intenta exprimir las virtudes del veterano para acumular la mayor cantidad de victorias posibles. Justamente Jasen fue el goleador con 17 puntos, igualado por Wygladacz (17). En la visita Juli\u00e1n Horvath fue el mejor con 21.<\/strong><\/p>\n<p>De movida Alem mostr\u00f3 superioridad. Anot\u00f3 una racha de 7-0 en 3min. Barracas comenz\u00f3 dormido pero r\u00e1pidamente ingres\u00f3 en juego con dos triples (Alema\u00f1y y Ranieri) y un recupero en media cancha. Sin embargo, Palumbo debi\u00f3 detener las acciones porque su equipo no reaccionaba en defensa. Los de Loffredo conectaron f\u00e1cil en ataque sin problemas para anotar. Adem\u00e1s, se fogue\u00f3 con 3 triples de Etchepare y 3-4 dobles de Wygladacz para liderar 24-16.<\/p>\n<p>Alem reparti\u00f3 m\u00e1s el goleo en el segundo cuarto (en el primero 9 de Etchepare; 7 de Wygladacz; 6 de Barba y 2 de Leguizam\u00f3n). Con el ingreso temprano de Jasen, el verdirrojo llev\u00f3 a cabo sus ofensivas con mayor facilidad y gan\u00f3 espacios para atacar. La diferencia en los n\u00fameros no tard\u00f3 en aparecer y los de Loffredo pasaron a manejar el ritmo con otra mentalidad. Barracas, pasando mejores momentos en ataque, busc\u00f3 mayor solidez en defensa, aunque la presencia de Pancho hizo concentrar el ajuste sobre \u00e9l y liber\u00f3 demasiados espacios fuera de la pintura. Con 12 del ex selecci\u00f3n, Alem gobern\u00f3 52-39 en el entretiempo.<\/p>\n<p>En la vuelta al parquet los de Loffredo corrigieron su mayor falencia de la primera mitad. A partir de all\u00ed pudo concentrarse en lastimar a\u00fan m\u00e1s en ofensiva. Barracas dud\u00f3 mucho al momento de ejecutar y perdi\u00f3 el hilo defensivo cuando intent\u00f3 defender a Jasen. Igualmente, una racha de 5-0 ilusion\u00f3 a los del bosque para acercarse de cara al cierre del per\u00edodo. Pero no fue as\u00ed. El local mantuvo la calma y la diferencia para ganar 72 a 59.<\/p>\n<p>En el \u00faltimo cuarto Barracas comenz\u00f3 aguantando una distancia de -10 (75-65) gracias a la intensidad de Horvath en ataque. Adem\u00e1s, Alem perdi\u00f3 lucidez con Jasen en el banco y busc\u00f3 alternativas, aunque no lograba cerrar el partido. Tres triples de Gigena y 7 de Foulkes en el per\u00edodo, fue la salida para que el local sentenciara las acciones por 90-73.<\/p>\n<p>&nbsp;<\/p>\n<p><iframe loading=\"lazy\" src=\"https:\/\/www.youtube.com\/embed\/0-GiVtjFxkM?rel=0\" height=\"360\" width=\"640\" allowfullscreen=\"\" frameborder=\"0\"><\/iframe><\/p>\n<p>&nbsp;<\/p>\n<h6 style=\"text-align: center;\"><strong>Hern\u00e1n \u00abPancho\u00bb Jasen regal\u00f3 la jugada del partido<\/strong><\/h6>\n<p style=\"text-align: center;\">[vimeo]http:\/\/vimeo.com\/131726168[\/vimeo]<\/p>\n<p>&nbsp;<\/p>\n<p><strong>S\u00edntesis |\u00a0<\/strong>Primera Divisi\u00f3n &#8211; Fecha #11<\/p>\n<p><strong>Alem 90:<\/strong> Gonzalo Etchepare 9, Walter Gigena 14, Dami\u00e1n Foulkes 7, St\u00e9fano Barba 10, Emanuel Wygladacz 17 (FI); Augusto Priore 2, Nicol\u00e1s Leguizam\u00f3n 7, Mart\u00edn Miguel 4, Lautaro Berg\u00e9s 0, Hern\u00e1n Jasen 17, Juan Pablo Rotta 0. DT: Miguel Loffredo.<\/p>\n<p><strong>Barracas 73:<\/strong> Juli\u00e1n Horvath 21, Sebasti\u00e1n Ranieri 20, Leonel Alema\u00f1y 17, Maximiliano Bert\u00f3n 9, Mariano Nu\u00f1ez 2 (FI); Ezequiel Falcetta 4, Mat\u00edas Fornetti 0. DT: Juan Sergio Palumbo:<\/p>\n<p><strong>Parciales:<\/strong> 24-16, 52-39 (28-23), 72-59 (20-20), 90-73 (18-14).<\/p>\n<p><strong>\u00c1rbitros:<\/strong> Alejandro Ramallo &#8211; Sebasti\u00e1n Giannino.<\/p>\n<p><strong>Estadio:<\/strong> Daniel Lacunza (Alem).<\/p>\n<p><a class=\"modalf iframe\" title=\"Planilla\" href=\"https:\/\/docs.google.com\/spreadsheets\/d\/1vstKnXHwkxIJwyTCKzrTMAovf3X2Wxkir_Yet0oig-Y\/pubhtml?gid=900162372&amp;single=true\" target=\"_blank\" rel=\"noopener\">Ver Planilla<\/a><\/p>\n<p>&nbsp;<\/p>\n<p><iframe loading=\"lazy\" src=\"https:\/\/www.youtube.com\/embed\/yD-ytLdHJeQ?rel=0\" height=\"360\" width=\"640\" allowfullscreen=\"\" frameborder=\"0\"><\/iframe><\/p>\n<h6 style=\"text-align: center;\"><\/h6>\n<h6 style=\"text-align: center;\"><strong>Se lleva todos los aplausos<\/strong><\/h6>\n<p><a href=\"http:\/\/www.gentedebasquet.com.ar\/wp-content\/uploads\/2015\/06\/Jasen-Alem-Barracas.jpg\"><img decoding=\"async\" class=\"aligncenter size-full wp-image-47213\" alt=\"Jasen Alem Barracas\" src=\"http:\/\/www.gentedebasquet.com.ar\/wp-content\/uploads\/2015\/06\/Jasen-Alem-Barracas.jpg\" width=\"640\" height=\"480\" srcset=\"https:\/\/gentedebasquet.com.ar\/sitio\/wp-content\/uploads\/2015\/06\/Jasen-Alem-Barracas.jpg 640w, https:\/\/gentedebasquet.com.ar\/sitio\/wp-content\/uploads\/2015\/06\/Jasen-Alem-Barracas-300x225.jpg 300w\" sizes=\"(max-width: 640px) 100vw, 640px\" \/><\/a><\/p>\n<p>Hern\u00e1n Jasen fue homenajeado por el club Barracas Central. El experimentado jugador recibi\u00f3 una plaqueta por parte de dirigentes y jugadores del auriazul en reconocimiento a la trayectoria.<\/p>\n","protected":false},"excerpt":{"rendered":"<p>Con pasajes de Pancho  Jasen (17), Alem derrot\u00f3 a Barracas por 90 a 73<\/p>\n","protected":false},"author":1,"featured_media":47209,"comment_status":"closed","ping_status":"open","sticky":false,"template":"","format":"standard","meta":{"jnews-multi-image_gallery":[],"jnews_single_post":[],"jnews_primary_category":[],"footnotes":""},"categories":[23,101],"tags":[3,333,730,492],"class_list":["post-47206","post","type-post","status-publish","format-standard","has-post-thumbnail","hentry","category-primera","category-slide","tag-alem","tag-barracas","tag-emanuel-wygladacz","tag-hernan-jasen"],"yoast_head":"<!-- This site is optimized with the Yoast SEO plugin v27.4 - https:\/\/yoast.com\/product\/yoast-seo-wordpress\/ -->\n<title>Se los come entre panes - Gente de B\u00e1squet<\/title>\n<meta name=\"robots\" content=\"index, follow, max-snippet:-1, max-image-preview:large, max-video-preview:-1\" \/>\n<link rel=\"canonical\" href=\"https:\/\/gentedebasquet.com.ar\/sitio\/2015\/06\/24\/se-los-come-entre-panes\/\" \/>\n<meta property=\"og:locale\" content=\"es_ES\" \/>\n<meta property=\"og:type\" content=\"article\" \/>\n<meta property=\"og:title\" content=\"Se los come entre panes - Gente de B\u00e1squet\" \/>\n<meta property=\"og:description\" content=\"Con pasajes de Pancho Jasen (17), Alem derrot\u00f3 a Barracas por 90 a 73\" \/>\n<meta property=\"og:url\" content=\"https:\/\/gentedebasquet.com.ar\/sitio\/2015\/06\/24\/se-los-come-entre-panes\/\" \/>\n<meta property=\"og:site_name\" content=\"Gente de B\u00e1squet\" \/>\n<meta property=\"article:published_time\" content=\"2015-06-25T02:37:21+00:00\" \/>\n<meta property=\"og:image\" content=\"https:\/\/gentedebasquet.com.ar\/sitio\/wp-content\/uploads\/2015\/06\/Gonzalo-Etchepare.jpg\" \/>\n\t<meta property=\"og:image:width\" content=\"690\" \/>\n\t<meta property=\"og:image:height\" content=\"319\" \/>\n\t<meta property=\"og:image:type\" content=\"image\/jpeg\" \/>\n<meta name=\"author\" content=\"Gente de B\u00e1squet\" \/>\n<meta name=\"twitter:card\" content=\"summary_large_image\" \/>\n<meta name=\"twitter:label1\" content=\"Escrito por\" \/>\n\t<meta name=\"twitter:data1\" content=\"Gente de B\u00e1squet\" \/>\n\t<meta name=\"twitter:label2\" content=\"Tiempo de lectura\" \/>\n\t<meta name=\"twitter:data2\" content=\"3 minutos\" \/>\n<script type=\"application\/ld+json\" class=\"yoast-schema-graph\">{\"@context\":\"https:\\\/\\\/schema.org\",\"@graph\":[{\"@type\":\"Article\",\"@id\":\"https:\\\/\\\/gentedebasquet.com.ar\\\/sitio\\\/2015\\\/06\\\/24\\\/se-los-come-entre-panes\\\/#article\",\"isPartOf\":{\"@id\":\"https:\\\/\\\/gentedebasquet.com.ar\\\/sitio\\\/2015\\\/06\\\/24\\\/se-los-come-entre-panes\\\/\"},\"author\":{\"name\":\"Gente de B\u00e1squet\",\"@id\":\"https:\\\/\\\/gentedebasquet.com.ar\\\/sitio\\\/#\\\/schema\\\/person\\\/ca0b63bbb977369988a7bbbdc519943a\"},\"headline\":\"Se los come entre panes\",\"datePublished\":\"2015-06-25T02:37:21+00:00\",\"mainEntityOfPage\":{\"@id\":\"https:\\\/\\\/gentedebasquet.com.ar\\\/sitio\\\/2015\\\/06\\\/24\\\/se-los-come-entre-panes\\\/\"},\"wordCount\":544,\"image\":{\"@id\":\"https:\\\/\\\/gentedebasquet.com.ar\\\/sitio\\\/2015\\\/06\\\/24\\\/se-los-come-entre-panes\\\/#primaryimage\"},\"thumbnailUrl\":\"https:\\\/\\\/gentedebasquet.com.ar\\\/sitio\\\/wp-content\\\/uploads\\\/2015\\\/06\\\/Gonzalo-Etchepare.jpg\",\"keywords\":[\"Alem\",\"Barracas\",\"Emanuel Wygladacz\",\"Hern\u00e1n Jasen\"],\"articleSection\":[\"Primera\",\"Slide\"],\"inLanguage\":\"es\"},{\"@type\":\"WebPage\",\"@id\":\"https:\\\/\\\/gentedebasquet.com.ar\\\/sitio\\\/2015\\\/06\\\/24\\\/se-los-come-entre-panes\\\/\",\"url\":\"https:\\\/\\\/gentedebasquet.com.ar\\\/sitio\\\/2015\\\/06\\\/24\\\/se-los-come-entre-panes\\\/\",\"name\":\"Se los come entre panes - Gente de B\u00e1squet\",\"isPartOf\":{\"@id\":\"https:\\\/\\\/gentedebasquet.com.ar\\\/sitio\\\/#website\"},\"primaryImageOfPage\":{\"@id\":\"https:\\\/\\\/gentedebasquet.com.ar\\\/sitio\\\/2015\\\/06\\\/24\\\/se-los-come-entre-panes\\\/#primaryimage\"},\"image\":{\"@id\":\"https:\\\/\\\/gentedebasquet.com.ar\\\/sitio\\\/2015\\\/06\\\/24\\\/se-los-come-entre-panes\\\/#primaryimage\"},\"thumbnailUrl\":\"https:\\\/\\\/gentedebasquet.com.ar\\\/sitio\\\/wp-content\\\/uploads\\\/2015\\\/06\\\/Gonzalo-Etchepare.jpg\",\"datePublished\":\"2015-06-25T02:37:21+00:00\",\"author\":{\"@id\":\"https:\\\/\\\/gentedebasquet.com.ar\\\/sitio\\\/#\\\/schema\\\/person\\\/ca0b63bbb977369988a7bbbdc519943a\"},\"breadcrumb\":{\"@id\":\"https:\\\/\\\/gentedebasquet.com.ar\\\/sitio\\\/2015\\\/06\\\/24\\\/se-los-come-entre-panes\\\/#breadcrumb\"},\"inLanguage\":\"es\",\"potentialAction\":[{\"@type\":\"ReadAction\",\"target\":[\"https:\\\/\\\/gentedebasquet.com.ar\\\/sitio\\\/2015\\\/06\\\/24\\\/se-los-come-entre-panes\\\/\"]}]},{\"@type\":\"ImageObject\",\"inLanguage\":\"es\",\"@id\":\"https:\\\/\\\/gentedebasquet.com.ar\\\/sitio\\\/2015\\\/06\\\/24\\\/se-los-come-entre-panes\\\/#primaryimage\",\"url\":\"https:\\\/\\\/gentedebasquet.com.ar\\\/sitio\\\/wp-content\\\/uploads\\\/2015\\\/06\\\/Gonzalo-Etchepare.jpg\",\"contentUrl\":\"https:\\\/\\\/gentedebasquet.com.ar\\\/sitio\\\/wp-content\\\/uploads\\\/2015\\\/06\\\/Gonzalo-Etchepare.jpg\",\"width\":690,\"height\":319},{\"@type\":\"BreadcrumbList\",\"@id\":\"https:\\\/\\\/gentedebasquet.com.ar\\\/sitio\\\/2015\\\/06\\\/24\\\/se-los-come-entre-panes\\\/#breadcrumb\",\"itemListElement\":[{\"@type\":\"ListItem\",\"position\":1,\"name\":\"Portada\",\"item\":\"https:\\\/\\\/gentedebasquet.com.ar\\\/sitio\\\/\"},{\"@type\":\"ListItem\",\"position\":2,\"name\":\"Se los come entre panes\"}]},{\"@type\":\"WebSite\",\"@id\":\"https:\\\/\\\/gentedebasquet.com.ar\\\/sitio\\\/#website\",\"url\":\"https:\\\/\\\/gentedebasquet.com.ar\\\/sitio\\\/\",\"name\":\"Gente de B\u00e1squet\",\"description\":\"La revista del basquet de Bah\u00eda Blanca\",\"potentialAction\":[{\"@type\":\"SearchAction\",\"target\":{\"@type\":\"EntryPoint\",\"urlTemplate\":\"https:\\\/\\\/gentedebasquet.com.ar\\\/sitio\\\/?s={search_term_string}\"},\"query-input\":{\"@type\":\"PropertyValueSpecification\",\"valueRequired\":true,\"valueName\":\"search_term_string\"}}],\"inLanguage\":\"es\"},{\"@type\":\"Person\",\"@id\":\"https:\\\/\\\/gentedebasquet.com.ar\\\/sitio\\\/#\\\/schema\\\/person\\\/ca0b63bbb977369988a7bbbdc519943a\",\"name\":\"Gente de B\u00e1squet\",\"image\":{\"@type\":\"ImageObject\",\"inLanguage\":\"es\",\"@id\":\"https:\\\/\\\/secure.gravatar.com\\\/avatar\\\/7f2c48bdc33b30088f941fb6082e555f2874c98e20cb159d7b92b50eadfce793?s=96&d=mm&r=g\",\"url\":\"https:\\\/\\\/secure.gravatar.com\\\/avatar\\\/7f2c48bdc33b30088f941fb6082e555f2874c98e20cb159d7b92b50eadfce793?s=96&d=mm&r=g\",\"contentUrl\":\"https:\\\/\\\/secure.gravatar.com\\\/avatar\\\/7f2c48bdc33b30088f941fb6082e555f2874c98e20cb159d7b92b50eadfce793?s=96&d=mm&r=g\",\"caption\":\"Gente de B\u00e1squet\"},\"sameAs\":[\"http:\\\/\\\/gentedebasquet.com.ar\\\/sitio\"],\"url\":\"https:\\\/\\\/gentedebasquet.com.ar\\\/sitio\\\/author\\\/ulises\\\/\"}]}<\/script>\n<!-- \/ Yoast SEO plugin. -->","yoast_head_json":{"title":"Se los come entre panes - Gente de B\u00e1squet","robots":{"index":"index","follow":"follow","max-snippet":"max-snippet:-1","max-image-preview":"max-image-preview:large","max-video-preview":"max-video-preview:-1"},"canonical":"https:\/\/gentedebasquet.com.ar\/sitio\/2015\/06\/24\/se-los-come-entre-panes\/","og_locale":"es_ES","og_type":"article","og_title":"Se los come entre panes - Gente de B\u00e1squet","og_description":"Con pasajes de Pancho Jasen (17), Alem derrot\u00f3 a Barracas por 90 a 73","og_url":"https:\/\/gentedebasquet.com.ar\/sitio\/2015\/06\/24\/se-los-come-entre-panes\/","og_site_name":"Gente de B\u00e1squet","article_published_time":"2015-06-25T02:37:21+00:00","og_image":[{"width":690,"height":319,"url":"https:\/\/gentedebasquet.com.ar\/sitio\/wp-content\/uploads\/2015\/06\/Gonzalo-Etchepare.jpg","type":"image\/jpeg"}],"author":"Gente de B\u00e1squet","twitter_card":"summary_large_image","twitter_misc":{"Escrito por":"Gente de B\u00e1squet","Tiempo de lectura":"3 minutos"},"schema":{"@context":"https:\/\/schema.org","@graph":[{"@type":"Article","@id":"https:\/\/gentedebasquet.com.ar\/sitio\/2015\/06\/24\/se-los-come-entre-panes\/#article","isPartOf":{"@id":"https:\/\/gentedebasquet.com.ar\/sitio\/2015\/06\/24\/se-los-come-entre-panes\/"},"author":{"name":"Gente de B\u00e1squet","@id":"https:\/\/gentedebasquet.com.ar\/sitio\/#\/schema\/person\/ca0b63bbb977369988a7bbbdc519943a"},"headline":"Se los come entre panes","datePublished":"2015-06-25T02:37:21+00:00","mainEntityOfPage":{"@id":"https:\/\/gentedebasquet.com.ar\/sitio\/2015\/06\/24\/se-los-come-entre-panes\/"},"wordCount":544,"image":{"@id":"https:\/\/gentedebasquet.com.ar\/sitio\/2015\/06\/24\/se-los-come-entre-panes\/#primaryimage"},"thumbnailUrl":"https:\/\/gentedebasquet.com.ar\/sitio\/wp-content\/uploads\/2015\/06\/Gonzalo-Etchepare.jpg","keywords":["Alem","Barracas","Emanuel Wygladacz","Hern\u00e1n Jasen"],"articleSection":["Primera","Slide"],"inLanguage":"es"},{"@type":"WebPage","@id":"https:\/\/gentedebasquet.com.ar\/sitio\/2015\/06\/24\/se-los-come-entre-panes\/","url":"https:\/\/gentedebasquet.com.ar\/sitio\/2015\/06\/24\/se-los-come-entre-panes\/","name":"Se los come entre panes - Gente de B\u00e1squet","isPartOf":{"@id":"https:\/\/gentedebasquet.com.ar\/sitio\/#website"},"primaryImageOfPage":{"@id":"https:\/\/gentedebasquet.com.ar\/sitio\/2015\/06\/24\/se-los-come-entre-panes\/#primaryimage"},"image":{"@id":"https:\/\/gentedebasquet.com.ar\/sitio\/2015\/06\/24\/se-los-come-entre-panes\/#primaryimage"},"thumbnailUrl":"https:\/\/gentedebasquet.com.ar\/sitio\/wp-content\/uploads\/2015\/06\/Gonzalo-Etchepare.jpg","datePublished":"2015-06-25T02:37:21+00:00","author":{"@id":"https:\/\/gentedebasquet.com.ar\/sitio\/#\/schema\/person\/ca0b63bbb977369988a7bbbdc519943a"},"breadcrumb":{"@id":"https:\/\/gentedebasquet.com.ar\/sitio\/2015\/06\/24\/se-los-come-entre-panes\/#breadcrumb"},"inLanguage":"es","potentialAction":[{"@type":"ReadAction","target":["https:\/\/gentedebasquet.com.ar\/sitio\/2015\/06\/24\/se-los-come-entre-panes\/"]}]},{"@type":"ImageObject","inLanguage":"es","@id":"https:\/\/gentedebasquet.com.ar\/sitio\/2015\/06\/24\/se-los-come-entre-panes\/#primaryimage","url":"https:\/\/gentedebasquet.com.ar\/sitio\/wp-content\/uploads\/2015\/06\/Gonzalo-Etchepare.jpg","contentUrl":"https:\/\/gentedebasquet.com.ar\/sitio\/wp-content\/uploads\/2015\/06\/Gonzalo-Etchepare.jpg","width":690,"height":319},{"@type":"BreadcrumbList","@id":"https:\/\/gentedebasquet.com.ar\/sitio\/2015\/06\/24\/se-los-come-entre-panes\/#breadcrumb","itemListElement":[{"@type":"ListItem","position":1,"name":"Portada","item":"https:\/\/gentedebasquet.com.ar\/sitio\/"},{"@type":"ListItem","position":2,"name":"Se los come entre panes"}]},{"@type":"WebSite","@id":"https:\/\/gentedebasquet.com.ar\/sitio\/#website","url":"https:\/\/gentedebasquet.com.ar\/sitio\/","name":"Gente de B\u00e1squet","description":"La revista del basquet de Bah\u00eda Blanca","potentialAction":[{"@type":"SearchAction","target":{"@type":"EntryPoint","urlTemplate":"https:\/\/gentedebasquet.com.ar\/sitio\/?s={search_term_string}"},"query-input":{"@type":"PropertyValueSpecification","valueRequired":true,"valueName":"search_term_string"}}],"inLanguage":"es"},{"@type":"Person","@id":"https:\/\/gentedebasquet.com.ar\/sitio\/#\/schema\/person\/ca0b63bbb977369988a7bbbdc519943a","name":"Gente de B\u00e1squet","image":{"@type":"ImageObject","inLanguage":"es","@id":"https:\/\/secure.gravatar.com\/avatar\/7f2c48bdc33b30088f941fb6082e555f2874c98e20cb159d7b92b50eadfce793?s=96&d=mm&r=g","url":"https:\/\/secure.gravatar.com\/avatar\/7f2c48bdc33b30088f941fb6082e555f2874c98e20cb159d7b92b50eadfce793?s=96&d=mm&r=g","contentUrl":"https:\/\/secure.gravatar.com\/avatar\/7f2c48bdc33b30088f941fb6082e555f2874c98e20cb159d7b92b50eadfce793?s=96&d=mm&r=g","caption":"Gente de B\u00e1squet"},"sameAs":["http:\/\/gentedebasquet.com.ar\/sitio"],"url":"https:\/\/gentedebasquet.com.ar\/sitio\/author\/ulises\/"}]}},"_links":{"self":[{"href":"https:\/\/gentedebasquet.com.ar\/sitio\/wp-json\/wp\/v2\/posts\/47206","targetHints":{"allow":["GET"]}}],"collection":[{"href":"https:\/\/gentedebasquet.com.ar\/sitio\/wp-json\/wp\/v2\/posts"}],"about":[{"href":"https:\/\/gentedebasquet.com.ar\/sitio\/wp-json\/wp\/v2\/types\/post"}],"author":[{"embeddable":true,"href":"https:\/\/gentedebasquet.com.ar\/sitio\/wp-json\/wp\/v2\/users\/1"}],"replies":[{"embeddable":true,"href":"https:\/\/gentedebasquet.com.ar\/sitio\/wp-json\/wp\/v2\/comments?post=47206"}],"version-history":[{"count":0,"href":"https:\/\/gentedebasquet.com.ar\/sitio\/wp-json\/wp\/v2\/posts\/47206\/revisions"}],"wp:featuredmedia":[{"embeddable":true,"href":"https:\/\/gentedebasquet.com.ar\/sitio\/wp-json\/wp\/v2\/media\/47209"}],"wp:attachment":[{"href":"https:\/\/gentedebasquet.com.ar\/sitio\/wp-json\/wp\/v2\/media?parent=47206"}],"wp:term":[{"taxonomy":"category","embeddable":true,"href":"https:\/\/gentedebasquet.com.ar\/sitio\/wp-json\/wp\/v2\/categories?post=47206"},{"taxonomy":"post_tag","embeddable":true,"href":"https:\/\/gentedebasquet.com.ar\/sitio\/wp-json\/wp\/v2\/tags?post=47206"}],"curies":[{"name":"wp","href":"https:\/\/api.w.org\/{rel}","templated":true}]}}