{"id":47643,"date":"2015-07-01T23:45:48","date_gmt":"2015-07-02T02:45:48","guid":{"rendered":"http:\/\/www.gentedebasquet.com.ar\/?p=47643"},"modified":"2015-07-01T23:45:48","modified_gmt":"2015-07-02T02:45:48","slug":"escalo-en-el-podio","status":"publish","type":"post","link":"https:\/\/gentedebasquet.com.ar\/sitio\/2015\/07\/01\/escalo-en-el-podio\/","title":{"rendered":"Escal\u00f3 en el podio"},"content":{"rendered":"<p><b>En el cierre de la primera etapa regular en Segunda Divisi\u00f3n, Independiente cerr\u00f3 la fase con una victoria como local ante Sportivo por 68 a 58.\u00a0 El Viola destrab\u00f3 el cotejo en el \u00faltimo cuarto, pero en el global los n\u00fameros justificaron su triunfo a partir de la lucha en los tableros (46 a 24).\u00a0\u00a0\u00a0 Cinco jugadores superaron el doble d\u00edgito de anotaci\u00f3n en el local, que no cont\u00f3 con Sebasti\u00e1n Branciforte por motivo de un viaje: Andr\u00e9s Maidana (16), Mauro Montanaro (12), Mario Minervino, Juan Cruz Reschini y Gustavo Banchero (10 cada uno).\u00a0 En la visita, que sufri\u00f3 la baja de Gustavo Gentili en el 3C producto de un fuerte golpe en su rodilla izquierda, no bast\u00f3 con las tareas de Fabi\u00e1n Gendana y Nicol\u00e1s Mart\u00ednez (14 cada uno).\u00a0 El conjunto de Javier Musumeci aprovech\u00f3 <a href=\"http:\/\/www.gentedebasquet.com.ar\/argentino-lo-logro\/\">la ca\u00edda de Estrella<\/a>, por lo que finaliz\u00f3 en la 2da posici\u00f3n y enfrentar\u00e1 a Whitense.\u00a0<\/b><\/p>\n<p>Desde el vamos el Viola hizo sentir su peso en la zona pintada (10-6 en 3m20, todos los puntos convertidos en el trapecio) en donde Maidana (8) comenz\u00f3 a aprovechar los huecos en la defensa tricolor.\u00a0 Sin embargo, Sportivo busc\u00f3 la variante desde la media y larga distancia y, mediante el combo Gentili-Gendana-Mart\u00ednez (20 de los 22 del 1C) pas\u00f3 al frente al cierre del segmento por la m\u00ednima.<\/p>\n<p>En el 2C, Independiente volvi\u00f3 a reacomodarse en el partido mediante otra racha (9-3 en 6m), con Banchero (dos asistencias) y Mauro Insaurralde jugando ofensiva poste alto-bajo, a la par que la labor defensiva de los dirigidos por Musumeci sec\u00f3 en ataque a Sportivo, que tir\u00f3 mal de campo (1-9) y perdi\u00f3 en varias oportunidades el bal\u00f3n en ese tramo (6).\u00a0 As\u00ed y todo, una jugada de doble y falta de Mart\u00ednez y una bomba de Joaqu\u00edn Tuero sobre la chicharra del entretiempo, redonde\u00f3 una mini racha de 6-0 en los \u00faltimos 40s del per\u00edodo que volvi\u00f3 a achicar distancias, esta vez a favor del Viola (34-33).<\/p>\n<p>En la reanudaci\u00f3n, tras el descanso largo, Sportivo volvi\u00f3 a ser impreciso con el bal\u00f3n (3 p\u00e9rdidas en 3m41) y le permiti\u00f3 a Independiente volver a ampliar el d\u00e9ficit (45-38) promediando el 3C.\u00a0 No obstante, el tricolor apost\u00f3 por defender en zona 2-3 con trampa en toda la cancha, y pudo una vez m\u00e1s descontar puntos en el global (51-49 de cara al ep\u00edlogo), tambi\u00e9n merced de un buen pasaje ofensivo de Gendana (5, incluyendo un triple) y Lucas Santarelli (4).\u00a0 Pero el conjunto de Fernando \u00c1lvarez tuvo una p\u00e1lida: la salida del negrito Gentili del encuentro, producto de un fuerte choque con Andr\u00e9s Maidana, en donde el jugador visitante se termin\u00f3 llevando la peor parte (un duro golpe en su rodilla izquierda que lo margin\u00f3 del resto del partido).<\/p>\n<p>Con la salida forzosa de Gentili, Sportivo volvi\u00f3 a desorganizarse en el armado de la ofensiva, y volvi\u00f3 a ceder el bal\u00f3n en varias oportunidades (6).\u00a0 Y el Viola lo aprovech\u00f3 para, en 8m, concretar una seguidilla de 13-5 que le permiti\u00f3 cerrar el encuentro con tranquilidad.\u00a0 Con el triunfo obtenido, y d\u00e1ndose las ca\u00eddas de Estrella ante Argentino, y <a href=\"http:\/\/www.gentedebasquet.com.ar\/perimetro-caliente\/\" target=\"_blank\" rel=\"noopener\">Whitense ante Velocidad<\/a>, el conjunto de Javier Musumeci enfrentar\u00e1 el viernes, en el Hermanos Barral, al equipo de Silvio Montero.<\/p>\n<p>&nbsp;<\/p>\n<p>[youtube]https:\/\/www.youtube.com\/watch?v=mnsn0ptVD_A[\/youtube]<\/p>\n<p>&nbsp;<\/p>\n<p><b>S\u00edntesis<\/b> | Segunda Divisi\u00f3n \u2013 Fecha #18<\/p>\n<p><b>Independiente 68: <\/b>Mario Minervino 10, Juan Cruz Reschini 10, Mauro Montanaro 12, Gustavo Banchero 10, Andr\u00e9s Maidana 16 (FI); Mariano Guill\u00e9n 4, Mauro Insaurralde 4, Nicol\u00e1s Caputo 2, Ezequiel Zani 0.\u00a0 D.T: Javier Musumeci.<\/p>\n<p><b>Sportivo Bahiense 58: <\/b>Gustavo Gentili 9, Fabi\u00e1n Gendana 14, Juan Manuel Ponce 0, Nicol\u00e1s Mart\u00ednez 14, Mart\u00edn Villoldo 0 (FI); Joaqu\u00edn Tuero 5, Yoel Asnaghi 7, Lucas Santarelli 7 (x), Gabriel de la Torre 2.\u00a0 D.T: Fernando \u00c1lvarez.<\/p>\n<p><b>Parciales: <\/b>21-22, 34-33 (13-11), 54-49 (17-16), 68-58 (14-9).<\/p>\n<p><b>\u00c1rbitros: <\/b>Alejandro Go\u00f1i \u2013 Marjorie Stuardo.<\/p>\n<p><b>Estadio: <\/b>Hermanos Barral (Independiente).<\/p>\n<p><a class=\"modalf iframe\" title=\"Planilla\" href=\"https:\/\/docs.google.com\/spreadsheets\/d\/1295qXkzP8dS6CNbGhzonKQ2UjAErAOlTBOpieoImFoQ\/pubhtml\" target=\"_blank\" rel=\"noopener\">Ver Planilla<\/a><\/p>\n<p>&nbsp;<\/p>\n<h6>Javier Musumeci: \u00abMa\u00f1ana tenemos que entrenar a full porque ya el viernes jugamos. Por suerte tenemos un equipo largo que se beneficia con jugar a las 48 hs, como nos pas\u00f3 con Pac\u00edfico\u00bb.<\/h6>\n\n","protected":false},"excerpt":{"rendered":"<p>Independiente derrot\u00f3 a Sportivo por 68 a 58 y finaliz\u00f3 segundo el tramo regular<\/p>\n","protected":false},"author":1,"featured_media":47654,"comment_status":"closed","ping_status":"open","sticky":false,"template":"","format":"standard","meta":{"jnews-multi-image_gallery":[],"jnews_single_post":[],"jnews_primary_category":[],"footnotes":""},"categories":[25,101],"tags":[549,264,620,233,12,550,210,551,255,583],"class_list":["post-47643","post","type-post","status-publish","format-standard","has-post-thumbnail","hentry","category-segunda","category-slide","tag-andres-maidana","tag-fabian-gendana","tag-gustavo-banchero","tag-gustavo-gentili","tag-independiente","tag-juan-cruz-reschini","tag-mario-minervino","tag-mauro-montanaro","tag-nicolas-martinez","tag-sportivo"],"yoast_head":"<!-- This site is optimized with the Yoast SEO plugin v27.5 - https:\/\/yoast.com\/product\/yoast-seo-wordpress\/ -->\n<title>Escal\u00f3 en el podio - Gente de B\u00e1squet<\/title>\n<meta name=\"robots\" content=\"index, follow, max-snippet:-1, max-image-preview:large, max-video-preview:-1\" \/>\n<link rel=\"canonical\" href=\"https:\/\/gentedebasquet.com.ar\/sitio\/2015\/07\/01\/escalo-en-el-podio\/\" \/>\n<meta property=\"og:locale\" content=\"es_ES\" \/>\n<meta property=\"og:type\" content=\"article\" \/>\n<meta property=\"og:title\" content=\"Escal\u00f3 en el podio - Gente de B\u00e1squet\" \/>\n<meta property=\"og:description\" content=\"Independiente derrot\u00f3 a Sportivo por 68 a 58 y finaliz\u00f3 segundo el tramo regular\" \/>\n<meta property=\"og:url\" content=\"https:\/\/gentedebasquet.com.ar\/sitio\/2015\/07\/01\/escalo-en-el-podio\/\" \/>\n<meta property=\"og:site_name\" content=\"Gente de B\u00e1squet\" \/>\n<meta property=\"article:published_time\" content=\"2015-07-02T02:45:48+00:00\" \/>\n<meta property=\"og:image\" content=\"https:\/\/gentedebasquet.com.ar\/sitio\/wp-content\/uploads\/2015\/07\/wp_ss_20150629_0004.png\" \/>\n\t<meta property=\"og:image:width\" content=\"690\" \/>\n\t<meta property=\"og:image:height\" content=\"319\" \/>\n\t<meta property=\"og:image:type\" content=\"image\/png\" \/>\n<meta name=\"author\" content=\"Gente de B\u00e1squet\" \/>\n<meta name=\"twitter:card\" content=\"summary_large_image\" \/>\n<meta name=\"twitter:label1\" content=\"Escrito por\" \/>\n\t<meta name=\"twitter:data1\" content=\"Gente de B\u00e1squet\" \/>\n\t<meta name=\"twitter:label2\" content=\"Tiempo de lectura\" \/>\n\t<meta name=\"twitter:data2\" content=\"4 minutos\" \/>\n<script type=\"application\/ld+json\" class=\"yoast-schema-graph\">{\"@context\":\"https:\\\/\\\/schema.org\",\"@graph\":[{\"@type\":\"Article\",\"@id\":\"https:\\\/\\\/gentedebasquet.com.ar\\\/sitio\\\/2015\\\/07\\\/01\\\/escalo-en-el-podio\\\/#article\",\"isPartOf\":{\"@id\":\"https:\\\/\\\/gentedebasquet.com.ar\\\/sitio\\\/2015\\\/07\\\/01\\\/escalo-en-el-podio\\\/\"},\"author\":{\"name\":\"Gente de B\u00e1squet\",\"@id\":\"https:\\\/\\\/gentedebasquet.com.ar\\\/sitio\\\/#\\\/schema\\\/person\\\/ca0b63bbb977369988a7bbbdc519943a\"},\"headline\":\"Escal\u00f3 en el podio\",\"datePublished\":\"2015-07-02T02:45:48+00:00\",\"mainEntityOfPage\":{\"@id\":\"https:\\\/\\\/gentedebasquet.com.ar\\\/sitio\\\/2015\\\/07\\\/01\\\/escalo-en-el-podio\\\/\"},\"wordCount\":704,\"image\":{\"@id\":\"https:\\\/\\\/gentedebasquet.com.ar\\\/sitio\\\/2015\\\/07\\\/01\\\/escalo-en-el-podio\\\/#primaryimage\"},\"thumbnailUrl\":\"https:\\\/\\\/gentedebasquet.com.ar\\\/sitio\\\/wp-content\\\/uploads\\\/2015\\\/07\\\/wp_ss_20150629_0004.png\",\"keywords\":[\"Andr\u00e9s Maidana\",\"Fabian Gendana\",\"Gustavo Banchero\",\"Gustavo Gentili\",\"independiente\",\"Juan Cruz Reschini\",\"Mario Minervino\",\"Mauro Montanaro\",\"Nicol\u00e1s Mart\u00ednez\",\"Sportivo\"],\"articleSection\":[\"Segunda\",\"Slide\"],\"inLanguage\":\"es\"},{\"@type\":\"WebPage\",\"@id\":\"https:\\\/\\\/gentedebasquet.com.ar\\\/sitio\\\/2015\\\/07\\\/01\\\/escalo-en-el-podio\\\/\",\"url\":\"https:\\\/\\\/gentedebasquet.com.ar\\\/sitio\\\/2015\\\/07\\\/01\\\/escalo-en-el-podio\\\/\",\"name\":\"Escal\u00f3 en el podio - Gente de B\u00e1squet\",\"isPartOf\":{\"@id\":\"https:\\\/\\\/gentedebasquet.com.ar\\\/sitio\\\/#website\"},\"primaryImageOfPage\":{\"@id\":\"https:\\\/\\\/gentedebasquet.com.ar\\\/sitio\\\/2015\\\/07\\\/01\\\/escalo-en-el-podio\\\/#primaryimage\"},\"image\":{\"@id\":\"https:\\\/\\\/gentedebasquet.com.ar\\\/sitio\\\/2015\\\/07\\\/01\\\/escalo-en-el-podio\\\/#primaryimage\"},\"thumbnailUrl\":\"https:\\\/\\\/gentedebasquet.com.ar\\\/sitio\\\/wp-content\\\/uploads\\\/2015\\\/07\\\/wp_ss_20150629_0004.png\",\"datePublished\":\"2015-07-02T02:45:48+00:00\",\"author\":{\"@id\":\"https:\\\/\\\/gentedebasquet.com.ar\\\/sitio\\\/#\\\/schema\\\/person\\\/ca0b63bbb977369988a7bbbdc519943a\"},\"breadcrumb\":{\"@id\":\"https:\\\/\\\/gentedebasquet.com.ar\\\/sitio\\\/2015\\\/07\\\/01\\\/escalo-en-el-podio\\\/#breadcrumb\"},\"inLanguage\":\"es\",\"potentialAction\":[{\"@type\":\"ReadAction\",\"target\":[\"https:\\\/\\\/gentedebasquet.com.ar\\\/sitio\\\/2015\\\/07\\\/01\\\/escalo-en-el-podio\\\/\"]}]},{\"@type\":\"ImageObject\",\"inLanguage\":\"es\",\"@id\":\"https:\\\/\\\/gentedebasquet.com.ar\\\/sitio\\\/2015\\\/07\\\/01\\\/escalo-en-el-podio\\\/#primaryimage\",\"url\":\"https:\\\/\\\/gentedebasquet.com.ar\\\/sitio\\\/wp-content\\\/uploads\\\/2015\\\/07\\\/wp_ss_20150629_0004.png\",\"contentUrl\":\"https:\\\/\\\/gentedebasquet.com.ar\\\/sitio\\\/wp-content\\\/uploads\\\/2015\\\/07\\\/wp_ss_20150629_0004.png\",\"width\":690,\"height\":319},{\"@type\":\"BreadcrumbList\",\"@id\":\"https:\\\/\\\/gentedebasquet.com.ar\\\/sitio\\\/2015\\\/07\\\/01\\\/escalo-en-el-podio\\\/#breadcrumb\",\"itemListElement\":[{\"@type\":\"ListItem\",\"position\":1,\"name\":\"Portada\",\"item\":\"https:\\\/\\\/gentedebasquet.com.ar\\\/sitio\\\/\"},{\"@type\":\"ListItem\",\"position\":2,\"name\":\"Escal\u00f3 en el podio\"}]},{\"@type\":\"WebSite\",\"@id\":\"https:\\\/\\\/gentedebasquet.com.ar\\\/sitio\\\/#website\",\"url\":\"https:\\\/\\\/gentedebasquet.com.ar\\\/sitio\\\/\",\"name\":\"Gente de B\u00e1squet\",\"description\":\"La revista del basquet de Bah\u00eda Blanca\",\"potentialAction\":[{\"@type\":\"SearchAction\",\"target\":{\"@type\":\"EntryPoint\",\"urlTemplate\":\"https:\\\/\\\/gentedebasquet.com.ar\\\/sitio\\\/?s={search_term_string}\"},\"query-input\":{\"@type\":\"PropertyValueSpecification\",\"valueRequired\":true,\"valueName\":\"search_term_string\"}}],\"inLanguage\":\"es\"},{\"@type\":\"Person\",\"@id\":\"https:\\\/\\\/gentedebasquet.com.ar\\\/sitio\\\/#\\\/schema\\\/person\\\/ca0b63bbb977369988a7bbbdc519943a\",\"name\":\"Gente de B\u00e1squet\",\"image\":{\"@type\":\"ImageObject\",\"inLanguage\":\"es\",\"@id\":\"https:\\\/\\\/secure.gravatar.com\\\/avatar\\\/7f2c48bdc33b30088f941fb6082e555f2874c98e20cb159d7b92b50eadfce793?s=96&d=mm&r=g\",\"url\":\"https:\\\/\\\/secure.gravatar.com\\\/avatar\\\/7f2c48bdc33b30088f941fb6082e555f2874c98e20cb159d7b92b50eadfce793?s=96&d=mm&r=g\",\"contentUrl\":\"https:\\\/\\\/secure.gravatar.com\\\/avatar\\\/7f2c48bdc33b30088f941fb6082e555f2874c98e20cb159d7b92b50eadfce793?s=96&d=mm&r=g\",\"caption\":\"Gente de B\u00e1squet\"},\"sameAs\":[\"http:\\\/\\\/gentedebasquet.com.ar\\\/sitio\"],\"url\":\"https:\\\/\\\/gentedebasquet.com.ar\\\/sitio\\\/author\\\/ulises\\\/\"}]}<\/script>\n<!-- \/ Yoast SEO plugin. -->","yoast_head_json":{"title":"Escal\u00f3 en el podio - Gente de B\u00e1squet","robots":{"index":"index","follow":"follow","max-snippet":"max-snippet:-1","max-image-preview":"max-image-preview:large","max-video-preview":"max-video-preview:-1"},"canonical":"https:\/\/gentedebasquet.com.ar\/sitio\/2015\/07\/01\/escalo-en-el-podio\/","og_locale":"es_ES","og_type":"article","og_title":"Escal\u00f3 en el podio - Gente de B\u00e1squet","og_description":"Independiente derrot\u00f3 a Sportivo por 68 a 58 y finaliz\u00f3 segundo el tramo regular","og_url":"https:\/\/gentedebasquet.com.ar\/sitio\/2015\/07\/01\/escalo-en-el-podio\/","og_site_name":"Gente de B\u00e1squet","article_published_time":"2015-07-02T02:45:48+00:00","og_image":[{"width":690,"height":319,"url":"https:\/\/gentedebasquet.com.ar\/sitio\/wp-content\/uploads\/2015\/07\/wp_ss_20150629_0004.png","type":"image\/png"}],"author":"Gente de B\u00e1squet","twitter_card":"summary_large_image","twitter_misc":{"Escrito por":"Gente de B\u00e1squet","Tiempo de lectura":"4 minutos"},"schema":{"@context":"https:\/\/schema.org","@graph":[{"@type":"Article","@id":"https:\/\/gentedebasquet.com.ar\/sitio\/2015\/07\/01\/escalo-en-el-podio\/#article","isPartOf":{"@id":"https:\/\/gentedebasquet.com.ar\/sitio\/2015\/07\/01\/escalo-en-el-podio\/"},"author":{"name":"Gente de B\u00e1squet","@id":"https:\/\/gentedebasquet.com.ar\/sitio\/#\/schema\/person\/ca0b63bbb977369988a7bbbdc519943a"},"headline":"Escal\u00f3 en el podio","datePublished":"2015-07-02T02:45:48+00:00","mainEntityOfPage":{"@id":"https:\/\/gentedebasquet.com.ar\/sitio\/2015\/07\/01\/escalo-en-el-podio\/"},"wordCount":704,"image":{"@id":"https:\/\/gentedebasquet.com.ar\/sitio\/2015\/07\/01\/escalo-en-el-podio\/#primaryimage"},"thumbnailUrl":"https:\/\/gentedebasquet.com.ar\/sitio\/wp-content\/uploads\/2015\/07\/wp_ss_20150629_0004.png","keywords":["Andr\u00e9s Maidana","Fabian Gendana","Gustavo Banchero","Gustavo Gentili","independiente","Juan Cruz Reschini","Mario Minervino","Mauro Montanaro","Nicol\u00e1s Mart\u00ednez","Sportivo"],"articleSection":["Segunda","Slide"],"inLanguage":"es"},{"@type":"WebPage","@id":"https:\/\/gentedebasquet.com.ar\/sitio\/2015\/07\/01\/escalo-en-el-podio\/","url":"https:\/\/gentedebasquet.com.ar\/sitio\/2015\/07\/01\/escalo-en-el-podio\/","name":"Escal\u00f3 en el podio - Gente de B\u00e1squet","isPartOf":{"@id":"https:\/\/gentedebasquet.com.ar\/sitio\/#website"},"primaryImageOfPage":{"@id":"https:\/\/gentedebasquet.com.ar\/sitio\/2015\/07\/01\/escalo-en-el-podio\/#primaryimage"},"image":{"@id":"https:\/\/gentedebasquet.com.ar\/sitio\/2015\/07\/01\/escalo-en-el-podio\/#primaryimage"},"thumbnailUrl":"https:\/\/gentedebasquet.com.ar\/sitio\/wp-content\/uploads\/2015\/07\/wp_ss_20150629_0004.png","datePublished":"2015-07-02T02:45:48+00:00","author":{"@id":"https:\/\/gentedebasquet.com.ar\/sitio\/#\/schema\/person\/ca0b63bbb977369988a7bbbdc519943a"},"breadcrumb":{"@id":"https:\/\/gentedebasquet.com.ar\/sitio\/2015\/07\/01\/escalo-en-el-podio\/#breadcrumb"},"inLanguage":"es","potentialAction":[{"@type":"ReadAction","target":["https:\/\/gentedebasquet.com.ar\/sitio\/2015\/07\/01\/escalo-en-el-podio\/"]}]},{"@type":"ImageObject","inLanguage":"es","@id":"https:\/\/gentedebasquet.com.ar\/sitio\/2015\/07\/01\/escalo-en-el-podio\/#primaryimage","url":"https:\/\/gentedebasquet.com.ar\/sitio\/wp-content\/uploads\/2015\/07\/wp_ss_20150629_0004.png","contentUrl":"https:\/\/gentedebasquet.com.ar\/sitio\/wp-content\/uploads\/2015\/07\/wp_ss_20150629_0004.png","width":690,"height":319},{"@type":"BreadcrumbList","@id":"https:\/\/gentedebasquet.com.ar\/sitio\/2015\/07\/01\/escalo-en-el-podio\/#breadcrumb","itemListElement":[{"@type":"ListItem","position":1,"name":"Portada","item":"https:\/\/gentedebasquet.com.ar\/sitio\/"},{"@type":"ListItem","position":2,"name":"Escal\u00f3 en el podio"}]},{"@type":"WebSite","@id":"https:\/\/gentedebasquet.com.ar\/sitio\/#website","url":"https:\/\/gentedebasquet.com.ar\/sitio\/","name":"Gente de B\u00e1squet","description":"La revista del basquet de Bah\u00eda Blanca","potentialAction":[{"@type":"SearchAction","target":{"@type":"EntryPoint","urlTemplate":"https:\/\/gentedebasquet.com.ar\/sitio\/?s={search_term_string}"},"query-input":{"@type":"PropertyValueSpecification","valueRequired":true,"valueName":"search_term_string"}}],"inLanguage":"es"},{"@type":"Person","@id":"https:\/\/gentedebasquet.com.ar\/sitio\/#\/schema\/person\/ca0b63bbb977369988a7bbbdc519943a","name":"Gente de B\u00e1squet","image":{"@type":"ImageObject","inLanguage":"es","@id":"https:\/\/secure.gravatar.com\/avatar\/7f2c48bdc33b30088f941fb6082e555f2874c98e20cb159d7b92b50eadfce793?s=96&d=mm&r=g","url":"https:\/\/secure.gravatar.com\/avatar\/7f2c48bdc33b30088f941fb6082e555f2874c98e20cb159d7b92b50eadfce793?s=96&d=mm&r=g","contentUrl":"https:\/\/secure.gravatar.com\/avatar\/7f2c48bdc33b30088f941fb6082e555f2874c98e20cb159d7b92b50eadfce793?s=96&d=mm&r=g","caption":"Gente de B\u00e1squet"},"sameAs":["http:\/\/gentedebasquet.com.ar\/sitio"],"url":"https:\/\/gentedebasquet.com.ar\/sitio\/author\/ulises\/"}]}},"_links":{"self":[{"href":"https:\/\/gentedebasquet.com.ar\/sitio\/wp-json\/wp\/v2\/posts\/47643","targetHints":{"allow":["GET"]}}],"collection":[{"href":"https:\/\/gentedebasquet.com.ar\/sitio\/wp-json\/wp\/v2\/posts"}],"about":[{"href":"https:\/\/gentedebasquet.com.ar\/sitio\/wp-json\/wp\/v2\/types\/post"}],"author":[{"embeddable":true,"href":"https:\/\/gentedebasquet.com.ar\/sitio\/wp-json\/wp\/v2\/users\/1"}],"replies":[{"embeddable":true,"href":"https:\/\/gentedebasquet.com.ar\/sitio\/wp-json\/wp\/v2\/comments?post=47643"}],"version-history":[{"count":0,"href":"https:\/\/gentedebasquet.com.ar\/sitio\/wp-json\/wp\/v2\/posts\/47643\/revisions"}],"wp:featuredmedia":[{"embeddable":true,"href":"https:\/\/gentedebasquet.com.ar\/sitio\/wp-json\/wp\/v2\/media\/47654"}],"wp:attachment":[{"href":"https:\/\/gentedebasquet.com.ar\/sitio\/wp-json\/wp\/v2\/media?parent=47643"}],"wp:term":[{"taxonomy":"category","embeddable":true,"href":"https:\/\/gentedebasquet.com.ar\/sitio\/wp-json\/wp\/v2\/categories?post=47643"},{"taxonomy":"post_tag","embeddable":true,"href":"https:\/\/gentedebasquet.com.ar\/sitio\/wp-json\/wp\/v2\/tags?post=47643"}],"curies":[{"name":"wp","href":"https:\/\/api.w.org\/{rel}","templated":true}]}}