{"id":47826,"date":"2015-07-03T23:45:00","date_gmt":"2015-07-04T02:45:00","guid":{"rendered":"http:\/\/www.gentedebasquet.com.ar\/?p=47826"},"modified":"2015-07-03T23:45:00","modified_gmt":"2015-07-04T02:45:00","slug":"lo-dejo-pelado-2","status":"publish","type":"post","link":"https:\/\/gentedebasquet.com.ar\/sitio\/2015\/07\/03\/lo-dejo-pelado-2\/","title":{"rendered":"Lo dej\u00f3 Pelado"},"content":{"rendered":"<p><b>Argentino se hizo fuerte en su casa y derrot\u00f3 a Sportivo Bahiense por 71 a 57 en el primer juego de los playoffs en segunda.\u00a0 En el local se dio el regreso de Lucas Mar\u00edn, tras lograr el ascenso con Olimpo al TNA, al club de sus amores.\u00a0 \u201cPela\u201d jug\u00f3 8m07 y registr\u00f3 3 unidades (un triple) que en conjunto a las actuaciones de Lucas Lucchetti (15, 4-9 en t2 y 4-4 en t1) y Sebasti\u00e1n Susbielles (14, con 4-6 en t3) le concedieron el triunfo al conjunto de Mario Errazu.\u00a0 En la visita, no bast\u00f3 con lo aportado por Juan Ignacio Blasco (13) y Nicol\u00e1s Mart\u00ednez (11).\u00a0<span style=\"color: #ff6600;\"><br \/>\n<\/span><\/b><\/p>\n<p>De entrada el anfitri\u00f3n impuso condiciones (9-3 en 4m35) mediante la tarea de Susbielles (un triple en la primera jugada del encuentro y dos asistencias) y los cortes de Nicol\u00e1s Antonelli al canasto (4), ante un tramo impreciso ofensivamente para Sportivo (1-9 de campo).\u00a0 Sin embargo, el tricolor comenz\u00f3 a producir en ataque mediante Mart\u00ednez (5) descontando la brecha de puntos (13-8) al cierre del per\u00edodo.<\/p>\n<p>En el 2C, un buen ingreso desde la banca de C\u00e9sar Massa (6) impuls\u00f3 un parcial de 10-5 en 4m para Argentino.\u00a0 Sin embargo, Sportivo se puso en juego mediante defensa en zona 3-2, el trabajo de Blasco en la zona pintada (6) y dos bombas de Fabi\u00e1n Gendana, que permitieron descontar a la m\u00ednima (23-22) la ventaja local a 4m50 del entretiempo.\u00a0 No obstante, el celeste volvi\u00f3 a tomar impulso en el ataque, y mediante el goleo de Lucchetti (5) cerr\u00f3 la primera mitad con otra racha (12-5) que le volvi\u00f3 a ampliar la ventaja en el marcador (35-27).<\/p>\n<p>Al regeso de los vestuarios, Argentino tom\u00f3 las riendas del encuentro definitivamente.\u00a0 Utilizando una formaci\u00f3n peque\u00f1a (con 4 perimetrales y Mussini\/Mallemaci alternando en el poste bajo) la media cancha del celeste se luci\u00f3 en ataque y encontr\u00f3 r\u00e9dito desde los 6,75mts (3-6, incluyendo los tantos del \u201cPela\u201d Mar\u00edn).\u00a0 Adem\u00e1s, utilizando tambi\u00e9n por momentos presi\u00f3n en zona, el local cort\u00f3 los caminos de Sportivo hacia el aro y lo releg\u00f3 a un flojo porcentaje de campo en el segmento (4-16).<\/p>\n<p>Bastaron apenas 2m22 del 4C para que Argentino liquide el pleito, porque en ese tramo concret\u00f3 seguidilla de 11-3 impulsada por dos bombas de \u201cCapocha\u201d Susbielles, y sac\u00f3 ventaja m\u00e1xima de 20 (64-44) con la que pudo cerrar c\u00f3modamente el partido.\u00a0 El domingo, la segunda cita entre ambos encuentros, en casa de Sportivo.<\/p>\n<p>&nbsp;<\/p>\n<p>[youtube]https:\/\/youtu.be\/ESWC_sn4ta4[\/youtube]<\/p>\n<p>&nbsp;<\/p>\n<p><b>S\u00edntesis<\/b> | Segunda Divisi\u00f3n \u2013 Playoffs \u2013 Juego 1<\/p>\n<p><b>Argentino 71: <\/b>Sebasti\u00e1n Susbielles 15, Lucas Lucchetti 14, Nicol\u00e1s Antonelli 7, Guillermo Mallemaci 7, Luciano Mussini 4 (FI); Tom\u00e1s Bruni 0, C\u00e9sar Massa 8, Alan Serra 2, Juan Franco Di Meglio 2, Bruno Aceituno 8, Ramiro Garayzar 1, Lucas Mar\u00edn 3.\u00a0 D.T: Mario Errazu.<\/p>\n<p><b>Sportivo 57: <\/b>Gustavo Gentili 4, Fabi\u00e1n Gendana 6, Juan Manuel Ponce 0, Nicol\u00e1s Mart\u00ednez 11, Mart\u00edn Villoldo 1 (FI); Joaqu\u00edn Tuero 6, Lucas Dur\u00e1n 2, Yoel Asnaghi 8, Lucas Santarelli 4, Juan Ignacio Blasco 13, Juli\u00e1n Gutt 2.\u00a0 D.T: Fernando \u00c1lvarez.<\/p>\n<p><b>Parciales: <\/b>13-8, 35-27 (22-19), 55-41 (20-14), 71-57 (16-16).<\/p>\n<p><b>\u00c1rbitros: <\/b>Alejandro Ramallo \u2013 Sebasti\u00e1n Arcas.<\/p>\n<p><b>Estadio: <\/b>Ardubilio Severini (Argentino).<\/p>\n<p><b>Serie: <\/b>Argentino, 1-0.<\/p>\n<p><a class=\"modalf iframe\" title=\"Planilla\" href=\"https:\/\/docs.google.com\/spreadsheets\/d\/1meDEFmH2Q5dpylS54Pp21Kpm0vLSvzns6hnAj65zp4k\/pubhtml\" target=\"_blank\" rel=\"noopener\">Ver Planilla<\/a><\/p>\n<p>&nbsp;<\/p>\n<p>[youtube]https:\/\/youtu.be\/EsQ4G_saEgQ[\/youtube]<\/p>\n","protected":false},"excerpt":{"rendered":"<p>Con el regreso de Lucas Mar\u00edn, Argentino peg\u00f3 primero ante Sportivo: 71-57<\/p>\n","protected":false},"author":1,"featured_media":47838,"comment_status":"closed","ping_status":"open","sticky":false,"template":"","format":"standard","meta":{"jnews-multi-image_gallery":[],"jnews_single_post":[],"jnews_primary_category":[],"footnotes":""},"categories":[25,101],"tags":[4,746,361,353,255,504,588,583],"class_list":["post-47826","post","type-post","status-publish","format-standard","has-post-thumbnail","hentry","category-segunda","category-slide","tag-argentino","tag-juan-ignacio-blasco","tag-lucas-lucchetti","tag-lucas-marin","tag-nicolas-martinez","tag-playoffs","tag-sebastian-susbielles","tag-sportivo"],"yoast_head":"<!-- This site is optimized with the Yoast SEO plugin v27.5 - https:\/\/yoast.com\/product\/yoast-seo-wordpress\/ -->\n<title>Lo dej\u00f3 Pelado - Gente de B\u00e1squet<\/title>\n<meta name=\"robots\" content=\"index, follow, max-snippet:-1, max-image-preview:large, max-video-preview:-1\" \/>\n<link rel=\"canonical\" href=\"https:\/\/gentedebasquet.com.ar\/sitio\/2015\/07\/03\/lo-dejo-pelado-2\/\" \/>\n<meta property=\"og:locale\" content=\"es_ES\" \/>\n<meta property=\"og:type\" content=\"article\" \/>\n<meta property=\"og:title\" content=\"Lo dej\u00f3 Pelado - Gente de B\u00e1squet\" \/>\n<meta property=\"og:description\" content=\"Con el regreso de Lucas Mar\u00edn, Argentino peg\u00f3 primero ante Sportivo: 71-57\" \/>\n<meta property=\"og:url\" content=\"https:\/\/gentedebasquet.com.ar\/sitio\/2015\/07\/03\/lo-dejo-pelado-2\/\" \/>\n<meta property=\"og:site_name\" content=\"Gente de B\u00e1squet\" \/>\n<meta property=\"article:published_time\" content=\"2015-07-04T02:45:00+00:00\" \/>\n<meta property=\"og:image\" content=\"https:\/\/gentedebasquet.com.ar\/sitio\/wp-content\/uploads\/2015\/07\/11667112_10202742408320534_2085413741_n1.jpg\" \/>\n\t<meta property=\"og:image:width\" content=\"690\" \/>\n\t<meta property=\"og:image:height\" content=\"318\" \/>\n\t<meta property=\"og:image:type\" content=\"image\/jpeg\" \/>\n<meta name=\"author\" content=\"Gente de B\u00e1squet\" \/>\n<meta name=\"twitter:card\" content=\"summary_large_image\" \/>\n<meta name=\"twitter:label1\" content=\"Escrito por\" \/>\n\t<meta name=\"twitter:data1\" content=\"Gente de B\u00e1squet\" \/>\n\t<meta name=\"twitter:label2\" content=\"Tiempo de lectura\" \/>\n\t<meta name=\"twitter:data2\" content=\"3 minutos\" \/>\n<script type=\"application\/ld+json\" class=\"yoast-schema-graph\">{\"@context\":\"https:\\\/\\\/schema.org\",\"@graph\":[{\"@type\":\"Article\",\"@id\":\"https:\\\/\\\/gentedebasquet.com.ar\\\/sitio\\\/2015\\\/07\\\/03\\\/lo-dejo-pelado-2\\\/#article\",\"isPartOf\":{\"@id\":\"https:\\\/\\\/gentedebasquet.com.ar\\\/sitio\\\/2015\\\/07\\\/03\\\/lo-dejo-pelado-2\\\/\"},\"author\":{\"name\":\"Gente de B\u00e1squet\",\"@id\":\"https:\\\/\\\/gentedebasquet.com.ar\\\/sitio\\\/#\\\/schema\\\/person\\\/ca0b63bbb977369988a7bbbdc519943a\"},\"headline\":\"Lo dej\u00f3 Pelado\",\"datePublished\":\"2015-07-04T02:45:00+00:00\",\"mainEntityOfPage\":{\"@id\":\"https:\\\/\\\/gentedebasquet.com.ar\\\/sitio\\\/2015\\\/07\\\/03\\\/lo-dejo-pelado-2\\\/\"},\"wordCount\":539,\"image\":{\"@id\":\"https:\\\/\\\/gentedebasquet.com.ar\\\/sitio\\\/2015\\\/07\\\/03\\\/lo-dejo-pelado-2\\\/#primaryimage\"},\"thumbnailUrl\":\"https:\\\/\\\/gentedebasquet.com.ar\\\/sitio\\\/wp-content\\\/uploads\\\/2015\\\/07\\\/11667112_10202742408320534_2085413741_n1.jpg\",\"keywords\":[\"Argentino\",\"Juan Ignacio Blasco\",\"Lucas Lucchetti\",\"Lucas Mar\u00edn\",\"Nicol\u00e1s Mart\u00ednez\",\"Playoffs\",\"Sebasti\u00e1n Susbielles\",\"Sportivo\"],\"articleSection\":[\"Segunda\",\"Slide\"],\"inLanguage\":\"es\"},{\"@type\":\"WebPage\",\"@id\":\"https:\\\/\\\/gentedebasquet.com.ar\\\/sitio\\\/2015\\\/07\\\/03\\\/lo-dejo-pelado-2\\\/\",\"url\":\"https:\\\/\\\/gentedebasquet.com.ar\\\/sitio\\\/2015\\\/07\\\/03\\\/lo-dejo-pelado-2\\\/\",\"name\":\"Lo dej\u00f3 Pelado - Gente de B\u00e1squet\",\"isPartOf\":{\"@id\":\"https:\\\/\\\/gentedebasquet.com.ar\\\/sitio\\\/#website\"},\"primaryImageOfPage\":{\"@id\":\"https:\\\/\\\/gentedebasquet.com.ar\\\/sitio\\\/2015\\\/07\\\/03\\\/lo-dejo-pelado-2\\\/#primaryimage\"},\"image\":{\"@id\":\"https:\\\/\\\/gentedebasquet.com.ar\\\/sitio\\\/2015\\\/07\\\/03\\\/lo-dejo-pelado-2\\\/#primaryimage\"},\"thumbnailUrl\":\"https:\\\/\\\/gentedebasquet.com.ar\\\/sitio\\\/wp-content\\\/uploads\\\/2015\\\/07\\\/11667112_10202742408320534_2085413741_n1.jpg\",\"datePublished\":\"2015-07-04T02:45:00+00:00\",\"author\":{\"@id\":\"https:\\\/\\\/gentedebasquet.com.ar\\\/sitio\\\/#\\\/schema\\\/person\\\/ca0b63bbb977369988a7bbbdc519943a\"},\"breadcrumb\":{\"@id\":\"https:\\\/\\\/gentedebasquet.com.ar\\\/sitio\\\/2015\\\/07\\\/03\\\/lo-dejo-pelado-2\\\/#breadcrumb\"},\"inLanguage\":\"es\",\"potentialAction\":[{\"@type\":\"ReadAction\",\"target\":[\"https:\\\/\\\/gentedebasquet.com.ar\\\/sitio\\\/2015\\\/07\\\/03\\\/lo-dejo-pelado-2\\\/\"]}]},{\"@type\":\"ImageObject\",\"inLanguage\":\"es\",\"@id\":\"https:\\\/\\\/gentedebasquet.com.ar\\\/sitio\\\/2015\\\/07\\\/03\\\/lo-dejo-pelado-2\\\/#primaryimage\",\"url\":\"https:\\\/\\\/gentedebasquet.com.ar\\\/sitio\\\/wp-content\\\/uploads\\\/2015\\\/07\\\/11667112_10202742408320534_2085413741_n1.jpg\",\"contentUrl\":\"https:\\\/\\\/gentedebasquet.com.ar\\\/sitio\\\/wp-content\\\/uploads\\\/2015\\\/07\\\/11667112_10202742408320534_2085413741_n1.jpg\",\"width\":690,\"height\":318},{\"@type\":\"BreadcrumbList\",\"@id\":\"https:\\\/\\\/gentedebasquet.com.ar\\\/sitio\\\/2015\\\/07\\\/03\\\/lo-dejo-pelado-2\\\/#breadcrumb\",\"itemListElement\":[{\"@type\":\"ListItem\",\"position\":1,\"name\":\"Portada\",\"item\":\"https:\\\/\\\/gentedebasquet.com.ar\\\/sitio\\\/\"},{\"@type\":\"ListItem\",\"position\":2,\"name\":\"Lo dej\u00f3 Pelado\"}]},{\"@type\":\"WebSite\",\"@id\":\"https:\\\/\\\/gentedebasquet.com.ar\\\/sitio\\\/#website\",\"url\":\"https:\\\/\\\/gentedebasquet.com.ar\\\/sitio\\\/\",\"name\":\"Gente de B\u00e1squet\",\"description\":\"La revista del basquet de Bah\u00eda Blanca\",\"potentialAction\":[{\"@type\":\"SearchAction\",\"target\":{\"@type\":\"EntryPoint\",\"urlTemplate\":\"https:\\\/\\\/gentedebasquet.com.ar\\\/sitio\\\/?s={search_term_string}\"},\"query-input\":{\"@type\":\"PropertyValueSpecification\",\"valueRequired\":true,\"valueName\":\"search_term_string\"}}],\"inLanguage\":\"es\"},{\"@type\":\"Person\",\"@id\":\"https:\\\/\\\/gentedebasquet.com.ar\\\/sitio\\\/#\\\/schema\\\/person\\\/ca0b63bbb977369988a7bbbdc519943a\",\"name\":\"Gente de B\u00e1squet\",\"image\":{\"@type\":\"ImageObject\",\"inLanguage\":\"es\",\"@id\":\"https:\\\/\\\/secure.gravatar.com\\\/avatar\\\/7f2c48bdc33b30088f941fb6082e555f2874c98e20cb159d7b92b50eadfce793?s=96&d=mm&r=g\",\"url\":\"https:\\\/\\\/secure.gravatar.com\\\/avatar\\\/7f2c48bdc33b30088f941fb6082e555f2874c98e20cb159d7b92b50eadfce793?s=96&d=mm&r=g\",\"contentUrl\":\"https:\\\/\\\/secure.gravatar.com\\\/avatar\\\/7f2c48bdc33b30088f941fb6082e555f2874c98e20cb159d7b92b50eadfce793?s=96&d=mm&r=g\",\"caption\":\"Gente de B\u00e1squet\"},\"sameAs\":[\"http:\\\/\\\/gentedebasquet.com.ar\\\/sitio\"],\"url\":\"https:\\\/\\\/gentedebasquet.com.ar\\\/sitio\\\/author\\\/ulises\\\/\"}]}<\/script>\n<!-- \/ Yoast SEO plugin. -->","yoast_head_json":{"title":"Lo dej\u00f3 Pelado - Gente de B\u00e1squet","robots":{"index":"index","follow":"follow","max-snippet":"max-snippet:-1","max-image-preview":"max-image-preview:large","max-video-preview":"max-video-preview:-1"},"canonical":"https:\/\/gentedebasquet.com.ar\/sitio\/2015\/07\/03\/lo-dejo-pelado-2\/","og_locale":"es_ES","og_type":"article","og_title":"Lo dej\u00f3 Pelado - Gente de B\u00e1squet","og_description":"Con el regreso de Lucas Mar\u00edn, Argentino peg\u00f3 primero ante Sportivo: 71-57","og_url":"https:\/\/gentedebasquet.com.ar\/sitio\/2015\/07\/03\/lo-dejo-pelado-2\/","og_site_name":"Gente de B\u00e1squet","article_published_time":"2015-07-04T02:45:00+00:00","og_image":[{"width":690,"height":318,"url":"https:\/\/gentedebasquet.com.ar\/sitio\/wp-content\/uploads\/2015\/07\/11667112_10202742408320534_2085413741_n1.jpg","type":"image\/jpeg"}],"author":"Gente de B\u00e1squet","twitter_card":"summary_large_image","twitter_misc":{"Escrito por":"Gente de B\u00e1squet","Tiempo de lectura":"3 minutos"},"schema":{"@context":"https:\/\/schema.org","@graph":[{"@type":"Article","@id":"https:\/\/gentedebasquet.com.ar\/sitio\/2015\/07\/03\/lo-dejo-pelado-2\/#article","isPartOf":{"@id":"https:\/\/gentedebasquet.com.ar\/sitio\/2015\/07\/03\/lo-dejo-pelado-2\/"},"author":{"name":"Gente de B\u00e1squet","@id":"https:\/\/gentedebasquet.com.ar\/sitio\/#\/schema\/person\/ca0b63bbb977369988a7bbbdc519943a"},"headline":"Lo dej\u00f3 Pelado","datePublished":"2015-07-04T02:45:00+00:00","mainEntityOfPage":{"@id":"https:\/\/gentedebasquet.com.ar\/sitio\/2015\/07\/03\/lo-dejo-pelado-2\/"},"wordCount":539,"image":{"@id":"https:\/\/gentedebasquet.com.ar\/sitio\/2015\/07\/03\/lo-dejo-pelado-2\/#primaryimage"},"thumbnailUrl":"https:\/\/gentedebasquet.com.ar\/sitio\/wp-content\/uploads\/2015\/07\/11667112_10202742408320534_2085413741_n1.jpg","keywords":["Argentino","Juan Ignacio Blasco","Lucas Lucchetti","Lucas Mar\u00edn","Nicol\u00e1s Mart\u00ednez","Playoffs","Sebasti\u00e1n Susbielles","Sportivo"],"articleSection":["Segunda","Slide"],"inLanguage":"es"},{"@type":"WebPage","@id":"https:\/\/gentedebasquet.com.ar\/sitio\/2015\/07\/03\/lo-dejo-pelado-2\/","url":"https:\/\/gentedebasquet.com.ar\/sitio\/2015\/07\/03\/lo-dejo-pelado-2\/","name":"Lo dej\u00f3 Pelado - Gente de B\u00e1squet","isPartOf":{"@id":"https:\/\/gentedebasquet.com.ar\/sitio\/#website"},"primaryImageOfPage":{"@id":"https:\/\/gentedebasquet.com.ar\/sitio\/2015\/07\/03\/lo-dejo-pelado-2\/#primaryimage"},"image":{"@id":"https:\/\/gentedebasquet.com.ar\/sitio\/2015\/07\/03\/lo-dejo-pelado-2\/#primaryimage"},"thumbnailUrl":"https:\/\/gentedebasquet.com.ar\/sitio\/wp-content\/uploads\/2015\/07\/11667112_10202742408320534_2085413741_n1.jpg","datePublished":"2015-07-04T02:45:00+00:00","author":{"@id":"https:\/\/gentedebasquet.com.ar\/sitio\/#\/schema\/person\/ca0b63bbb977369988a7bbbdc519943a"},"breadcrumb":{"@id":"https:\/\/gentedebasquet.com.ar\/sitio\/2015\/07\/03\/lo-dejo-pelado-2\/#breadcrumb"},"inLanguage":"es","potentialAction":[{"@type":"ReadAction","target":["https:\/\/gentedebasquet.com.ar\/sitio\/2015\/07\/03\/lo-dejo-pelado-2\/"]}]},{"@type":"ImageObject","inLanguage":"es","@id":"https:\/\/gentedebasquet.com.ar\/sitio\/2015\/07\/03\/lo-dejo-pelado-2\/#primaryimage","url":"https:\/\/gentedebasquet.com.ar\/sitio\/wp-content\/uploads\/2015\/07\/11667112_10202742408320534_2085413741_n1.jpg","contentUrl":"https:\/\/gentedebasquet.com.ar\/sitio\/wp-content\/uploads\/2015\/07\/11667112_10202742408320534_2085413741_n1.jpg","width":690,"height":318},{"@type":"BreadcrumbList","@id":"https:\/\/gentedebasquet.com.ar\/sitio\/2015\/07\/03\/lo-dejo-pelado-2\/#breadcrumb","itemListElement":[{"@type":"ListItem","position":1,"name":"Portada","item":"https:\/\/gentedebasquet.com.ar\/sitio\/"},{"@type":"ListItem","position":2,"name":"Lo dej\u00f3 Pelado"}]},{"@type":"WebSite","@id":"https:\/\/gentedebasquet.com.ar\/sitio\/#website","url":"https:\/\/gentedebasquet.com.ar\/sitio\/","name":"Gente de B\u00e1squet","description":"La revista del basquet de Bah\u00eda Blanca","potentialAction":[{"@type":"SearchAction","target":{"@type":"EntryPoint","urlTemplate":"https:\/\/gentedebasquet.com.ar\/sitio\/?s={search_term_string}"},"query-input":{"@type":"PropertyValueSpecification","valueRequired":true,"valueName":"search_term_string"}}],"inLanguage":"es"},{"@type":"Person","@id":"https:\/\/gentedebasquet.com.ar\/sitio\/#\/schema\/person\/ca0b63bbb977369988a7bbbdc519943a","name":"Gente de B\u00e1squet","image":{"@type":"ImageObject","inLanguage":"es","@id":"https:\/\/secure.gravatar.com\/avatar\/7f2c48bdc33b30088f941fb6082e555f2874c98e20cb159d7b92b50eadfce793?s=96&d=mm&r=g","url":"https:\/\/secure.gravatar.com\/avatar\/7f2c48bdc33b30088f941fb6082e555f2874c98e20cb159d7b92b50eadfce793?s=96&d=mm&r=g","contentUrl":"https:\/\/secure.gravatar.com\/avatar\/7f2c48bdc33b30088f941fb6082e555f2874c98e20cb159d7b92b50eadfce793?s=96&d=mm&r=g","caption":"Gente de B\u00e1squet"},"sameAs":["http:\/\/gentedebasquet.com.ar\/sitio"],"url":"https:\/\/gentedebasquet.com.ar\/sitio\/author\/ulises\/"}]}},"_links":{"self":[{"href":"https:\/\/gentedebasquet.com.ar\/sitio\/wp-json\/wp\/v2\/posts\/47826","targetHints":{"allow":["GET"]}}],"collection":[{"href":"https:\/\/gentedebasquet.com.ar\/sitio\/wp-json\/wp\/v2\/posts"}],"about":[{"href":"https:\/\/gentedebasquet.com.ar\/sitio\/wp-json\/wp\/v2\/types\/post"}],"author":[{"embeddable":true,"href":"https:\/\/gentedebasquet.com.ar\/sitio\/wp-json\/wp\/v2\/users\/1"}],"replies":[{"embeddable":true,"href":"https:\/\/gentedebasquet.com.ar\/sitio\/wp-json\/wp\/v2\/comments?post=47826"}],"version-history":[{"count":0,"href":"https:\/\/gentedebasquet.com.ar\/sitio\/wp-json\/wp\/v2\/posts\/47826\/revisions"}],"wp:featuredmedia":[{"embeddable":true,"href":"https:\/\/gentedebasquet.com.ar\/sitio\/wp-json\/wp\/v2\/media\/47838"}],"wp:attachment":[{"href":"https:\/\/gentedebasquet.com.ar\/sitio\/wp-json\/wp\/v2\/media?parent=47826"}],"wp:term":[{"taxonomy":"category","embeddable":true,"href":"https:\/\/gentedebasquet.com.ar\/sitio\/wp-json\/wp\/v2\/categories?post=47826"},{"taxonomy":"post_tag","embeddable":true,"href":"https:\/\/gentedebasquet.com.ar\/sitio\/wp-json\/wp\/v2\/tags?post=47826"}],"curies":[{"name":"wp","href":"https:\/\/api.w.org\/{rel}","templated":true}]}}