{"id":47921,"date":"2015-07-05T23:30:16","date_gmt":"2015-07-06T02:30:16","guid":{"rendered":"http:\/\/www.gentedebasquet.com.ar\/?p=47921"},"modified":"2015-07-05T23:30:16","modified_gmt":"2015-07-06T02:30:16","slug":"match-point-verde","status":"publish","type":"post","link":"https:\/\/gentedebasquet.com.ar\/sitio\/2015\/07\/05\/match-point-verde\/","title":{"rendered":"Match point Verde"},"content":{"rendered":"<p><b>Pac\u00edfico venci\u00f3 a Comercial 88-66 y se puso 2-0 en la serie de cuartos de final programada al mejor de cinco juegos. Con un buen planteo defensivo, que le cedi\u00f3 un gran n\u00famero de contra ataques, el equipo de Kooistra logr\u00f3 quebrar el marcador en el segundo cuarto y domin\u00f3 ampliamente el resto del partido. Fernando Bonino fue el goleador de la visita con 25 tantos (10 rebotes), seguido de Mauricio Gonz\u00e1lez con 21 unidades. Por su parte, el portuario, que tuvo un buen primer per\u00edodo pero no pudo mantener el ritmo en los segmentos siguientes, Gast\u00f3n Chaves fue el destacado, con 15 puntos.<\/b><\/p>\n<p>El partido comenz\u00f3 muy parejo, Bonino consigui\u00f3 anotar para el conjunto visitante y Pollio igual\u00f3 para el local, llegando a la mitad del segmento equilibrados (14-14). Sin embargo, un parcial de 9-0 para el equipo de Kooistra hizo que el Verde despegue y se aleje (14-21). Bonino y Larrandart, hacedores de la victoria parcial, terminaron el cuarto con 12 y 6 puntos, respectivamente.<\/p>\n<p>En el segundo per\u00edodo Pac\u00edfico termin\u00f3 de despegarse y quebr\u00f3 el marcador. Un nuevo parcial de 12-0 puso a la visita a 15 puntos. Mauricio Gonz\u00e1lez apareci\u00f3 esta vez encestando 2\/3 en triples y 2\/3 en dobles, sumando 10 unidades. Asimismo, Larrandart volvi\u00f3 a encestar otros 6 tantos, cerrando el primer tiempo a 16 puntos de distancia: 53-37.<\/p>\n<p>No obstante, el Verde se desorden\u00f3 totalmente en el comienzo del tercer cuarto y permiti\u00f3 a Comercial acercase. Pero, la gran diferencia obtenida por la visita hizo que el parcial de 9-2 del portuario solo acortara la diferencia a 11 puntos. Kooistra hizo reaccionar a su equipo y Pac\u00edfico, de la mano de Meneses (7), reaccion\u00f3 y estir\u00f3 a\u00fan mas la diferencia de cara al \u00faltimo segmento.<\/p>\n<p>El partido ya estaba pr\u00e1cticamente cerrado al inicio del 4C, fue por eso que los juveniles de ambos equipos ganaron minutos en cancha y cerraron un partido que fue dominado claramente por la visita, que termin\u00f3 poni\u00e9ndose a 23 puntos del rival (80-57).\u00a0 De esta forma, Pac\u00edfico se puso 2-0 en la serie y esta a una victoria de avanzar a la siguiente fase. La misma podr\u00eda cristalizarse el martes en el William Harding Green.<br \/>\n<b><\/b><\/p>\n<p>&nbsp;<\/p>\n<p>[vimeo]http:\/\/vimeo.com\/132672369[\/vimeo]<\/p>\n<p>&nbsp;<\/p>\n<p><b>S\u00edntesis<\/b> | Segunda Divisi\u00f3n &#8211; Playoffs #2<br \/>\n<b><\/b><\/p>\n<p><b>Comercial 66<\/b>: Am\u00edlcar Andreanelli 11, Dalmiro Lella 7, Mart\u00edn Godoy 9, Gast\u00f3n Chaves 15, Pablo Pollio 12 (Fi); Silvio Brunetti 2, Sebasti\u00e1n Tacchetti 8, Ignacio \u00c9rcoli 2, Nicol\u00e1s Vallejos 0, Maximiliano Husman 0, Nicol\u00e1s Riviere 0 y Ramiro Riviere 0. DT: Sebasti\u00e1n Dodero.<br \/>\n<b><\/b><\/p>\n<p><b>Pac\u00edfico 88<\/b>: Ezequiel Meneses 15, Manuel Sacrist\u00e1n 2 (x),\u00a0Fernando Bonino 25, Joaqu\u00edn Larrandart 16, Mauricio Gonz\u00e1lez 21\u00a0(FI); Mauro Richotti 3, Genaro Pisani 0, Manuel Maina 0, Juan Marini 3, Branco Salvatori 3 y Facundo Wattson 0. DT: Pablo Kooistra.<br \/>\n<b><\/b><\/p>\n<p><b>Parciales<\/b>: 20-27, 37-53 (17-26), 53-70 (16-17) y 66-88 (13-18).<\/p>\n<p><b>\u00c1rbitros<\/b>: Miguel Firpo &#8211; Diego Kessler.<\/p>\n<p><b>Estadio<\/b>: Osvaldo Giorgetti (Comercial).<\/p>\n<p><strong>Serie:<\/strong> Pac\u00edfico, 2-0.<\/p>\n<p><a class=\"modalf iframe\" title=\"Planilla\" href=\"https:\/\/docs.google.com\/spreadsheets\/d\/1_1wtsXZ7SwYk4Si50Qb881SyX1M9EjlslmfUhtwKeoA\/pubhtml\" target=\"_blank\" rel=\"noopener\">Ver Planilla<\/a><\/p>\n<p>&nbsp;<\/p>\n<p>[vimeo]http:\/\/vimeo.com\/\/132671779[\/vimeo]<\/p>\n","protected":false},"excerpt":{"rendered":"<p>Pac\u00edfico se hizo fuerte en White y venci\u00f3 a Comercial por 88 a 66<\/p>\n","protected":false},"author":1,"featured_media":47923,"comment_status":"closed","ping_status":"open","sticky":false,"template":"","format":"standard","meta":{"jnews-multi-image_gallery":[],"jnews_single_post":[],"jnews_primary_category":[],"footnotes":""},"categories":[25,101],"tags":[548,7,607,577,564,580,609,17,204],"class_list":["post-47921","post","type-post","status-publish","format-standard","has-post-thumbnail","hentry","category-segunda","category-slide","tag-amilcar-andreanelli","tag-comercial","tag-ezequiel-meneses","tag-fernando-bonino","tag-gaston-chaves","tag-mauricio-gonzalez","tag-pablo-pollio","tag-pacifico","tag-sebastian-tacchetti"],"yoast_head":"<!-- This site is optimized with the Yoast SEO plugin v27.5 - https:\/\/yoast.com\/product\/yoast-seo-wordpress\/ -->\n<title>Match point Verde - Gente de B\u00e1squet<\/title>\n<meta name=\"robots\" content=\"index, follow, max-snippet:-1, max-image-preview:large, max-video-preview:-1\" \/>\n<link rel=\"canonical\" href=\"http:\/\/gentedebasquet.com.ar\/sitio\/2015\/07\/05\/match-point-verde\/\" \/>\n<meta property=\"og:locale\" content=\"es_ES\" \/>\n<meta property=\"og:type\" content=\"article\" \/>\n<meta property=\"og:title\" content=\"Match point Verde - Gente de B\u00e1squet\" \/>\n<meta property=\"og:description\" content=\"Pac\u00edfico se hizo fuerte en White y venci\u00f3 a Comercial por 88 a 66\" \/>\n<meta property=\"og:url\" content=\"http:\/\/gentedebasquet.com.ar\/sitio\/2015\/07\/05\/match-point-verde\/\" \/>\n<meta property=\"og:site_name\" content=\"Gente de B\u00e1squet\" \/>\n<meta property=\"article:published_time\" content=\"2015-07-06T02:30:16+00:00\" \/>\n<meta property=\"og:image\" content=\"http:\/\/gentedebasquet.com.ar\/sitio\/wp-content\/uploads\/2015\/07\/Comercial-Pacifico.jpg\" \/>\n\t<meta property=\"og:image:width\" content=\"690\" \/>\n\t<meta property=\"og:image:height\" content=\"318\" \/>\n\t<meta property=\"og:image:type\" content=\"image\/jpeg\" \/>\n<meta name=\"author\" content=\"Gente de B\u00e1squet\" \/>\n<meta name=\"twitter:card\" content=\"summary_large_image\" \/>\n<meta name=\"twitter:label1\" content=\"Escrito por\" \/>\n\t<meta name=\"twitter:data1\" content=\"Gente de B\u00e1squet\" \/>\n\t<meta name=\"twitter:label2\" content=\"Tiempo de lectura\" \/>\n\t<meta name=\"twitter:data2\" content=\"2 minutos\" \/>\n<script type=\"application\/ld+json\" class=\"yoast-schema-graph\">{\"@context\":\"https:\\\/\\\/schema.org\",\"@graph\":[{\"@type\":\"Article\",\"@id\":\"http:\\\/\\\/gentedebasquet.com.ar\\\/sitio\\\/2015\\\/07\\\/05\\\/match-point-verde\\\/#article\",\"isPartOf\":{\"@id\":\"http:\\\/\\\/gentedebasquet.com.ar\\\/sitio\\\/2015\\\/07\\\/05\\\/match-point-verde\\\/\"},\"author\":{\"name\":\"Gente de B\u00e1squet\",\"@id\":\"https:\\\/\\\/gentedebasquet.com.ar\\\/sitio\\\/#\\\/schema\\\/person\\\/ca0b63bbb977369988a7bbbdc519943a\"},\"headline\":\"Match point Verde\",\"datePublished\":\"2015-07-06T02:30:16+00:00\",\"mainEntityOfPage\":{\"@id\":\"http:\\\/\\\/gentedebasquet.com.ar\\\/sitio\\\/2015\\\/07\\\/05\\\/match-point-verde\\\/\"},\"wordCount\":484,\"image\":{\"@id\":\"http:\\\/\\\/gentedebasquet.com.ar\\\/sitio\\\/2015\\\/07\\\/05\\\/match-point-verde\\\/#primaryimage\"},\"thumbnailUrl\":\"https:\\\/\\\/gentedebasquet.com.ar\\\/sitio\\\/wp-content\\\/uploads\\\/2015\\\/07\\\/Comercial-Pacifico.jpg\",\"keywords\":[\"Amilcar Andreanelli\",\"Comercial\",\"Ezequiel Meneses\",\"Fernando Bonino\",\"Gast\u00f3n Chaves\",\"Mauricio Gonz\u00e1lez\",\"Pablo Pollio\",\"Pacifico\",\"Sebasti\u00e1n Tacchetti\"],\"articleSection\":[\"Segunda\",\"Slide\"],\"inLanguage\":\"es\"},{\"@type\":\"WebPage\",\"@id\":\"http:\\\/\\\/gentedebasquet.com.ar\\\/sitio\\\/2015\\\/07\\\/05\\\/match-point-verde\\\/\",\"url\":\"http:\\\/\\\/gentedebasquet.com.ar\\\/sitio\\\/2015\\\/07\\\/05\\\/match-point-verde\\\/\",\"name\":\"Match point Verde - Gente de B\u00e1squet\",\"isPartOf\":{\"@id\":\"https:\\\/\\\/gentedebasquet.com.ar\\\/sitio\\\/#website\"},\"primaryImageOfPage\":{\"@id\":\"http:\\\/\\\/gentedebasquet.com.ar\\\/sitio\\\/2015\\\/07\\\/05\\\/match-point-verde\\\/#primaryimage\"},\"image\":{\"@id\":\"http:\\\/\\\/gentedebasquet.com.ar\\\/sitio\\\/2015\\\/07\\\/05\\\/match-point-verde\\\/#primaryimage\"},\"thumbnailUrl\":\"https:\\\/\\\/gentedebasquet.com.ar\\\/sitio\\\/wp-content\\\/uploads\\\/2015\\\/07\\\/Comercial-Pacifico.jpg\",\"datePublished\":\"2015-07-06T02:30:16+00:00\",\"author\":{\"@id\":\"https:\\\/\\\/gentedebasquet.com.ar\\\/sitio\\\/#\\\/schema\\\/person\\\/ca0b63bbb977369988a7bbbdc519943a\"},\"breadcrumb\":{\"@id\":\"http:\\\/\\\/gentedebasquet.com.ar\\\/sitio\\\/2015\\\/07\\\/05\\\/match-point-verde\\\/#breadcrumb\"},\"inLanguage\":\"es\",\"potentialAction\":[{\"@type\":\"ReadAction\",\"target\":[\"http:\\\/\\\/gentedebasquet.com.ar\\\/sitio\\\/2015\\\/07\\\/05\\\/match-point-verde\\\/\"]}]},{\"@type\":\"ImageObject\",\"inLanguage\":\"es\",\"@id\":\"http:\\\/\\\/gentedebasquet.com.ar\\\/sitio\\\/2015\\\/07\\\/05\\\/match-point-verde\\\/#primaryimage\",\"url\":\"https:\\\/\\\/gentedebasquet.com.ar\\\/sitio\\\/wp-content\\\/uploads\\\/2015\\\/07\\\/Comercial-Pacifico.jpg\",\"contentUrl\":\"https:\\\/\\\/gentedebasquet.com.ar\\\/sitio\\\/wp-content\\\/uploads\\\/2015\\\/07\\\/Comercial-Pacifico.jpg\",\"width\":690,\"height\":318},{\"@type\":\"BreadcrumbList\",\"@id\":\"http:\\\/\\\/gentedebasquet.com.ar\\\/sitio\\\/2015\\\/07\\\/05\\\/match-point-verde\\\/#breadcrumb\",\"itemListElement\":[{\"@type\":\"ListItem\",\"position\":1,\"name\":\"Portada\",\"item\":\"https:\\\/\\\/gentedebasquet.com.ar\\\/sitio\\\/\"},{\"@type\":\"ListItem\",\"position\":2,\"name\":\"Match point Verde\"}]},{\"@type\":\"WebSite\",\"@id\":\"https:\\\/\\\/gentedebasquet.com.ar\\\/sitio\\\/#website\",\"url\":\"https:\\\/\\\/gentedebasquet.com.ar\\\/sitio\\\/\",\"name\":\"Gente de B\u00e1squet\",\"description\":\"La revista del basquet de Bah\u00eda Blanca\",\"potentialAction\":[{\"@type\":\"SearchAction\",\"target\":{\"@type\":\"EntryPoint\",\"urlTemplate\":\"https:\\\/\\\/gentedebasquet.com.ar\\\/sitio\\\/?s={search_term_string}\"},\"query-input\":{\"@type\":\"PropertyValueSpecification\",\"valueRequired\":true,\"valueName\":\"search_term_string\"}}],\"inLanguage\":\"es\"},{\"@type\":\"Person\",\"@id\":\"https:\\\/\\\/gentedebasquet.com.ar\\\/sitio\\\/#\\\/schema\\\/person\\\/ca0b63bbb977369988a7bbbdc519943a\",\"name\":\"Gente de B\u00e1squet\",\"image\":{\"@type\":\"ImageObject\",\"inLanguage\":\"es\",\"@id\":\"https:\\\/\\\/secure.gravatar.com\\\/avatar\\\/7f2c48bdc33b30088f941fb6082e555f2874c98e20cb159d7b92b50eadfce793?s=96&d=mm&r=g\",\"url\":\"https:\\\/\\\/secure.gravatar.com\\\/avatar\\\/7f2c48bdc33b30088f941fb6082e555f2874c98e20cb159d7b92b50eadfce793?s=96&d=mm&r=g\",\"contentUrl\":\"https:\\\/\\\/secure.gravatar.com\\\/avatar\\\/7f2c48bdc33b30088f941fb6082e555f2874c98e20cb159d7b92b50eadfce793?s=96&d=mm&r=g\",\"caption\":\"Gente de B\u00e1squet\"},\"sameAs\":[\"http:\\\/\\\/gentedebasquet.com.ar\\\/sitio\"],\"url\":\"https:\\\/\\\/gentedebasquet.com.ar\\\/sitio\\\/author\\\/ulises\\\/\"}]}<\/script>\n<!-- \/ Yoast SEO plugin. -->","yoast_head_json":{"title":"Match point Verde - Gente de B\u00e1squet","robots":{"index":"index","follow":"follow","max-snippet":"max-snippet:-1","max-image-preview":"max-image-preview:large","max-video-preview":"max-video-preview:-1"},"canonical":"http:\/\/gentedebasquet.com.ar\/sitio\/2015\/07\/05\/match-point-verde\/","og_locale":"es_ES","og_type":"article","og_title":"Match point Verde - Gente de B\u00e1squet","og_description":"Pac\u00edfico se hizo fuerte en White y venci\u00f3 a Comercial por 88 a 66","og_url":"http:\/\/gentedebasquet.com.ar\/sitio\/2015\/07\/05\/match-point-verde\/","og_site_name":"Gente de B\u00e1squet","article_published_time":"2015-07-06T02:30:16+00:00","og_image":[{"width":690,"height":318,"url":"http:\/\/gentedebasquet.com.ar\/sitio\/wp-content\/uploads\/2015\/07\/Comercial-Pacifico.jpg","type":"image\/jpeg"}],"author":"Gente de B\u00e1squet","twitter_card":"summary_large_image","twitter_misc":{"Escrito por":"Gente de B\u00e1squet","Tiempo de lectura":"2 minutos"},"schema":{"@context":"https:\/\/schema.org","@graph":[{"@type":"Article","@id":"http:\/\/gentedebasquet.com.ar\/sitio\/2015\/07\/05\/match-point-verde\/#article","isPartOf":{"@id":"http:\/\/gentedebasquet.com.ar\/sitio\/2015\/07\/05\/match-point-verde\/"},"author":{"name":"Gente de B\u00e1squet","@id":"https:\/\/gentedebasquet.com.ar\/sitio\/#\/schema\/person\/ca0b63bbb977369988a7bbbdc519943a"},"headline":"Match point Verde","datePublished":"2015-07-06T02:30:16+00:00","mainEntityOfPage":{"@id":"http:\/\/gentedebasquet.com.ar\/sitio\/2015\/07\/05\/match-point-verde\/"},"wordCount":484,"image":{"@id":"http:\/\/gentedebasquet.com.ar\/sitio\/2015\/07\/05\/match-point-verde\/#primaryimage"},"thumbnailUrl":"https:\/\/gentedebasquet.com.ar\/sitio\/wp-content\/uploads\/2015\/07\/Comercial-Pacifico.jpg","keywords":["Amilcar Andreanelli","Comercial","Ezequiel Meneses","Fernando Bonino","Gast\u00f3n Chaves","Mauricio Gonz\u00e1lez","Pablo Pollio","Pacifico","Sebasti\u00e1n Tacchetti"],"articleSection":["Segunda","Slide"],"inLanguage":"es"},{"@type":"WebPage","@id":"http:\/\/gentedebasquet.com.ar\/sitio\/2015\/07\/05\/match-point-verde\/","url":"http:\/\/gentedebasquet.com.ar\/sitio\/2015\/07\/05\/match-point-verde\/","name":"Match point Verde - Gente de B\u00e1squet","isPartOf":{"@id":"https:\/\/gentedebasquet.com.ar\/sitio\/#website"},"primaryImageOfPage":{"@id":"http:\/\/gentedebasquet.com.ar\/sitio\/2015\/07\/05\/match-point-verde\/#primaryimage"},"image":{"@id":"http:\/\/gentedebasquet.com.ar\/sitio\/2015\/07\/05\/match-point-verde\/#primaryimage"},"thumbnailUrl":"https:\/\/gentedebasquet.com.ar\/sitio\/wp-content\/uploads\/2015\/07\/Comercial-Pacifico.jpg","datePublished":"2015-07-06T02:30:16+00:00","author":{"@id":"https:\/\/gentedebasquet.com.ar\/sitio\/#\/schema\/person\/ca0b63bbb977369988a7bbbdc519943a"},"breadcrumb":{"@id":"http:\/\/gentedebasquet.com.ar\/sitio\/2015\/07\/05\/match-point-verde\/#breadcrumb"},"inLanguage":"es","potentialAction":[{"@type":"ReadAction","target":["http:\/\/gentedebasquet.com.ar\/sitio\/2015\/07\/05\/match-point-verde\/"]}]},{"@type":"ImageObject","inLanguage":"es","@id":"http:\/\/gentedebasquet.com.ar\/sitio\/2015\/07\/05\/match-point-verde\/#primaryimage","url":"https:\/\/gentedebasquet.com.ar\/sitio\/wp-content\/uploads\/2015\/07\/Comercial-Pacifico.jpg","contentUrl":"https:\/\/gentedebasquet.com.ar\/sitio\/wp-content\/uploads\/2015\/07\/Comercial-Pacifico.jpg","width":690,"height":318},{"@type":"BreadcrumbList","@id":"http:\/\/gentedebasquet.com.ar\/sitio\/2015\/07\/05\/match-point-verde\/#breadcrumb","itemListElement":[{"@type":"ListItem","position":1,"name":"Portada","item":"https:\/\/gentedebasquet.com.ar\/sitio\/"},{"@type":"ListItem","position":2,"name":"Match point Verde"}]},{"@type":"WebSite","@id":"https:\/\/gentedebasquet.com.ar\/sitio\/#website","url":"https:\/\/gentedebasquet.com.ar\/sitio\/","name":"Gente de B\u00e1squet","description":"La revista del basquet de Bah\u00eda Blanca","potentialAction":[{"@type":"SearchAction","target":{"@type":"EntryPoint","urlTemplate":"https:\/\/gentedebasquet.com.ar\/sitio\/?s={search_term_string}"},"query-input":{"@type":"PropertyValueSpecification","valueRequired":true,"valueName":"search_term_string"}}],"inLanguage":"es"},{"@type":"Person","@id":"https:\/\/gentedebasquet.com.ar\/sitio\/#\/schema\/person\/ca0b63bbb977369988a7bbbdc519943a","name":"Gente de B\u00e1squet","image":{"@type":"ImageObject","inLanguage":"es","@id":"https:\/\/secure.gravatar.com\/avatar\/7f2c48bdc33b30088f941fb6082e555f2874c98e20cb159d7b92b50eadfce793?s=96&d=mm&r=g","url":"https:\/\/secure.gravatar.com\/avatar\/7f2c48bdc33b30088f941fb6082e555f2874c98e20cb159d7b92b50eadfce793?s=96&d=mm&r=g","contentUrl":"https:\/\/secure.gravatar.com\/avatar\/7f2c48bdc33b30088f941fb6082e555f2874c98e20cb159d7b92b50eadfce793?s=96&d=mm&r=g","caption":"Gente de B\u00e1squet"},"sameAs":["http:\/\/gentedebasquet.com.ar\/sitio"],"url":"https:\/\/gentedebasquet.com.ar\/sitio\/author\/ulises\/"}]}},"_links":{"self":[{"href":"https:\/\/gentedebasquet.com.ar\/sitio\/wp-json\/wp\/v2\/posts\/47921","targetHints":{"allow":["GET"]}}],"collection":[{"href":"https:\/\/gentedebasquet.com.ar\/sitio\/wp-json\/wp\/v2\/posts"}],"about":[{"href":"https:\/\/gentedebasquet.com.ar\/sitio\/wp-json\/wp\/v2\/types\/post"}],"author":[{"embeddable":true,"href":"https:\/\/gentedebasquet.com.ar\/sitio\/wp-json\/wp\/v2\/users\/1"}],"replies":[{"embeddable":true,"href":"https:\/\/gentedebasquet.com.ar\/sitio\/wp-json\/wp\/v2\/comments?post=47921"}],"version-history":[{"count":0,"href":"https:\/\/gentedebasquet.com.ar\/sitio\/wp-json\/wp\/v2\/posts\/47921\/revisions"}],"wp:featuredmedia":[{"embeddable":true,"href":"https:\/\/gentedebasquet.com.ar\/sitio\/wp-json\/wp\/v2\/media\/47923"}],"wp:attachment":[{"href":"https:\/\/gentedebasquet.com.ar\/sitio\/wp-json\/wp\/v2\/media?parent=47921"}],"wp:term":[{"taxonomy":"category","embeddable":true,"href":"https:\/\/gentedebasquet.com.ar\/sitio\/wp-json\/wp\/v2\/categories?post=47921"},{"taxonomy":"post_tag","embeddable":true,"href":"https:\/\/gentedebasquet.com.ar\/sitio\/wp-json\/wp\/v2\/tags?post=47921"}],"curies":[{"name":"wp","href":"https:\/\/api.w.org\/{rel}","templated":true}]}}