{"id":47995,"date":"2015-07-06T23:23:27","date_gmt":"2015-07-07T02:23:27","guid":{"rendered":"http:\/\/www.gentedebasquet.com.ar\/?p=47995"},"modified":"2015-07-06T23:23:27","modified_gmt":"2015-07-07T02:23:27","slug":"bahiense-metio-quinta","status":"publish","type":"post","link":"https:\/\/gentedebasquet.com.ar\/sitio\/2015\/07\/06\/bahiense-metio-quinta\/","title":{"rendered":"Bahiense meti\u00f3 quinta"},"content":{"rendered":"<p><b>El Tricolor sufri\u00f3 pero derrot\u00f3 68-62 a Barracas en el Manu Gin\u00f3bili y sum\u00f3 su quinto triunfo al hilo para aferrarse al tercer puesto de la tabla. Los dirigidos por Navallo golpearon de entrada (24-16), ganaron el juego a\u00e9reo (46 a 29) y luego, a pesar de no poder mostrar su mejor rendimiento, estuvieron m\u00e1s lucidos que su rival en el cierre. En el ganador, que no cont\u00f3 con Esteban Silva (sobrecarga rodilla izquierda), Franco Pennacchiotti (24 pts \u2013 18 reb) fue la gran figura y estuvo bien secundado por Franco Amigo (17 \u2013 5\/9 T2) y Juan Ignacio Diomedi (16 \u2013 10 reb). El conjunto del Bosque tuvo en Sebasti\u00e1n Ranieri (28) al goleador de la noche. <\/b><\/p>\n<p>A partir de su buena eficacia en ataque (3\/7 T3, 6\/8 T2 y 3\/4 TL), Bahiense domin\u00f3 de principio a fin el cuarto inicial del encuentro. Por las buenas decisiones de Amigo (6), las bombas de Diomedi (6 \u2013 2\/2 T3) y Nacho Gonz\u00e1lez (3 \u2013 1\/2 T3), m\u00e1s los puntos cerca del aro de Pennacchiotti (7), el due\u00f1o de casa tuvo variantes en ofensiva y escap\u00f3 15-8 con 4m43 por jugar. Barracas no estuvo fino con el aro y todo le cost\u00f3 mucho. Con Ranieri (6), Horvath (4) y Bert\u00f3n (4) tirando de la lanza, el conjunto del Bosque pudo acortar la brecha en el resultado (24-16).<\/p>\n<p>Con goleo bajo y muchas imprecisiones, as\u00ed se torn\u00f3 el segundo cap\u00edtulo. Bahiense perdi\u00f3 movilidad y claridad en ataque y lo sinti\u00f3 (8 perdidas). As\u00ed y todo lleg\u00f3 a estirar su distancia a trece puntos (31-18) por las apariciones de Amigo (5) y Pennacchiotti (4). Barracas tambi\u00e9n sufri\u00f3 con las p\u00e9rdidas (5) y nunca se lo vio c\u00f3modo en la cancha. El ingreso de Fornetti (2, 2 rec y 1 asist) le dio un aliado en ataque a Horvath (4) y entre ambos le dieron vida al Bosque. Mediante un parcial de 6-2 en los \u00faltimos 4m40s, el elenco visitante lim\u00f3 nuevamente la diferencia. Al descanso m\u00e1s largo se fue arriba el Tricolor 35-28.<\/p>\n<p>Al igual que en el cierre del primer tiempo, Horvath (4) y Fornetti (3) lideraron a Barracas a la vuelta de los vestuarios. As\u00ed la visita se lleg\u00f3 a poner a solo dos unidades (39-37). Bahiense contest\u00f3 con una mini racha que encontr\u00f3 puntos en Gerbaudo (5) y Amigo (5), y en la cual Pennacchiotti (4 y 5 reb) junto a Diomedi (2 y 4 reb) se encargaron del trabajo sucio y la carga del rebote. As\u00ed tom\u00f3 una nueva luz de nueve puntos (51-42). Sin embargo tras ese buen pasaje, el Tricolor se sec\u00f3 y no pudo anotar en los \u00faltimos 2m28s del cuarto. En el otro lado, ocho tantos consecutivos de Ranieri, con dos bombas incluidas, dejaron el resultado 51-50 de cara al \u00faltimo descanso.<\/p>\n<p>Con Ranieri nuevamente en escena, dos triples consecutivos, Barracas pudo pasar al frente (57-58) a 6m del final. En ese momento los dirigidos por Navallo ajustaron atr\u00e1s y con un parcial de 7-0, que concluy\u00f3 con un triple de Zambrano, se distanciaron 64-58 a solo 3m20s del cierre del encuentro. M\u00e1s all\u00e1 de que el elenco del Bosque lleg\u00f3 a ponerse a tres (64-61) y a pesar de no estar certero desde la l\u00ednea de libres (2\/6), Bahiense no debi\u00f3 pasar m\u00e1s sobresaltos en el cierre para llevarse el triunfo. As\u00ed el Tricolor lleg\u00f3 a su quinta victoria al hilo y ahora espera por dos choques claves: Napost\u00e1 y Alem.<\/p>\n<p>&nbsp;<\/p>\n<p>[vimeo]http:\/\/vimeo.com\/132789466[\/vimeo]<\/p>\n<p>&nbsp;<\/p>\n<p><b><\/b><b>S\u00edntesis |\u00a0Primera Divisi\u00f3n \u2013\u00a0<\/b>Fecha #14<\/p>\n<p><b>Bahiense 68:\u00a0<\/b>Ignacio Gerbaudo 5 (x),\u00a0Franco Amigo 17,\u00a0Kevin Zambrano 3, Juan Ignacio Diomedi 16,\u00a0Franco Pennacchiotti 24 (Fi).\u00a0Ignacio Gonz\u00e1lez 3,\u00a0Tom\u00e1s Musotto 0 e Iv\u00e1n Catani 0.\u00a0DT: Alejandro Navallo.<\/p>\n<p><b>Barracas 62:<\/b>\u00a0Juli\u00e1n Horvath 12, Sebasti\u00e1n Ranieri 28, Ezequiel Falcetta 6, Maximiliano Bert\u00f3n 7, Mariano N\u00fa\u00f1ez 2 (Fi). Mat\u00edas Fornetti 7 (x) y Bruno Martellini 0.\u00a0DT: Juan Sergio Palumbo.<\/p>\n<p><b>Parciales:<\/b>\u00a024-16, 35-28 (11-12), 51-50 (16-22) y 68-62 (17-12).<\/p>\n<p><b>\u00c1rbitros:<\/b>\u00a0Javier S\u00e1nchez \u2013 Alejandro Vizcaino.<\/p>\n<p><b>Estadio:<\/b> Manu Gin\u00f3bili (Bahiense del Norte).<\/p>\n<p><a class=\"modalf iframe\" title=\"Planilla\" href=\"https:\/\/docs.google.com\/spreadsheets\/d\/1uBHDXbf6LPcaJveg93IkOIGBxa1JV9GKxpJZ1kv65Ig\/pubhtml?gid=354564703&amp;single=true\" target=\"_blank\" rel=\"noopener\">Ver Planilla<\/a><\/p>\n<p>&nbsp;<\/p>\n<p>[vimeo]http:\/\/vimeo.com\/132779164[\/vimeo]<\/p>\n","protected":false},"excerpt":{"rendered":"<p>El Tricolor sum\u00f3 su quinto \u00e9xito consecutivo: 68-62 ante Barracas <\/p>\n","protected":false},"author":1,"featured_media":47997,"comment_status":"closed","ping_status":"open","sticky":false,"template":"","format":"standard","meta":{"jnews-multi-image_gallery":[],"jnews_single_post":[],"jnews_primary_category":[],"footnotes":""},"categories":[23,101],"tags":[5,333,223,87,761,203],"class_list":["post-47995","post","type-post","status-publish","format-standard","has-post-thumbnail","hentry","category-primera","category-slide","tag-bahiense-del-norte","tag-barracas","tag-franco-amigo","tag-franco-pennacchiotti","tag-juan-ignacio-diomedi","tag-sebastian-ranieri"],"yoast_head":"<!-- This site is optimized with the Yoast SEO plugin v27.4 - https:\/\/yoast.com\/product\/yoast-seo-wordpress\/ -->\n<title>Bahiense meti\u00f3 quinta - Gente de B\u00e1squet<\/title>\n<meta name=\"robots\" content=\"index, follow, max-snippet:-1, max-image-preview:large, max-video-preview:-1\" \/>\n<link rel=\"canonical\" href=\"https:\/\/gentedebasquet.com.ar\/sitio\/2015\/07\/06\/bahiense-metio-quinta\/\" \/>\n<meta property=\"og:locale\" content=\"es_ES\" \/>\n<meta property=\"og:type\" content=\"article\" \/>\n<meta property=\"og:title\" content=\"Bahiense meti\u00f3 quinta - Gente de B\u00e1squet\" \/>\n<meta property=\"og:description\" content=\"El Tricolor sum\u00f3 su quinto \u00e9xito consecutivo: 68-62 ante Barracas\" \/>\n<meta property=\"og:url\" content=\"https:\/\/gentedebasquet.com.ar\/sitio\/2015\/07\/06\/bahiense-metio-quinta\/\" \/>\n<meta property=\"og:site_name\" content=\"Gente de B\u00e1squet\" \/>\n<meta property=\"article:published_time\" content=\"2015-07-07T02:23:27+00:00\" \/>\n<meta property=\"og:image\" content=\"https:\/\/gentedebasquet.com.ar\/sitio\/wp-content\/uploads\/2015\/07\/Penna.jpg\" \/>\n\t<meta property=\"og:image:width\" content=\"690\" \/>\n\t<meta property=\"og:image:height\" content=\"319\" \/>\n\t<meta property=\"og:image:type\" content=\"image\/jpeg\" \/>\n<meta name=\"author\" content=\"Gente de B\u00e1squet\" \/>\n<meta name=\"twitter:card\" content=\"summary_large_image\" \/>\n<meta name=\"twitter:label1\" content=\"Escrito por\" \/>\n\t<meta name=\"twitter:data1\" content=\"Gente de B\u00e1squet\" \/>\n\t<meta name=\"twitter:label2\" content=\"Tiempo de lectura\" \/>\n\t<meta name=\"twitter:data2\" content=\"3 minutos\" \/>\n<script type=\"application\/ld+json\" class=\"yoast-schema-graph\">{\"@context\":\"https:\\\/\\\/schema.org\",\"@graph\":[{\"@type\":\"Article\",\"@id\":\"https:\\\/\\\/gentedebasquet.com.ar\\\/sitio\\\/2015\\\/07\\\/06\\\/bahiense-metio-quinta\\\/#article\",\"isPartOf\":{\"@id\":\"https:\\\/\\\/gentedebasquet.com.ar\\\/sitio\\\/2015\\\/07\\\/06\\\/bahiense-metio-quinta\\\/\"},\"author\":{\"name\":\"Gente de B\u00e1squet\",\"@id\":\"http:\\\/\\\/gentedebasquet.com.ar\\\/sitio\\\/#\\\/schema\\\/person\\\/ca0b63bbb977369988a7bbbdc519943a\"},\"headline\":\"Bahiense meti\u00f3 quinta\",\"datePublished\":\"2015-07-07T02:23:27+00:00\",\"mainEntityOfPage\":{\"@id\":\"https:\\\/\\\/gentedebasquet.com.ar\\\/sitio\\\/2015\\\/07\\\/06\\\/bahiense-metio-quinta\\\/\"},\"wordCount\":654,\"image\":{\"@id\":\"https:\\\/\\\/gentedebasquet.com.ar\\\/sitio\\\/2015\\\/07\\\/06\\\/bahiense-metio-quinta\\\/#primaryimage\"},\"thumbnailUrl\":\"https:\\\/\\\/gentedebasquet.com.ar\\\/sitio\\\/wp-content\\\/uploads\\\/2015\\\/07\\\/Penna.jpg\",\"keywords\":[\"Bahiense Del Norte\",\"Barracas\",\"Franco Amigo\",\"Franco Pennacchiotti\",\"Juan Ignacio Diomedi\",\"Sebasti\u00e1n Ranieri\"],\"articleSection\":[\"Primera\",\"Slide\"],\"inLanguage\":\"es\"},{\"@type\":\"WebPage\",\"@id\":\"https:\\\/\\\/gentedebasquet.com.ar\\\/sitio\\\/2015\\\/07\\\/06\\\/bahiense-metio-quinta\\\/\",\"url\":\"https:\\\/\\\/gentedebasquet.com.ar\\\/sitio\\\/2015\\\/07\\\/06\\\/bahiense-metio-quinta\\\/\",\"name\":\"Bahiense meti\u00f3 quinta - Gente de B\u00e1squet\",\"isPartOf\":{\"@id\":\"http:\\\/\\\/gentedebasquet.com.ar\\\/sitio\\\/#website\"},\"primaryImageOfPage\":{\"@id\":\"https:\\\/\\\/gentedebasquet.com.ar\\\/sitio\\\/2015\\\/07\\\/06\\\/bahiense-metio-quinta\\\/#primaryimage\"},\"image\":{\"@id\":\"https:\\\/\\\/gentedebasquet.com.ar\\\/sitio\\\/2015\\\/07\\\/06\\\/bahiense-metio-quinta\\\/#primaryimage\"},\"thumbnailUrl\":\"https:\\\/\\\/gentedebasquet.com.ar\\\/sitio\\\/wp-content\\\/uploads\\\/2015\\\/07\\\/Penna.jpg\",\"datePublished\":\"2015-07-07T02:23:27+00:00\",\"author\":{\"@id\":\"http:\\\/\\\/gentedebasquet.com.ar\\\/sitio\\\/#\\\/schema\\\/person\\\/ca0b63bbb977369988a7bbbdc519943a\"},\"breadcrumb\":{\"@id\":\"https:\\\/\\\/gentedebasquet.com.ar\\\/sitio\\\/2015\\\/07\\\/06\\\/bahiense-metio-quinta\\\/#breadcrumb\"},\"inLanguage\":\"es\",\"potentialAction\":[{\"@type\":\"ReadAction\",\"target\":[\"https:\\\/\\\/gentedebasquet.com.ar\\\/sitio\\\/2015\\\/07\\\/06\\\/bahiense-metio-quinta\\\/\"]}]},{\"@type\":\"ImageObject\",\"inLanguage\":\"es\",\"@id\":\"https:\\\/\\\/gentedebasquet.com.ar\\\/sitio\\\/2015\\\/07\\\/06\\\/bahiense-metio-quinta\\\/#primaryimage\",\"url\":\"https:\\\/\\\/gentedebasquet.com.ar\\\/sitio\\\/wp-content\\\/uploads\\\/2015\\\/07\\\/Penna.jpg\",\"contentUrl\":\"https:\\\/\\\/gentedebasquet.com.ar\\\/sitio\\\/wp-content\\\/uploads\\\/2015\\\/07\\\/Penna.jpg\",\"width\":690,\"height\":319},{\"@type\":\"BreadcrumbList\",\"@id\":\"https:\\\/\\\/gentedebasquet.com.ar\\\/sitio\\\/2015\\\/07\\\/06\\\/bahiense-metio-quinta\\\/#breadcrumb\",\"itemListElement\":[{\"@type\":\"ListItem\",\"position\":1,\"name\":\"Portada\",\"item\":\"http:\\\/\\\/gentedebasquet.com.ar\\\/sitio\\\/\"},{\"@type\":\"ListItem\",\"position\":2,\"name\":\"Bahiense meti\u00f3 quinta\"}]},{\"@type\":\"WebSite\",\"@id\":\"http:\\\/\\\/gentedebasquet.com.ar\\\/sitio\\\/#website\",\"url\":\"http:\\\/\\\/gentedebasquet.com.ar\\\/sitio\\\/\",\"name\":\"Gente de B\u00e1squet\",\"description\":\"La revista del basquet de Bah\u00eda Blanca\",\"potentialAction\":[{\"@type\":\"SearchAction\",\"target\":{\"@type\":\"EntryPoint\",\"urlTemplate\":\"http:\\\/\\\/gentedebasquet.com.ar\\\/sitio\\\/?s={search_term_string}\"},\"query-input\":{\"@type\":\"PropertyValueSpecification\",\"valueRequired\":true,\"valueName\":\"search_term_string\"}}],\"inLanguage\":\"es\"},{\"@type\":\"Person\",\"@id\":\"http:\\\/\\\/gentedebasquet.com.ar\\\/sitio\\\/#\\\/schema\\\/person\\\/ca0b63bbb977369988a7bbbdc519943a\",\"name\":\"Gente de B\u00e1squet\",\"image\":{\"@type\":\"ImageObject\",\"inLanguage\":\"es\",\"@id\":\"https:\\\/\\\/secure.gravatar.com\\\/avatar\\\/7f2c48bdc33b30088f941fb6082e555f2874c98e20cb159d7b92b50eadfce793?s=96&d=mm&r=g\",\"url\":\"https:\\\/\\\/secure.gravatar.com\\\/avatar\\\/7f2c48bdc33b30088f941fb6082e555f2874c98e20cb159d7b92b50eadfce793?s=96&d=mm&r=g\",\"contentUrl\":\"https:\\\/\\\/secure.gravatar.com\\\/avatar\\\/7f2c48bdc33b30088f941fb6082e555f2874c98e20cb159d7b92b50eadfce793?s=96&d=mm&r=g\",\"caption\":\"Gente de B\u00e1squet\"},\"sameAs\":[\"http:\\\/\\\/gentedebasquet.com.ar\\\/sitio\"],\"url\":\"https:\\\/\\\/gentedebasquet.com.ar\\\/sitio\\\/author\\\/ulises\\\/\"}]}<\/script>\n<!-- \/ Yoast SEO plugin. -->","yoast_head_json":{"title":"Bahiense meti\u00f3 quinta - Gente de B\u00e1squet","robots":{"index":"index","follow":"follow","max-snippet":"max-snippet:-1","max-image-preview":"max-image-preview:large","max-video-preview":"max-video-preview:-1"},"canonical":"https:\/\/gentedebasquet.com.ar\/sitio\/2015\/07\/06\/bahiense-metio-quinta\/","og_locale":"es_ES","og_type":"article","og_title":"Bahiense meti\u00f3 quinta - Gente de B\u00e1squet","og_description":"El Tricolor sum\u00f3 su quinto \u00e9xito consecutivo: 68-62 ante Barracas","og_url":"https:\/\/gentedebasquet.com.ar\/sitio\/2015\/07\/06\/bahiense-metio-quinta\/","og_site_name":"Gente de B\u00e1squet","article_published_time":"2015-07-07T02:23:27+00:00","og_image":[{"width":690,"height":319,"url":"https:\/\/gentedebasquet.com.ar\/sitio\/wp-content\/uploads\/2015\/07\/Penna.jpg","type":"image\/jpeg"}],"author":"Gente de B\u00e1squet","twitter_card":"summary_large_image","twitter_misc":{"Escrito por":"Gente de B\u00e1squet","Tiempo de lectura":"3 minutos"},"schema":{"@context":"https:\/\/schema.org","@graph":[{"@type":"Article","@id":"https:\/\/gentedebasquet.com.ar\/sitio\/2015\/07\/06\/bahiense-metio-quinta\/#article","isPartOf":{"@id":"https:\/\/gentedebasquet.com.ar\/sitio\/2015\/07\/06\/bahiense-metio-quinta\/"},"author":{"name":"Gente de B\u00e1squet","@id":"http:\/\/gentedebasquet.com.ar\/sitio\/#\/schema\/person\/ca0b63bbb977369988a7bbbdc519943a"},"headline":"Bahiense meti\u00f3 quinta","datePublished":"2015-07-07T02:23:27+00:00","mainEntityOfPage":{"@id":"https:\/\/gentedebasquet.com.ar\/sitio\/2015\/07\/06\/bahiense-metio-quinta\/"},"wordCount":654,"image":{"@id":"https:\/\/gentedebasquet.com.ar\/sitio\/2015\/07\/06\/bahiense-metio-quinta\/#primaryimage"},"thumbnailUrl":"https:\/\/gentedebasquet.com.ar\/sitio\/wp-content\/uploads\/2015\/07\/Penna.jpg","keywords":["Bahiense Del Norte","Barracas","Franco Amigo","Franco Pennacchiotti","Juan Ignacio Diomedi","Sebasti\u00e1n Ranieri"],"articleSection":["Primera","Slide"],"inLanguage":"es"},{"@type":"WebPage","@id":"https:\/\/gentedebasquet.com.ar\/sitio\/2015\/07\/06\/bahiense-metio-quinta\/","url":"https:\/\/gentedebasquet.com.ar\/sitio\/2015\/07\/06\/bahiense-metio-quinta\/","name":"Bahiense meti\u00f3 quinta - Gente de B\u00e1squet","isPartOf":{"@id":"http:\/\/gentedebasquet.com.ar\/sitio\/#website"},"primaryImageOfPage":{"@id":"https:\/\/gentedebasquet.com.ar\/sitio\/2015\/07\/06\/bahiense-metio-quinta\/#primaryimage"},"image":{"@id":"https:\/\/gentedebasquet.com.ar\/sitio\/2015\/07\/06\/bahiense-metio-quinta\/#primaryimage"},"thumbnailUrl":"https:\/\/gentedebasquet.com.ar\/sitio\/wp-content\/uploads\/2015\/07\/Penna.jpg","datePublished":"2015-07-07T02:23:27+00:00","author":{"@id":"http:\/\/gentedebasquet.com.ar\/sitio\/#\/schema\/person\/ca0b63bbb977369988a7bbbdc519943a"},"breadcrumb":{"@id":"https:\/\/gentedebasquet.com.ar\/sitio\/2015\/07\/06\/bahiense-metio-quinta\/#breadcrumb"},"inLanguage":"es","potentialAction":[{"@type":"ReadAction","target":["https:\/\/gentedebasquet.com.ar\/sitio\/2015\/07\/06\/bahiense-metio-quinta\/"]}]},{"@type":"ImageObject","inLanguage":"es","@id":"https:\/\/gentedebasquet.com.ar\/sitio\/2015\/07\/06\/bahiense-metio-quinta\/#primaryimage","url":"https:\/\/gentedebasquet.com.ar\/sitio\/wp-content\/uploads\/2015\/07\/Penna.jpg","contentUrl":"https:\/\/gentedebasquet.com.ar\/sitio\/wp-content\/uploads\/2015\/07\/Penna.jpg","width":690,"height":319},{"@type":"BreadcrumbList","@id":"https:\/\/gentedebasquet.com.ar\/sitio\/2015\/07\/06\/bahiense-metio-quinta\/#breadcrumb","itemListElement":[{"@type":"ListItem","position":1,"name":"Portada","item":"http:\/\/gentedebasquet.com.ar\/sitio\/"},{"@type":"ListItem","position":2,"name":"Bahiense meti\u00f3 quinta"}]},{"@type":"WebSite","@id":"http:\/\/gentedebasquet.com.ar\/sitio\/#website","url":"http:\/\/gentedebasquet.com.ar\/sitio\/","name":"Gente de B\u00e1squet","description":"La revista del basquet de Bah\u00eda Blanca","potentialAction":[{"@type":"SearchAction","target":{"@type":"EntryPoint","urlTemplate":"http:\/\/gentedebasquet.com.ar\/sitio\/?s={search_term_string}"},"query-input":{"@type":"PropertyValueSpecification","valueRequired":true,"valueName":"search_term_string"}}],"inLanguage":"es"},{"@type":"Person","@id":"http:\/\/gentedebasquet.com.ar\/sitio\/#\/schema\/person\/ca0b63bbb977369988a7bbbdc519943a","name":"Gente de B\u00e1squet","image":{"@type":"ImageObject","inLanguage":"es","@id":"https:\/\/secure.gravatar.com\/avatar\/7f2c48bdc33b30088f941fb6082e555f2874c98e20cb159d7b92b50eadfce793?s=96&d=mm&r=g","url":"https:\/\/secure.gravatar.com\/avatar\/7f2c48bdc33b30088f941fb6082e555f2874c98e20cb159d7b92b50eadfce793?s=96&d=mm&r=g","contentUrl":"https:\/\/secure.gravatar.com\/avatar\/7f2c48bdc33b30088f941fb6082e555f2874c98e20cb159d7b92b50eadfce793?s=96&d=mm&r=g","caption":"Gente de B\u00e1squet"},"sameAs":["http:\/\/gentedebasquet.com.ar\/sitio"],"url":"https:\/\/gentedebasquet.com.ar\/sitio\/author\/ulises\/"}]}},"_links":{"self":[{"href":"https:\/\/gentedebasquet.com.ar\/sitio\/wp-json\/wp\/v2\/posts\/47995","targetHints":{"allow":["GET"]}}],"collection":[{"href":"https:\/\/gentedebasquet.com.ar\/sitio\/wp-json\/wp\/v2\/posts"}],"about":[{"href":"https:\/\/gentedebasquet.com.ar\/sitio\/wp-json\/wp\/v2\/types\/post"}],"author":[{"embeddable":true,"href":"https:\/\/gentedebasquet.com.ar\/sitio\/wp-json\/wp\/v2\/users\/1"}],"replies":[{"embeddable":true,"href":"https:\/\/gentedebasquet.com.ar\/sitio\/wp-json\/wp\/v2\/comments?post=47995"}],"version-history":[{"count":0,"href":"https:\/\/gentedebasquet.com.ar\/sitio\/wp-json\/wp\/v2\/posts\/47995\/revisions"}],"wp:featuredmedia":[{"embeddable":true,"href":"https:\/\/gentedebasquet.com.ar\/sitio\/wp-json\/wp\/v2\/media\/47997"}],"wp:attachment":[{"href":"https:\/\/gentedebasquet.com.ar\/sitio\/wp-json\/wp\/v2\/media?parent=47995"}],"wp:term":[{"taxonomy":"category","embeddable":true,"href":"https:\/\/gentedebasquet.com.ar\/sitio\/wp-json\/wp\/v2\/categories?post=47995"},{"taxonomy":"post_tag","embeddable":true,"href":"https:\/\/gentedebasquet.com.ar\/sitio\/wp-json\/wp\/v2\/tags?post=47995"}],"curies":[{"name":"wp","href":"https:\/\/api.w.org\/{rel}","templated":true}]}}