{"id":48058,"date":"2015-07-08T00:55:16","date_gmt":"2015-07-08T03:55:16","guid":{"rendered":"http:\/\/www.gentedebasquet.com.ar\/?p=48058"},"modified":"2015-07-08T00:55:16","modified_gmt":"2015-07-08T03:55:16","slug":"el-gen-anti-argentino","status":"publish","type":"post","link":"https:\/\/gentedebasquet.com.ar\/sitio\/2015\/07\/08\/el-gen-anti-argentino\/","title":{"rendered":"El Gen anti-argentino"},"content":{"rendered":"<p><b>Con Gentili (33pts \u2013 23\/25 TL) y Gendana (19pts \u2013 18 en el ST) como abanderados, Sportivo super\u00f3 89-81 a Argentino en suplementario y descont\u00f3 en la serie de playoffs (2-1). M\u00e1s all\u00e1 de que el tr\u00e1mite del encuentro fue parejo, el Tricolor se vio obligado a correr siempre desde atr\u00e1s y reci\u00e9n pudo pasar por primera vez al frente (63-64) a 3m20s del final del 4C. Despu\u00e9s de igualar 73-73 en el tiempo regular, el conjunto de Alvarez tuvo m\u00e1s decisi\u00f3n y fue certero en el agregado (8-16) para quedarse con la victoria. En la visita tambi\u00e9n tuvo un buen aporte Tuero (13). Por el lado Celeste hubo buenas tareas de Lucchetti (17), Aceituno (16) y Massa (12).\u00a0<\/b><\/p>\n<p>Apuntalado por la decisi\u00f3n de Mallemaci (5) y Antonelli (4), Argentino comenz\u00f3 el encuentro mejor (6-0). Sportivo reci\u00e9n consigui\u00f3 sus primeros puntos a 4m10s del arranque y lo hizo por una arremetida de Tuero. Con ambos equipos buscando el tiro de tres puntos excesivamente (0\/6 y 0\/7 respectivamente), el encuentro se torn\u00f3 parejo. Gentili (7) desde la base le marc\u00f3 el camino al Tricolor y lo puso r\u00e1pidamente en partido tras el mal inicio (14-11).<\/p>\n<p>Errazu meti\u00f3 mano en su banco durante el segundo cap\u00edtulo y los relevos le dieron resultados. Massa (7pts \u2013 3\/3 TC) fue determinante al igual que Aceituno (6). Luego llegaron desde atr\u00e1s Susbielles (3), Serra (2) y Di Meglio (2). A partir de buen reparto del goleo y del quedo de su rival, el Celeste tom\u00f3 una luz de once puntos (32-21) a falta de 2m40 por jugar. A partir de las buenas determinaciones de Tuero (6) y algunas apariciones de Asnaghi (4) y Villoldo (3), Sportivo creci\u00f3 de a poco y pudo cerrar el cuarto con un pasaje de 9-2 que le permiti\u00f3 limar la distancia en el resultado (34-30).<\/p>\n<p>Despu\u00e9s de estar ocho abajo (40-32) en el amanecer del tercer segmento, Tuero se despach\u00f3 con un triple, hasta ese momento el primero del partido para Sportivo que llevaba 0\/12, y acort\u00f3 distancias (40-35). Luego con otra bomba de Gendana y la tremenda efectividad de Gentili desde la l\u00ednea (11\/12 TL), le permitieron al Tricolor llegar a nivelar las acciones: 48-48 con 2m12s en el reloj. Argentino, si bien por momentos no fue claro en ofensiva, se mantuvo por los puntos de Lucchetti (6) y Aceituno (7). El Celeste tambi\u00e9n aprovech\u00f3 de buena manera las visitas a la l\u00ednea de libres (10\/13) y por eso se pudo ir 57-53 arriba de cara al \u00faltimo cuarto.<\/p>\n<p>Un triple de Aceituno alej\u00f3 a Argentino 61-55 en el arranque del cuarto periodo. Sin embargo desde ese momento Sportivo reaccion\u00f3 y tuvo una racha favorable. Gendana (8 puntos consecutivos \u2013 2\/2 T3) se encendi\u00f3 nuevamente y le permiti\u00f3 al Tricolor pasar por primera vez al frente en el resultado (63-64) y luego tambi\u00e9n: 63-66. Massa contestando desde la misma v\u00eda fue el encargado de terminar con la sequ\u00eda de su equipo y as\u00ed empard\u00f3 nuevamente las acciones: 66-66. Hasta el cierre el juego se torn\u00f3 de palo y palo y no dio respiro. Un doble y bonus de Gentili con 48s en el reloj la visita se adelant\u00f3 71-73. En el otro lado respondi\u00f3 Di Meglio con un doble a media distancia con tablero (73-73) con menos de 30s en el reloj. Gentili, nuevamente, fue el encargado de cerrar el encuentro para el equipo de Alvarez pero tir\u00f3 incomodo y el rebote lo tom\u00f3 c\u00f3modo Lucchetti. El escolta subi\u00f3 la bola pero no se anim\u00f3 a ir hacia adentro y termin\u00f3 tirando de tres exigido por el reloj y la marca. La pelota no quiso entrar y el juego se fue a suplementario.<\/p>\n<p>Ya en el agregado, un pasaje de 7-0 (77-85) a favor del Tricolor con 45s por jugar comenz\u00f3 a inclinar la balanza para el lado visitante. Un triple de Gendana, y los puntos de Asnaghi y Gentili fueron claves para estampar ese parcial. Con aire en el resultado, los de Alvarez se sintieron m\u00e1s c\u00f3modos y lo pudieron cerrar de buena manera. Gentili (3\/3 TL), luego de un t\u00e9cnico cobrado a Errazu, fue el encargado de sellar el resultado final. Sportivo tuvo m\u00e1s decisi\u00f3n y fue certero en el suplementario, por eso descont\u00f3 en la serie y el viernes en su casa buscar\u00e1 nivelarla.<\/p>\n<p>&nbsp;<\/p>\n<p>[youtube]https:\/\/www.youtube.com\/watch?v=mNjppwjGesE[\/youtube]<\/p>\n<p>&nbsp;<\/p>\n<p><b>S\u00edntesis |\u00a0<\/b>Segunda Divisi\u00f3n \u2013 Playoffs #3<\/p>\n<p><b>Argentino 81 (73):<\/b>\u00a0Sebasti\u00e1n Susbielles 7, Lucas Lucchetti 17, Nicol\u00e1s Antonelli 7, Guillermo Mallemaci 8, Luciano Mussini 3 (Fi). Alan Serra 4, Juan Franco Di Meglio 7, Bruno Aceituno 16, Cesar Massa 12 y Tom\u00e1s Bruni 0. DT: Mario Errazu<\/p>\n<p><b>Sportivo Bahiense 89 (73):\u00a0<\/b>Gustavo Gentili 33,\u00a0Joaqu\u00edn Tuero 13 (x), Octavio Cancellarich 0, Nicol\u00e1s Mart\u00ednez 6, Juan Ignacio Blasco 5 (Fi). Fabi\u00e1n Gendana 19, Mart\u00edn Villoldo 6, Yoel Asnaghi 7 y Gabriel De la Torre 0. DT: Fernando Alvarez.<\/p>\n<p><b>Parciales:<\/b>\u00a014-11, 34-30 (20-19), 57-53 (23-23) y 73-73 (16-20).<\/p>\n<p><strong>Suplementario:<\/strong> 81-89 (8-16).<\/p>\n<p><b>\u00c1rbitros:<\/b>\u00a0Horacio Sed\u00e1n \u2013 Sebasti\u00e1n Giannino.<\/p>\n<p><b>Estadio:<\/b>\u00a0Ardubilio Severini (Argentino).<\/p>\n<p><b>Serie:<\/b>\u00a0Argentino, 2-1.<\/p>\n<p><a class=\"modalf iframe\" title=\"Planilla\" href=\"https:\/\/docs.google.com\/spreadsheets\/d\/1vTeqwPKsQvoN0jFhm994mMzpbheSEo5KOo3n_TLzKCk\/pubhtml?gid=1411548908&amp;single=true\" target=\"_blank\" rel=\"noopener\">Ver Planilla<\/a><\/p>\n<p>&nbsp;<\/p>\n<p>[youtube]https:\/\/www.youtube.com\/watch?v=Cvz77jWhJmg[\/youtube]<\/p>\n","protected":false},"excerpt":{"rendered":"<p>De la mano de Gentili y Gendana, Sportivo super\u00f3 89-81 a Argentino en TS <\/p>\n","protected":false},"author":1,"featured_media":48063,"comment_status":"closed","ping_status":"open","sticky":false,"template":"","format":"standard","meta":{"jnews-multi-image_gallery":[],"jnews_single_post":[],"jnews_primary_category":[],"footnotes":""},"categories":[25,101],"tags":[4,264,233,20],"class_list":["post-48058","post","type-post","status-publish","format-standard","has-post-thumbnail","hentry","category-segunda","category-slide","tag-argentino","tag-fabian-gendana","tag-gustavo-gentili","tag-sportivo-bahiense"],"yoast_head":"<!-- This site is optimized with the Yoast SEO plugin v27.5 - https:\/\/yoast.com\/product\/yoast-seo-wordpress\/ -->\n<title>El Gen anti-argentino - Gente de B\u00e1squet<\/title>\n<meta name=\"robots\" content=\"index, follow, max-snippet:-1, max-image-preview:large, max-video-preview:-1\" \/>\n<link rel=\"canonical\" href=\"https:\/\/gentedebasquet.com.ar\/sitio\/2015\/07\/08\/el-gen-anti-argentino\/\" \/>\n<meta property=\"og:locale\" content=\"es_ES\" \/>\n<meta property=\"og:type\" content=\"article\" \/>\n<meta property=\"og:title\" content=\"El Gen anti-argentino - Gente de B\u00e1squet\" \/>\n<meta property=\"og:description\" content=\"De la mano de Gentili y Gendana, Sportivo super\u00f3 89-81 a Argentino en TS\" \/>\n<meta property=\"og:url\" content=\"https:\/\/gentedebasquet.com.ar\/sitio\/2015\/07\/08\/el-gen-anti-argentino\/\" \/>\n<meta property=\"og:site_name\" content=\"Gente de B\u00e1squet\" \/>\n<meta property=\"article:published_time\" content=\"2015-07-08T03:55:16+00:00\" \/>\n<meta property=\"og:image\" content=\"https:\/\/gentedebasquet.com.ar\/sitio\/wp-content\/uploads\/2015\/07\/11720498_10202766379719804_1673458487_n.jpg\" \/>\n\t<meta property=\"og:image:width\" content=\"690\" \/>\n\t<meta property=\"og:image:height\" content=\"318\" \/>\n\t<meta property=\"og:image:type\" content=\"image\/jpeg\" \/>\n<meta name=\"author\" content=\"Gente de B\u00e1squet\" \/>\n<meta name=\"twitter:card\" content=\"summary_large_image\" \/>\n<meta name=\"twitter:label1\" content=\"Escrito por\" \/>\n\t<meta name=\"twitter:data1\" content=\"Gente de B\u00e1squet\" \/>\n\t<meta name=\"twitter:label2\" content=\"Tiempo de lectura\" \/>\n\t<meta name=\"twitter:data2\" content=\"4 minutos\" \/>\n<script type=\"application\/ld+json\" class=\"yoast-schema-graph\">{\"@context\":\"https:\\\/\\\/schema.org\",\"@graph\":[{\"@type\":\"Article\",\"@id\":\"https:\\\/\\\/gentedebasquet.com.ar\\\/sitio\\\/2015\\\/07\\\/08\\\/el-gen-anti-argentino\\\/#article\",\"isPartOf\":{\"@id\":\"https:\\\/\\\/gentedebasquet.com.ar\\\/sitio\\\/2015\\\/07\\\/08\\\/el-gen-anti-argentino\\\/\"},\"author\":{\"name\":\"Gente de B\u00e1squet\",\"@id\":\"https:\\\/\\\/gentedebasquet.com.ar\\\/sitio\\\/#\\\/schema\\\/person\\\/ca0b63bbb977369988a7bbbdc519943a\"},\"headline\":\"El Gen anti-argentino\",\"datePublished\":\"2015-07-08T03:55:16+00:00\",\"mainEntityOfPage\":{\"@id\":\"https:\\\/\\\/gentedebasquet.com.ar\\\/sitio\\\/2015\\\/07\\\/08\\\/el-gen-anti-argentino\\\/\"},\"wordCount\":840,\"image\":{\"@id\":\"https:\\\/\\\/gentedebasquet.com.ar\\\/sitio\\\/2015\\\/07\\\/08\\\/el-gen-anti-argentino\\\/#primaryimage\"},\"thumbnailUrl\":\"https:\\\/\\\/gentedebasquet.com.ar\\\/sitio\\\/wp-content\\\/uploads\\\/2015\\\/07\\\/11720498_10202766379719804_1673458487_n.jpg\",\"keywords\":[\"Argentino\",\"Fabian Gendana\",\"Gustavo Gentili\",\"Sportivo Bahiense\"],\"articleSection\":[\"Segunda\",\"Slide\"],\"inLanguage\":\"es\"},{\"@type\":\"WebPage\",\"@id\":\"https:\\\/\\\/gentedebasquet.com.ar\\\/sitio\\\/2015\\\/07\\\/08\\\/el-gen-anti-argentino\\\/\",\"url\":\"https:\\\/\\\/gentedebasquet.com.ar\\\/sitio\\\/2015\\\/07\\\/08\\\/el-gen-anti-argentino\\\/\",\"name\":\"El Gen anti-argentino - Gente de B\u00e1squet\",\"isPartOf\":{\"@id\":\"https:\\\/\\\/gentedebasquet.com.ar\\\/sitio\\\/#website\"},\"primaryImageOfPage\":{\"@id\":\"https:\\\/\\\/gentedebasquet.com.ar\\\/sitio\\\/2015\\\/07\\\/08\\\/el-gen-anti-argentino\\\/#primaryimage\"},\"image\":{\"@id\":\"https:\\\/\\\/gentedebasquet.com.ar\\\/sitio\\\/2015\\\/07\\\/08\\\/el-gen-anti-argentino\\\/#primaryimage\"},\"thumbnailUrl\":\"https:\\\/\\\/gentedebasquet.com.ar\\\/sitio\\\/wp-content\\\/uploads\\\/2015\\\/07\\\/11720498_10202766379719804_1673458487_n.jpg\",\"datePublished\":\"2015-07-08T03:55:16+00:00\",\"author\":{\"@id\":\"https:\\\/\\\/gentedebasquet.com.ar\\\/sitio\\\/#\\\/schema\\\/person\\\/ca0b63bbb977369988a7bbbdc519943a\"},\"breadcrumb\":{\"@id\":\"https:\\\/\\\/gentedebasquet.com.ar\\\/sitio\\\/2015\\\/07\\\/08\\\/el-gen-anti-argentino\\\/#breadcrumb\"},\"inLanguage\":\"es\",\"potentialAction\":[{\"@type\":\"ReadAction\",\"target\":[\"https:\\\/\\\/gentedebasquet.com.ar\\\/sitio\\\/2015\\\/07\\\/08\\\/el-gen-anti-argentino\\\/\"]}]},{\"@type\":\"ImageObject\",\"inLanguage\":\"es\",\"@id\":\"https:\\\/\\\/gentedebasquet.com.ar\\\/sitio\\\/2015\\\/07\\\/08\\\/el-gen-anti-argentino\\\/#primaryimage\",\"url\":\"https:\\\/\\\/gentedebasquet.com.ar\\\/sitio\\\/wp-content\\\/uploads\\\/2015\\\/07\\\/11720498_10202766379719804_1673458487_n.jpg\",\"contentUrl\":\"https:\\\/\\\/gentedebasquet.com.ar\\\/sitio\\\/wp-content\\\/uploads\\\/2015\\\/07\\\/11720498_10202766379719804_1673458487_n.jpg\",\"width\":690,\"height\":318},{\"@type\":\"BreadcrumbList\",\"@id\":\"https:\\\/\\\/gentedebasquet.com.ar\\\/sitio\\\/2015\\\/07\\\/08\\\/el-gen-anti-argentino\\\/#breadcrumb\",\"itemListElement\":[{\"@type\":\"ListItem\",\"position\":1,\"name\":\"Portada\",\"item\":\"https:\\\/\\\/gentedebasquet.com.ar\\\/sitio\\\/\"},{\"@type\":\"ListItem\",\"position\":2,\"name\":\"El Gen anti-argentino\"}]},{\"@type\":\"WebSite\",\"@id\":\"https:\\\/\\\/gentedebasquet.com.ar\\\/sitio\\\/#website\",\"url\":\"https:\\\/\\\/gentedebasquet.com.ar\\\/sitio\\\/\",\"name\":\"Gente de B\u00e1squet\",\"description\":\"La revista del basquet de Bah\u00eda Blanca\",\"potentialAction\":[{\"@type\":\"SearchAction\",\"target\":{\"@type\":\"EntryPoint\",\"urlTemplate\":\"https:\\\/\\\/gentedebasquet.com.ar\\\/sitio\\\/?s={search_term_string}\"},\"query-input\":{\"@type\":\"PropertyValueSpecification\",\"valueRequired\":true,\"valueName\":\"search_term_string\"}}],\"inLanguage\":\"es\"},{\"@type\":\"Person\",\"@id\":\"https:\\\/\\\/gentedebasquet.com.ar\\\/sitio\\\/#\\\/schema\\\/person\\\/ca0b63bbb977369988a7bbbdc519943a\",\"name\":\"Gente de B\u00e1squet\",\"image\":{\"@type\":\"ImageObject\",\"inLanguage\":\"es\",\"@id\":\"https:\\\/\\\/secure.gravatar.com\\\/avatar\\\/7f2c48bdc33b30088f941fb6082e555f2874c98e20cb159d7b92b50eadfce793?s=96&d=mm&r=g\",\"url\":\"https:\\\/\\\/secure.gravatar.com\\\/avatar\\\/7f2c48bdc33b30088f941fb6082e555f2874c98e20cb159d7b92b50eadfce793?s=96&d=mm&r=g\",\"contentUrl\":\"https:\\\/\\\/secure.gravatar.com\\\/avatar\\\/7f2c48bdc33b30088f941fb6082e555f2874c98e20cb159d7b92b50eadfce793?s=96&d=mm&r=g\",\"caption\":\"Gente de B\u00e1squet\"},\"sameAs\":[\"http:\\\/\\\/gentedebasquet.com.ar\\\/sitio\"],\"url\":\"https:\\\/\\\/gentedebasquet.com.ar\\\/sitio\\\/author\\\/ulises\\\/\"}]}<\/script>\n<!-- \/ Yoast SEO plugin. -->","yoast_head_json":{"title":"El Gen anti-argentino - Gente de B\u00e1squet","robots":{"index":"index","follow":"follow","max-snippet":"max-snippet:-1","max-image-preview":"max-image-preview:large","max-video-preview":"max-video-preview:-1"},"canonical":"https:\/\/gentedebasquet.com.ar\/sitio\/2015\/07\/08\/el-gen-anti-argentino\/","og_locale":"es_ES","og_type":"article","og_title":"El Gen anti-argentino - Gente de B\u00e1squet","og_description":"De la mano de Gentili y Gendana, Sportivo super\u00f3 89-81 a Argentino en TS","og_url":"https:\/\/gentedebasquet.com.ar\/sitio\/2015\/07\/08\/el-gen-anti-argentino\/","og_site_name":"Gente de B\u00e1squet","article_published_time":"2015-07-08T03:55:16+00:00","og_image":[{"width":690,"height":318,"url":"https:\/\/gentedebasquet.com.ar\/sitio\/wp-content\/uploads\/2015\/07\/11720498_10202766379719804_1673458487_n.jpg","type":"image\/jpeg"}],"author":"Gente de B\u00e1squet","twitter_card":"summary_large_image","twitter_misc":{"Escrito por":"Gente de B\u00e1squet","Tiempo de lectura":"4 minutos"},"schema":{"@context":"https:\/\/schema.org","@graph":[{"@type":"Article","@id":"https:\/\/gentedebasquet.com.ar\/sitio\/2015\/07\/08\/el-gen-anti-argentino\/#article","isPartOf":{"@id":"https:\/\/gentedebasquet.com.ar\/sitio\/2015\/07\/08\/el-gen-anti-argentino\/"},"author":{"name":"Gente de B\u00e1squet","@id":"https:\/\/gentedebasquet.com.ar\/sitio\/#\/schema\/person\/ca0b63bbb977369988a7bbbdc519943a"},"headline":"El Gen anti-argentino","datePublished":"2015-07-08T03:55:16+00:00","mainEntityOfPage":{"@id":"https:\/\/gentedebasquet.com.ar\/sitio\/2015\/07\/08\/el-gen-anti-argentino\/"},"wordCount":840,"image":{"@id":"https:\/\/gentedebasquet.com.ar\/sitio\/2015\/07\/08\/el-gen-anti-argentino\/#primaryimage"},"thumbnailUrl":"https:\/\/gentedebasquet.com.ar\/sitio\/wp-content\/uploads\/2015\/07\/11720498_10202766379719804_1673458487_n.jpg","keywords":["Argentino","Fabian Gendana","Gustavo Gentili","Sportivo Bahiense"],"articleSection":["Segunda","Slide"],"inLanguage":"es"},{"@type":"WebPage","@id":"https:\/\/gentedebasquet.com.ar\/sitio\/2015\/07\/08\/el-gen-anti-argentino\/","url":"https:\/\/gentedebasquet.com.ar\/sitio\/2015\/07\/08\/el-gen-anti-argentino\/","name":"El Gen anti-argentino - Gente de B\u00e1squet","isPartOf":{"@id":"https:\/\/gentedebasquet.com.ar\/sitio\/#website"},"primaryImageOfPage":{"@id":"https:\/\/gentedebasquet.com.ar\/sitio\/2015\/07\/08\/el-gen-anti-argentino\/#primaryimage"},"image":{"@id":"https:\/\/gentedebasquet.com.ar\/sitio\/2015\/07\/08\/el-gen-anti-argentino\/#primaryimage"},"thumbnailUrl":"https:\/\/gentedebasquet.com.ar\/sitio\/wp-content\/uploads\/2015\/07\/11720498_10202766379719804_1673458487_n.jpg","datePublished":"2015-07-08T03:55:16+00:00","author":{"@id":"https:\/\/gentedebasquet.com.ar\/sitio\/#\/schema\/person\/ca0b63bbb977369988a7bbbdc519943a"},"breadcrumb":{"@id":"https:\/\/gentedebasquet.com.ar\/sitio\/2015\/07\/08\/el-gen-anti-argentino\/#breadcrumb"},"inLanguage":"es","potentialAction":[{"@type":"ReadAction","target":["https:\/\/gentedebasquet.com.ar\/sitio\/2015\/07\/08\/el-gen-anti-argentino\/"]}]},{"@type":"ImageObject","inLanguage":"es","@id":"https:\/\/gentedebasquet.com.ar\/sitio\/2015\/07\/08\/el-gen-anti-argentino\/#primaryimage","url":"https:\/\/gentedebasquet.com.ar\/sitio\/wp-content\/uploads\/2015\/07\/11720498_10202766379719804_1673458487_n.jpg","contentUrl":"https:\/\/gentedebasquet.com.ar\/sitio\/wp-content\/uploads\/2015\/07\/11720498_10202766379719804_1673458487_n.jpg","width":690,"height":318},{"@type":"BreadcrumbList","@id":"https:\/\/gentedebasquet.com.ar\/sitio\/2015\/07\/08\/el-gen-anti-argentino\/#breadcrumb","itemListElement":[{"@type":"ListItem","position":1,"name":"Portada","item":"https:\/\/gentedebasquet.com.ar\/sitio\/"},{"@type":"ListItem","position":2,"name":"El Gen anti-argentino"}]},{"@type":"WebSite","@id":"https:\/\/gentedebasquet.com.ar\/sitio\/#website","url":"https:\/\/gentedebasquet.com.ar\/sitio\/","name":"Gente de B\u00e1squet","description":"La revista del basquet de Bah\u00eda Blanca","potentialAction":[{"@type":"SearchAction","target":{"@type":"EntryPoint","urlTemplate":"https:\/\/gentedebasquet.com.ar\/sitio\/?s={search_term_string}"},"query-input":{"@type":"PropertyValueSpecification","valueRequired":true,"valueName":"search_term_string"}}],"inLanguage":"es"},{"@type":"Person","@id":"https:\/\/gentedebasquet.com.ar\/sitio\/#\/schema\/person\/ca0b63bbb977369988a7bbbdc519943a","name":"Gente de B\u00e1squet","image":{"@type":"ImageObject","inLanguage":"es","@id":"https:\/\/secure.gravatar.com\/avatar\/7f2c48bdc33b30088f941fb6082e555f2874c98e20cb159d7b92b50eadfce793?s=96&d=mm&r=g","url":"https:\/\/secure.gravatar.com\/avatar\/7f2c48bdc33b30088f941fb6082e555f2874c98e20cb159d7b92b50eadfce793?s=96&d=mm&r=g","contentUrl":"https:\/\/secure.gravatar.com\/avatar\/7f2c48bdc33b30088f941fb6082e555f2874c98e20cb159d7b92b50eadfce793?s=96&d=mm&r=g","caption":"Gente de B\u00e1squet"},"sameAs":["http:\/\/gentedebasquet.com.ar\/sitio"],"url":"https:\/\/gentedebasquet.com.ar\/sitio\/author\/ulises\/"}]}},"_links":{"self":[{"href":"https:\/\/gentedebasquet.com.ar\/sitio\/wp-json\/wp\/v2\/posts\/48058","targetHints":{"allow":["GET"]}}],"collection":[{"href":"https:\/\/gentedebasquet.com.ar\/sitio\/wp-json\/wp\/v2\/posts"}],"about":[{"href":"https:\/\/gentedebasquet.com.ar\/sitio\/wp-json\/wp\/v2\/types\/post"}],"author":[{"embeddable":true,"href":"https:\/\/gentedebasquet.com.ar\/sitio\/wp-json\/wp\/v2\/users\/1"}],"replies":[{"embeddable":true,"href":"https:\/\/gentedebasquet.com.ar\/sitio\/wp-json\/wp\/v2\/comments?post=48058"}],"version-history":[{"count":0,"href":"https:\/\/gentedebasquet.com.ar\/sitio\/wp-json\/wp\/v2\/posts\/48058\/revisions"}],"wp:featuredmedia":[{"embeddable":true,"href":"https:\/\/gentedebasquet.com.ar\/sitio\/wp-json\/wp\/v2\/media\/48063"}],"wp:attachment":[{"href":"https:\/\/gentedebasquet.com.ar\/sitio\/wp-json\/wp\/v2\/media?parent=48058"}],"wp:term":[{"taxonomy":"category","embeddable":true,"href":"https:\/\/gentedebasquet.com.ar\/sitio\/wp-json\/wp\/v2\/categories?post=48058"},{"taxonomy":"post_tag","embeddable":true,"href":"https:\/\/gentedebasquet.com.ar\/sitio\/wp-json\/wp\/v2\/tags?post=48058"}],"curies":[{"name":"wp","href":"https:\/\/api.w.org\/{rel}","templated":true}]}}