{"id":48184,"date":"2015-07-10T23:30:23","date_gmt":"2015-07-11T02:30:23","guid":{"rendered":"http:\/\/www.gentedebasquet.com.ar\/?p=48184"},"modified":"2015-07-10T23:30:23","modified_gmt":"2015-07-11T02:30:23","slug":"pacifico-y-violento","status":"publish","type":"post","link":"https:\/\/gentedebasquet.com.ar\/sitio\/2015\/07\/10\/pacifico-y-violento\/","title":{"rendered":"Pac\u00edfico y violento"},"content":{"rendered":"<p><strong>En un encuentro que finaliz\u00f3 con incidentes, Pac\u00edfico logr\u00f3 la clasificaci\u00f3n a las semifinales del CBB al vencer a Comercial, en White, por 96 a 74 (3-1). El Verde mostr\u00f3 m\u00e1s car\u00e1cter e intensidad desde el inicio, sac\u00f3 una buena ventaja y pudo controlarlo sin mayores apremios. Sacrist\u00e1n (23), Mauricio Gonz\u00e1lez (20 y 11 tableros), Meneses (9 y 7 asistencias) y Bonino (18), el m\u00e1s buscado por los portuarios, fueron las patas en las que se sostuvo el triunfo visitante, que debi\u00f3 abandonar el estadio sin poder ir a los vestuarios. El due\u00f1o de casa maquill\u00f3 con arrestos individuales de Andreanelli (24 con 6\/9 2p) y Chaves (14 y 6 tableros), la falta de consistencia colectiva.<\/strong><\/p>\n<p>Por antecedentes, el presente institucional de Comercial y el significar, como finalmente ocurri\u00f3, el \u00faltimo partido del semestre para el due\u00f1o de casa, la serie entre el portuario y Pac\u00edfico hizo olvidar por momentos la sensaci\u00f3n t\u00e9rmica bajo cero que cubri\u00f3 la noche bahiense. Claro, en lo esencialmente basquetbol\u00edstico, el verde demostr\u00f3 ser superior y de no haber sido por las fallas en su reloj de posesi\u00f3n, hubiese barrido la serie ante el octavo en las posiciones finales.<\/p>\n<p>Con intensidad para correr la cancha y tambi\u00e9n para atacar en el juego estacionado, Pac\u00edfico se puso al mando desde el vamos. Meneses conect\u00f3 muy bien con sus compa\u00f1eros (totaliz\u00f3 7 asistencias, 5 de ellas en el PT) y reparti\u00f3 juego usufructuando muy bien los cortes. Adem\u00e1s, Bonino estuvo efectivo para que la ventaja sea cada vez m\u00e1s grande, prolong\u00e1ndose em el 2C con una bomba de Wattson y m\u00e1s injerencia de Mauricio Gonz\u00e1lez en la pintura.<\/p>\n<p>No obstante, la visita tard\u00f3 en entrar en juego tras el descanso largo y Kooistra opt\u00f3 por cortar la reacci\u00f3n r\u00e1pidamente, m\u00e1s all\u00e1 de la diferencia (35-54). Su equipo perdi\u00f3 fluidez y debi\u00f3 ganarse los puntos en la l\u00ednea, pero fall\u00f3 mucho (7\/16 en el cuarto). Adem\u00e1s, estuvo 3m32 sin anotar de campo, permiti\u00e9ndole al portuario so\u00f1ar con la remontada. Andreanelli (9 en el 3C) y buenos movimientos de Pollio (8) encendieron al local, pese a seguir lejos en el tanteador.<\/p>\n<p>A 4m45 del final del 3C, Lella cometi\u00f3 su cuarta falta personal y, mientras se lamentaba, sufri\u00f3 un encontronazo con Bonino que le vali\u00f3 la quinta (t\u00e9cnica a ambos). El perimetral sinti\u00f3 que lo fueron a provocar y estall\u00f3. A partir de all\u00ed el juego se desnaturaliz\u00f3; m\u00e1s a\u00fan teniendo en cuenta que el cotejo y la serie estaban pr\u00e1cticamente definidas. La parcialidad local se descarg\u00f3 cada vez que Bonino tomaba protagonismo, por lo que le sugirieron a Kooistra que lo retire definitivamente (no sucedi\u00f3).<\/p>\n<p>Al final, y en medio de varios saludos que intentaron calmar los \u00e1nimos (Dodero, Chaves y, principalmente, Am\u00edlcar Andreanelli fueron los m\u00e1s sensatos), Silvio Brunetti intent\u00f3 acercarse a Bonino pero fue separado por compa\u00f1eros y dirigentes. Asimismo, el plantel verde debi\u00f3 retirarse por un port\u00f3n auxiliar sin posibilidad de pasar por el vestuario una vez concluido el partido, y en medio de un tumulto innecesario.<\/p>\n<p>&nbsp;<\/p>\n<p>[vimeo]http:\/\/vimeo.com\/133208900[\/vimeo]<\/p>\n<p>&nbsp;<\/p>\n<p><strong>S\u00edntesis |<\/strong> Segunda Divisi\u00f3n &#8211; Playoffs #4<\/p>\n<p><strong>Comercial\u00a074:\u00a0<\/strong>Am\u00edlcar Andreanelli 24,\u00a0Dalmiro Lella 8 (x),\u00a0Gast\u00f3n Chaves 14 (x),\u00a0Sebasti\u00e1n Tacchetti 7,\u00a0Pablo Pollio 18 (fi);\u00a0Silvio Brunetti 3,\u00a0Mart\u00edn Godoy 0,\u00a0Ignacio \u00c9rcoli 0 y\u00a0Ramiro Riviere 0.\u00a0DT: Sebasti\u00e1n Dodero.<\/p>\n<p><strong>Pac\u00edfico 96:\u00a0<\/strong>Ezequiel Meneses 9,\u00a0Manuel Sacrist\u00e1n 23,\u00a0Fernando Bonino 18,\u00a0Mauricio Gonz\u00e1lez 20,\u00a0Joaqu\u00edn Larrandart 8 (Fi);\u00a0Facundo Wattson 3,\u00a0Mauro Richotti 9,\u00a0Lucas Ruiz 4,\u00a0Juan Cruz Marini 0,\u00a0Genaro Pisani 0,\u00a0Branco Salvatori 0 y\u00a0Manuel Maina 2.\u00a0DT: Pablo Kooistra.<\/p>\n<p><strong>Parciales:\u00a0<\/strong>15-29, 30-54 (15-25), 56-70 (26-16) y 74-96 (18-26).<\/p>\n<p><strong>\u00c1rbitros:\u00a0<\/strong>Alejandro Ramallo &#8211; Marjorie Stuardo.<\/p>\n<p><strong><span style=\"line-height: 1.5em;\">Estadio:\u00a0<\/span><\/strong>Osvaldo Giorgetti (Comercial).<\/p>\n<p><strong>Serie:\u00a0<\/strong>Pac\u00edfico, 3-1.<\/p>\n<p><a class=\"modalf iframe\" title=\"Planilla\" href=\"https:\/\/docs.google.com\/spreadsheets\/d\/1eYx1czDrsshNJmlSm6XG_MrlfHmWCL4SnhxnRC6aHpg\/pubhtml\" target=\"_blank\" rel=\"noopener\">Ver Planilla<\/a><\/p>\n","protected":false},"excerpt":{"rendered":"<p>La victoria Verde sobre Comercial 96-74 no termin\u00f3 de la mejor manera<\/p>\n","protected":false},"author":1,"featured_media":48202,"comment_status":"closed","ping_status":"open","sticky":false,"template":"","format":"standard","meta":{"jnews-multi-image_gallery":[],"jnews_single_post":[],"jnews_primary_category":[],"footnotes":""},"categories":[25,101],"tags":[7,151,607,577,564,253,580,609,17,769],"class_list":["post-48184","post","type-post","status-publish","format-standard","has-post-thumbnail","hentry","category-segunda","category-slide","tag-comercial","tag-dalmiro-lella","tag-ezequiel-meneses","tag-fernando-bonino","tag-gaston-chaves","tag-manuel-sacristan","tag-mauricio-gonzalez","tag-pablo-pollio","tag-pacifico","tag-silvio-brunetti"],"yoast_head":"<!-- This site is optimized with the Yoast SEO plugin v27.5 - https:\/\/yoast.com\/product\/yoast-seo-wordpress\/ -->\n<title>Pac\u00edfico y violento - Gente de B\u00e1squet<\/title>\n<meta name=\"robots\" content=\"index, follow, max-snippet:-1, max-image-preview:large, max-video-preview:-1\" \/>\n<link rel=\"canonical\" href=\"https:\/\/gentedebasquet.com.ar\/sitio\/2015\/07\/10\/pacifico-y-violento\/\" \/>\n<meta property=\"og:locale\" content=\"es_ES\" \/>\n<meta property=\"og:type\" content=\"article\" \/>\n<meta property=\"og:title\" content=\"Pac\u00edfico y violento - Gente de B\u00e1squet\" \/>\n<meta property=\"og:description\" content=\"La victoria Verde sobre Comercial 96-74 no termin\u00f3 de la mejor manera\" \/>\n<meta property=\"og:url\" content=\"https:\/\/gentedebasquet.com.ar\/sitio\/2015\/07\/10\/pacifico-y-violento\/\" \/>\n<meta property=\"og:site_name\" content=\"Gente de B\u00e1squet\" \/>\n<meta property=\"article:published_time\" content=\"2015-07-11T02:30:23+00:00\" \/>\n<meta property=\"og:image\" content=\"https:\/\/gentedebasquet.com.ar\/sitio\/wp-content\/uploads\/2015\/07\/Comercial-Pacifico-3.jpg\" \/>\n\t<meta property=\"og:image:width\" content=\"690\" \/>\n\t<meta property=\"og:image:height\" content=\"318\" \/>\n\t<meta property=\"og:image:type\" content=\"image\/jpeg\" \/>\n<meta name=\"author\" content=\"Gente de B\u00e1squet\" \/>\n<meta name=\"twitter:card\" content=\"summary_large_image\" \/>\n<meta name=\"twitter:label1\" content=\"Escrito por\" \/>\n\t<meta name=\"twitter:data1\" content=\"Gente de B\u00e1squet\" \/>\n\t<meta name=\"twitter:label2\" content=\"Tiempo de lectura\" \/>\n\t<meta name=\"twitter:data2\" content=\"3 minutos\" \/>\n<script type=\"application\/ld+json\" class=\"yoast-schema-graph\">{\"@context\":\"https:\\\/\\\/schema.org\",\"@graph\":[{\"@type\":\"Article\",\"@id\":\"https:\\\/\\\/gentedebasquet.com.ar\\\/sitio\\\/2015\\\/07\\\/10\\\/pacifico-y-violento\\\/#article\",\"isPartOf\":{\"@id\":\"https:\\\/\\\/gentedebasquet.com.ar\\\/sitio\\\/2015\\\/07\\\/10\\\/pacifico-y-violento\\\/\"},\"author\":{\"name\":\"Gente de B\u00e1squet\",\"@id\":\"https:\\\/\\\/gentedebasquet.com.ar\\\/sitio\\\/#\\\/schema\\\/person\\\/ca0b63bbb977369988a7bbbdc519943a\"},\"headline\":\"Pac\u00edfico y violento\",\"datePublished\":\"2015-07-11T02:30:23+00:00\",\"mainEntityOfPage\":{\"@id\":\"https:\\\/\\\/gentedebasquet.com.ar\\\/sitio\\\/2015\\\/07\\\/10\\\/pacifico-y-violento\\\/\"},\"wordCount\":631,\"image\":{\"@id\":\"https:\\\/\\\/gentedebasquet.com.ar\\\/sitio\\\/2015\\\/07\\\/10\\\/pacifico-y-violento\\\/#primaryimage\"},\"thumbnailUrl\":\"https:\\\/\\\/gentedebasquet.com.ar\\\/sitio\\\/wp-content\\\/uploads\\\/2015\\\/07\\\/Comercial-Pacifico-3.jpg\",\"keywords\":[\"Comercial\",\"Dalmiro Lella\",\"Ezequiel Meneses\",\"Fernando Bonino\",\"Gast\u00f3n Chaves\",\"Manuel Sacrist\u00e1n\",\"Mauricio Gonz\u00e1lez\",\"Pablo Pollio\",\"Pacifico\",\"Silvio Brunetti\"],\"articleSection\":[\"Segunda\",\"Slide\"],\"inLanguage\":\"es\"},{\"@type\":\"WebPage\",\"@id\":\"https:\\\/\\\/gentedebasquet.com.ar\\\/sitio\\\/2015\\\/07\\\/10\\\/pacifico-y-violento\\\/\",\"url\":\"https:\\\/\\\/gentedebasquet.com.ar\\\/sitio\\\/2015\\\/07\\\/10\\\/pacifico-y-violento\\\/\",\"name\":\"Pac\u00edfico y violento - Gente de B\u00e1squet\",\"isPartOf\":{\"@id\":\"https:\\\/\\\/gentedebasquet.com.ar\\\/sitio\\\/#website\"},\"primaryImageOfPage\":{\"@id\":\"https:\\\/\\\/gentedebasquet.com.ar\\\/sitio\\\/2015\\\/07\\\/10\\\/pacifico-y-violento\\\/#primaryimage\"},\"image\":{\"@id\":\"https:\\\/\\\/gentedebasquet.com.ar\\\/sitio\\\/2015\\\/07\\\/10\\\/pacifico-y-violento\\\/#primaryimage\"},\"thumbnailUrl\":\"https:\\\/\\\/gentedebasquet.com.ar\\\/sitio\\\/wp-content\\\/uploads\\\/2015\\\/07\\\/Comercial-Pacifico-3.jpg\",\"datePublished\":\"2015-07-11T02:30:23+00:00\",\"author\":{\"@id\":\"https:\\\/\\\/gentedebasquet.com.ar\\\/sitio\\\/#\\\/schema\\\/person\\\/ca0b63bbb977369988a7bbbdc519943a\"},\"breadcrumb\":{\"@id\":\"https:\\\/\\\/gentedebasquet.com.ar\\\/sitio\\\/2015\\\/07\\\/10\\\/pacifico-y-violento\\\/#breadcrumb\"},\"inLanguage\":\"es\",\"potentialAction\":[{\"@type\":\"ReadAction\",\"target\":[\"https:\\\/\\\/gentedebasquet.com.ar\\\/sitio\\\/2015\\\/07\\\/10\\\/pacifico-y-violento\\\/\"]}]},{\"@type\":\"ImageObject\",\"inLanguage\":\"es\",\"@id\":\"https:\\\/\\\/gentedebasquet.com.ar\\\/sitio\\\/2015\\\/07\\\/10\\\/pacifico-y-violento\\\/#primaryimage\",\"url\":\"https:\\\/\\\/gentedebasquet.com.ar\\\/sitio\\\/wp-content\\\/uploads\\\/2015\\\/07\\\/Comercial-Pacifico-3.jpg\",\"contentUrl\":\"https:\\\/\\\/gentedebasquet.com.ar\\\/sitio\\\/wp-content\\\/uploads\\\/2015\\\/07\\\/Comercial-Pacifico-3.jpg\",\"width\":690,\"height\":318},{\"@type\":\"BreadcrumbList\",\"@id\":\"https:\\\/\\\/gentedebasquet.com.ar\\\/sitio\\\/2015\\\/07\\\/10\\\/pacifico-y-violento\\\/#breadcrumb\",\"itemListElement\":[{\"@type\":\"ListItem\",\"position\":1,\"name\":\"Portada\",\"item\":\"https:\\\/\\\/gentedebasquet.com.ar\\\/sitio\\\/\"},{\"@type\":\"ListItem\",\"position\":2,\"name\":\"Pac\u00edfico y violento\"}]},{\"@type\":\"WebSite\",\"@id\":\"https:\\\/\\\/gentedebasquet.com.ar\\\/sitio\\\/#website\",\"url\":\"https:\\\/\\\/gentedebasquet.com.ar\\\/sitio\\\/\",\"name\":\"Gente de B\u00e1squet\",\"description\":\"La revista del basquet de Bah\u00eda Blanca\",\"potentialAction\":[{\"@type\":\"SearchAction\",\"target\":{\"@type\":\"EntryPoint\",\"urlTemplate\":\"https:\\\/\\\/gentedebasquet.com.ar\\\/sitio\\\/?s={search_term_string}\"},\"query-input\":{\"@type\":\"PropertyValueSpecification\",\"valueRequired\":true,\"valueName\":\"search_term_string\"}}],\"inLanguage\":\"es\"},{\"@type\":\"Person\",\"@id\":\"https:\\\/\\\/gentedebasquet.com.ar\\\/sitio\\\/#\\\/schema\\\/person\\\/ca0b63bbb977369988a7bbbdc519943a\",\"name\":\"Gente de B\u00e1squet\",\"image\":{\"@type\":\"ImageObject\",\"inLanguage\":\"es\",\"@id\":\"https:\\\/\\\/secure.gravatar.com\\\/avatar\\\/7f2c48bdc33b30088f941fb6082e555f2874c98e20cb159d7b92b50eadfce793?s=96&d=mm&r=g\",\"url\":\"https:\\\/\\\/secure.gravatar.com\\\/avatar\\\/7f2c48bdc33b30088f941fb6082e555f2874c98e20cb159d7b92b50eadfce793?s=96&d=mm&r=g\",\"contentUrl\":\"https:\\\/\\\/secure.gravatar.com\\\/avatar\\\/7f2c48bdc33b30088f941fb6082e555f2874c98e20cb159d7b92b50eadfce793?s=96&d=mm&r=g\",\"caption\":\"Gente de B\u00e1squet\"},\"sameAs\":[\"http:\\\/\\\/gentedebasquet.com.ar\\\/sitio\"],\"url\":\"https:\\\/\\\/gentedebasquet.com.ar\\\/sitio\\\/author\\\/ulises\\\/\"}]}<\/script>\n<!-- \/ Yoast SEO plugin. -->","yoast_head_json":{"title":"Pac\u00edfico y violento - Gente de B\u00e1squet","robots":{"index":"index","follow":"follow","max-snippet":"max-snippet:-1","max-image-preview":"max-image-preview:large","max-video-preview":"max-video-preview:-1"},"canonical":"https:\/\/gentedebasquet.com.ar\/sitio\/2015\/07\/10\/pacifico-y-violento\/","og_locale":"es_ES","og_type":"article","og_title":"Pac\u00edfico y violento - Gente de B\u00e1squet","og_description":"La victoria Verde sobre Comercial 96-74 no termin\u00f3 de la mejor manera","og_url":"https:\/\/gentedebasquet.com.ar\/sitio\/2015\/07\/10\/pacifico-y-violento\/","og_site_name":"Gente de B\u00e1squet","article_published_time":"2015-07-11T02:30:23+00:00","og_image":[{"width":690,"height":318,"url":"https:\/\/gentedebasquet.com.ar\/sitio\/wp-content\/uploads\/2015\/07\/Comercial-Pacifico-3.jpg","type":"image\/jpeg"}],"author":"Gente de B\u00e1squet","twitter_card":"summary_large_image","twitter_misc":{"Escrito por":"Gente de B\u00e1squet","Tiempo de lectura":"3 minutos"},"schema":{"@context":"https:\/\/schema.org","@graph":[{"@type":"Article","@id":"https:\/\/gentedebasquet.com.ar\/sitio\/2015\/07\/10\/pacifico-y-violento\/#article","isPartOf":{"@id":"https:\/\/gentedebasquet.com.ar\/sitio\/2015\/07\/10\/pacifico-y-violento\/"},"author":{"name":"Gente de B\u00e1squet","@id":"https:\/\/gentedebasquet.com.ar\/sitio\/#\/schema\/person\/ca0b63bbb977369988a7bbbdc519943a"},"headline":"Pac\u00edfico y violento","datePublished":"2015-07-11T02:30:23+00:00","mainEntityOfPage":{"@id":"https:\/\/gentedebasquet.com.ar\/sitio\/2015\/07\/10\/pacifico-y-violento\/"},"wordCount":631,"image":{"@id":"https:\/\/gentedebasquet.com.ar\/sitio\/2015\/07\/10\/pacifico-y-violento\/#primaryimage"},"thumbnailUrl":"https:\/\/gentedebasquet.com.ar\/sitio\/wp-content\/uploads\/2015\/07\/Comercial-Pacifico-3.jpg","keywords":["Comercial","Dalmiro Lella","Ezequiel Meneses","Fernando Bonino","Gast\u00f3n Chaves","Manuel Sacrist\u00e1n","Mauricio Gonz\u00e1lez","Pablo Pollio","Pacifico","Silvio Brunetti"],"articleSection":["Segunda","Slide"],"inLanguage":"es"},{"@type":"WebPage","@id":"https:\/\/gentedebasquet.com.ar\/sitio\/2015\/07\/10\/pacifico-y-violento\/","url":"https:\/\/gentedebasquet.com.ar\/sitio\/2015\/07\/10\/pacifico-y-violento\/","name":"Pac\u00edfico y violento - Gente de B\u00e1squet","isPartOf":{"@id":"https:\/\/gentedebasquet.com.ar\/sitio\/#website"},"primaryImageOfPage":{"@id":"https:\/\/gentedebasquet.com.ar\/sitio\/2015\/07\/10\/pacifico-y-violento\/#primaryimage"},"image":{"@id":"https:\/\/gentedebasquet.com.ar\/sitio\/2015\/07\/10\/pacifico-y-violento\/#primaryimage"},"thumbnailUrl":"https:\/\/gentedebasquet.com.ar\/sitio\/wp-content\/uploads\/2015\/07\/Comercial-Pacifico-3.jpg","datePublished":"2015-07-11T02:30:23+00:00","author":{"@id":"https:\/\/gentedebasquet.com.ar\/sitio\/#\/schema\/person\/ca0b63bbb977369988a7bbbdc519943a"},"breadcrumb":{"@id":"https:\/\/gentedebasquet.com.ar\/sitio\/2015\/07\/10\/pacifico-y-violento\/#breadcrumb"},"inLanguage":"es","potentialAction":[{"@type":"ReadAction","target":["https:\/\/gentedebasquet.com.ar\/sitio\/2015\/07\/10\/pacifico-y-violento\/"]}]},{"@type":"ImageObject","inLanguage":"es","@id":"https:\/\/gentedebasquet.com.ar\/sitio\/2015\/07\/10\/pacifico-y-violento\/#primaryimage","url":"https:\/\/gentedebasquet.com.ar\/sitio\/wp-content\/uploads\/2015\/07\/Comercial-Pacifico-3.jpg","contentUrl":"https:\/\/gentedebasquet.com.ar\/sitio\/wp-content\/uploads\/2015\/07\/Comercial-Pacifico-3.jpg","width":690,"height":318},{"@type":"BreadcrumbList","@id":"https:\/\/gentedebasquet.com.ar\/sitio\/2015\/07\/10\/pacifico-y-violento\/#breadcrumb","itemListElement":[{"@type":"ListItem","position":1,"name":"Portada","item":"https:\/\/gentedebasquet.com.ar\/sitio\/"},{"@type":"ListItem","position":2,"name":"Pac\u00edfico y violento"}]},{"@type":"WebSite","@id":"https:\/\/gentedebasquet.com.ar\/sitio\/#website","url":"https:\/\/gentedebasquet.com.ar\/sitio\/","name":"Gente de B\u00e1squet","description":"La revista del basquet de Bah\u00eda Blanca","potentialAction":[{"@type":"SearchAction","target":{"@type":"EntryPoint","urlTemplate":"https:\/\/gentedebasquet.com.ar\/sitio\/?s={search_term_string}"},"query-input":{"@type":"PropertyValueSpecification","valueRequired":true,"valueName":"search_term_string"}}],"inLanguage":"es"},{"@type":"Person","@id":"https:\/\/gentedebasquet.com.ar\/sitio\/#\/schema\/person\/ca0b63bbb977369988a7bbbdc519943a","name":"Gente de B\u00e1squet","image":{"@type":"ImageObject","inLanguage":"es","@id":"https:\/\/secure.gravatar.com\/avatar\/7f2c48bdc33b30088f941fb6082e555f2874c98e20cb159d7b92b50eadfce793?s=96&d=mm&r=g","url":"https:\/\/secure.gravatar.com\/avatar\/7f2c48bdc33b30088f941fb6082e555f2874c98e20cb159d7b92b50eadfce793?s=96&d=mm&r=g","contentUrl":"https:\/\/secure.gravatar.com\/avatar\/7f2c48bdc33b30088f941fb6082e555f2874c98e20cb159d7b92b50eadfce793?s=96&d=mm&r=g","caption":"Gente de B\u00e1squet"},"sameAs":["http:\/\/gentedebasquet.com.ar\/sitio"],"url":"https:\/\/gentedebasquet.com.ar\/sitio\/author\/ulises\/"}]}},"_links":{"self":[{"href":"https:\/\/gentedebasquet.com.ar\/sitio\/wp-json\/wp\/v2\/posts\/48184","targetHints":{"allow":["GET"]}}],"collection":[{"href":"https:\/\/gentedebasquet.com.ar\/sitio\/wp-json\/wp\/v2\/posts"}],"about":[{"href":"https:\/\/gentedebasquet.com.ar\/sitio\/wp-json\/wp\/v2\/types\/post"}],"author":[{"embeddable":true,"href":"https:\/\/gentedebasquet.com.ar\/sitio\/wp-json\/wp\/v2\/users\/1"}],"replies":[{"embeddable":true,"href":"https:\/\/gentedebasquet.com.ar\/sitio\/wp-json\/wp\/v2\/comments?post=48184"}],"version-history":[{"count":0,"href":"https:\/\/gentedebasquet.com.ar\/sitio\/wp-json\/wp\/v2\/posts\/48184\/revisions"}],"wp:featuredmedia":[{"embeddable":true,"href":"https:\/\/gentedebasquet.com.ar\/sitio\/wp-json\/wp\/v2\/media\/48202"}],"wp:attachment":[{"href":"https:\/\/gentedebasquet.com.ar\/sitio\/wp-json\/wp\/v2\/media?parent=48184"}],"wp:term":[{"taxonomy":"category","embeddable":true,"href":"https:\/\/gentedebasquet.com.ar\/sitio\/wp-json\/wp\/v2\/categories?post=48184"},{"taxonomy":"post_tag","embeddable":true,"href":"https:\/\/gentedebasquet.com.ar\/sitio\/wp-json\/wp\/v2\/tags?post=48184"}],"curies":[{"name":"wp","href":"https:\/\/api.w.org\/{rel}","templated":true}]}}