{"id":48469,"date":"2015-07-16T23:20:36","date_gmt":"2015-07-17T02:20:36","guid":{"rendered":"http:\/\/www.gentedebasquet.com.ar\/?p=48469"},"modified":"2015-07-16T23:20:36","modified_gmt":"2015-07-17T02:20:36","slug":"resistio-el-temblor","status":"publish","type":"post","link":"https:\/\/gentedebasquet.com.ar\/sitio\/2015\/07\/16\/resistio-el-temblor\/","title":{"rendered":"Resisti\u00f3 el temblor"},"content":{"rendered":"<p><b>Por la 17\u00aa fecha (la \u00faltima antes del receso invernal) en Primera Divisi\u00f3n, El Nacional se sobrepuso ante Pueyrred\u00f3n, en la Quinta, por 79-75.\u00a0 Luego de un buen arranque (23-12 en el 1C), el conjunto de Andr\u00e9s Iannamico dio vuelta el marcador en el 3C (54-62).\u00a0 Pero el local, mediante las figuras de Federico Harina (21 puntos, con 6-12 en t2) y Francisco Hoffman (20, 4-7 en t3) resisti\u00f3 la embestida visitante y se termin\u00f3 quedando con los puntos.\u00a0 En la visita, no bast\u00f3 con las tareas de Germ\u00e1n Andr\u00e9s (22), Juan Manuel Richat (14, 54% de campo) y Eddie Roberson (17 y 8 rebotes).\u00a0 En el cotejo, se dio el debut en la terna arbitral de Jorge Blanco en Primera divisi\u00f3n. \u00a0<span style=\"color: #ff6600;\">MIR\u00c1 EL VIDEO<\/span>.<\/b><\/p>\n<p>Sin Mat\u00edas Monteoliva por una molestia en el hombro, el conjunto local comenz\u00f3 mejor parado en el amanecer del encuentro y sac\u00f3 r\u00e1pidamente ventajas en el encuentro (11-4 en 5m30). \u00a0Pueyrred\u00f3n sali\u00f3 a presionar en toda la cancha forzando transiciones r\u00e1pidas del celeste, que no se vio perjudicado y encontr\u00f3 r\u00e9dito acercando el bal\u00f3n al aro, en donde la delantera (Hoffman, Quiroga y Desimon combinaron 15 de los 23 puntos de El Nacional en el segmento) fue la principal opci\u00f3n ofensiva de los dirigidos por Juan Garc\u00eda.<\/p>\n<p>Sin embargo, en el 2C Pueyrred\u00f3n comenz\u00f3 a ostentar con la remontada. \u00a0Los ingresos desde la banca de Gast\u00f3n Rivera y Juan Manuel Richat (10 en el cuarto) en conjunto a las conversiones en aclarado de Andr\u00e9s (9) y la tarea defensiva propuesta por Iannamico (zona 2-3 con trampa en toda la cancha), fue arrimando progresivamente a la visita en el marcador: 30-23, 38-35, y 42-40 para cerrar la primera mitad, mediante un bombazo de Richat sobre la chicharra.<\/p>\n<p>Al regreso de los vestuarios, el Purre subi\u00f3 un cambio en ataque y termin\u00f3 pasando al frente en el marcador de cara al ep\u00edlogo (54-62). \u00a0Hubo otro buen ingreso desde el banco, el de Agust\u00edn Fern\u00e1ndez que con un buen pasaje desde el per\u00edmetro (2-3) le concedi\u00f3 goleo exterior en la reversi\u00f3n a la visita, en conjunto a la conducci\u00f3n ofensiva de Andr\u00e9s (3 asistencias) y aportes de Gast\u00f3n Ressia (6). \u00a0Utilizando una formaci\u00f3n peque\u00f1a con 4 perimetrales y Roberson en la pintura, la visita encontr\u00f3 variantes que le concedieron a los de Iannamico la oportunidad de comenzar a encaminar la victoria.<\/p>\n<p>No obstante, a El Nacional le qued\u00f3 resto para quedarse con el triunfo. \u00a0Pas\u00f3 al frente en el marcador en 4m21 mediante parcial de 14-5 (68-67), gracias a el juego asociado de Harina (8 en el per\u00edodo) y Garbarino (4), que entonaron la tarea del local que lleg\u00f3 a sacar ventaja de 8 en el 4C (73-65 a 3m). \u00a0Purre volvi\u00f3 a arrimarse a la m\u00ednima a un minuto del cierre, pero una bomba de \u00abPancho\u00bb Hoffman a 21s7 volvi\u00f3 a distanciar a su equipo (79-75, la ventaja definitiva) con dos posesiones por jugarse. \u00a0Pueyrred\u00f3n busc\u00f3 el triple r\u00e1pido y tuvo tres intentos (Andr\u00e9s, Richat y Roberson) pero no pudo encestar, permitiendo de esa forma que los puntos se queden en la quinta.<\/p>\n<p>&nbsp;<\/p>\n<p>[youtube]https:\/\/youtu.be\/C_2mNsiDsZk[\/youtube]<\/p>\n<p>&nbsp;<\/p>\n<p><b>S\u00edntesis| \u00a0<\/b>Primera divisi\u00f3n \u2013 Fecha #17<\/p>\n<p><b>El Nacional 79: <\/b>Gonzalo Moreyra 8, Federico Harina 21, Francisco Hoffman 20, Nicol\u00e1s Quiroga 6, Francisco Desimoni 6 (FI); Federico Ilekis 0, Pomar Garbarino 5, Emiliano Iraola 9, Facundo Mart\u00ednez 4.\u00a0 D.T: Juan Andr\u00e9s Garc\u00eda.<\/p>\n<p><b>Pueyrred\u00f3n 75: <\/b>Germ\u00e1n Andr\u00e9s 22, Gast\u00f3n Ressia 6, Santiago Marco 0, Eddie Roberson 17, Francisco Filippa 2 (FI); Juan Manuel Richat 14, Gast\u00f3n Rivera 6, Pablo Racciatti 0, Agust\u00edn Fern\u00e1ndez 8 (x).\u00a0 D.T: Andr\u00e9s Iannamico.<\/p>\n<p><b>Parciales: <\/b>23-12, 42-40 (19-28), 54-62 (12-22), 79-75 (25-13).<\/p>\n<p><b>\u00c1rbitros: <\/b>Horacio Sed\u00e1n \u2013 Jorge Blanco.<\/p>\n<p><b>Estadio: <\/b>Hermanos Ciccioli (El Nacional).<\/p>\n<p><a class=\"modalf iframe\" title=\"Planilla\" href=\"https:\/\/docs.google.com\/spreadsheets\/d\/1DysnEhf3vHtPjcfvdT7ri1U4WZKQW0j0UIn1RaOJQb0\/pubhtml\" target=\"_blank\" rel=\"noopener\">Ver Planilla<\/a><\/p>\n","protected":false},"excerpt":{"rendered":"<p>El Nacional remont\u00f3 la embestida de Pueyrred\u00f3n y lo venci\u00f3 por 79-75.<\/p>\n","protected":false},"author":1,"featured_media":48483,"comment_status":"closed","ping_status":"open","sticky":false,"template":"","format":"standard","meta":{"jnews-multi-image_gallery":[],"jnews_single_post":[],"jnews_primary_category":[],"footnotes":""},"categories":[23,101],"tags":[689,9,209,614,237,669,18],"class_list":["post-48469","post","type-post","status-publish","format-standard","has-post-thumbnail","hentry","category-primera","category-slide","tag-eddie-roberson","tag-el-nacional","tag-federico-harina","tag-francisco-hoffman","tag-german-andres","tag-juan-manuel-richat","tag-pueyrredon"],"yoast_head":"<!-- This site is optimized with the Yoast SEO plugin v27.5 - https:\/\/yoast.com\/product\/yoast-seo-wordpress\/ -->\n<title>Resisti\u00f3 el temblor - Gente de B\u00e1squet<\/title>\n<meta name=\"robots\" content=\"index, follow, max-snippet:-1, max-image-preview:large, max-video-preview:-1\" \/>\n<link rel=\"canonical\" href=\"https:\/\/gentedebasquet.com.ar\/sitio\/2015\/07\/16\/resistio-el-temblor\/\" \/>\n<meta property=\"og:locale\" content=\"es_ES\" \/>\n<meta property=\"og:type\" content=\"article\" \/>\n<meta property=\"og:title\" content=\"Resisti\u00f3 el temblor - Gente de B\u00e1squet\" \/>\n<meta property=\"og:description\" content=\"El Nacional remont\u00f3 la embestida de Pueyrred\u00f3n y lo venci\u00f3 por 79-75.\" \/>\n<meta property=\"og:url\" content=\"https:\/\/gentedebasquet.com.ar\/sitio\/2015\/07\/16\/resistio-el-temblor\/\" \/>\n<meta property=\"og:site_name\" content=\"Gente de B\u00e1squet\" \/>\n<meta property=\"article:published_time\" content=\"2015-07-17T02:20:36+00:00\" \/>\n<meta property=\"og:image\" content=\"https:\/\/gentedebasquet.com.ar\/sitio\/wp-content\/uploads\/2015\/07\/nacio-purre1.jpg\" \/>\n\t<meta property=\"og:image:width\" content=\"690\" \/>\n\t<meta property=\"og:image:height\" content=\"319\" \/>\n\t<meta property=\"og:image:type\" content=\"image\/jpeg\" \/>\n<meta name=\"author\" content=\"Gente de B\u00e1squet\" \/>\n<meta name=\"twitter:card\" content=\"summary_large_image\" \/>\n<meta name=\"twitter:label1\" content=\"Escrito por\" \/>\n\t<meta name=\"twitter:data1\" content=\"Gente de B\u00e1squet\" \/>\n\t<meta name=\"twitter:label2\" content=\"Tiempo de lectura\" \/>\n\t<meta name=\"twitter:data2\" content=\"3 minutos\" \/>\n<script type=\"application\/ld+json\" class=\"yoast-schema-graph\">{\"@context\":\"https:\\\/\\\/schema.org\",\"@graph\":[{\"@type\":\"Article\",\"@id\":\"https:\\\/\\\/gentedebasquet.com.ar\\\/sitio\\\/2015\\\/07\\\/16\\\/resistio-el-temblor\\\/#article\",\"isPartOf\":{\"@id\":\"https:\\\/\\\/gentedebasquet.com.ar\\\/sitio\\\/2015\\\/07\\\/16\\\/resistio-el-temblor\\\/\"},\"author\":{\"name\":\"Gente de B\u00e1squet\",\"@id\":\"https:\\\/\\\/gentedebasquet.com.ar\\\/sitio\\\/#\\\/schema\\\/person\\\/ca0b63bbb977369988a7bbbdc519943a\"},\"headline\":\"Resisti\u00f3 el temblor\",\"datePublished\":\"2015-07-17T02:20:36+00:00\",\"mainEntityOfPage\":{\"@id\":\"https:\\\/\\\/gentedebasquet.com.ar\\\/sitio\\\/2015\\\/07\\\/16\\\/resistio-el-temblor\\\/\"},\"wordCount\":633,\"image\":{\"@id\":\"https:\\\/\\\/gentedebasquet.com.ar\\\/sitio\\\/2015\\\/07\\\/16\\\/resistio-el-temblor\\\/#primaryimage\"},\"thumbnailUrl\":\"https:\\\/\\\/gentedebasquet.com.ar\\\/sitio\\\/wp-content\\\/uploads\\\/2015\\\/07\\\/nacio-purre1.jpg\",\"keywords\":[\"Eddie Roberson\",\"El Nacional\",\"Federico Harina\",\"Francisco Hoffman\",\"Germ\u00e1n Andr\u00e9s\",\"juan manuel richat\",\"Pueyrredon\"],\"articleSection\":[\"Primera\",\"Slide\"],\"inLanguage\":\"es\"},{\"@type\":\"WebPage\",\"@id\":\"https:\\\/\\\/gentedebasquet.com.ar\\\/sitio\\\/2015\\\/07\\\/16\\\/resistio-el-temblor\\\/\",\"url\":\"https:\\\/\\\/gentedebasquet.com.ar\\\/sitio\\\/2015\\\/07\\\/16\\\/resistio-el-temblor\\\/\",\"name\":\"Resisti\u00f3 el temblor - Gente de B\u00e1squet\",\"isPartOf\":{\"@id\":\"https:\\\/\\\/gentedebasquet.com.ar\\\/sitio\\\/#website\"},\"primaryImageOfPage\":{\"@id\":\"https:\\\/\\\/gentedebasquet.com.ar\\\/sitio\\\/2015\\\/07\\\/16\\\/resistio-el-temblor\\\/#primaryimage\"},\"image\":{\"@id\":\"https:\\\/\\\/gentedebasquet.com.ar\\\/sitio\\\/2015\\\/07\\\/16\\\/resistio-el-temblor\\\/#primaryimage\"},\"thumbnailUrl\":\"https:\\\/\\\/gentedebasquet.com.ar\\\/sitio\\\/wp-content\\\/uploads\\\/2015\\\/07\\\/nacio-purre1.jpg\",\"datePublished\":\"2015-07-17T02:20:36+00:00\",\"author\":{\"@id\":\"https:\\\/\\\/gentedebasquet.com.ar\\\/sitio\\\/#\\\/schema\\\/person\\\/ca0b63bbb977369988a7bbbdc519943a\"},\"breadcrumb\":{\"@id\":\"https:\\\/\\\/gentedebasquet.com.ar\\\/sitio\\\/2015\\\/07\\\/16\\\/resistio-el-temblor\\\/#breadcrumb\"},\"inLanguage\":\"es\",\"potentialAction\":[{\"@type\":\"ReadAction\",\"target\":[\"https:\\\/\\\/gentedebasquet.com.ar\\\/sitio\\\/2015\\\/07\\\/16\\\/resistio-el-temblor\\\/\"]}]},{\"@type\":\"ImageObject\",\"inLanguage\":\"es\",\"@id\":\"https:\\\/\\\/gentedebasquet.com.ar\\\/sitio\\\/2015\\\/07\\\/16\\\/resistio-el-temblor\\\/#primaryimage\",\"url\":\"https:\\\/\\\/gentedebasquet.com.ar\\\/sitio\\\/wp-content\\\/uploads\\\/2015\\\/07\\\/nacio-purre1.jpg\",\"contentUrl\":\"https:\\\/\\\/gentedebasquet.com.ar\\\/sitio\\\/wp-content\\\/uploads\\\/2015\\\/07\\\/nacio-purre1.jpg\",\"width\":690,\"height\":319},{\"@type\":\"BreadcrumbList\",\"@id\":\"https:\\\/\\\/gentedebasquet.com.ar\\\/sitio\\\/2015\\\/07\\\/16\\\/resistio-el-temblor\\\/#breadcrumb\",\"itemListElement\":[{\"@type\":\"ListItem\",\"position\":1,\"name\":\"Portada\",\"item\":\"https:\\\/\\\/gentedebasquet.com.ar\\\/sitio\\\/\"},{\"@type\":\"ListItem\",\"position\":2,\"name\":\"Resisti\u00f3 el temblor\"}]},{\"@type\":\"WebSite\",\"@id\":\"https:\\\/\\\/gentedebasquet.com.ar\\\/sitio\\\/#website\",\"url\":\"https:\\\/\\\/gentedebasquet.com.ar\\\/sitio\\\/\",\"name\":\"Gente de B\u00e1squet\",\"description\":\"La revista del basquet de Bah\u00eda Blanca\",\"potentialAction\":[{\"@type\":\"SearchAction\",\"target\":{\"@type\":\"EntryPoint\",\"urlTemplate\":\"https:\\\/\\\/gentedebasquet.com.ar\\\/sitio\\\/?s={search_term_string}\"},\"query-input\":{\"@type\":\"PropertyValueSpecification\",\"valueRequired\":true,\"valueName\":\"search_term_string\"}}],\"inLanguage\":\"es\"},{\"@type\":\"Person\",\"@id\":\"https:\\\/\\\/gentedebasquet.com.ar\\\/sitio\\\/#\\\/schema\\\/person\\\/ca0b63bbb977369988a7bbbdc519943a\",\"name\":\"Gente de B\u00e1squet\",\"image\":{\"@type\":\"ImageObject\",\"inLanguage\":\"es\",\"@id\":\"https:\\\/\\\/secure.gravatar.com\\\/avatar\\\/7f2c48bdc33b30088f941fb6082e555f2874c98e20cb159d7b92b50eadfce793?s=96&d=mm&r=g\",\"url\":\"https:\\\/\\\/secure.gravatar.com\\\/avatar\\\/7f2c48bdc33b30088f941fb6082e555f2874c98e20cb159d7b92b50eadfce793?s=96&d=mm&r=g\",\"contentUrl\":\"https:\\\/\\\/secure.gravatar.com\\\/avatar\\\/7f2c48bdc33b30088f941fb6082e555f2874c98e20cb159d7b92b50eadfce793?s=96&d=mm&r=g\",\"caption\":\"Gente de B\u00e1squet\"},\"sameAs\":[\"http:\\\/\\\/gentedebasquet.com.ar\\\/sitio\"],\"url\":\"https:\\\/\\\/gentedebasquet.com.ar\\\/sitio\\\/author\\\/ulises\\\/\"}]}<\/script>\n<!-- \/ Yoast SEO plugin. -->","yoast_head_json":{"title":"Resisti\u00f3 el temblor - Gente de B\u00e1squet","robots":{"index":"index","follow":"follow","max-snippet":"max-snippet:-1","max-image-preview":"max-image-preview:large","max-video-preview":"max-video-preview:-1"},"canonical":"https:\/\/gentedebasquet.com.ar\/sitio\/2015\/07\/16\/resistio-el-temblor\/","og_locale":"es_ES","og_type":"article","og_title":"Resisti\u00f3 el temblor - Gente de B\u00e1squet","og_description":"El Nacional remont\u00f3 la embestida de Pueyrred\u00f3n y lo venci\u00f3 por 79-75.","og_url":"https:\/\/gentedebasquet.com.ar\/sitio\/2015\/07\/16\/resistio-el-temblor\/","og_site_name":"Gente de B\u00e1squet","article_published_time":"2015-07-17T02:20:36+00:00","og_image":[{"width":690,"height":319,"url":"https:\/\/gentedebasquet.com.ar\/sitio\/wp-content\/uploads\/2015\/07\/nacio-purre1.jpg","type":"image\/jpeg"}],"author":"Gente de B\u00e1squet","twitter_card":"summary_large_image","twitter_misc":{"Escrito por":"Gente de B\u00e1squet","Tiempo de lectura":"3 minutos"},"schema":{"@context":"https:\/\/schema.org","@graph":[{"@type":"Article","@id":"https:\/\/gentedebasquet.com.ar\/sitio\/2015\/07\/16\/resistio-el-temblor\/#article","isPartOf":{"@id":"https:\/\/gentedebasquet.com.ar\/sitio\/2015\/07\/16\/resistio-el-temblor\/"},"author":{"name":"Gente de B\u00e1squet","@id":"https:\/\/gentedebasquet.com.ar\/sitio\/#\/schema\/person\/ca0b63bbb977369988a7bbbdc519943a"},"headline":"Resisti\u00f3 el temblor","datePublished":"2015-07-17T02:20:36+00:00","mainEntityOfPage":{"@id":"https:\/\/gentedebasquet.com.ar\/sitio\/2015\/07\/16\/resistio-el-temblor\/"},"wordCount":633,"image":{"@id":"https:\/\/gentedebasquet.com.ar\/sitio\/2015\/07\/16\/resistio-el-temblor\/#primaryimage"},"thumbnailUrl":"https:\/\/gentedebasquet.com.ar\/sitio\/wp-content\/uploads\/2015\/07\/nacio-purre1.jpg","keywords":["Eddie Roberson","El Nacional","Federico Harina","Francisco Hoffman","Germ\u00e1n Andr\u00e9s","juan manuel richat","Pueyrredon"],"articleSection":["Primera","Slide"],"inLanguage":"es"},{"@type":"WebPage","@id":"https:\/\/gentedebasquet.com.ar\/sitio\/2015\/07\/16\/resistio-el-temblor\/","url":"https:\/\/gentedebasquet.com.ar\/sitio\/2015\/07\/16\/resistio-el-temblor\/","name":"Resisti\u00f3 el temblor - Gente de B\u00e1squet","isPartOf":{"@id":"https:\/\/gentedebasquet.com.ar\/sitio\/#website"},"primaryImageOfPage":{"@id":"https:\/\/gentedebasquet.com.ar\/sitio\/2015\/07\/16\/resistio-el-temblor\/#primaryimage"},"image":{"@id":"https:\/\/gentedebasquet.com.ar\/sitio\/2015\/07\/16\/resistio-el-temblor\/#primaryimage"},"thumbnailUrl":"https:\/\/gentedebasquet.com.ar\/sitio\/wp-content\/uploads\/2015\/07\/nacio-purre1.jpg","datePublished":"2015-07-17T02:20:36+00:00","author":{"@id":"https:\/\/gentedebasquet.com.ar\/sitio\/#\/schema\/person\/ca0b63bbb977369988a7bbbdc519943a"},"breadcrumb":{"@id":"https:\/\/gentedebasquet.com.ar\/sitio\/2015\/07\/16\/resistio-el-temblor\/#breadcrumb"},"inLanguage":"es","potentialAction":[{"@type":"ReadAction","target":["https:\/\/gentedebasquet.com.ar\/sitio\/2015\/07\/16\/resistio-el-temblor\/"]}]},{"@type":"ImageObject","inLanguage":"es","@id":"https:\/\/gentedebasquet.com.ar\/sitio\/2015\/07\/16\/resistio-el-temblor\/#primaryimage","url":"https:\/\/gentedebasquet.com.ar\/sitio\/wp-content\/uploads\/2015\/07\/nacio-purre1.jpg","contentUrl":"https:\/\/gentedebasquet.com.ar\/sitio\/wp-content\/uploads\/2015\/07\/nacio-purre1.jpg","width":690,"height":319},{"@type":"BreadcrumbList","@id":"https:\/\/gentedebasquet.com.ar\/sitio\/2015\/07\/16\/resistio-el-temblor\/#breadcrumb","itemListElement":[{"@type":"ListItem","position":1,"name":"Portada","item":"https:\/\/gentedebasquet.com.ar\/sitio\/"},{"@type":"ListItem","position":2,"name":"Resisti\u00f3 el temblor"}]},{"@type":"WebSite","@id":"https:\/\/gentedebasquet.com.ar\/sitio\/#website","url":"https:\/\/gentedebasquet.com.ar\/sitio\/","name":"Gente de B\u00e1squet","description":"La revista del basquet de Bah\u00eda Blanca","potentialAction":[{"@type":"SearchAction","target":{"@type":"EntryPoint","urlTemplate":"https:\/\/gentedebasquet.com.ar\/sitio\/?s={search_term_string}"},"query-input":{"@type":"PropertyValueSpecification","valueRequired":true,"valueName":"search_term_string"}}],"inLanguage":"es"},{"@type":"Person","@id":"https:\/\/gentedebasquet.com.ar\/sitio\/#\/schema\/person\/ca0b63bbb977369988a7bbbdc519943a","name":"Gente de B\u00e1squet","image":{"@type":"ImageObject","inLanguage":"es","@id":"https:\/\/secure.gravatar.com\/avatar\/7f2c48bdc33b30088f941fb6082e555f2874c98e20cb159d7b92b50eadfce793?s=96&d=mm&r=g","url":"https:\/\/secure.gravatar.com\/avatar\/7f2c48bdc33b30088f941fb6082e555f2874c98e20cb159d7b92b50eadfce793?s=96&d=mm&r=g","contentUrl":"https:\/\/secure.gravatar.com\/avatar\/7f2c48bdc33b30088f941fb6082e555f2874c98e20cb159d7b92b50eadfce793?s=96&d=mm&r=g","caption":"Gente de B\u00e1squet"},"sameAs":["http:\/\/gentedebasquet.com.ar\/sitio"],"url":"https:\/\/gentedebasquet.com.ar\/sitio\/author\/ulises\/"}]}},"_links":{"self":[{"href":"https:\/\/gentedebasquet.com.ar\/sitio\/wp-json\/wp\/v2\/posts\/48469","targetHints":{"allow":["GET"]}}],"collection":[{"href":"https:\/\/gentedebasquet.com.ar\/sitio\/wp-json\/wp\/v2\/posts"}],"about":[{"href":"https:\/\/gentedebasquet.com.ar\/sitio\/wp-json\/wp\/v2\/types\/post"}],"author":[{"embeddable":true,"href":"https:\/\/gentedebasquet.com.ar\/sitio\/wp-json\/wp\/v2\/users\/1"}],"replies":[{"embeddable":true,"href":"https:\/\/gentedebasquet.com.ar\/sitio\/wp-json\/wp\/v2\/comments?post=48469"}],"version-history":[{"count":0,"href":"https:\/\/gentedebasquet.com.ar\/sitio\/wp-json\/wp\/v2\/posts\/48469\/revisions"}],"wp:featuredmedia":[{"embeddable":true,"href":"https:\/\/gentedebasquet.com.ar\/sitio\/wp-json\/wp\/v2\/media\/48483"}],"wp:attachment":[{"href":"https:\/\/gentedebasquet.com.ar\/sitio\/wp-json\/wp\/v2\/media?parent=48469"}],"wp:term":[{"taxonomy":"category","embeddable":true,"href":"https:\/\/gentedebasquet.com.ar\/sitio\/wp-json\/wp\/v2\/categories?post=48469"},{"taxonomy":"post_tag","embeddable":true,"href":"https:\/\/gentedebasquet.com.ar\/sitio\/wp-json\/wp\/v2\/tags?post=48469"}],"curies":[{"name":"wp","href":"https:\/\/api.w.org\/{rel}","templated":true}]}}