{"id":4928,"date":"2012-06-18T18:23:30","date_gmt":"2012-06-18T18:23:30","guid":{"rendered":"http:\/\/www.gentedebasquet.com.ar\/?p=4928"},"modified":"2012-06-18T18:23:30","modified_gmt":"2012-06-18T18:23:30","slug":"la-argentina-del-che-garcia-comienza-el-sudamericano","status":"publish","type":"post","link":"https:\/\/gentedebasquet.com.ar\/sitio\/2012\/06\/18\/la-argentina-del-che-garcia-comienza-el-sudamericano\/","title":{"rendered":"La Argentina del \u00abChe\u00bb Garc\u00eda comienza el Sudamericano"},"content":{"rendered":"<p><a href=\"http:\/\/www.gentedebasquet.com.ar\/wp-content\/uploads\/2012\/06\/sudam-de-chaco1.jpg\"><img decoding=\"async\" class=\"alignnone size-full wp-image-4930\" title=\"sudam de chaco\" src=\"http:\/\/www.gentedebasquet.com.ar\/wp-content\/uploads\/2012\/06\/sudam-de-chaco1.jpg\" alt=\"\" width=\"448\" height=\"330\" \/><\/a><em><strong>Hoy\u00a0empieza el Sudamericano masculino de mayores en Resistencia. El equipo de N\u00e9stor Garc\u00eda, con 25 a\u00f1os de promedio, debuta ante Colombia a las 22 horas.\u00a0El certamen otorga cuatro lugares para el Campeonato FIBA Am\u00e9ricas 2013, clasificatorio para el Mundial FIBA Espa\u00f1a 2014.<!--more--><\/strong><\/em><\/p>\n<p>Entre hoy y el viernes 22 de junio se juega en el Club Sarmiento de Resistencia (Chaco) el torneo de selecciones m\u00e1s antiguo del mundo: el Campeonato Sudamericano de mayores masculino se disput\u00f3 por primera vez en 1930 y la edici\u00f3n 2012 ser\u00e1 la n\u00famero 45. El certamen otorga cuatro lugares para el Campeonato FIBA Am\u00e9ricas 2013, clasificatorio para el Mundial FIBA Espa\u00f1a 2014.<\/p>\n<p>La Selecci\u00f3n Argentina debutar\u00e1 contra Colombia, a partir de las 22. El plantel a cargo del entrenador bahiense N\u00e9stor Garc\u00eda, tiene 25 a\u00f1os de promedio, incluye a varios debutantes en la Selecci\u00f3n Mayor y cuenta con cinco jugadores Sub 23 (Giorgetti, Del\u00eda, Fern\u00e1ndez, Campazzo y Laprov\u00edttola). Ser\u00e1 tambi\u00e9n una buena prueba para quienes aspiran a tener un lugar en los Juegos Ol\u00edmpicos de Londres.<\/p>\n<p>.<br \/>\n<strong>MEDALLERO HISTORICO<\/strong><\/p>\n<p>1\u00ba Brasil: 18 oro, 12 plata, 7 bronce, 37 medallas<br \/>\n2\u00ba Argentina: 12 oro, 11 plata, 13 bronce, 36 medallas<br \/>\n3\u00ba Uruguay: 11 oro, 13 plata, 10 bronce, 34 medallas<br \/>\n4\u00ba Venezuela: 1 oro, 2 plata, 5 bronce, 8 medallas<br \/>\n5\u00ba Chile: 1 oro, 2 plata, 4 bronce, 7 medallas<br \/>\n6\u00ba Per\u00fa: 1 oro, 2 plata, 4 bronce, 7 medallas<br \/>\n7\u00ba Paraguay: 0 oro, 2 plata, 1 bronce, 3 medallas<\/p>\n<p>.<br \/>\n<strong>45\u00b0 CAMPEONATO SUDAMERICANO DE MAYORES &#8211; CHACO 2012<br \/>\n<\/strong><\/p>\n<p><strong>Grupo A:<\/strong>\u00a0Colombia, Argentina, Chile y Venezuela.<br \/>\n<strong>Grupo B:<\/strong>\u00a0Paraguay, Brasil, Bolivia y Uruguay.<\/p>\n<p><strong>Lunes 18 de junio \u2013 D\u00eda 1<\/strong><br \/>\n14.00 Venezuela vs Chile<br \/>\n16.15 Uruguay vs Bolivia<br \/>\n18.30 Paraguay vs Brasil<br \/>\n21.00 Acto inaugural<br \/>\n22.00 Colombia vs Argentina<\/p>\n<p><strong>Martes 19 de junio \u2013 D\u00eda 2<\/strong><br \/>\n14.30 Chile vs Colombia<br \/>\n17.00 Bolivia vs Paraguay<br \/>\n19.30 Brasil vs Uruguay<br \/>\n22.00 Argentina vs Venezuela<\/p>\n<p><strong>Mi\u00e9rcoles 20 de junio \u2013 D\u00eda 3<\/strong><br \/>\n14.30 Colombia vs Venezuela<br \/>\n17.00 Brasil vs Bolivia<br \/>\n19.30 Argentina vs Chile<br \/>\n22.00 Paraguay vs Uruguay<\/p>\n<p><strong>Jueves 21 de junio \u2013 D\u00eda 4<\/strong><br \/>\n17.00 Tercero Grupo A vs Tercero Grupo B<br \/>\n19.30 Primero Grupo A vs Segundo Grupo B (semifinal)<br \/>\n22.00 Primero Grupo B vs Segundo Grupo A (semifinal)<\/p>\n<p><strong>Viernes 22 de junio \u2013 D\u00eda 5<\/strong><br \/>\n19.30 TERCER PUESTO<br \/>\n22.00 FINAL<\/p>\n<p>.<br \/>\n<strong>SELECCION ARGENTINA<br \/>\nSUDAMERICANO CHACO 2012<br \/>\n<\/strong><br \/>\n4- GUTI\u00c9RREZ, Juan Pedro<br \/>\nPuesto: Pivote<br \/>\nAltura: 2,05<br \/>\nNacimiento: 10\/10\/83<br \/>\nLugar: 9 de Julio (Bs. As.)<br \/>\nClub: Obras (Capital Federal)<\/p>\n<p>5- FERNANDEZ, Juan Manuel<br \/>\nPuesto: Base<br \/>\nAltura: 1,94<br \/>\nNacimiento: 22\/07\/90<br \/>\nLugar: R\u00edo Tercero (C\u00f3rdoba)<br \/>\nClub: Olimpia Milano (Italia)<\/p>\n<p>6- MATA, Marcos Daniel<br \/>\nPuesto: Alero<br \/>\nAltura: 2,01<br \/>\nNacimiento: 01\/08\/86<br \/>\nLugar: Mar del Plata (Buenos Aires)<br \/>\nClub: Pe\u00f1arol (Mar del Plata)<\/p>\n<p>7- SANDES, Carlos Mat\u00edas<br \/>\nPuesto: Ala-pivote<br \/>\nAltura: 2,01<br \/>\nNacimiento: 14\/06\/84<br \/>\nLugar: Mendoza<br \/>\nClub: Sionista (Paran\u00e1)<\/p>\n<p>8- SAFAR, Selem<br \/>\nPuesto: Escolta<br \/>\nAltura: 1,90<br \/>\nNacimiento: 18\/12\/87<br \/>\nLugar: Mar del Plata (Buenos Aires)<br \/>\nClub: Pe\u00f1arol (Mar del Plata)<\/p>\n<p>9- CAMPAZZO, Facundo<br \/>\nPuesto: Base<br \/>\nAltura: 1,79<br \/>\nNacimiento: 23\/03\/91<br \/>\nLugar: C\u00f3rdoba<br \/>\nClub: Pe\u00f1arol (Mar del Plata)<\/p>\n<p>10- GUTI\u00c9RREZ, Leonardo Mart\u00edn<br \/>\nPuesto: Ala-pivote<br \/>\nAltura: 2,00<br \/>\nNacimiento: 16\/05\/78<br \/>\nLugar: Marcos Ju\u00e1rez (C\u00f3rdoba)<br \/>\nClub: Pe\u00f1arol (Mar del Plata)<\/p>\n<p>11- LEIVA, Mart\u00edn Dar\u00edo<br \/>\nPuesto: Pivote<br \/>\nAltura: 2,10<br \/>\nNacimiento: 23\/04\/80<br \/>\nLugar: Ciudad de Buenos Aires<br \/>\nClub: Pe\u00f1arol (Mar del Plata)<\/p>\n<p>12- DELIA, Marcos Nicol\u00e1s<br \/>\nPuesto: Pivote<br \/>\nAltura: 2,06<br \/>\nNacimiento: 08\/04\/92<br \/>\nLugar: Saladillo (Buenos Aires)<br \/>\nClub: Boca Juniors (Capital Federal)<\/p>\n<p>13- GIORGETTI, Franco Nahuel<br \/>\nPuesto: Alero<br \/>\nAltura: 2,02<br \/>\nNacimiento: 02\/12\/92<br \/>\nLugar: Resistencia (Chaco)<br \/>\nClub: Pe\u00f1arol (Mar del Plata)<\/p>\n<p>14- LAPROVITTOLA, Nicol\u00e1s<br \/>\nPuesto: Base<br \/>\nAltura: 1,87<br \/>\nNacimiento: 31\/01\/90<br \/>\nLugar: Mor\u00f3n (Buenos Aires)<br \/>\nClub: Lan\u00fas<\/p>\n<p>15- VAN LACKE, Federico Mart\u00edn<br \/>\nPuesto: Escolta<br \/>\nAltura: 1,91<br \/>\nNacimiento: 26\/06\/80<br \/>\nLugar: Santa Fe<br \/>\nClub: Joventut Badalona (Espa\u00f1a)<\/p>\n<p>Director T\u00e9cnico: N\u00e9stor Garc\u00eda.<br \/>\nEntrenador asistente: Facundo M\u00fcller.<br \/>\nPreparador F\u00edsico: Eduardo Costamagna.<br \/>\nKinesi\u00f3logo: Silvio Gatti.<br \/>\nM\u00e9dico: Luis Lenti.<br \/>\nUtilero: Facundo Vartanian.<br \/>\nJefe de prensa: Rodrigo Garc\u00eda.<br \/>\nPresidente de delegaci\u00f3n: Domingo Giorgetti.<\/p>\n<p>Fuente: Confederaci\u00f3n Argentina de B\u00e1squetbol<\/p>\n","protected":false},"excerpt":{"rendered":"<p>Hoy\u00a0empieza el Sudamericano masculino de mayores en Resistencia. El equipo de N\u00e9stor Garc\u00eda, con 25 a\u00f1os de promedio, debuta ante Colombia a las 22 horas.\u00a0El certamen otorga cuatro lugares para el Campeonato FIBA Am\u00e9ricas 2013, clasificatorio para el Mundial FIBA Espa\u00f1a 2014.<\/p>\n","protected":false},"author":1,"featured_media":0,"comment_status":"open","ping_status":"open","sticky":false,"template":"","format":"standard","meta":{"jnews-multi-image_gallery":[],"jnews_single_post":[],"jnews_primary_category":[],"footnotes":""},"categories":[61],"tags":[],"class_list":["post-4928","post","type-post","status-publish","format-standard","hentry","category-selecciones-nacionales"],"yoast_head":"<!-- This site is optimized with the Yoast SEO plugin v27.5 - https:\/\/yoast.com\/product\/yoast-seo-wordpress\/ -->\n<title>La Argentina del &quot;Che&quot; Garc\u00eda comienza el Sudamericano - Gente de B\u00e1squet<\/title>\n<meta name=\"robots\" content=\"index, follow, max-snippet:-1, max-image-preview:large, max-video-preview:-1\" \/>\n<link rel=\"canonical\" href=\"https:\/\/gentedebasquet.com.ar\/sitio\/2012\/06\/18\/la-argentina-del-che-garcia-comienza-el-sudamericano\/\" \/>\n<meta property=\"og:locale\" content=\"es_ES\" \/>\n<meta property=\"og:type\" content=\"article\" \/>\n<meta property=\"og:title\" content=\"La Argentina del &quot;Che&quot; Garc\u00eda comienza el Sudamericano - Gente de B\u00e1squet\" \/>\n<meta property=\"og:description\" content=\"Hoy\u00a0empieza el Sudamericano masculino de mayores en Resistencia. El equipo de N\u00e9stor Garc\u00eda, con 25 a\u00f1os de promedio, debuta ante Colombia a las 22 horas.\u00a0El certamen otorga cuatro lugares para el Campeonato FIBA Am\u00e9ricas 2013, clasificatorio para el Mundial FIBA Espa\u00f1a 2014.\" \/>\n<meta property=\"og:url\" content=\"https:\/\/gentedebasquet.com.ar\/sitio\/2012\/06\/18\/la-argentina-del-che-garcia-comienza-el-sudamericano\/\" \/>\n<meta property=\"og:site_name\" content=\"Gente de B\u00e1squet\" \/>\n<meta property=\"article:published_time\" content=\"2012-06-18T18:23:30+00:00\" \/>\n<meta property=\"og:image\" content=\"http:\/\/www.gentedebasquet.com.ar\/wp-content\/uploads\/2012\/06\/sudam-de-chaco1.jpg\" \/>\n<meta name=\"author\" content=\"Gente de B\u00e1squet\" \/>\n<meta name=\"twitter:card\" content=\"summary_large_image\" \/>\n<meta name=\"twitter:label1\" content=\"Escrito por\" \/>\n\t<meta name=\"twitter:data1\" content=\"Gente de B\u00e1squet\" \/>\n\t<meta name=\"twitter:label2\" content=\"Tiempo de lectura\" \/>\n\t<meta name=\"twitter:data2\" content=\"3 minutos\" \/>\n<script type=\"application\/ld+json\" class=\"yoast-schema-graph\">{\"@context\":\"https:\\\/\\\/schema.org\",\"@graph\":[{\"@type\":\"Article\",\"@id\":\"https:\\\/\\\/gentedebasquet.com.ar\\\/sitio\\\/2012\\\/06\\\/18\\\/la-argentina-del-che-garcia-comienza-el-sudamericano\\\/#article\",\"isPartOf\":{\"@id\":\"https:\\\/\\\/gentedebasquet.com.ar\\\/sitio\\\/2012\\\/06\\\/18\\\/la-argentina-del-che-garcia-comienza-el-sudamericano\\\/\"},\"author\":{\"name\":\"Gente de B\u00e1squet\",\"@id\":\"https:\\\/\\\/gentedebasquet.com.ar\\\/sitio\\\/#\\\/schema\\\/person\\\/ca0b63bbb977369988a7bbbdc519943a\"},\"headline\":\"La Argentina del \u00abChe\u00bb Garc\u00eda comienza el Sudamericano\",\"datePublished\":\"2012-06-18T18:23:30+00:00\",\"mainEntityOfPage\":{\"@id\":\"https:\\\/\\\/gentedebasquet.com.ar\\\/sitio\\\/2012\\\/06\\\/18\\\/la-argentina-del-che-garcia-comienza-el-sudamericano\\\/\"},\"wordCount\":603,\"commentCount\":0,\"image\":{\"@id\":\"https:\\\/\\\/gentedebasquet.com.ar\\\/sitio\\\/2012\\\/06\\\/18\\\/la-argentina-del-che-garcia-comienza-el-sudamericano\\\/#primaryimage\"},\"thumbnailUrl\":\"http:\\\/\\\/www.gentedebasquet.com.ar\\\/wp-content\\\/uploads\\\/2012\\\/06\\\/sudam-de-chaco1.jpg\",\"articleSection\":[\"Selecciones Nacionales\"],\"inLanguage\":\"es\",\"potentialAction\":[{\"@type\":\"CommentAction\",\"name\":\"Comment\",\"target\":[\"https:\\\/\\\/gentedebasquet.com.ar\\\/sitio\\\/2012\\\/06\\\/18\\\/la-argentina-del-che-garcia-comienza-el-sudamericano\\\/#respond\"]}]},{\"@type\":\"WebPage\",\"@id\":\"https:\\\/\\\/gentedebasquet.com.ar\\\/sitio\\\/2012\\\/06\\\/18\\\/la-argentina-del-che-garcia-comienza-el-sudamericano\\\/\",\"url\":\"https:\\\/\\\/gentedebasquet.com.ar\\\/sitio\\\/2012\\\/06\\\/18\\\/la-argentina-del-che-garcia-comienza-el-sudamericano\\\/\",\"name\":\"La Argentina del \\\"Che\\\" Garc\u00eda comienza el Sudamericano - Gente de B\u00e1squet\",\"isPartOf\":{\"@id\":\"https:\\\/\\\/gentedebasquet.com.ar\\\/sitio\\\/#website\"},\"primaryImageOfPage\":{\"@id\":\"https:\\\/\\\/gentedebasquet.com.ar\\\/sitio\\\/2012\\\/06\\\/18\\\/la-argentina-del-che-garcia-comienza-el-sudamericano\\\/#primaryimage\"},\"image\":{\"@id\":\"https:\\\/\\\/gentedebasquet.com.ar\\\/sitio\\\/2012\\\/06\\\/18\\\/la-argentina-del-che-garcia-comienza-el-sudamericano\\\/#primaryimage\"},\"thumbnailUrl\":\"http:\\\/\\\/www.gentedebasquet.com.ar\\\/wp-content\\\/uploads\\\/2012\\\/06\\\/sudam-de-chaco1.jpg\",\"datePublished\":\"2012-06-18T18:23:30+00:00\",\"author\":{\"@id\":\"https:\\\/\\\/gentedebasquet.com.ar\\\/sitio\\\/#\\\/schema\\\/person\\\/ca0b63bbb977369988a7bbbdc519943a\"},\"breadcrumb\":{\"@id\":\"https:\\\/\\\/gentedebasquet.com.ar\\\/sitio\\\/2012\\\/06\\\/18\\\/la-argentina-del-che-garcia-comienza-el-sudamericano\\\/#breadcrumb\"},\"inLanguage\":\"es\",\"potentialAction\":[{\"@type\":\"ReadAction\",\"target\":[\"https:\\\/\\\/gentedebasquet.com.ar\\\/sitio\\\/2012\\\/06\\\/18\\\/la-argentina-del-che-garcia-comienza-el-sudamericano\\\/\"]}]},{\"@type\":\"ImageObject\",\"inLanguage\":\"es\",\"@id\":\"https:\\\/\\\/gentedebasquet.com.ar\\\/sitio\\\/2012\\\/06\\\/18\\\/la-argentina-del-che-garcia-comienza-el-sudamericano\\\/#primaryimage\",\"url\":\"http:\\\/\\\/www.gentedebasquet.com.ar\\\/wp-content\\\/uploads\\\/2012\\\/06\\\/sudam-de-chaco1.jpg\",\"contentUrl\":\"http:\\\/\\\/www.gentedebasquet.com.ar\\\/wp-content\\\/uploads\\\/2012\\\/06\\\/sudam-de-chaco1.jpg\"},{\"@type\":\"BreadcrumbList\",\"@id\":\"https:\\\/\\\/gentedebasquet.com.ar\\\/sitio\\\/2012\\\/06\\\/18\\\/la-argentina-del-che-garcia-comienza-el-sudamericano\\\/#breadcrumb\",\"itemListElement\":[{\"@type\":\"ListItem\",\"position\":1,\"name\":\"Portada\",\"item\":\"https:\\\/\\\/gentedebasquet.com.ar\\\/sitio\\\/\"},{\"@type\":\"ListItem\",\"position\":2,\"name\":\"La Argentina del \u00abChe\u00bb Garc\u00eda comienza el Sudamericano\"}]},{\"@type\":\"WebSite\",\"@id\":\"https:\\\/\\\/gentedebasquet.com.ar\\\/sitio\\\/#website\",\"url\":\"https:\\\/\\\/gentedebasquet.com.ar\\\/sitio\\\/\",\"name\":\"Gente de B\u00e1squet\",\"description\":\"La revista del basquet de Bah\u00eda Blanca\",\"potentialAction\":[{\"@type\":\"SearchAction\",\"target\":{\"@type\":\"EntryPoint\",\"urlTemplate\":\"https:\\\/\\\/gentedebasquet.com.ar\\\/sitio\\\/?s={search_term_string}\"},\"query-input\":{\"@type\":\"PropertyValueSpecification\",\"valueRequired\":true,\"valueName\":\"search_term_string\"}}],\"inLanguage\":\"es\"},{\"@type\":\"Person\",\"@id\":\"https:\\\/\\\/gentedebasquet.com.ar\\\/sitio\\\/#\\\/schema\\\/person\\\/ca0b63bbb977369988a7bbbdc519943a\",\"name\":\"Gente de B\u00e1squet\",\"image\":{\"@type\":\"ImageObject\",\"inLanguage\":\"es\",\"@id\":\"https:\\\/\\\/secure.gravatar.com\\\/avatar\\\/7f2c48bdc33b30088f941fb6082e555f2874c98e20cb159d7b92b50eadfce793?s=96&d=mm&r=g\",\"url\":\"https:\\\/\\\/secure.gravatar.com\\\/avatar\\\/7f2c48bdc33b30088f941fb6082e555f2874c98e20cb159d7b92b50eadfce793?s=96&d=mm&r=g\",\"contentUrl\":\"https:\\\/\\\/secure.gravatar.com\\\/avatar\\\/7f2c48bdc33b30088f941fb6082e555f2874c98e20cb159d7b92b50eadfce793?s=96&d=mm&r=g\",\"caption\":\"Gente de B\u00e1squet\"},\"sameAs\":[\"http:\\\/\\\/gentedebasquet.com.ar\\\/sitio\"],\"url\":\"https:\\\/\\\/gentedebasquet.com.ar\\\/sitio\\\/author\\\/ulises\\\/\"}]}<\/script>\n<!-- \/ Yoast SEO plugin. -->","yoast_head_json":{"title":"La Argentina del \"Che\" Garc\u00eda comienza el Sudamericano - Gente de B\u00e1squet","robots":{"index":"index","follow":"follow","max-snippet":"max-snippet:-1","max-image-preview":"max-image-preview:large","max-video-preview":"max-video-preview:-1"},"canonical":"https:\/\/gentedebasquet.com.ar\/sitio\/2012\/06\/18\/la-argentina-del-che-garcia-comienza-el-sudamericano\/","og_locale":"es_ES","og_type":"article","og_title":"La Argentina del \"Che\" Garc\u00eda comienza el Sudamericano - Gente de B\u00e1squet","og_description":"Hoy\u00a0empieza el Sudamericano masculino de mayores en Resistencia. El equipo de N\u00e9stor Garc\u00eda, con 25 a\u00f1os de promedio, debuta ante Colombia a las 22 horas.\u00a0El certamen otorga cuatro lugares para el Campeonato FIBA Am\u00e9ricas 2013, clasificatorio para el Mundial FIBA Espa\u00f1a 2014.","og_url":"https:\/\/gentedebasquet.com.ar\/sitio\/2012\/06\/18\/la-argentina-del-che-garcia-comienza-el-sudamericano\/","og_site_name":"Gente de B\u00e1squet","article_published_time":"2012-06-18T18:23:30+00:00","og_image":[{"url":"http:\/\/www.gentedebasquet.com.ar\/wp-content\/uploads\/2012\/06\/sudam-de-chaco1.jpg","type":"","width":"","height":""}],"author":"Gente de B\u00e1squet","twitter_card":"summary_large_image","twitter_misc":{"Escrito por":"Gente de B\u00e1squet","Tiempo de lectura":"3 minutos"},"schema":{"@context":"https:\/\/schema.org","@graph":[{"@type":"Article","@id":"https:\/\/gentedebasquet.com.ar\/sitio\/2012\/06\/18\/la-argentina-del-che-garcia-comienza-el-sudamericano\/#article","isPartOf":{"@id":"https:\/\/gentedebasquet.com.ar\/sitio\/2012\/06\/18\/la-argentina-del-che-garcia-comienza-el-sudamericano\/"},"author":{"name":"Gente de B\u00e1squet","@id":"https:\/\/gentedebasquet.com.ar\/sitio\/#\/schema\/person\/ca0b63bbb977369988a7bbbdc519943a"},"headline":"La Argentina del \u00abChe\u00bb Garc\u00eda comienza el Sudamericano","datePublished":"2012-06-18T18:23:30+00:00","mainEntityOfPage":{"@id":"https:\/\/gentedebasquet.com.ar\/sitio\/2012\/06\/18\/la-argentina-del-che-garcia-comienza-el-sudamericano\/"},"wordCount":603,"commentCount":0,"image":{"@id":"https:\/\/gentedebasquet.com.ar\/sitio\/2012\/06\/18\/la-argentina-del-che-garcia-comienza-el-sudamericano\/#primaryimage"},"thumbnailUrl":"http:\/\/www.gentedebasquet.com.ar\/wp-content\/uploads\/2012\/06\/sudam-de-chaco1.jpg","articleSection":["Selecciones Nacionales"],"inLanguage":"es","potentialAction":[{"@type":"CommentAction","name":"Comment","target":["https:\/\/gentedebasquet.com.ar\/sitio\/2012\/06\/18\/la-argentina-del-che-garcia-comienza-el-sudamericano\/#respond"]}]},{"@type":"WebPage","@id":"https:\/\/gentedebasquet.com.ar\/sitio\/2012\/06\/18\/la-argentina-del-che-garcia-comienza-el-sudamericano\/","url":"https:\/\/gentedebasquet.com.ar\/sitio\/2012\/06\/18\/la-argentina-del-che-garcia-comienza-el-sudamericano\/","name":"La Argentina del \"Che\" Garc\u00eda comienza el Sudamericano - Gente de B\u00e1squet","isPartOf":{"@id":"https:\/\/gentedebasquet.com.ar\/sitio\/#website"},"primaryImageOfPage":{"@id":"https:\/\/gentedebasquet.com.ar\/sitio\/2012\/06\/18\/la-argentina-del-che-garcia-comienza-el-sudamericano\/#primaryimage"},"image":{"@id":"https:\/\/gentedebasquet.com.ar\/sitio\/2012\/06\/18\/la-argentina-del-che-garcia-comienza-el-sudamericano\/#primaryimage"},"thumbnailUrl":"http:\/\/www.gentedebasquet.com.ar\/wp-content\/uploads\/2012\/06\/sudam-de-chaco1.jpg","datePublished":"2012-06-18T18:23:30+00:00","author":{"@id":"https:\/\/gentedebasquet.com.ar\/sitio\/#\/schema\/person\/ca0b63bbb977369988a7bbbdc519943a"},"breadcrumb":{"@id":"https:\/\/gentedebasquet.com.ar\/sitio\/2012\/06\/18\/la-argentina-del-che-garcia-comienza-el-sudamericano\/#breadcrumb"},"inLanguage":"es","potentialAction":[{"@type":"ReadAction","target":["https:\/\/gentedebasquet.com.ar\/sitio\/2012\/06\/18\/la-argentina-del-che-garcia-comienza-el-sudamericano\/"]}]},{"@type":"ImageObject","inLanguage":"es","@id":"https:\/\/gentedebasquet.com.ar\/sitio\/2012\/06\/18\/la-argentina-del-che-garcia-comienza-el-sudamericano\/#primaryimage","url":"http:\/\/www.gentedebasquet.com.ar\/wp-content\/uploads\/2012\/06\/sudam-de-chaco1.jpg","contentUrl":"http:\/\/www.gentedebasquet.com.ar\/wp-content\/uploads\/2012\/06\/sudam-de-chaco1.jpg"},{"@type":"BreadcrumbList","@id":"https:\/\/gentedebasquet.com.ar\/sitio\/2012\/06\/18\/la-argentina-del-che-garcia-comienza-el-sudamericano\/#breadcrumb","itemListElement":[{"@type":"ListItem","position":1,"name":"Portada","item":"https:\/\/gentedebasquet.com.ar\/sitio\/"},{"@type":"ListItem","position":2,"name":"La Argentina del \u00abChe\u00bb Garc\u00eda comienza el Sudamericano"}]},{"@type":"WebSite","@id":"https:\/\/gentedebasquet.com.ar\/sitio\/#website","url":"https:\/\/gentedebasquet.com.ar\/sitio\/","name":"Gente de B\u00e1squet","description":"La revista del basquet de Bah\u00eda Blanca","potentialAction":[{"@type":"SearchAction","target":{"@type":"EntryPoint","urlTemplate":"https:\/\/gentedebasquet.com.ar\/sitio\/?s={search_term_string}"},"query-input":{"@type":"PropertyValueSpecification","valueRequired":true,"valueName":"search_term_string"}}],"inLanguage":"es"},{"@type":"Person","@id":"https:\/\/gentedebasquet.com.ar\/sitio\/#\/schema\/person\/ca0b63bbb977369988a7bbbdc519943a","name":"Gente de B\u00e1squet","image":{"@type":"ImageObject","inLanguage":"es","@id":"https:\/\/secure.gravatar.com\/avatar\/7f2c48bdc33b30088f941fb6082e555f2874c98e20cb159d7b92b50eadfce793?s=96&d=mm&r=g","url":"https:\/\/secure.gravatar.com\/avatar\/7f2c48bdc33b30088f941fb6082e555f2874c98e20cb159d7b92b50eadfce793?s=96&d=mm&r=g","contentUrl":"https:\/\/secure.gravatar.com\/avatar\/7f2c48bdc33b30088f941fb6082e555f2874c98e20cb159d7b92b50eadfce793?s=96&d=mm&r=g","caption":"Gente de B\u00e1squet"},"sameAs":["http:\/\/gentedebasquet.com.ar\/sitio"],"url":"https:\/\/gentedebasquet.com.ar\/sitio\/author\/ulises\/"}]}},"_links":{"self":[{"href":"https:\/\/gentedebasquet.com.ar\/sitio\/wp-json\/wp\/v2\/posts\/4928","targetHints":{"allow":["GET"]}}],"collection":[{"href":"https:\/\/gentedebasquet.com.ar\/sitio\/wp-json\/wp\/v2\/posts"}],"about":[{"href":"https:\/\/gentedebasquet.com.ar\/sitio\/wp-json\/wp\/v2\/types\/post"}],"author":[{"embeddable":true,"href":"https:\/\/gentedebasquet.com.ar\/sitio\/wp-json\/wp\/v2\/users\/1"}],"replies":[{"embeddable":true,"href":"https:\/\/gentedebasquet.com.ar\/sitio\/wp-json\/wp\/v2\/comments?post=4928"}],"version-history":[{"count":0,"href":"https:\/\/gentedebasquet.com.ar\/sitio\/wp-json\/wp\/v2\/posts\/4928\/revisions"}],"wp:attachment":[{"href":"https:\/\/gentedebasquet.com.ar\/sitio\/wp-json\/wp\/v2\/media?parent=4928"}],"wp:term":[{"taxonomy":"category","embeddable":true,"href":"https:\/\/gentedebasquet.com.ar\/sitio\/wp-json\/wp\/v2\/categories?post=4928"},{"taxonomy":"post_tag","embeddable":true,"href":"https:\/\/gentedebasquet.com.ar\/sitio\/wp-json\/wp\/v2\/tags?post=4928"}],"curies":[{"name":"wp","href":"https:\/\/api.w.org\/{rel}","templated":true}]}}