{"id":51992,"date":"2015-10-03T20:55:40","date_gmt":"2015-10-03T23:55:40","guid":{"rendered":"http:\/\/www.gentedebasquet.com.ar\/?p=51992"},"modified":"2015-10-03T20:55:40","modified_gmt":"2015-10-03T23:55:40","slug":"triunfo-pacifico-para-el-verde","status":"publish","type":"post","link":"https:\/\/gentedebasquet.com.ar\/sitio\/2015\/10\/03\/triunfo-pacifico-para-el-verde\/","title":{"rendered":"Triunfo Pac\u00edfico para el Verde"},"content":{"rendered":"<p><b>En Juveniles, Pac\u00edfico derrot\u00f3 a Pueyrred\u00f3n como local por 78 a 72. Los locales terminaron abajo por 9 la primera mitad, pero con un gran 3C pasaron al frente y a partir de ah\u00ed se adue\u00f1aron del cotejo. El goleador del partido fue Juli\u00e1n Carminatti, con 21 puntos (3\/4 T3, 5\/12 T2 y 2\/2 TL). Para el due\u00f1o de casa, Lucas Ruiz fue el mejor con 20 (7\/13 T2 y 6\/8 TL), 3 tapas y 3 rebotes. Adem\u00e1s de los 17 de Maina y los 14 de Wattson (3\/4 T3 segunda mitad), que sumaron al goleo local.<\/b><\/p>\n<p>Los primeros puntos del encuentro se hicieron esperar, llegaron a los 2m45 de comenzado el mismo. El segmento fue muy bueno para Pueyrred\u00f3n, que r\u00e1pidamente logr\u00f3 un parcial de 7-0 y gener\u00f3 el minuto local provocado por las desatenciones defensivas y la ventaja lograda por la visita. Luego del tiempo muerto (4m19) la visita nuevamente convirti\u00f3 otros dos puntos para aumentar la ventaja. El cuarto finaliz\u00f3 con ventaja de 9 unidades (termin\u00f3 20-11 a favor de la visita), cuando hab\u00eda sido m\u00e1s amplia en pasajes del parcial, llegando a 13.<\/p>\n<p>Moreyra consigui\u00f3 los primeros puntos del 2C. No solo los primeros, sino los 6 puntos consecutivos con los que se abri\u00f3 este tramo (3\/4 T2 este parcial). El local perdi\u00f3 dos pelotas en ofensiva r\u00e1pidamente en el mejor momento de la visita (Pisani), aunque con el ingreso de Marni (6), el acercamiento local que cada vez era m\u00e1s intenso. Luego del minuto visitante, Pac\u00edfico sigui\u00f3 con buena efectividad y se puso r\u00e1pido a un doble (26-28), en gran parte gracias a su perfecta efectividad en la l\u00ednea (7\/7). El local se llev\u00f3 el cuarto 25-15 y se fue al descanso arriba por la m\u00ednima. Moreyra fue el goleador del tramo con 8 (3\/4 T2 y 2\/3 TL). Los locales mejoraron en rebotes (7 defensivos), rubro que no control\u00f3 en el primero (Pueyrred\u00f3n baj\u00f3 10 defensivos).<\/p>\n<p>Como en el comienzo de la primera mitad, los puntos tardaron en llegar en el 3C hasta que Lucas Ruiz sum\u00f3 dos libres. Pacifico continu\u00f3 siendo l\u00edder del marcador y ahora en el partido, controlando sus rebotes defensivos, bajando la cantidad de perdidas y convirtiendo desde el per\u00edmetro con gran efectividad (3\/3 en este parcial). As\u00ed, sell\u00f3 un parcial de 6-0 en el comienzo y provoc\u00f3 que la visita reci\u00e9n convierta en 3m28. La diferencia (44-37) se fue incrementando\u00a0 y lleg\u00f3 a una m\u00e1xima de 13.<\/p>\n<p>En el final, Pacifico, que ganaba por m\u00e1s de 10, se qued\u00f3. Pero con los triples de Wattson y Maina logr\u00f3 cerrarlo de gran manera y quedarse con el triunfo en casa. Triples de un lado, triples del otro, Agust\u00edn Fern\u00e1ndez convirti\u00f3 11 puntos en este parcial, 9 desde esa v\u00eda; aunque Purre no logr\u00f3 controlar a Ruiz (6) en la pintura. El local domin\u00f3 durante la segunda mitad y corrigi\u00f3 en defensa para ganar de buena manera un partido que arranco con amplia desventaja desde un comienzo.<\/p>\n<p>&nbsp;<\/p>\n<p><b>S\u00edntesis<\/b> | U19 &#8211; Hexagonal Campeonato 2 &#8211; Fecha #2<\/p>\n<p><b>Pacifico 78:<\/b> Facundo Wattson 14, Manuel Maina 17, Branco Salvatori 2, Genaro Pisani 10, Lucas Ruiz 20 (Fi); Juan Cruz Marini 12, Jes\u00fas Ruiz 0, Tom\u00e1s Burastero 3. DT: Pablo Kooistra.<\/p>\n<p><b>Pueyrredon 72:<\/b>\u00a0Nahuel Altamirano 6, Juli\u00e1n Carminatti 21, Luciano\u00a0Orellano 0, Agust\u00edn\u00a0Fern\u00e1ndez 20, Facundo\u00a0Moreyra 16, (Fi); Ezequiel Pordomigo 7, Benjam\u00edn Pina 2 y Juan Ignacio Sajtroch 0. DT: Andr\u00e1s Iannamico.<\/p>\n<p><b>Parciales: <\/b>11-20, 36-35 (25-15), 55-44 (19-9) y 78-72 (23-28).<\/p>\n<p><b>\u00c1rbitros: <\/b>Juan Ignacio\u00a0Farroni &#8211; Mauro Guallan.<b><\/b><\/p>\n<p><b>Estadio:<\/b> William Harding Green (Pacifico).<\/p>\n<p>&nbsp;<\/p>\n<h6 style=\"text-align: center;\">PAC\u00cdFICO U19<\/h6>\n<p><a href=\"http:\/\/www.gentedebasquet.com.ar\/wp-content\/uploads\/2015\/10\/Pac\u00edfico-U19.jpg\"><img decoding=\"async\" class=\"aligncenter size-full wp-image-51986\" alt=\"Pac\u00edfico U19\" src=\"http:\/\/www.gentedebasquet.com.ar\/wp-content\/uploads\/2015\/10\/Pac\u00edfico-U19.jpg\" width=\"640\" height=\"480\" \/><\/a><\/p>\n<p>&nbsp;<\/p>\n<h6 style=\"text-align: center;\">PUEYRRED\u00d3N U19<\/h6>\n<p><a href=\"http:\/\/www.gentedebasquet.com.ar\/wp-content\/uploads\/2015\/10\/Pueyrred\u00f3n-U19.jpg\"><img decoding=\"async\" class=\"aligncenter size-full wp-image-51987\" alt=\"Pueyrred\u00f3n U19\" src=\"http:\/\/www.gentedebasquet.com.ar\/wp-content\/uploads\/2015\/10\/Pueyrred\u00f3n-U19.jpg\" width=\"640\" height=\"480\" \/><\/a><\/p>\n","protected":false},"excerpt":{"rendered":"<p>En Juveniles, derrot\u00f3 a Pueyrred\u00f3n con una gran segunda mitad por 78 a 72<\/p>\n","protected":false},"author":1,"featured_media":51985,"comment_status":"closed","ping_status":"open","sticky":false,"template":"","format":"standard","meta":{"jnews-multi-image_gallery":[],"jnews_single_post":[],"jnews_primary_category":[],"footnotes":""},"categories":[101,26],"tags":[17,18],"class_list":["post-51992","post","type-post","status-publish","format-standard","has-post-thumbnail","hentry","category-slide","category-u19","tag-pacifico","tag-pueyrredon"],"yoast_head":"<!-- This site is optimized with the Yoast SEO plugin v27.5 - https:\/\/yoast.com\/product\/yoast-seo-wordpress\/ -->\n<title>Triunfo Pac\u00edfico para el Verde - Gente de B\u00e1squet<\/title>\n<meta name=\"robots\" content=\"index, follow, max-snippet:-1, max-image-preview:large, max-video-preview:-1\" \/>\n<link rel=\"canonical\" href=\"https:\/\/gentedebasquet.com.ar\/sitio\/2015\/10\/03\/triunfo-pacifico-para-el-verde\/\" \/>\n<meta property=\"og:locale\" content=\"es_ES\" \/>\n<meta property=\"og:type\" content=\"article\" \/>\n<meta property=\"og:title\" content=\"Triunfo Pac\u00edfico para el Verde - Gente de B\u00e1squet\" \/>\n<meta property=\"og:description\" content=\"En Juveniles, derrot\u00f3 a Pueyrred\u00f3n con una gran segunda mitad por 78 a 72\" \/>\n<meta property=\"og:url\" content=\"https:\/\/gentedebasquet.com.ar\/sitio\/2015\/10\/03\/triunfo-pacifico-para-el-verde\/\" \/>\n<meta property=\"og:site_name\" content=\"Gente de B\u00e1squet\" \/>\n<meta property=\"article:published_time\" content=\"2015-10-03T23:55:40+00:00\" \/>\n<meta property=\"og:image\" content=\"https:\/\/gentedebasquet.com.ar\/sitio\/wp-content\/uploads\/2015\/10\/Pacifico-Pueyrredon-U19.jpg\" \/>\n\t<meta property=\"og:image:width\" content=\"690\" \/>\n\t<meta property=\"og:image:height\" content=\"319\" \/>\n\t<meta property=\"og:image:type\" content=\"image\/jpeg\" \/>\n<meta name=\"author\" content=\"Gente de B\u00e1squet\" \/>\n<meta name=\"twitter:card\" content=\"summary_large_image\" \/>\n<meta name=\"twitter:label1\" content=\"Escrito por\" \/>\n\t<meta name=\"twitter:data1\" content=\"Gente de B\u00e1squet\" \/>\n\t<meta name=\"twitter:label2\" content=\"Tiempo de lectura\" \/>\n\t<meta name=\"twitter:data2\" content=\"3 minutos\" \/>\n<script type=\"application\/ld+json\" class=\"yoast-schema-graph\">{\"@context\":\"https:\\\/\\\/schema.org\",\"@graph\":[{\"@type\":\"Article\",\"@id\":\"https:\\\/\\\/gentedebasquet.com.ar\\\/sitio\\\/2015\\\/10\\\/03\\\/triunfo-pacifico-para-el-verde\\\/#article\",\"isPartOf\":{\"@id\":\"https:\\\/\\\/gentedebasquet.com.ar\\\/sitio\\\/2015\\\/10\\\/03\\\/triunfo-pacifico-para-el-verde\\\/\"},\"author\":{\"name\":\"Gente de B\u00e1squet\",\"@id\":\"https:\\\/\\\/gentedebasquet.com.ar\\\/sitio\\\/#\\\/schema\\\/person\\\/ca0b63bbb977369988a7bbbdc519943a\"},\"headline\":\"Triunfo Pac\u00edfico para el Verde\",\"datePublished\":\"2015-10-03T23:55:40+00:00\",\"mainEntityOfPage\":{\"@id\":\"https:\\\/\\\/gentedebasquet.com.ar\\\/sitio\\\/2015\\\/10\\\/03\\\/triunfo-pacifico-para-el-verde\\\/\"},\"wordCount\":585,\"image\":{\"@id\":\"https:\\\/\\\/gentedebasquet.com.ar\\\/sitio\\\/2015\\\/10\\\/03\\\/triunfo-pacifico-para-el-verde\\\/#primaryimage\"},\"thumbnailUrl\":\"https:\\\/\\\/gentedebasquet.com.ar\\\/sitio\\\/wp-content\\\/uploads\\\/2015\\\/10\\\/Pacifico-Pueyrredon-U19.jpg\",\"keywords\":[\"Pacifico\",\"Pueyrredon\"],\"articleSection\":[\"Slide\",\"U19\"],\"inLanguage\":\"es\"},{\"@type\":\"WebPage\",\"@id\":\"https:\\\/\\\/gentedebasquet.com.ar\\\/sitio\\\/2015\\\/10\\\/03\\\/triunfo-pacifico-para-el-verde\\\/\",\"url\":\"https:\\\/\\\/gentedebasquet.com.ar\\\/sitio\\\/2015\\\/10\\\/03\\\/triunfo-pacifico-para-el-verde\\\/\",\"name\":\"Triunfo Pac\u00edfico para el Verde - Gente de B\u00e1squet\",\"isPartOf\":{\"@id\":\"https:\\\/\\\/gentedebasquet.com.ar\\\/sitio\\\/#website\"},\"primaryImageOfPage\":{\"@id\":\"https:\\\/\\\/gentedebasquet.com.ar\\\/sitio\\\/2015\\\/10\\\/03\\\/triunfo-pacifico-para-el-verde\\\/#primaryimage\"},\"image\":{\"@id\":\"https:\\\/\\\/gentedebasquet.com.ar\\\/sitio\\\/2015\\\/10\\\/03\\\/triunfo-pacifico-para-el-verde\\\/#primaryimage\"},\"thumbnailUrl\":\"https:\\\/\\\/gentedebasquet.com.ar\\\/sitio\\\/wp-content\\\/uploads\\\/2015\\\/10\\\/Pacifico-Pueyrredon-U19.jpg\",\"datePublished\":\"2015-10-03T23:55:40+00:00\",\"author\":{\"@id\":\"https:\\\/\\\/gentedebasquet.com.ar\\\/sitio\\\/#\\\/schema\\\/person\\\/ca0b63bbb977369988a7bbbdc519943a\"},\"breadcrumb\":{\"@id\":\"https:\\\/\\\/gentedebasquet.com.ar\\\/sitio\\\/2015\\\/10\\\/03\\\/triunfo-pacifico-para-el-verde\\\/#breadcrumb\"},\"inLanguage\":\"es\",\"potentialAction\":[{\"@type\":\"ReadAction\",\"target\":[\"https:\\\/\\\/gentedebasquet.com.ar\\\/sitio\\\/2015\\\/10\\\/03\\\/triunfo-pacifico-para-el-verde\\\/\"]}]},{\"@type\":\"ImageObject\",\"inLanguage\":\"es\",\"@id\":\"https:\\\/\\\/gentedebasquet.com.ar\\\/sitio\\\/2015\\\/10\\\/03\\\/triunfo-pacifico-para-el-verde\\\/#primaryimage\",\"url\":\"https:\\\/\\\/gentedebasquet.com.ar\\\/sitio\\\/wp-content\\\/uploads\\\/2015\\\/10\\\/Pacifico-Pueyrredon-U19.jpg\",\"contentUrl\":\"https:\\\/\\\/gentedebasquet.com.ar\\\/sitio\\\/wp-content\\\/uploads\\\/2015\\\/10\\\/Pacifico-Pueyrredon-U19.jpg\",\"width\":690,\"height\":319},{\"@type\":\"BreadcrumbList\",\"@id\":\"https:\\\/\\\/gentedebasquet.com.ar\\\/sitio\\\/2015\\\/10\\\/03\\\/triunfo-pacifico-para-el-verde\\\/#breadcrumb\",\"itemListElement\":[{\"@type\":\"ListItem\",\"position\":1,\"name\":\"Portada\",\"item\":\"https:\\\/\\\/gentedebasquet.com.ar\\\/sitio\\\/\"},{\"@type\":\"ListItem\",\"position\":2,\"name\":\"Triunfo Pac\u00edfico para el Verde\"}]},{\"@type\":\"WebSite\",\"@id\":\"https:\\\/\\\/gentedebasquet.com.ar\\\/sitio\\\/#website\",\"url\":\"https:\\\/\\\/gentedebasquet.com.ar\\\/sitio\\\/\",\"name\":\"Gente de B\u00e1squet\",\"description\":\"La revista del basquet de Bah\u00eda Blanca\",\"potentialAction\":[{\"@type\":\"SearchAction\",\"target\":{\"@type\":\"EntryPoint\",\"urlTemplate\":\"https:\\\/\\\/gentedebasquet.com.ar\\\/sitio\\\/?s={search_term_string}\"},\"query-input\":{\"@type\":\"PropertyValueSpecification\",\"valueRequired\":true,\"valueName\":\"search_term_string\"}}],\"inLanguage\":\"es\"},{\"@type\":\"Person\",\"@id\":\"https:\\\/\\\/gentedebasquet.com.ar\\\/sitio\\\/#\\\/schema\\\/person\\\/ca0b63bbb977369988a7bbbdc519943a\",\"name\":\"Gente de B\u00e1squet\",\"image\":{\"@type\":\"ImageObject\",\"inLanguage\":\"es\",\"@id\":\"https:\\\/\\\/secure.gravatar.com\\\/avatar\\\/7f2c48bdc33b30088f941fb6082e555f2874c98e20cb159d7b92b50eadfce793?s=96&d=mm&r=g\",\"url\":\"https:\\\/\\\/secure.gravatar.com\\\/avatar\\\/7f2c48bdc33b30088f941fb6082e555f2874c98e20cb159d7b92b50eadfce793?s=96&d=mm&r=g\",\"contentUrl\":\"https:\\\/\\\/secure.gravatar.com\\\/avatar\\\/7f2c48bdc33b30088f941fb6082e555f2874c98e20cb159d7b92b50eadfce793?s=96&d=mm&r=g\",\"caption\":\"Gente de B\u00e1squet\"},\"sameAs\":[\"http:\\\/\\\/gentedebasquet.com.ar\\\/sitio\"],\"url\":\"https:\\\/\\\/gentedebasquet.com.ar\\\/sitio\\\/author\\\/ulises\\\/\"}]}<\/script>\n<!-- \/ Yoast SEO plugin. -->","yoast_head_json":{"title":"Triunfo Pac\u00edfico para el Verde - Gente de B\u00e1squet","robots":{"index":"index","follow":"follow","max-snippet":"max-snippet:-1","max-image-preview":"max-image-preview:large","max-video-preview":"max-video-preview:-1"},"canonical":"https:\/\/gentedebasquet.com.ar\/sitio\/2015\/10\/03\/triunfo-pacifico-para-el-verde\/","og_locale":"es_ES","og_type":"article","og_title":"Triunfo Pac\u00edfico para el Verde - Gente de B\u00e1squet","og_description":"En Juveniles, derrot\u00f3 a Pueyrred\u00f3n con una gran segunda mitad por 78 a 72","og_url":"https:\/\/gentedebasquet.com.ar\/sitio\/2015\/10\/03\/triunfo-pacifico-para-el-verde\/","og_site_name":"Gente de B\u00e1squet","article_published_time":"2015-10-03T23:55:40+00:00","og_image":[{"width":690,"height":319,"url":"https:\/\/gentedebasquet.com.ar\/sitio\/wp-content\/uploads\/2015\/10\/Pacifico-Pueyrredon-U19.jpg","type":"image\/jpeg"}],"author":"Gente de B\u00e1squet","twitter_card":"summary_large_image","twitter_misc":{"Escrito por":"Gente de B\u00e1squet","Tiempo de lectura":"3 minutos"},"schema":{"@context":"https:\/\/schema.org","@graph":[{"@type":"Article","@id":"https:\/\/gentedebasquet.com.ar\/sitio\/2015\/10\/03\/triunfo-pacifico-para-el-verde\/#article","isPartOf":{"@id":"https:\/\/gentedebasquet.com.ar\/sitio\/2015\/10\/03\/triunfo-pacifico-para-el-verde\/"},"author":{"name":"Gente de B\u00e1squet","@id":"https:\/\/gentedebasquet.com.ar\/sitio\/#\/schema\/person\/ca0b63bbb977369988a7bbbdc519943a"},"headline":"Triunfo Pac\u00edfico para el Verde","datePublished":"2015-10-03T23:55:40+00:00","mainEntityOfPage":{"@id":"https:\/\/gentedebasquet.com.ar\/sitio\/2015\/10\/03\/triunfo-pacifico-para-el-verde\/"},"wordCount":585,"image":{"@id":"https:\/\/gentedebasquet.com.ar\/sitio\/2015\/10\/03\/triunfo-pacifico-para-el-verde\/#primaryimage"},"thumbnailUrl":"https:\/\/gentedebasquet.com.ar\/sitio\/wp-content\/uploads\/2015\/10\/Pacifico-Pueyrredon-U19.jpg","keywords":["Pacifico","Pueyrredon"],"articleSection":["Slide","U19"],"inLanguage":"es"},{"@type":"WebPage","@id":"https:\/\/gentedebasquet.com.ar\/sitio\/2015\/10\/03\/triunfo-pacifico-para-el-verde\/","url":"https:\/\/gentedebasquet.com.ar\/sitio\/2015\/10\/03\/triunfo-pacifico-para-el-verde\/","name":"Triunfo Pac\u00edfico para el Verde - Gente de B\u00e1squet","isPartOf":{"@id":"https:\/\/gentedebasquet.com.ar\/sitio\/#website"},"primaryImageOfPage":{"@id":"https:\/\/gentedebasquet.com.ar\/sitio\/2015\/10\/03\/triunfo-pacifico-para-el-verde\/#primaryimage"},"image":{"@id":"https:\/\/gentedebasquet.com.ar\/sitio\/2015\/10\/03\/triunfo-pacifico-para-el-verde\/#primaryimage"},"thumbnailUrl":"https:\/\/gentedebasquet.com.ar\/sitio\/wp-content\/uploads\/2015\/10\/Pacifico-Pueyrredon-U19.jpg","datePublished":"2015-10-03T23:55:40+00:00","author":{"@id":"https:\/\/gentedebasquet.com.ar\/sitio\/#\/schema\/person\/ca0b63bbb977369988a7bbbdc519943a"},"breadcrumb":{"@id":"https:\/\/gentedebasquet.com.ar\/sitio\/2015\/10\/03\/triunfo-pacifico-para-el-verde\/#breadcrumb"},"inLanguage":"es","potentialAction":[{"@type":"ReadAction","target":["https:\/\/gentedebasquet.com.ar\/sitio\/2015\/10\/03\/triunfo-pacifico-para-el-verde\/"]}]},{"@type":"ImageObject","inLanguage":"es","@id":"https:\/\/gentedebasquet.com.ar\/sitio\/2015\/10\/03\/triunfo-pacifico-para-el-verde\/#primaryimage","url":"https:\/\/gentedebasquet.com.ar\/sitio\/wp-content\/uploads\/2015\/10\/Pacifico-Pueyrredon-U19.jpg","contentUrl":"https:\/\/gentedebasquet.com.ar\/sitio\/wp-content\/uploads\/2015\/10\/Pacifico-Pueyrredon-U19.jpg","width":690,"height":319},{"@type":"BreadcrumbList","@id":"https:\/\/gentedebasquet.com.ar\/sitio\/2015\/10\/03\/triunfo-pacifico-para-el-verde\/#breadcrumb","itemListElement":[{"@type":"ListItem","position":1,"name":"Portada","item":"https:\/\/gentedebasquet.com.ar\/sitio\/"},{"@type":"ListItem","position":2,"name":"Triunfo Pac\u00edfico para el Verde"}]},{"@type":"WebSite","@id":"https:\/\/gentedebasquet.com.ar\/sitio\/#website","url":"https:\/\/gentedebasquet.com.ar\/sitio\/","name":"Gente de B\u00e1squet","description":"La revista del basquet de Bah\u00eda Blanca","potentialAction":[{"@type":"SearchAction","target":{"@type":"EntryPoint","urlTemplate":"https:\/\/gentedebasquet.com.ar\/sitio\/?s={search_term_string}"},"query-input":{"@type":"PropertyValueSpecification","valueRequired":true,"valueName":"search_term_string"}}],"inLanguage":"es"},{"@type":"Person","@id":"https:\/\/gentedebasquet.com.ar\/sitio\/#\/schema\/person\/ca0b63bbb977369988a7bbbdc519943a","name":"Gente de B\u00e1squet","image":{"@type":"ImageObject","inLanguage":"es","@id":"https:\/\/secure.gravatar.com\/avatar\/7f2c48bdc33b30088f941fb6082e555f2874c98e20cb159d7b92b50eadfce793?s=96&d=mm&r=g","url":"https:\/\/secure.gravatar.com\/avatar\/7f2c48bdc33b30088f941fb6082e555f2874c98e20cb159d7b92b50eadfce793?s=96&d=mm&r=g","contentUrl":"https:\/\/secure.gravatar.com\/avatar\/7f2c48bdc33b30088f941fb6082e555f2874c98e20cb159d7b92b50eadfce793?s=96&d=mm&r=g","caption":"Gente de B\u00e1squet"},"sameAs":["http:\/\/gentedebasquet.com.ar\/sitio"],"url":"https:\/\/gentedebasquet.com.ar\/sitio\/author\/ulises\/"}]}},"_links":{"self":[{"href":"https:\/\/gentedebasquet.com.ar\/sitio\/wp-json\/wp\/v2\/posts\/51992","targetHints":{"allow":["GET"]}}],"collection":[{"href":"https:\/\/gentedebasquet.com.ar\/sitio\/wp-json\/wp\/v2\/posts"}],"about":[{"href":"https:\/\/gentedebasquet.com.ar\/sitio\/wp-json\/wp\/v2\/types\/post"}],"author":[{"embeddable":true,"href":"https:\/\/gentedebasquet.com.ar\/sitio\/wp-json\/wp\/v2\/users\/1"}],"replies":[{"embeddable":true,"href":"https:\/\/gentedebasquet.com.ar\/sitio\/wp-json\/wp\/v2\/comments?post=51992"}],"version-history":[{"count":0,"href":"https:\/\/gentedebasquet.com.ar\/sitio\/wp-json\/wp\/v2\/posts\/51992\/revisions"}],"wp:featuredmedia":[{"embeddable":true,"href":"https:\/\/gentedebasquet.com.ar\/sitio\/wp-json\/wp\/v2\/media\/51985"}],"wp:attachment":[{"href":"https:\/\/gentedebasquet.com.ar\/sitio\/wp-json\/wp\/v2\/media?parent=51992"}],"wp:term":[{"taxonomy":"category","embeddable":true,"href":"https:\/\/gentedebasquet.com.ar\/sitio\/wp-json\/wp\/v2\/categories?post=51992"},{"taxonomy":"post_tag","embeddable":true,"href":"https:\/\/gentedebasquet.com.ar\/sitio\/wp-json\/wp\/v2\/tags?post=51992"}],"curies":[{"name":"wp","href":"https:\/\/api.w.org\/{rel}","templated":true}]}}