{"id":52188,"date":"2015-10-06T23:00:37","date_gmt":"2015-10-07T02:00:37","guid":{"rendered":"http:\/\/www.gentedebasquet.com.ar\/?p=52188"},"modified":"2015-10-06T23:00:37","modified_gmt":"2015-10-07T02:00:37","slug":"sportivo-lo-dejo-en-cuarentena","status":"publish","type":"post","link":"https:\/\/gentedebasquet.com.ar\/sitio\/2015\/10\/06\/sportivo-lo-dejo-en-cuarentena\/","title":{"rendered":"Sportivo lo dej\u00f3 en \u00abcuarentena\u00bb"},"content":{"rendered":"<p><b>Sportivo Bahiense venci\u00f3 109-69 a Comercial en el puerto, sac\u00e1ndole una ventaja de 40 puntos que se desprende de cualquier an\u00e1lisis. El partido fue tal hasta la mitad del primer cuarto, cuando la visita, con un parcial de 12-1, se despeg\u00f3 en el tanteador De all\u00ed en m\u00e1s, los dirigidos por Fernandoe \u00c1lvarez, a pura bomba (12-22 en T3) y con Joqu\u00edn Tuero imparable, quien convirti\u00f3 24 tantos (4\/6 T3 y 6\/9 T2), terminaron vapuleando a un equipo local que no encontr\u00f3 la forma de acortar la diferencia. Pablo Pollio fue el destacado de los de Ipucha, con 12 unidades.<\/b><\/p>\n<p>El partido comenz\u00f3 parejo por los puntos negativos de ambos equipos. Comercial dej\u00f3 escapar en varias oportunidades el bal\u00f3n y Sportivo no era efectivo en los lanzamientos. Sin embargo, sobre el cierre del cuarto, con Joaqu\u00edn Tuero a la cabeza, encestando un triple y un doble, el conjunto de Fernando \u00c1lvarez se adjudic\u00f3 de un parcial de 12-2 que le permiti\u00f3 cerrar el segmento con 11 unidades de ventaja: 20-31.<\/p>\n<p>En el segundo cuarto Sportivo bombarde\u00f3 a Comercial. Tuero encest\u00f3 dos triples, mientras que Gentili, Villoldo e Iriarte efectivizaron uno mas cada uno. Asimismo, el ex jugador de Quimsa cristaliz\u00f3 3\/3 en dobles sumando 12 puntos en el cuarto y liderando al tricolor. Comercial pareci\u00f3 sentir el impacto, ya que no fue fino en sus lanzamientos y baj\u00f3 el goleo, dejando escapar al rival llegando al descanso largo: 34-59.<\/p>\n<p>Sportivo estaba \u00abon fire\u00bb y el tercer cuarto no fue la excepci\u00f3n. Nuevamente Tuero y Gendana efectivizaron un triple cada uno. Asimismo, desde el banco llegaba Juli\u00e1n Gutt quien, asistido por Octavio Cancellarich (4 pases gol), encest\u00f3 2\/2 T3, 1\/1 T2 y 1\/1 TL, sumando 9 puntos a su cuenta personal y estirando a\u00fan mas la ventaja obtenida por el equipo visitante: (54-85), que se encaminaba a su segunda victoria en fila.<\/p>\n<p>En los diez minutos finales, Spotivo continu\u00f3 sumando puntos a la cuenta, llegando a quebrar el 100 y dejando a Comercial 40 puntos atr\u00e1s. De esta forma, el tricolor consigui\u00f3 una victoria que le inspira confianza de cara al la recta fina del Oficial de Segunda, que lo tiene como uno de los principales animadores. Comercial deber\u00e1 corregir varios errores de cara al duro choque frente a Argentino.<\/p>\n<p>&nbsp;<\/p>\n<p>[vimeo]http:\/\/vimeo.com\/141617771[\/vimeo]<\/p>\n<p>&nbsp;<\/p>\n<p><b style=\"line-height: 1.5em;\">S\u00edntesis<\/b><span style=\"line-height: 1.5em;\"> | Segunda Divisi\u00f3n &#8211; Oficial &#8211; Fecha #12<\/span><\/p>\n<p><b style=\"line-height: 1.5em;\">Comercial 69<\/b><span style=\"line-height: 1.5em;\">: Am\u00edlcar Andreanelli 8; Ignacio \u00c9rcoli 10; Gast\u00f3n Chaves 8; Silvio Brunetti 4; Pablo Pollio 12 (FI); Dami\u00e1n Ferreira 3; Ramiro Riviere 0; Dalmiro Lella 10; Mart\u00edn Godoy 6; Emiliano Cornachoni 0; Ignacio Luppino 5 y Mat\u00edas Capelli 3. DT: Mart\u00edn Ipucha.<\/span><\/p>\n<p><b style=\"line-height: 1.5em;\">Sportivo Bahiense 109<\/b><span style=\"line-height: 1.5em;\">: Gustavo Gentili 9;\u00a0Joaqu\u00edn Tuero 24; Fabi\u00e1n Gendana 6; Nicol\u00e1s Mart\u00ednez 8; Mart\u00edn Villoldo 11 (FI); Octavio Cancellarich 2; Juli\u00e1n Gutt 11; Lucas Santarelli 8; Juan Manuel Ponce 10; Mart\u00edn Quevedo 7; Lucas Durand 2 y Ferm\u00edn Iriarte 11. DT: Fernando \u00c1lvarez.<\/span><\/p>\n<p><b style=\"line-height: 1.5em;\">Parciales<\/b><span style=\"line-height: 1.5em;\">: 20-31; 34-59 (14-28); 54-85 (20-26) y 69-109 (15-24).<\/span><\/p>\n<p><b style=\"line-height: 1.5em;\">\u00c1rbitros<\/b><span style=\"line-height: 1.5em;\">: Sebasti\u00e1n Giannino &#8211; Marjorie Stuardo.<\/span><\/p>\n<p><b style=\"line-height: 1.5em;\">Estadio<\/b><span style=\"line-height: 1.5em;\">: Osvaldo Giorgetti (Comercial).<\/span><\/p>\n<p><a class=\"modalf iframe\" title=\"Planilla\" href=\"https:\/\/docs.google.com\/spreadsheets\/d\/1K6rTqeiJw8AcrFT9GZkhH3A2x75CwR7k2MuemhWLEi4\/pubhtml\" target=\"_blank\" rel=\"noopener\">Ver Planilla<\/a><\/p>\n<p>&nbsp;<\/p>\n<p>[vimeo]http:\/\/vimeo.com\/141617161[\/vimeo]<\/p>\n","protected":false},"excerpt":{"rendered":"<p>El tricolor desnud\u00f3 las falencias de Comercial al vencerlo en White por 109 a 69<\/p>\n","protected":false},"author":1,"featured_media":52225,"comment_status":"closed","ping_status":"open","sticky":false,"template":"","format":"standard","meta":{"jnews-multi-image_gallery":[],"jnews_single_post":[],"jnews_primary_category":[],"footnotes":""},"categories":[25,101],"tags":[7,151,1019,582,688,609,583],"class_list":["post-52188","post","type-post","status-publish","format-standard","has-post-thumbnail","hentry","category-segunda","category-slide","tag-comercial","tag-dalmiro-lella","tag-fermin-iriarte","tag-joaquin-tuero","tag-martin-villoldo","tag-pablo-pollio","tag-sportivo"],"yoast_head":"<!-- This site is optimized with the Yoast SEO plugin v27.5 - https:\/\/yoast.com\/product\/yoast-seo-wordpress\/ -->\n<title>Sportivo lo dej\u00f3 en &quot;cuarentena&quot; - Gente de B\u00e1squet<\/title>\n<meta name=\"robots\" content=\"index, follow, max-snippet:-1, max-image-preview:large, max-video-preview:-1\" \/>\n<link rel=\"canonical\" href=\"https:\/\/gentedebasquet.com.ar\/sitio\/2015\/10\/06\/sportivo-lo-dejo-en-cuarentena\/\" \/>\n<meta property=\"og:locale\" content=\"es_ES\" \/>\n<meta property=\"og:type\" content=\"article\" \/>\n<meta property=\"og:title\" content=\"Sportivo lo dej\u00f3 en &quot;cuarentena&quot; - Gente de B\u00e1squet\" \/>\n<meta property=\"og:description\" content=\"El tricolor desnud\u00f3 las falencias de Comercial al vencerlo en White por 109 a 69\" \/>\n<meta property=\"og:url\" content=\"https:\/\/gentedebasquet.com.ar\/sitio\/2015\/10\/06\/sportivo-lo-dejo-en-cuarentena\/\" \/>\n<meta property=\"og:site_name\" content=\"Gente de B\u00e1squet\" \/>\n<meta property=\"article:published_time\" content=\"2015-10-07T02:00:37+00:00\" \/>\n<meta property=\"og:image\" content=\"https:\/\/gentedebasquet.com.ar\/sitio\/wp-content\/uploads\/2015\/10\/Comercial-Sportivo.jpg\" \/>\n\t<meta property=\"og:image:width\" content=\"690\" \/>\n\t<meta property=\"og:image:height\" content=\"319\" \/>\n\t<meta property=\"og:image:type\" content=\"image\/jpeg\" \/>\n<meta name=\"author\" content=\"Gente de B\u00e1squet\" \/>\n<meta name=\"twitter:card\" content=\"summary_large_image\" \/>\n<meta name=\"twitter:label1\" content=\"Escrito por\" \/>\n\t<meta name=\"twitter:data1\" content=\"Gente de B\u00e1squet\" \/>\n\t<meta name=\"twitter:label2\" content=\"Tiempo de lectura\" \/>\n\t<meta name=\"twitter:data2\" content=\"2 minutos\" \/>\n<script type=\"application\/ld+json\" class=\"yoast-schema-graph\">{\"@context\":\"https:\\\/\\\/schema.org\",\"@graph\":[{\"@type\":\"Article\",\"@id\":\"https:\\\/\\\/gentedebasquet.com.ar\\\/sitio\\\/2015\\\/10\\\/06\\\/sportivo-lo-dejo-en-cuarentena\\\/#article\",\"isPartOf\":{\"@id\":\"https:\\\/\\\/gentedebasquet.com.ar\\\/sitio\\\/2015\\\/10\\\/06\\\/sportivo-lo-dejo-en-cuarentena\\\/\"},\"author\":{\"name\":\"Gente de B\u00e1squet\",\"@id\":\"https:\\\/\\\/gentedebasquet.com.ar\\\/sitio\\\/#\\\/schema\\\/person\\\/ca0b63bbb977369988a7bbbdc519943a\"},\"headline\":\"Sportivo lo dej\u00f3 en \u00abcuarentena\u00bb\",\"datePublished\":\"2015-10-07T02:00:37+00:00\",\"mainEntityOfPage\":{\"@id\":\"https:\\\/\\\/gentedebasquet.com.ar\\\/sitio\\\/2015\\\/10\\\/06\\\/sportivo-lo-dejo-en-cuarentena\\\/\"},\"wordCount\":499,\"image\":{\"@id\":\"https:\\\/\\\/gentedebasquet.com.ar\\\/sitio\\\/2015\\\/10\\\/06\\\/sportivo-lo-dejo-en-cuarentena\\\/#primaryimage\"},\"thumbnailUrl\":\"https:\\\/\\\/gentedebasquet.com.ar\\\/sitio\\\/wp-content\\\/uploads\\\/2015\\\/10\\\/Comercial-Sportivo.jpg\",\"keywords\":[\"Comercial\",\"Dalmiro Lella\",\"Ferm\u00edn Iriarte\",\"Joaquin Tuero\",\"Mart\u00edn Villoldo\",\"Pablo Pollio\",\"Sportivo\"],\"articleSection\":[\"Segunda\",\"Slide\"],\"inLanguage\":\"es\"},{\"@type\":\"WebPage\",\"@id\":\"https:\\\/\\\/gentedebasquet.com.ar\\\/sitio\\\/2015\\\/10\\\/06\\\/sportivo-lo-dejo-en-cuarentena\\\/\",\"url\":\"https:\\\/\\\/gentedebasquet.com.ar\\\/sitio\\\/2015\\\/10\\\/06\\\/sportivo-lo-dejo-en-cuarentena\\\/\",\"name\":\"Sportivo lo dej\u00f3 en \\\"cuarentena\\\" - Gente de B\u00e1squet\",\"isPartOf\":{\"@id\":\"https:\\\/\\\/gentedebasquet.com.ar\\\/sitio\\\/#website\"},\"primaryImageOfPage\":{\"@id\":\"https:\\\/\\\/gentedebasquet.com.ar\\\/sitio\\\/2015\\\/10\\\/06\\\/sportivo-lo-dejo-en-cuarentena\\\/#primaryimage\"},\"image\":{\"@id\":\"https:\\\/\\\/gentedebasquet.com.ar\\\/sitio\\\/2015\\\/10\\\/06\\\/sportivo-lo-dejo-en-cuarentena\\\/#primaryimage\"},\"thumbnailUrl\":\"https:\\\/\\\/gentedebasquet.com.ar\\\/sitio\\\/wp-content\\\/uploads\\\/2015\\\/10\\\/Comercial-Sportivo.jpg\",\"datePublished\":\"2015-10-07T02:00:37+00:00\",\"author\":{\"@id\":\"https:\\\/\\\/gentedebasquet.com.ar\\\/sitio\\\/#\\\/schema\\\/person\\\/ca0b63bbb977369988a7bbbdc519943a\"},\"breadcrumb\":{\"@id\":\"https:\\\/\\\/gentedebasquet.com.ar\\\/sitio\\\/2015\\\/10\\\/06\\\/sportivo-lo-dejo-en-cuarentena\\\/#breadcrumb\"},\"inLanguage\":\"es\",\"potentialAction\":[{\"@type\":\"ReadAction\",\"target\":[\"https:\\\/\\\/gentedebasquet.com.ar\\\/sitio\\\/2015\\\/10\\\/06\\\/sportivo-lo-dejo-en-cuarentena\\\/\"]}]},{\"@type\":\"ImageObject\",\"inLanguage\":\"es\",\"@id\":\"https:\\\/\\\/gentedebasquet.com.ar\\\/sitio\\\/2015\\\/10\\\/06\\\/sportivo-lo-dejo-en-cuarentena\\\/#primaryimage\",\"url\":\"https:\\\/\\\/gentedebasquet.com.ar\\\/sitio\\\/wp-content\\\/uploads\\\/2015\\\/10\\\/Comercial-Sportivo.jpg\",\"contentUrl\":\"https:\\\/\\\/gentedebasquet.com.ar\\\/sitio\\\/wp-content\\\/uploads\\\/2015\\\/10\\\/Comercial-Sportivo.jpg\",\"width\":690,\"height\":319},{\"@type\":\"BreadcrumbList\",\"@id\":\"https:\\\/\\\/gentedebasquet.com.ar\\\/sitio\\\/2015\\\/10\\\/06\\\/sportivo-lo-dejo-en-cuarentena\\\/#breadcrumb\",\"itemListElement\":[{\"@type\":\"ListItem\",\"position\":1,\"name\":\"Portada\",\"item\":\"https:\\\/\\\/gentedebasquet.com.ar\\\/sitio\\\/\"},{\"@type\":\"ListItem\",\"position\":2,\"name\":\"Sportivo lo dej\u00f3 en \u00abcuarentena\u00bb\"}]},{\"@type\":\"WebSite\",\"@id\":\"https:\\\/\\\/gentedebasquet.com.ar\\\/sitio\\\/#website\",\"url\":\"https:\\\/\\\/gentedebasquet.com.ar\\\/sitio\\\/\",\"name\":\"Gente de B\u00e1squet\",\"description\":\"La revista del basquet de Bah\u00eda Blanca\",\"potentialAction\":[{\"@type\":\"SearchAction\",\"target\":{\"@type\":\"EntryPoint\",\"urlTemplate\":\"https:\\\/\\\/gentedebasquet.com.ar\\\/sitio\\\/?s={search_term_string}\"},\"query-input\":{\"@type\":\"PropertyValueSpecification\",\"valueRequired\":true,\"valueName\":\"search_term_string\"}}],\"inLanguage\":\"es\"},{\"@type\":\"Person\",\"@id\":\"https:\\\/\\\/gentedebasquet.com.ar\\\/sitio\\\/#\\\/schema\\\/person\\\/ca0b63bbb977369988a7bbbdc519943a\",\"name\":\"Gente de B\u00e1squet\",\"image\":{\"@type\":\"ImageObject\",\"inLanguage\":\"es\",\"@id\":\"https:\\\/\\\/secure.gravatar.com\\\/avatar\\\/7f2c48bdc33b30088f941fb6082e555f2874c98e20cb159d7b92b50eadfce793?s=96&d=mm&r=g\",\"url\":\"https:\\\/\\\/secure.gravatar.com\\\/avatar\\\/7f2c48bdc33b30088f941fb6082e555f2874c98e20cb159d7b92b50eadfce793?s=96&d=mm&r=g\",\"contentUrl\":\"https:\\\/\\\/secure.gravatar.com\\\/avatar\\\/7f2c48bdc33b30088f941fb6082e555f2874c98e20cb159d7b92b50eadfce793?s=96&d=mm&r=g\",\"caption\":\"Gente de B\u00e1squet\"},\"sameAs\":[\"http:\\\/\\\/gentedebasquet.com.ar\\\/sitio\"],\"url\":\"https:\\\/\\\/gentedebasquet.com.ar\\\/sitio\\\/author\\\/ulises\\\/\"}]}<\/script>\n<!-- \/ Yoast SEO plugin. -->","yoast_head_json":{"title":"Sportivo lo dej\u00f3 en \"cuarentena\" - Gente de B\u00e1squet","robots":{"index":"index","follow":"follow","max-snippet":"max-snippet:-1","max-image-preview":"max-image-preview:large","max-video-preview":"max-video-preview:-1"},"canonical":"https:\/\/gentedebasquet.com.ar\/sitio\/2015\/10\/06\/sportivo-lo-dejo-en-cuarentena\/","og_locale":"es_ES","og_type":"article","og_title":"Sportivo lo dej\u00f3 en \"cuarentena\" - Gente de B\u00e1squet","og_description":"El tricolor desnud\u00f3 las falencias de Comercial al vencerlo en White por 109 a 69","og_url":"https:\/\/gentedebasquet.com.ar\/sitio\/2015\/10\/06\/sportivo-lo-dejo-en-cuarentena\/","og_site_name":"Gente de B\u00e1squet","article_published_time":"2015-10-07T02:00:37+00:00","og_image":[{"width":690,"height":319,"url":"https:\/\/gentedebasquet.com.ar\/sitio\/wp-content\/uploads\/2015\/10\/Comercial-Sportivo.jpg","type":"image\/jpeg"}],"author":"Gente de B\u00e1squet","twitter_card":"summary_large_image","twitter_misc":{"Escrito por":"Gente de B\u00e1squet","Tiempo de lectura":"2 minutos"},"schema":{"@context":"https:\/\/schema.org","@graph":[{"@type":"Article","@id":"https:\/\/gentedebasquet.com.ar\/sitio\/2015\/10\/06\/sportivo-lo-dejo-en-cuarentena\/#article","isPartOf":{"@id":"https:\/\/gentedebasquet.com.ar\/sitio\/2015\/10\/06\/sportivo-lo-dejo-en-cuarentena\/"},"author":{"name":"Gente de B\u00e1squet","@id":"https:\/\/gentedebasquet.com.ar\/sitio\/#\/schema\/person\/ca0b63bbb977369988a7bbbdc519943a"},"headline":"Sportivo lo dej\u00f3 en \u00abcuarentena\u00bb","datePublished":"2015-10-07T02:00:37+00:00","mainEntityOfPage":{"@id":"https:\/\/gentedebasquet.com.ar\/sitio\/2015\/10\/06\/sportivo-lo-dejo-en-cuarentena\/"},"wordCount":499,"image":{"@id":"https:\/\/gentedebasquet.com.ar\/sitio\/2015\/10\/06\/sportivo-lo-dejo-en-cuarentena\/#primaryimage"},"thumbnailUrl":"https:\/\/gentedebasquet.com.ar\/sitio\/wp-content\/uploads\/2015\/10\/Comercial-Sportivo.jpg","keywords":["Comercial","Dalmiro Lella","Ferm\u00edn Iriarte","Joaquin Tuero","Mart\u00edn Villoldo","Pablo Pollio","Sportivo"],"articleSection":["Segunda","Slide"],"inLanguage":"es"},{"@type":"WebPage","@id":"https:\/\/gentedebasquet.com.ar\/sitio\/2015\/10\/06\/sportivo-lo-dejo-en-cuarentena\/","url":"https:\/\/gentedebasquet.com.ar\/sitio\/2015\/10\/06\/sportivo-lo-dejo-en-cuarentena\/","name":"Sportivo lo dej\u00f3 en \"cuarentena\" - Gente de B\u00e1squet","isPartOf":{"@id":"https:\/\/gentedebasquet.com.ar\/sitio\/#website"},"primaryImageOfPage":{"@id":"https:\/\/gentedebasquet.com.ar\/sitio\/2015\/10\/06\/sportivo-lo-dejo-en-cuarentena\/#primaryimage"},"image":{"@id":"https:\/\/gentedebasquet.com.ar\/sitio\/2015\/10\/06\/sportivo-lo-dejo-en-cuarentena\/#primaryimage"},"thumbnailUrl":"https:\/\/gentedebasquet.com.ar\/sitio\/wp-content\/uploads\/2015\/10\/Comercial-Sportivo.jpg","datePublished":"2015-10-07T02:00:37+00:00","author":{"@id":"https:\/\/gentedebasquet.com.ar\/sitio\/#\/schema\/person\/ca0b63bbb977369988a7bbbdc519943a"},"breadcrumb":{"@id":"https:\/\/gentedebasquet.com.ar\/sitio\/2015\/10\/06\/sportivo-lo-dejo-en-cuarentena\/#breadcrumb"},"inLanguage":"es","potentialAction":[{"@type":"ReadAction","target":["https:\/\/gentedebasquet.com.ar\/sitio\/2015\/10\/06\/sportivo-lo-dejo-en-cuarentena\/"]}]},{"@type":"ImageObject","inLanguage":"es","@id":"https:\/\/gentedebasquet.com.ar\/sitio\/2015\/10\/06\/sportivo-lo-dejo-en-cuarentena\/#primaryimage","url":"https:\/\/gentedebasquet.com.ar\/sitio\/wp-content\/uploads\/2015\/10\/Comercial-Sportivo.jpg","contentUrl":"https:\/\/gentedebasquet.com.ar\/sitio\/wp-content\/uploads\/2015\/10\/Comercial-Sportivo.jpg","width":690,"height":319},{"@type":"BreadcrumbList","@id":"https:\/\/gentedebasquet.com.ar\/sitio\/2015\/10\/06\/sportivo-lo-dejo-en-cuarentena\/#breadcrumb","itemListElement":[{"@type":"ListItem","position":1,"name":"Portada","item":"https:\/\/gentedebasquet.com.ar\/sitio\/"},{"@type":"ListItem","position":2,"name":"Sportivo lo dej\u00f3 en \u00abcuarentena\u00bb"}]},{"@type":"WebSite","@id":"https:\/\/gentedebasquet.com.ar\/sitio\/#website","url":"https:\/\/gentedebasquet.com.ar\/sitio\/","name":"Gente de B\u00e1squet","description":"La revista del basquet de Bah\u00eda Blanca","potentialAction":[{"@type":"SearchAction","target":{"@type":"EntryPoint","urlTemplate":"https:\/\/gentedebasquet.com.ar\/sitio\/?s={search_term_string}"},"query-input":{"@type":"PropertyValueSpecification","valueRequired":true,"valueName":"search_term_string"}}],"inLanguage":"es"},{"@type":"Person","@id":"https:\/\/gentedebasquet.com.ar\/sitio\/#\/schema\/person\/ca0b63bbb977369988a7bbbdc519943a","name":"Gente de B\u00e1squet","image":{"@type":"ImageObject","inLanguage":"es","@id":"https:\/\/secure.gravatar.com\/avatar\/7f2c48bdc33b30088f941fb6082e555f2874c98e20cb159d7b92b50eadfce793?s=96&d=mm&r=g","url":"https:\/\/secure.gravatar.com\/avatar\/7f2c48bdc33b30088f941fb6082e555f2874c98e20cb159d7b92b50eadfce793?s=96&d=mm&r=g","contentUrl":"https:\/\/secure.gravatar.com\/avatar\/7f2c48bdc33b30088f941fb6082e555f2874c98e20cb159d7b92b50eadfce793?s=96&d=mm&r=g","caption":"Gente de B\u00e1squet"},"sameAs":["http:\/\/gentedebasquet.com.ar\/sitio"],"url":"https:\/\/gentedebasquet.com.ar\/sitio\/author\/ulises\/"}]}},"_links":{"self":[{"href":"https:\/\/gentedebasquet.com.ar\/sitio\/wp-json\/wp\/v2\/posts\/52188","targetHints":{"allow":["GET"]}}],"collection":[{"href":"https:\/\/gentedebasquet.com.ar\/sitio\/wp-json\/wp\/v2\/posts"}],"about":[{"href":"https:\/\/gentedebasquet.com.ar\/sitio\/wp-json\/wp\/v2\/types\/post"}],"author":[{"embeddable":true,"href":"https:\/\/gentedebasquet.com.ar\/sitio\/wp-json\/wp\/v2\/users\/1"}],"replies":[{"embeddable":true,"href":"https:\/\/gentedebasquet.com.ar\/sitio\/wp-json\/wp\/v2\/comments?post=52188"}],"version-history":[{"count":0,"href":"https:\/\/gentedebasquet.com.ar\/sitio\/wp-json\/wp\/v2\/posts\/52188\/revisions"}],"wp:featuredmedia":[{"embeddable":true,"href":"https:\/\/gentedebasquet.com.ar\/sitio\/wp-json\/wp\/v2\/media\/52225"}],"wp:attachment":[{"href":"https:\/\/gentedebasquet.com.ar\/sitio\/wp-json\/wp\/v2\/media?parent=52188"}],"wp:term":[{"taxonomy":"category","embeddable":true,"href":"https:\/\/gentedebasquet.com.ar\/sitio\/wp-json\/wp\/v2\/categories?post=52188"},{"taxonomy":"post_tag","embeddable":true,"href":"https:\/\/gentedebasquet.com.ar\/sitio\/wp-json\/wp\/v2\/tags?post=52188"}],"curies":[{"name":"wp","href":"https:\/\/api.w.org\/{rel}","templated":true}]}}