{"id":52192,"date":"2015-10-06T23:20:06","date_gmt":"2015-10-07T02:20:06","guid":{"rendered":"http:\/\/www.gentedebasquet.com.ar\/?p=52192"},"modified":"2015-10-06T23:20:06","modified_gmt":"2015-10-07T02:20:06","slug":"no-hay-mallemaci-que-por-bien-no-venga","status":"publish","type":"post","link":"https:\/\/gentedebasquet.com.ar\/sitio\/2015\/10\/06\/no-hay-mallemaci-que-por-bien-no-venga\/","title":{"rendered":"No hay \u00abMalle\u00bb que por bien no venga"},"content":{"rendered":"<p><b>Tras una semana sin actividad, Argentino volvi\u00f3 a las andanzas en Segunda y derrot\u00f3 a domicilio a Independiente por 79-75.\u00a0 El albiceleste domin\u00f3 durante tres cuartos el cotejo, pero el Viola logr\u00f3 empatarlo en el 4C mediante destacadas intervenciones de Sebasti\u00e1n Branciforte (21 puntos, 10 desde la l\u00ednea), Gustavo Banchero (19 y 10 rebotes) y Juan Cruz Reschini (13); no obstante, los dirigidos por Mario Errazu sellaron la victoria con una racha de 6-0 a 55s del pitido final.\u00a0 La visita, que no tuvo a Sebasti\u00e1n Susbielles (fascitis plantar), Tom\u00e1s Bruni y que todav\u00eda espera por Lucas Lucchetti, cont\u00f3 con una superlativa actuaci\u00f3n de Guillermo Mallemaci (20 y 13 tableros), bien acompa\u00f1ado por otros cinco jugadores: Nicol\u00e1s Antonelli (13), C\u00e9sar Massa (12), Alan Serra, Bruno Aceituno (11 cada uno) y Juan Franco Di Meglio (10).<\/b><\/p>\n<p>La ineficacia ofensiva del Viola cerca del aro (0-7 en 3m30) le permiti\u00f3 a Argentino tomar una importante ventaja temprano en el marcador (9-1) que mantuvo a lo largo del 1C (14-21) corriendo la cancha a partir de los fallos de Independiente, cargando contra el aro mediante Mallemaci (9), Aceituno (4) y Antonelli (4) y, dominando la lucha a\u00e9rea (Mallemaci y Luciano Mussini combinaron 12 rebotes en el segmento).<\/p>\n<p>Pero el local ajust\u00f3 en defensa en el 2C, por momentos doblando el bal\u00f3n y dificultando el circuito de juego de Argentino (5 p\u00e9rdidas).\u00a0 Y, con Branciforte(9) y Banchero (6) como baluartes ofensivos, el conjunto de Javier Musumeci aplic\u00f3 v\u00e9rtigo al ritmo de juego (achic\u00f3 la brecha a 27-29 a falta de 3m30) y lo hizo de transiciones r\u00e1pidas, pero as\u00ed y todo fue albiceleste la ventaja al descanso m\u00e1s largo (35-38), en parte, gracias a buenos aportes de C\u00e9sar Massa (5) y Alan Serra (6) quienes aportaron algo de la poca cuota perimetral que tuvo el encuentro.<\/p>\n<p>El partido pas\u00f3 por un impasse en el 3C, porque ambos conjuntos apostaron a jugar m\u00e1s estacionados, sin obtener tanto goleo como resultado (14-15 a favor de la visita).\u00a0 Branciforte (6) continu\u00f3 atacando el aro a pesar del cerrojo defensivo de Argentino, y Mallemaci (7) continu\u00f3 dominando en el poste bajo.\u00a0 Pudo ser m\u00e1s Independiente, de no haber despilfarrado tantos tiros desde los 6,75 metros: no obtuvo conversiones en 9 intentos en el cuarto.<\/p>\n<p>Pero en donde s\u00ed dio la nota el Viola, fue en el ep\u00edlogo, porque a falta de 5m46 igual\u00f3 las acciones en 59, nuevamente con las embestidas de Branciforte y Banchero atacando un poco m\u00e1s alejado de la pintura pero siendo eficaz desde la media distancia, todo bajo la batuta de Juan Cruz Reschini (7) que se prendi\u00f3 en ofensiva en el 4C.\u00a0 A partir de all\u00ed hasta el 1m55 final fue palo a palo.\u00a0 Pero en el siguiente minuto, Argentino meti\u00f3 racha de 6-0 (con un doble de Antonelli y otro de Mallemacci m\u00e1s libres del propio Guillermo).\u00a0 A falta de 21s, Mauro Insaurralde aplic\u00f3 suspenso a la definici\u00f3n mediante un bombazo desde la medialuna (75-77) pero Argentino, lo pudo cerrar desde la l\u00ednea con Antonelli (2-4) y se llev\u00f3 as\u00ed los puntos del Hermanos Barral.<\/p>\n<p>&nbsp;<\/p>\n<p>&nbsp;<\/p>\n<p>[youtube]https:\/\/youtu.be\/fDbDS5ME-YI[\/youtube]<\/p>\n<p>&nbsp;<\/p>\n<p>&nbsp;<\/p>\n<p><b>S\u00edntesis| <\/b>Segunda Divisi\u00f3n \u2013 Torneo Oficial \u2013 Fecha #12<\/p>\n<p><b>Independiente 75: <\/b>Juan Cruz Reschini 13, Sebasti\u00e1n Branciforte 21, Mauro Insaurralde 9, Mariano Guill\u00e9n 4 (x), Gustavo Banchero 19 (FI); Agust\u00edn Mambriani 0, Andr\u00e9s Maidana 4, Joaqu\u00edn Gonz\u00e1lez 5.\u00a0 D.T: Javier Musumeci.<\/p>\n<p><b>Argentino 79: <\/b>Alan Serra 11, Nicol\u00e1s Antonelli 13, Bruno Aceituno 11, Guillermo Mallemaci 20, Luciano Mussini 2 (FI); C\u00e9sar Massa 12, Juan Franco Di Meglio 10, I\u00f1aki Errazu 0.\u00a0 D.T: Mario Errazu.<\/p>\n<p><b>Parciales: <\/b>14-21, 35-38 (21-17), 49-53 (14-15), 75-79 (26-26).<\/p>\n<p><b>\u00c1rbitros: <\/b>Alejandro Ramallo \u2013 Lucas Paulete.<\/p>\n<p><b>Estadio: <\/b>Hermanos Barral (Independiente).<\/p>\n<p><a class=\"modalf iframe\" title=\"Planilla\" href=\"https:\/\/docs.google.com\/spreadsheets\/d\/1V4FR4XNIliOCtdDwAMFctqZnphW0wEDjGG2YLoR6IUk\/pubhtml\" target=\"_blank\" rel=\"noopener\">Ver Planilla<\/a><\/p>\n","protected":false},"excerpt":{"rendered":"<p>Guillermo (20 y 13) fue clave en el triunfo de Argentino sobre Independiente: 75-79<\/p>\n","protected":false},"author":1,"featured_media":52194,"comment_status":"closed","ping_status":"open","sticky":false,"template":"","format":"standard","meta":{"jnews-multi-image_gallery":[],"jnews_single_post":[],"jnews_primary_category":[],"footnotes":""},"categories":[25,101],"tags":[1090,4,611,250,360,620,12,550,693,274,586],"class_list":["post-52192","post","type-post","status-publish","format-standard","has-post-thumbnail","hentry","category-segunda","category-slide","tag-alan-serra","tag-argentino","tag-bruno-aceituno","tag-cesar-massa","tag-guillermo-mallemaci","tag-gustavo-banchero","tag-independiente","tag-juan-cruz-reschini","tag-juan-franco-di-meglio","tag-nicolas-antonelli","tag-sebastian-branciforte"],"yoast_head":"<!-- This site is optimized with the Yoast SEO plugin v27.5 - https:\/\/yoast.com\/product\/yoast-seo-wordpress\/ -->\n<title>No hay &quot;Malle&quot; que por bien no venga - Gente de B\u00e1squet<\/title>\n<meta name=\"robots\" content=\"index, follow, max-snippet:-1, max-image-preview:large, max-video-preview:-1\" \/>\n<link rel=\"canonical\" href=\"https:\/\/gentedebasquet.com.ar\/sitio\/2015\/10\/06\/no-hay-mallemaci-que-por-bien-no-venga\/\" \/>\n<meta property=\"og:locale\" content=\"es_ES\" \/>\n<meta property=\"og:type\" content=\"article\" \/>\n<meta property=\"og:title\" content=\"No hay &quot;Malle&quot; que por bien no venga - Gente de B\u00e1squet\" \/>\n<meta property=\"og:description\" content=\"Guillermo (20 y 13) fue clave en el triunfo de Argentino sobre Independiente: 75-79\" \/>\n<meta property=\"og:url\" content=\"https:\/\/gentedebasquet.com.ar\/sitio\/2015\/10\/06\/no-hay-mallemaci-que-por-bien-no-venga\/\" \/>\n<meta property=\"og:site_name\" content=\"Gente de B\u00e1squet\" \/>\n<meta property=\"article:published_time\" content=\"2015-10-07T02:20:06+00:00\" \/>\n<meta property=\"og:image\" content=\"https:\/\/gentedebasquet.com.ar\/sitio\/wp-content\/uploads\/2015\/10\/wp_ss_20151006_0004.png\" \/>\n\t<meta property=\"og:image:width\" content=\"690\" \/>\n\t<meta property=\"og:image:height\" content=\"320\" \/>\n\t<meta property=\"og:image:type\" content=\"image\/png\" \/>\n<meta name=\"author\" content=\"Gente de B\u00e1squet\" \/>\n<meta name=\"twitter:card\" content=\"summary_large_image\" \/>\n<meta name=\"twitter:label1\" content=\"Escrito por\" \/>\n\t<meta name=\"twitter:data1\" content=\"Gente de B\u00e1squet\" \/>\n\t<meta name=\"twitter:label2\" content=\"Tiempo de lectura\" \/>\n\t<meta name=\"twitter:data2\" content=\"3 minutos\" \/>\n<script type=\"application\/ld+json\" class=\"yoast-schema-graph\">{\"@context\":\"https:\\\/\\\/schema.org\",\"@graph\":[{\"@type\":\"Article\",\"@id\":\"https:\\\/\\\/gentedebasquet.com.ar\\\/sitio\\\/2015\\\/10\\\/06\\\/no-hay-mallemaci-que-por-bien-no-venga\\\/#article\",\"isPartOf\":{\"@id\":\"https:\\\/\\\/gentedebasquet.com.ar\\\/sitio\\\/2015\\\/10\\\/06\\\/no-hay-mallemaci-que-por-bien-no-venga\\\/\"},\"author\":{\"name\":\"Gente de B\u00e1squet\",\"@id\":\"https:\\\/\\\/gentedebasquet.com.ar\\\/sitio\\\/#\\\/schema\\\/person\\\/ca0b63bbb977369988a7bbbdc519943a\"},\"headline\":\"No hay \u00abMalle\u00bb que por bien no venga\",\"datePublished\":\"2015-10-07T02:20:06+00:00\",\"mainEntityOfPage\":{\"@id\":\"https:\\\/\\\/gentedebasquet.com.ar\\\/sitio\\\/2015\\\/10\\\/06\\\/no-hay-mallemaci-que-por-bien-no-venga\\\/\"},\"wordCount\":614,\"image\":{\"@id\":\"https:\\\/\\\/gentedebasquet.com.ar\\\/sitio\\\/2015\\\/10\\\/06\\\/no-hay-mallemaci-que-por-bien-no-venga\\\/#primaryimage\"},\"thumbnailUrl\":\"https:\\\/\\\/gentedebasquet.com.ar\\\/sitio\\\/wp-content\\\/uploads\\\/2015\\\/10\\\/wp_ss_20151006_0004.png\",\"keywords\":[\"Alan Serra\",\"Argentino\",\"Bruno Aceituno\",\"C\u00e9sar Massa\",\"Guillermo Mallemaci\",\"Gustavo Banchero\",\"independiente\",\"Juan Cruz Reschini\",\"Juan Franco Di Meglio\",\"Nicol\u00e1s Antonelli\",\"Sebasti\u00e1n Branciforte\"],\"articleSection\":[\"Segunda\",\"Slide\"],\"inLanguage\":\"es\"},{\"@type\":\"WebPage\",\"@id\":\"https:\\\/\\\/gentedebasquet.com.ar\\\/sitio\\\/2015\\\/10\\\/06\\\/no-hay-mallemaci-que-por-bien-no-venga\\\/\",\"url\":\"https:\\\/\\\/gentedebasquet.com.ar\\\/sitio\\\/2015\\\/10\\\/06\\\/no-hay-mallemaci-que-por-bien-no-venga\\\/\",\"name\":\"No hay \\\"Malle\\\" que por bien no venga - Gente de B\u00e1squet\",\"isPartOf\":{\"@id\":\"https:\\\/\\\/gentedebasquet.com.ar\\\/sitio\\\/#website\"},\"primaryImageOfPage\":{\"@id\":\"https:\\\/\\\/gentedebasquet.com.ar\\\/sitio\\\/2015\\\/10\\\/06\\\/no-hay-mallemaci-que-por-bien-no-venga\\\/#primaryimage\"},\"image\":{\"@id\":\"https:\\\/\\\/gentedebasquet.com.ar\\\/sitio\\\/2015\\\/10\\\/06\\\/no-hay-mallemaci-que-por-bien-no-venga\\\/#primaryimage\"},\"thumbnailUrl\":\"https:\\\/\\\/gentedebasquet.com.ar\\\/sitio\\\/wp-content\\\/uploads\\\/2015\\\/10\\\/wp_ss_20151006_0004.png\",\"datePublished\":\"2015-10-07T02:20:06+00:00\",\"author\":{\"@id\":\"https:\\\/\\\/gentedebasquet.com.ar\\\/sitio\\\/#\\\/schema\\\/person\\\/ca0b63bbb977369988a7bbbdc519943a\"},\"breadcrumb\":{\"@id\":\"https:\\\/\\\/gentedebasquet.com.ar\\\/sitio\\\/2015\\\/10\\\/06\\\/no-hay-mallemaci-que-por-bien-no-venga\\\/#breadcrumb\"},\"inLanguage\":\"es\",\"potentialAction\":[{\"@type\":\"ReadAction\",\"target\":[\"https:\\\/\\\/gentedebasquet.com.ar\\\/sitio\\\/2015\\\/10\\\/06\\\/no-hay-mallemaci-que-por-bien-no-venga\\\/\"]}]},{\"@type\":\"ImageObject\",\"inLanguage\":\"es\",\"@id\":\"https:\\\/\\\/gentedebasquet.com.ar\\\/sitio\\\/2015\\\/10\\\/06\\\/no-hay-mallemaci-que-por-bien-no-venga\\\/#primaryimage\",\"url\":\"https:\\\/\\\/gentedebasquet.com.ar\\\/sitio\\\/wp-content\\\/uploads\\\/2015\\\/10\\\/wp_ss_20151006_0004.png\",\"contentUrl\":\"https:\\\/\\\/gentedebasquet.com.ar\\\/sitio\\\/wp-content\\\/uploads\\\/2015\\\/10\\\/wp_ss_20151006_0004.png\",\"width\":690,\"height\":320},{\"@type\":\"BreadcrumbList\",\"@id\":\"https:\\\/\\\/gentedebasquet.com.ar\\\/sitio\\\/2015\\\/10\\\/06\\\/no-hay-mallemaci-que-por-bien-no-venga\\\/#breadcrumb\",\"itemListElement\":[{\"@type\":\"ListItem\",\"position\":1,\"name\":\"Portada\",\"item\":\"https:\\\/\\\/gentedebasquet.com.ar\\\/sitio\\\/\"},{\"@type\":\"ListItem\",\"position\":2,\"name\":\"No hay \u00abMalle\u00bb que por bien no venga\"}]},{\"@type\":\"WebSite\",\"@id\":\"https:\\\/\\\/gentedebasquet.com.ar\\\/sitio\\\/#website\",\"url\":\"https:\\\/\\\/gentedebasquet.com.ar\\\/sitio\\\/\",\"name\":\"Gente de B\u00e1squet\",\"description\":\"La revista del basquet de Bah\u00eda Blanca\",\"potentialAction\":[{\"@type\":\"SearchAction\",\"target\":{\"@type\":\"EntryPoint\",\"urlTemplate\":\"https:\\\/\\\/gentedebasquet.com.ar\\\/sitio\\\/?s={search_term_string}\"},\"query-input\":{\"@type\":\"PropertyValueSpecification\",\"valueRequired\":true,\"valueName\":\"search_term_string\"}}],\"inLanguage\":\"es\"},{\"@type\":\"Person\",\"@id\":\"https:\\\/\\\/gentedebasquet.com.ar\\\/sitio\\\/#\\\/schema\\\/person\\\/ca0b63bbb977369988a7bbbdc519943a\",\"name\":\"Gente de B\u00e1squet\",\"image\":{\"@type\":\"ImageObject\",\"inLanguage\":\"es\",\"@id\":\"https:\\\/\\\/secure.gravatar.com\\\/avatar\\\/7f2c48bdc33b30088f941fb6082e555f2874c98e20cb159d7b92b50eadfce793?s=96&d=mm&r=g\",\"url\":\"https:\\\/\\\/secure.gravatar.com\\\/avatar\\\/7f2c48bdc33b30088f941fb6082e555f2874c98e20cb159d7b92b50eadfce793?s=96&d=mm&r=g\",\"contentUrl\":\"https:\\\/\\\/secure.gravatar.com\\\/avatar\\\/7f2c48bdc33b30088f941fb6082e555f2874c98e20cb159d7b92b50eadfce793?s=96&d=mm&r=g\",\"caption\":\"Gente de B\u00e1squet\"},\"sameAs\":[\"http:\\\/\\\/gentedebasquet.com.ar\\\/sitio\"],\"url\":\"https:\\\/\\\/gentedebasquet.com.ar\\\/sitio\\\/author\\\/ulises\\\/\"}]}<\/script>\n<!-- \/ Yoast SEO plugin. -->","yoast_head_json":{"title":"No hay \"Malle\" que por bien no venga - Gente de B\u00e1squet","robots":{"index":"index","follow":"follow","max-snippet":"max-snippet:-1","max-image-preview":"max-image-preview:large","max-video-preview":"max-video-preview:-1"},"canonical":"https:\/\/gentedebasquet.com.ar\/sitio\/2015\/10\/06\/no-hay-mallemaci-que-por-bien-no-venga\/","og_locale":"es_ES","og_type":"article","og_title":"No hay \"Malle\" que por bien no venga - Gente de B\u00e1squet","og_description":"Guillermo (20 y 13) fue clave en el triunfo de Argentino sobre Independiente: 75-79","og_url":"https:\/\/gentedebasquet.com.ar\/sitio\/2015\/10\/06\/no-hay-mallemaci-que-por-bien-no-venga\/","og_site_name":"Gente de B\u00e1squet","article_published_time":"2015-10-07T02:20:06+00:00","og_image":[{"width":690,"height":320,"url":"https:\/\/gentedebasquet.com.ar\/sitio\/wp-content\/uploads\/2015\/10\/wp_ss_20151006_0004.png","type":"image\/png"}],"author":"Gente de B\u00e1squet","twitter_card":"summary_large_image","twitter_misc":{"Escrito por":"Gente de B\u00e1squet","Tiempo de lectura":"3 minutos"},"schema":{"@context":"https:\/\/schema.org","@graph":[{"@type":"Article","@id":"https:\/\/gentedebasquet.com.ar\/sitio\/2015\/10\/06\/no-hay-mallemaci-que-por-bien-no-venga\/#article","isPartOf":{"@id":"https:\/\/gentedebasquet.com.ar\/sitio\/2015\/10\/06\/no-hay-mallemaci-que-por-bien-no-venga\/"},"author":{"name":"Gente de B\u00e1squet","@id":"https:\/\/gentedebasquet.com.ar\/sitio\/#\/schema\/person\/ca0b63bbb977369988a7bbbdc519943a"},"headline":"No hay \u00abMalle\u00bb que por bien no venga","datePublished":"2015-10-07T02:20:06+00:00","mainEntityOfPage":{"@id":"https:\/\/gentedebasquet.com.ar\/sitio\/2015\/10\/06\/no-hay-mallemaci-que-por-bien-no-venga\/"},"wordCount":614,"image":{"@id":"https:\/\/gentedebasquet.com.ar\/sitio\/2015\/10\/06\/no-hay-mallemaci-que-por-bien-no-venga\/#primaryimage"},"thumbnailUrl":"https:\/\/gentedebasquet.com.ar\/sitio\/wp-content\/uploads\/2015\/10\/wp_ss_20151006_0004.png","keywords":["Alan Serra","Argentino","Bruno Aceituno","C\u00e9sar Massa","Guillermo Mallemaci","Gustavo Banchero","independiente","Juan Cruz Reschini","Juan Franco Di Meglio","Nicol\u00e1s Antonelli","Sebasti\u00e1n Branciforte"],"articleSection":["Segunda","Slide"],"inLanguage":"es"},{"@type":"WebPage","@id":"https:\/\/gentedebasquet.com.ar\/sitio\/2015\/10\/06\/no-hay-mallemaci-que-por-bien-no-venga\/","url":"https:\/\/gentedebasquet.com.ar\/sitio\/2015\/10\/06\/no-hay-mallemaci-que-por-bien-no-venga\/","name":"No hay \"Malle\" que por bien no venga - Gente de B\u00e1squet","isPartOf":{"@id":"https:\/\/gentedebasquet.com.ar\/sitio\/#website"},"primaryImageOfPage":{"@id":"https:\/\/gentedebasquet.com.ar\/sitio\/2015\/10\/06\/no-hay-mallemaci-que-por-bien-no-venga\/#primaryimage"},"image":{"@id":"https:\/\/gentedebasquet.com.ar\/sitio\/2015\/10\/06\/no-hay-mallemaci-que-por-bien-no-venga\/#primaryimage"},"thumbnailUrl":"https:\/\/gentedebasquet.com.ar\/sitio\/wp-content\/uploads\/2015\/10\/wp_ss_20151006_0004.png","datePublished":"2015-10-07T02:20:06+00:00","author":{"@id":"https:\/\/gentedebasquet.com.ar\/sitio\/#\/schema\/person\/ca0b63bbb977369988a7bbbdc519943a"},"breadcrumb":{"@id":"https:\/\/gentedebasquet.com.ar\/sitio\/2015\/10\/06\/no-hay-mallemaci-que-por-bien-no-venga\/#breadcrumb"},"inLanguage":"es","potentialAction":[{"@type":"ReadAction","target":["https:\/\/gentedebasquet.com.ar\/sitio\/2015\/10\/06\/no-hay-mallemaci-que-por-bien-no-venga\/"]}]},{"@type":"ImageObject","inLanguage":"es","@id":"https:\/\/gentedebasquet.com.ar\/sitio\/2015\/10\/06\/no-hay-mallemaci-que-por-bien-no-venga\/#primaryimage","url":"https:\/\/gentedebasquet.com.ar\/sitio\/wp-content\/uploads\/2015\/10\/wp_ss_20151006_0004.png","contentUrl":"https:\/\/gentedebasquet.com.ar\/sitio\/wp-content\/uploads\/2015\/10\/wp_ss_20151006_0004.png","width":690,"height":320},{"@type":"BreadcrumbList","@id":"https:\/\/gentedebasquet.com.ar\/sitio\/2015\/10\/06\/no-hay-mallemaci-que-por-bien-no-venga\/#breadcrumb","itemListElement":[{"@type":"ListItem","position":1,"name":"Portada","item":"https:\/\/gentedebasquet.com.ar\/sitio\/"},{"@type":"ListItem","position":2,"name":"No hay \u00abMalle\u00bb que por bien no venga"}]},{"@type":"WebSite","@id":"https:\/\/gentedebasquet.com.ar\/sitio\/#website","url":"https:\/\/gentedebasquet.com.ar\/sitio\/","name":"Gente de B\u00e1squet","description":"La revista del basquet de Bah\u00eda Blanca","potentialAction":[{"@type":"SearchAction","target":{"@type":"EntryPoint","urlTemplate":"https:\/\/gentedebasquet.com.ar\/sitio\/?s={search_term_string}"},"query-input":{"@type":"PropertyValueSpecification","valueRequired":true,"valueName":"search_term_string"}}],"inLanguage":"es"},{"@type":"Person","@id":"https:\/\/gentedebasquet.com.ar\/sitio\/#\/schema\/person\/ca0b63bbb977369988a7bbbdc519943a","name":"Gente de B\u00e1squet","image":{"@type":"ImageObject","inLanguage":"es","@id":"https:\/\/secure.gravatar.com\/avatar\/7f2c48bdc33b30088f941fb6082e555f2874c98e20cb159d7b92b50eadfce793?s=96&d=mm&r=g","url":"https:\/\/secure.gravatar.com\/avatar\/7f2c48bdc33b30088f941fb6082e555f2874c98e20cb159d7b92b50eadfce793?s=96&d=mm&r=g","contentUrl":"https:\/\/secure.gravatar.com\/avatar\/7f2c48bdc33b30088f941fb6082e555f2874c98e20cb159d7b92b50eadfce793?s=96&d=mm&r=g","caption":"Gente de B\u00e1squet"},"sameAs":["http:\/\/gentedebasquet.com.ar\/sitio"],"url":"https:\/\/gentedebasquet.com.ar\/sitio\/author\/ulises\/"}]}},"_links":{"self":[{"href":"https:\/\/gentedebasquet.com.ar\/sitio\/wp-json\/wp\/v2\/posts\/52192","targetHints":{"allow":["GET"]}}],"collection":[{"href":"https:\/\/gentedebasquet.com.ar\/sitio\/wp-json\/wp\/v2\/posts"}],"about":[{"href":"https:\/\/gentedebasquet.com.ar\/sitio\/wp-json\/wp\/v2\/types\/post"}],"author":[{"embeddable":true,"href":"https:\/\/gentedebasquet.com.ar\/sitio\/wp-json\/wp\/v2\/users\/1"}],"replies":[{"embeddable":true,"href":"https:\/\/gentedebasquet.com.ar\/sitio\/wp-json\/wp\/v2\/comments?post=52192"}],"version-history":[{"count":0,"href":"https:\/\/gentedebasquet.com.ar\/sitio\/wp-json\/wp\/v2\/posts\/52192\/revisions"}],"wp:featuredmedia":[{"embeddable":true,"href":"https:\/\/gentedebasquet.com.ar\/sitio\/wp-json\/wp\/v2\/media\/52194"}],"wp:attachment":[{"href":"https:\/\/gentedebasquet.com.ar\/sitio\/wp-json\/wp\/v2\/media?parent=52192"}],"wp:term":[{"taxonomy":"category","embeddable":true,"href":"https:\/\/gentedebasquet.com.ar\/sitio\/wp-json\/wp\/v2\/categories?post=52192"},{"taxonomy":"post_tag","embeddable":true,"href":"https:\/\/gentedebasquet.com.ar\/sitio\/wp-json\/wp\/v2\/tags?post=52192"}],"curies":[{"name":"wp","href":"https:\/\/api.w.org\/{rel}","templated":true}]}}