{"id":52545,"date":"2015-10-13T23:40:23","date_gmt":"2015-10-14T02:40:23","guid":{"rendered":"http:\/\/www.gentedebasquet.com.ar\/?p=52545"},"modified":"2015-10-13T23:40:23","modified_gmt":"2015-10-14T02:40:23","slug":"en-ascenso","status":"publish","type":"post","link":"https:\/\/gentedebasquet.com.ar\/sitio\/2015\/10\/13\/en-ascenso\/","title":{"rendered":"En ascenso"},"content":{"rendered":"<p><strong>En un encuentro demasiado hablado y muy friccionado, Pac\u00edfico venci\u00f3 a Velocidad 88 a 69, cort\u00e1ndole la racha positiva que atravesaba y, a su vez, sumando su quinto triunfo consecutivo. De la mano de un consistente Ezequiel Meneses (24, 6\/10 TC), la din\u00e1mica de Manuel Sacrist\u00e1n (17, 7\/11 T2) y de un cierre contundente de Fernando Bonino (17, 9 en 4\u00baC y 5 robos) pudieron sobreponerse al ritmo que impon\u00eda la dupla conformada por Juan Ignacio De Pastena (25, 12 en 4\u00baC) y Sebasti\u00e1n Mart\u00ednez (22 y 9 rebotes).<\/strong><\/p>\n<p>Luego de un comienzo deslucido por ambos bandos, Pac\u00edfico poco a poco fue encontrando el ritmo al correr el contraataque como primera opci\u00f3n, haci\u00e9ndose fuerte en defensa. All\u00ed Sacrist\u00e1n (9, 4\/5 T2) cobr\u00f3 protagonismo, al igual que en ataque estacionado dado que utiliz\u00f3 sus variantes para ir hacia el cesto. Adem\u00e1s que Larrandart (8) estuviese activo, fue el complemento ideal que necesit\u00f3 para crear espacios. Y si no fuese que Mart\u00ednez (6) lider\u00f3 la ofensiva de Velocidad, el visitante se hubiera escapado en el marcador.<\/p>\n<p>Con Sacrist\u00e1n creando pausas para romper la defensa zonal propuesta por el due\u00f1o de casa, el \u201cverde\u201d logr\u00f3 imponer su estilo de juego en el inicio del segundo segmento. Aunque nuevamente Mart\u00ednez (6) protagoniz\u00f3 la ofensiva de \u201cVelo\u201d y junto con los oportunos aportes de De Pastena, Rausemberg y Beresovsky (combinaron 12) lograron complicar al rival, quien potenci\u00f3 sus ataques en la pintura con Gonz\u00e1lez y Larrandart (12 entre ambos) bajo la conducci\u00f3n de un din\u00e1mico Meneses (8), quien lastim\u00f3 seguido con sus rompimientos.<\/p>\n<p>A la vuelta del vestuario la dupla Mart\u00ednez (7)-De Pastena (5) fue acentu\u00e1ndose m\u00e1s en el esquema de Velocidad, a tal punto que cuando ellos tomaban el bal\u00f3n, surg\u00edan las acciones m\u00e1s claras de su equipo. Aunque el desarrollo se torn\u00f3 de rachas para uno y otro bando, Pac\u00edfico pudo reaccionar de los magros porcentajes (4\/16 TC) a tiempo con Meneses (8), para finalizar el tercer chico aprovechando las imprecisiones (5 p\u00e9rdidas) del rival.<\/p>\n<p>De Pastena (7 seguidos) comenz\u00f3 enchufado el \u00faltimo cuarto para intentar volver al ruedo; aunque las p\u00e9rdidas (8) fueron cobrando la importancia necesaria y sumado a que DP (termin\u00f3 con 12) estuvo muy solo en ofensiva (1\/6 TC el resto), Velocidad fue cediendo terreno. El que con gusto tom\u00f3 Pac\u00edfico de la mano de un enfocado Bonino (9, llevaba 2\/8 TC) y la constancia de Meneses (7), m\u00e1s chispazos de Sacrist\u00e1n (5), para cerrar el encuentro con un parcial de 21-9.<\/p>\n<p>&nbsp;<\/p>\n<p><strong>S\u00edntesis |<\/strong>\u00a0Segunda Divisi\u00f3n \u2013 Oficial \u2013 Juego #14<\/p>\n<p><strong>Velocidad 69:<\/strong> Juan Ignacio De Pastena 25, Sebasti\u00e1n Mart\u00ednez 22, Hern\u00e1n Soria 7, Cristian Bisterfeld 2 y Le\u00f3n Beresovsky 6 (F.I.); Germ\u00e1n Rausemberg 7 y Sim\u00f3n Delucchi 0.\u00a0DT: Juan Gilberto Soldini.<\/p>\n<p><strong>Pac\u00edfico 88:<\/strong>\u00a0Ezequiel Meneses 24, Manuel Sacrist\u00e1n 17, Fernando Bonino 17, Joaqu\u00edn Larrandart 14 y Mauricio Gonz\u00e1lez 9 (F.I.); Mauro Richotti 3, Carlos Ruiz 3 y Facundo Wattson 0.\u00a0DT: Pablo Kooistra.<\/p>\n<p><strong>Parciales:<\/strong> 16-21, 35-46 (19-25), 53-64 (18-18) y 69-88 (16-24).<\/p>\n<p><strong>\u00c1rbitros:<\/strong> Eduardo Ferreyra y Ariel Mallemaci.<\/p>\n<p><strong>Estadio:<\/strong>\u00a0Pedro S\u00e1nchez (Velocidad)<\/p>\n<p><a class=\"modalf iframe\" title=\"Planilla\" href=\"https:\/\/docs.google.com\/spreadsheets\/d\/1bDqTVe7LYl1_BxLajEOeLwu7aw1IGBk7qyaDfTKMtXQ\/pubhtml\" target=\"_blank\" rel=\"noopener\">Ver Planilla<\/a><\/p>\n<p>&nbsp;<\/p>\n<h6><strong>\u00bfUnificar criterios?<\/strong><\/h6>\n<p>Finalizado el encuentro dos aspectos se destacaron. Uno es que Sebasti\u00e1n Mart\u00ednez y Juan Ignacio De Pastena, de los que m\u00e1s protestaron cada fallo arbitral, se acercaron a Eduardo Ferreyra y Ariel Mallemaci para pedirles disculpas por haber cometido alg\u00fan exabrupto.<\/p>\n<p>Aunque por otro lado, en una charla que bien podr\u00eda haber sido de caf\u00e9; uno de los dirigentes de Velocidad les consult\u00f3 el por qu\u00e9 de la diferencia de criterios entre un \u00e1rbitro y otro sobre una misma situaci\u00f3n de juego. Ante esto Ferreyra explic\u00f3 que est\u00e1n trabajando mucho para unificar dichos criterios tanto en Segunda, como Primera Divisi\u00f3n; y enfatizando este aspecto en los jueces j\u00f3venes.<\/p>\n","protected":false},"excerpt":{"rendered":"<p>Pac\u00edfico le gan\u00f3 a Velocidad 88 a 69 y sum\u00f3 su quinto triunfo al hilo<\/p>\n","protected":false},"author":1,"featured_media":52546,"comment_status":"closed","ping_status":"open","sticky":false,"template":"","format":"standard","meta":{"jnews-multi-image_gallery":[],"jnews_single_post":[],"jnews_primary_category":[],"footnotes":""},"categories":[25,101],"tags":[607,577,743,253,17,254,21],"class_list":["post-52545","post","type-post","status-publish","format-standard","has-post-thumbnail","hentry","category-segunda","category-slide","tag-ezequiel-meneses","tag-fernando-bonino","tag-juan-ignacio-de-pastena","tag-manuel-sacristan","tag-pacifico","tag-sebastian-martinez","tag-velocidad"],"yoast_head":"<!-- This site is optimized with the Yoast SEO plugin v27.5 - https:\/\/yoast.com\/product\/yoast-seo-wordpress\/ -->\n<title>En ascenso - Gente de B\u00e1squet<\/title>\n<meta name=\"robots\" content=\"index, follow, max-snippet:-1, max-image-preview:large, max-video-preview:-1\" \/>\n<link rel=\"canonical\" href=\"https:\/\/gentedebasquet.com.ar\/sitio\/2015\/10\/13\/en-ascenso\/\" \/>\n<meta property=\"og:locale\" content=\"es_ES\" \/>\n<meta property=\"og:type\" content=\"article\" \/>\n<meta property=\"og:title\" content=\"En ascenso - Gente de B\u00e1squet\" \/>\n<meta property=\"og:description\" content=\"Pac\u00edfico le gan\u00f3 a Velocidad 88 a 69 y sum\u00f3 su quinto triunfo al hilo\" \/>\n<meta property=\"og:url\" content=\"https:\/\/gentedebasquet.com.ar\/sitio\/2015\/10\/13\/en-ascenso\/\" \/>\n<meta property=\"og:site_name\" content=\"Gente de B\u00e1squet\" \/>\n<meta property=\"article:published_time\" content=\"2015-10-14T02:40:23+00:00\" \/>\n<meta property=\"og:image\" content=\"https:\/\/gentedebasquet.com.ar\/sitio\/wp-content\/uploads\/2015\/10\/DSCF7038.jpg\" \/>\n\t<meta property=\"og:image:width\" content=\"690\" \/>\n\t<meta property=\"og:image:height\" content=\"319\" \/>\n\t<meta property=\"og:image:type\" content=\"image\/jpeg\" \/>\n<meta name=\"author\" content=\"Gente de B\u00e1squet\" \/>\n<meta name=\"twitter:card\" content=\"summary_large_image\" \/>\n<meta name=\"twitter:label1\" content=\"Escrito por\" \/>\n\t<meta name=\"twitter:data1\" content=\"Gente de B\u00e1squet\" \/>\n\t<meta name=\"twitter:label2\" content=\"Tiempo de lectura\" \/>\n\t<meta name=\"twitter:data2\" content=\"3 minutos\" \/>\n<script type=\"application\/ld+json\" class=\"yoast-schema-graph\">{\"@context\":\"https:\\\/\\\/schema.org\",\"@graph\":[{\"@type\":\"Article\",\"@id\":\"https:\\\/\\\/gentedebasquet.com.ar\\\/sitio\\\/2015\\\/10\\\/13\\\/en-ascenso\\\/#article\",\"isPartOf\":{\"@id\":\"https:\\\/\\\/gentedebasquet.com.ar\\\/sitio\\\/2015\\\/10\\\/13\\\/en-ascenso\\\/\"},\"author\":{\"name\":\"Gente de B\u00e1squet\",\"@id\":\"https:\\\/\\\/gentedebasquet.com.ar\\\/sitio\\\/#\\\/schema\\\/person\\\/ca0b63bbb977369988a7bbbdc519943a\"},\"headline\":\"En ascenso\",\"datePublished\":\"2015-10-14T02:40:23+00:00\",\"mainEntityOfPage\":{\"@id\":\"https:\\\/\\\/gentedebasquet.com.ar\\\/sitio\\\/2015\\\/10\\\/13\\\/en-ascenso\\\/\"},\"wordCount\":622,\"image\":{\"@id\":\"https:\\\/\\\/gentedebasquet.com.ar\\\/sitio\\\/2015\\\/10\\\/13\\\/en-ascenso\\\/#primaryimage\"},\"thumbnailUrl\":\"https:\\\/\\\/gentedebasquet.com.ar\\\/sitio\\\/wp-content\\\/uploads\\\/2015\\\/10\\\/DSCF7038.jpg\",\"keywords\":[\"Ezequiel Meneses\",\"Fernando Bonino\",\"Juan Ignacio De Pastena\",\"Manuel Sacrist\u00e1n\",\"Pacifico\",\"Sebasti\u00e1n Mart\u00ednez\",\"Velocidad\"],\"articleSection\":[\"Segunda\",\"Slide\"],\"inLanguage\":\"es\"},{\"@type\":\"WebPage\",\"@id\":\"https:\\\/\\\/gentedebasquet.com.ar\\\/sitio\\\/2015\\\/10\\\/13\\\/en-ascenso\\\/\",\"url\":\"https:\\\/\\\/gentedebasquet.com.ar\\\/sitio\\\/2015\\\/10\\\/13\\\/en-ascenso\\\/\",\"name\":\"En ascenso - Gente de B\u00e1squet\",\"isPartOf\":{\"@id\":\"https:\\\/\\\/gentedebasquet.com.ar\\\/sitio\\\/#website\"},\"primaryImageOfPage\":{\"@id\":\"https:\\\/\\\/gentedebasquet.com.ar\\\/sitio\\\/2015\\\/10\\\/13\\\/en-ascenso\\\/#primaryimage\"},\"image\":{\"@id\":\"https:\\\/\\\/gentedebasquet.com.ar\\\/sitio\\\/2015\\\/10\\\/13\\\/en-ascenso\\\/#primaryimage\"},\"thumbnailUrl\":\"https:\\\/\\\/gentedebasquet.com.ar\\\/sitio\\\/wp-content\\\/uploads\\\/2015\\\/10\\\/DSCF7038.jpg\",\"datePublished\":\"2015-10-14T02:40:23+00:00\",\"author\":{\"@id\":\"https:\\\/\\\/gentedebasquet.com.ar\\\/sitio\\\/#\\\/schema\\\/person\\\/ca0b63bbb977369988a7bbbdc519943a\"},\"breadcrumb\":{\"@id\":\"https:\\\/\\\/gentedebasquet.com.ar\\\/sitio\\\/2015\\\/10\\\/13\\\/en-ascenso\\\/#breadcrumb\"},\"inLanguage\":\"es\",\"potentialAction\":[{\"@type\":\"ReadAction\",\"target\":[\"https:\\\/\\\/gentedebasquet.com.ar\\\/sitio\\\/2015\\\/10\\\/13\\\/en-ascenso\\\/\"]}]},{\"@type\":\"ImageObject\",\"inLanguage\":\"es\",\"@id\":\"https:\\\/\\\/gentedebasquet.com.ar\\\/sitio\\\/2015\\\/10\\\/13\\\/en-ascenso\\\/#primaryimage\",\"url\":\"https:\\\/\\\/gentedebasquet.com.ar\\\/sitio\\\/wp-content\\\/uploads\\\/2015\\\/10\\\/DSCF7038.jpg\",\"contentUrl\":\"https:\\\/\\\/gentedebasquet.com.ar\\\/sitio\\\/wp-content\\\/uploads\\\/2015\\\/10\\\/DSCF7038.jpg\",\"width\":690,\"height\":319},{\"@type\":\"BreadcrumbList\",\"@id\":\"https:\\\/\\\/gentedebasquet.com.ar\\\/sitio\\\/2015\\\/10\\\/13\\\/en-ascenso\\\/#breadcrumb\",\"itemListElement\":[{\"@type\":\"ListItem\",\"position\":1,\"name\":\"Portada\",\"item\":\"https:\\\/\\\/gentedebasquet.com.ar\\\/sitio\\\/\"},{\"@type\":\"ListItem\",\"position\":2,\"name\":\"En ascenso\"}]},{\"@type\":\"WebSite\",\"@id\":\"https:\\\/\\\/gentedebasquet.com.ar\\\/sitio\\\/#website\",\"url\":\"https:\\\/\\\/gentedebasquet.com.ar\\\/sitio\\\/\",\"name\":\"Gente de B\u00e1squet\",\"description\":\"La revista del basquet de Bah\u00eda Blanca\",\"potentialAction\":[{\"@type\":\"SearchAction\",\"target\":{\"@type\":\"EntryPoint\",\"urlTemplate\":\"https:\\\/\\\/gentedebasquet.com.ar\\\/sitio\\\/?s={search_term_string}\"},\"query-input\":{\"@type\":\"PropertyValueSpecification\",\"valueRequired\":true,\"valueName\":\"search_term_string\"}}],\"inLanguage\":\"es\"},{\"@type\":\"Person\",\"@id\":\"https:\\\/\\\/gentedebasquet.com.ar\\\/sitio\\\/#\\\/schema\\\/person\\\/ca0b63bbb977369988a7bbbdc519943a\",\"name\":\"Gente de B\u00e1squet\",\"image\":{\"@type\":\"ImageObject\",\"inLanguage\":\"es\",\"@id\":\"https:\\\/\\\/secure.gravatar.com\\\/avatar\\\/7f2c48bdc33b30088f941fb6082e555f2874c98e20cb159d7b92b50eadfce793?s=96&d=mm&r=g\",\"url\":\"https:\\\/\\\/secure.gravatar.com\\\/avatar\\\/7f2c48bdc33b30088f941fb6082e555f2874c98e20cb159d7b92b50eadfce793?s=96&d=mm&r=g\",\"contentUrl\":\"https:\\\/\\\/secure.gravatar.com\\\/avatar\\\/7f2c48bdc33b30088f941fb6082e555f2874c98e20cb159d7b92b50eadfce793?s=96&d=mm&r=g\",\"caption\":\"Gente de B\u00e1squet\"},\"sameAs\":[\"http:\\\/\\\/gentedebasquet.com.ar\\\/sitio\"],\"url\":\"https:\\\/\\\/gentedebasquet.com.ar\\\/sitio\\\/author\\\/ulises\\\/\"}]}<\/script>\n<!-- \/ Yoast SEO plugin. -->","yoast_head_json":{"title":"En ascenso - Gente de B\u00e1squet","robots":{"index":"index","follow":"follow","max-snippet":"max-snippet:-1","max-image-preview":"max-image-preview:large","max-video-preview":"max-video-preview:-1"},"canonical":"https:\/\/gentedebasquet.com.ar\/sitio\/2015\/10\/13\/en-ascenso\/","og_locale":"es_ES","og_type":"article","og_title":"En ascenso - Gente de B\u00e1squet","og_description":"Pac\u00edfico le gan\u00f3 a Velocidad 88 a 69 y sum\u00f3 su quinto triunfo al hilo","og_url":"https:\/\/gentedebasquet.com.ar\/sitio\/2015\/10\/13\/en-ascenso\/","og_site_name":"Gente de B\u00e1squet","article_published_time":"2015-10-14T02:40:23+00:00","og_image":[{"width":690,"height":319,"url":"https:\/\/gentedebasquet.com.ar\/sitio\/wp-content\/uploads\/2015\/10\/DSCF7038.jpg","type":"image\/jpeg"}],"author":"Gente de B\u00e1squet","twitter_card":"summary_large_image","twitter_misc":{"Escrito por":"Gente de B\u00e1squet","Tiempo de lectura":"3 minutos"},"schema":{"@context":"https:\/\/schema.org","@graph":[{"@type":"Article","@id":"https:\/\/gentedebasquet.com.ar\/sitio\/2015\/10\/13\/en-ascenso\/#article","isPartOf":{"@id":"https:\/\/gentedebasquet.com.ar\/sitio\/2015\/10\/13\/en-ascenso\/"},"author":{"name":"Gente de B\u00e1squet","@id":"https:\/\/gentedebasquet.com.ar\/sitio\/#\/schema\/person\/ca0b63bbb977369988a7bbbdc519943a"},"headline":"En ascenso","datePublished":"2015-10-14T02:40:23+00:00","mainEntityOfPage":{"@id":"https:\/\/gentedebasquet.com.ar\/sitio\/2015\/10\/13\/en-ascenso\/"},"wordCount":622,"image":{"@id":"https:\/\/gentedebasquet.com.ar\/sitio\/2015\/10\/13\/en-ascenso\/#primaryimage"},"thumbnailUrl":"https:\/\/gentedebasquet.com.ar\/sitio\/wp-content\/uploads\/2015\/10\/DSCF7038.jpg","keywords":["Ezequiel Meneses","Fernando Bonino","Juan Ignacio De Pastena","Manuel Sacrist\u00e1n","Pacifico","Sebasti\u00e1n Mart\u00ednez","Velocidad"],"articleSection":["Segunda","Slide"],"inLanguage":"es"},{"@type":"WebPage","@id":"https:\/\/gentedebasquet.com.ar\/sitio\/2015\/10\/13\/en-ascenso\/","url":"https:\/\/gentedebasquet.com.ar\/sitio\/2015\/10\/13\/en-ascenso\/","name":"En ascenso - Gente de B\u00e1squet","isPartOf":{"@id":"https:\/\/gentedebasquet.com.ar\/sitio\/#website"},"primaryImageOfPage":{"@id":"https:\/\/gentedebasquet.com.ar\/sitio\/2015\/10\/13\/en-ascenso\/#primaryimage"},"image":{"@id":"https:\/\/gentedebasquet.com.ar\/sitio\/2015\/10\/13\/en-ascenso\/#primaryimage"},"thumbnailUrl":"https:\/\/gentedebasquet.com.ar\/sitio\/wp-content\/uploads\/2015\/10\/DSCF7038.jpg","datePublished":"2015-10-14T02:40:23+00:00","author":{"@id":"https:\/\/gentedebasquet.com.ar\/sitio\/#\/schema\/person\/ca0b63bbb977369988a7bbbdc519943a"},"breadcrumb":{"@id":"https:\/\/gentedebasquet.com.ar\/sitio\/2015\/10\/13\/en-ascenso\/#breadcrumb"},"inLanguage":"es","potentialAction":[{"@type":"ReadAction","target":["https:\/\/gentedebasquet.com.ar\/sitio\/2015\/10\/13\/en-ascenso\/"]}]},{"@type":"ImageObject","inLanguage":"es","@id":"https:\/\/gentedebasquet.com.ar\/sitio\/2015\/10\/13\/en-ascenso\/#primaryimage","url":"https:\/\/gentedebasquet.com.ar\/sitio\/wp-content\/uploads\/2015\/10\/DSCF7038.jpg","contentUrl":"https:\/\/gentedebasquet.com.ar\/sitio\/wp-content\/uploads\/2015\/10\/DSCF7038.jpg","width":690,"height":319},{"@type":"BreadcrumbList","@id":"https:\/\/gentedebasquet.com.ar\/sitio\/2015\/10\/13\/en-ascenso\/#breadcrumb","itemListElement":[{"@type":"ListItem","position":1,"name":"Portada","item":"https:\/\/gentedebasquet.com.ar\/sitio\/"},{"@type":"ListItem","position":2,"name":"En ascenso"}]},{"@type":"WebSite","@id":"https:\/\/gentedebasquet.com.ar\/sitio\/#website","url":"https:\/\/gentedebasquet.com.ar\/sitio\/","name":"Gente de B\u00e1squet","description":"La revista del basquet de Bah\u00eda Blanca","potentialAction":[{"@type":"SearchAction","target":{"@type":"EntryPoint","urlTemplate":"https:\/\/gentedebasquet.com.ar\/sitio\/?s={search_term_string}"},"query-input":{"@type":"PropertyValueSpecification","valueRequired":true,"valueName":"search_term_string"}}],"inLanguage":"es"},{"@type":"Person","@id":"https:\/\/gentedebasquet.com.ar\/sitio\/#\/schema\/person\/ca0b63bbb977369988a7bbbdc519943a","name":"Gente de B\u00e1squet","image":{"@type":"ImageObject","inLanguage":"es","@id":"https:\/\/secure.gravatar.com\/avatar\/7f2c48bdc33b30088f941fb6082e555f2874c98e20cb159d7b92b50eadfce793?s=96&d=mm&r=g","url":"https:\/\/secure.gravatar.com\/avatar\/7f2c48bdc33b30088f941fb6082e555f2874c98e20cb159d7b92b50eadfce793?s=96&d=mm&r=g","contentUrl":"https:\/\/secure.gravatar.com\/avatar\/7f2c48bdc33b30088f941fb6082e555f2874c98e20cb159d7b92b50eadfce793?s=96&d=mm&r=g","caption":"Gente de B\u00e1squet"},"sameAs":["http:\/\/gentedebasquet.com.ar\/sitio"],"url":"https:\/\/gentedebasquet.com.ar\/sitio\/author\/ulises\/"}]}},"_links":{"self":[{"href":"https:\/\/gentedebasquet.com.ar\/sitio\/wp-json\/wp\/v2\/posts\/52545","targetHints":{"allow":["GET"]}}],"collection":[{"href":"https:\/\/gentedebasquet.com.ar\/sitio\/wp-json\/wp\/v2\/posts"}],"about":[{"href":"https:\/\/gentedebasquet.com.ar\/sitio\/wp-json\/wp\/v2\/types\/post"}],"author":[{"embeddable":true,"href":"https:\/\/gentedebasquet.com.ar\/sitio\/wp-json\/wp\/v2\/users\/1"}],"replies":[{"embeddable":true,"href":"https:\/\/gentedebasquet.com.ar\/sitio\/wp-json\/wp\/v2\/comments?post=52545"}],"version-history":[{"count":0,"href":"https:\/\/gentedebasquet.com.ar\/sitio\/wp-json\/wp\/v2\/posts\/52545\/revisions"}],"wp:featuredmedia":[{"embeddable":true,"href":"https:\/\/gentedebasquet.com.ar\/sitio\/wp-json\/wp\/v2\/media\/52546"}],"wp:attachment":[{"href":"https:\/\/gentedebasquet.com.ar\/sitio\/wp-json\/wp\/v2\/media?parent=52545"}],"wp:term":[{"taxonomy":"category","embeddable":true,"href":"https:\/\/gentedebasquet.com.ar\/sitio\/wp-json\/wp\/v2\/categories?post=52545"},{"taxonomy":"post_tag","embeddable":true,"href":"https:\/\/gentedebasquet.com.ar\/sitio\/wp-json\/wp\/v2\/tags?post=52545"}],"curies":[{"name":"wp","href":"https:\/\/api.w.org\/{rel}","templated":true}]}}