{"id":52601,"date":"2015-10-15T12:29:23","date_gmt":"2015-10-15T15:29:23","guid":{"rendered":"http:\/\/www.gentedebasquet.com.ar\/?p=52601"},"modified":"2015-10-15T12:29:23","modified_gmt":"2015-10-15T15:29:23","slug":"viedma-festejo-en-el-primero","status":"publish","type":"post","link":"https:\/\/gentedebasquet.com.ar\/sitio\/2015\/10\/15\/viedma-festejo-en-el-primero\/","title":{"rendered":"Viedma festej\u00f3 en el primero"},"content":{"rendered":"<p><strong>Deportivo Viedma super\u00f3 a\u00a0Atenas 91 a 83 en el inicio de la Divisi\u00f3n sur del TNA, en un partido hist\u00f3rico para la Comarca. Cerca de 1300 personas presenciaron una descomunal actuaci\u00f3n de Scott Cutley, autor de 34 puntos. Lo acompa\u00f1aron Alexis Knecht (18, -4\/6 T3-) y Pedro Franco (12, clave en el cierre). Por el Griego se destac\u00f3 Ezequiel Dentis con 20 tantos y 11 rebotes.<\/strong><\/p>\n<p>Hist\u00f3rica jornada para el b\u00e1squet de la Comarca de Viedma \u2013 Carmen de Patagones. Alrededor de 1300 personas presenciaron el primer duelo entre equipos del Valle Inferior en el TNA.<\/p>\n<p>El debutante Atenas arranc\u00f3 mejor la noche. Con un importante aporte de Ezequiel Dentis en la pintura y dos bombas de Federico Grun, se puso 13-6. Pero apareci\u00f3 Scott Cutley para darle aire a Deportivo Viedma. El interno se mostr\u00f3 en su m\u00e1ximo esplendor con tantos debajo del aro, como as\u00ed tambi\u00e9n de media distancia, para achicar a dos (17-19).<\/p>\n<p>La paridad continu\u00f3 en el segundo segmento, aunque el liderazgo cambi\u00f3. Viedma fue Cutley dependiente, pero le sali\u00f3 bien y por momentos pas\u00f3 al frente. Sobre todo cuando Pedro Franco mostr\u00f3 destellos de su inteligencia o el atl\u00e9tico Junior Peralta se anim\u00f3 a penetrar. Del otro lado el Griego se top\u00f3 con una r\u00e1faga de Juan Manuel Ruiz y otra de Gian Franco Sinconi, que tuvo decisi\u00f3n para atacar y seguridad en defensa. As\u00ed quedaron igualados en 36 antes del entretiempo.<\/p>\n<p>Ambos elencos se soltaron m\u00e1s en ofensiva durante el complemento. Con m\u00e1s fluidez, el desarrollo se torn\u00f3 vistoso. Leandro Hiriart encontr\u00f3 una alternativa que terminar\u00eda siendo clave desde el per\u00edmetro: Alexis Knecht. \u00bfPor qu\u00e9? Porque los puntos de Cutley eran esperables, pero las bombas del escolta descolocaron a la visita. Si bien Atenas contest\u00f3 con tres triples consecutivos de Hern\u00e1n Etchepare, Viedma marc\u00f3 el terreno y qued\u00f3 arriba por dos (64-62).<\/p>\n<p>En el inicio de los \u00faltimos diez minutos Franco mostr\u00f3 su mejor faceta. Se entendi\u00f3 de diez con Cutley y as\u00ed estir\u00f3 la brecha a siete (71-64). A pesar de manejar esa distancia durante varios minutos y tener un interno talentoso como Cutley, el local se complic\u00f3 en el final.<\/p>\n<p>El conjunto maragato puso la bola abajo del aro y ah\u00ed hizo diferencias. Cargando al rebote con Dentis y Duane Morgan como puntales gener\u00f3 tantos de segunda oportunidad (16 unidades llegaron por esa v\u00eda). Este aspecto fue importante: La visita baj\u00f3 17 rebotes en ataque (35 en total) contra 3 de Deportivo (25 en la sumatoria). A la larga le sirvi\u00f3 para ponerse a cuatro con 1m11s por jugar (84-80).<\/p>\n<p>En la siguiente acci\u00f3n Peralta sac\u00f3 una falta y cobr\u00f3 desde la l\u00ednea (86-80). Pero el propio Morgan sorprendi\u00f3 con un triple cuando restaban 40s para ponerle suspenso al cierre (86-83).<\/p>\n<p>R\u00e1pidamente Cutley recibi\u00f3 una infracci\u00f3n y no perdon\u00f3 con los simples (88-83). Presionado por el reloj, Ruiz prob\u00f3 con un triple que se fue largo. En la contra Knecht liquid\u00f3 el duelo con una bomba desde 45\u00b0. Fue victoria para Deportivo Viedma por 91 a 83.<\/p>\n<p><iframe loading=\"lazy\" src=\"https:\/\/www.youtube.com\/embed\/5PiF6HAzDX4\" height=\"315\" width=\"560\" allowfullscreen=\"\" frameborder=\"0\"><\/iframe><\/p>\n<p>&nbsp;<\/p>\n<p><strong>S\u00edntesis |<\/strong> TNA &#8211; Fase Regional &#8211; Divisi\u00f3n Sur:<\/p>\n<p><strong>Deportivo Viedma 91:<\/strong> Pedro Franco 12, Alexis Knecht 18, Javier Ledesma 8, Scott Cutley 34 y Ricardo Centeno 6 (FI). Franco Bazani 3, Lucas Palacio 0 y Junior Peralta 10. DT: Leandro Hiriart.<\/p>\n<p><strong>Atenas Patagones 83:<\/strong> Hern\u00e1n Etchepare 13, Federico Grun 12, Lucas Bianco 3, Duane Morgan 14 y Ezequiel Dentis 20 (FI). Juan Manuel Ruiz 6, Gian Franco Sinconi 8, C\u00e9sar Lavoratornuovo 2 y Mart\u00edn Percaz 5. DT: Guillermo Bogliacino.<\/p>\n<p><strong>Parciales:<\/strong> 17-19, 36-36 (19-17), 64-62 (28-26) y 91-83 (27-21).<\/p>\n<p><strong>\u00c1rbitros:<\/strong> Pedro Hoyo (Capital Federal) y Sergio L\u00f3pez (Jun\u00edn).<br \/>\n<strong><\/strong><\/p>\n<p><strong>Estadio:<\/strong> Polideportivo \u00c1ngel Cayetano Arias (DP).<\/p>\n<p><a href=\"http:\/\/www.fibalivestats.com\/u\/ADC\/213035\/\" target=\"_blank\" rel=\"noopener\">ESTAD\u00cdSTICAS OFICIALES<\/a><\/p>\n<p><strong>Fuente:<\/strong> Prensa Atenas Patagones y <a href=\"http:\/\/postebajo.com.ar\/\" target=\"_blank\" rel=\"noopener\">Poste Bajo<\/a>.<\/p>\n","protected":false},"excerpt":{"rendered":"<p>Deportivo derrot\u00f3 a Atenas Patagones por 91 a 83 en el inicio del TNA 2015-16<\/p>\n","protected":false},"author":1,"featured_media":52602,"comment_status":"closed","ping_status":"open","sticky":false,"template":"","format":"standard","meta":{"jnews-multi-image_gallery":[],"jnews_single_post":[],"jnews_primary_category":[],"footnotes":""},"categories":[112,39],"tags":[85,1096,121],"class_list":["post-52601","post","type-post","status-publish","format-standard","has-post-thumbnail","hentry","category-tna","category-nacional","tag-atenas-patagones","tag-deportivo-viedma","tag-tna"],"yoast_head":"<!-- This site is optimized with the Yoast SEO plugin v27.5 - https:\/\/yoast.com\/product\/yoast-seo-wordpress\/ -->\n<title>Viedma festej\u00f3 en el primero - Gente de B\u00e1squet<\/title>\n<meta name=\"robots\" content=\"index, follow, max-snippet:-1, max-image-preview:large, max-video-preview:-1\" \/>\n<link rel=\"canonical\" href=\"https:\/\/gentedebasquet.com.ar\/sitio\/2015\/10\/15\/viedma-festejo-en-el-primero\/\" \/>\n<meta property=\"og:locale\" content=\"es_ES\" \/>\n<meta property=\"og:type\" content=\"article\" \/>\n<meta property=\"og:title\" content=\"Viedma festej\u00f3 en el primero - Gente de B\u00e1squet\" \/>\n<meta property=\"og:description\" content=\"Deportivo derrot\u00f3 a Atenas Patagones por 91 a 83 en el inicio del TNA 2015-16\" \/>\n<meta property=\"og:url\" content=\"https:\/\/gentedebasquet.com.ar\/sitio\/2015\/10\/15\/viedma-festejo-en-el-primero\/\" \/>\n<meta property=\"og:site_name\" content=\"Gente de B\u00e1squet\" \/>\n<meta property=\"article:published_time\" content=\"2015-10-15T15:29:23+00:00\" \/>\n<meta property=\"og:image\" content=\"https:\/\/gentedebasquet.com.ar\/sitio\/wp-content\/uploads\/2015\/10\/Deportivo-Viedma-Atenas.jpg\" \/>\n\t<meta property=\"og:image:width\" content=\"300\" \/>\n\t<meta property=\"og:image:height\" content=\"211\" \/>\n\t<meta property=\"og:image:type\" content=\"image\/jpeg\" \/>\n<meta name=\"author\" content=\"Gente de B\u00e1squet\" \/>\n<meta name=\"twitter:card\" content=\"summary_large_image\" \/>\n<meta name=\"twitter:label1\" content=\"Escrito por\" \/>\n\t<meta name=\"twitter:data1\" content=\"Gente de B\u00e1squet\" \/>\n\t<meta name=\"twitter:label2\" content=\"Tiempo de lectura\" \/>\n\t<meta name=\"twitter:data2\" content=\"3 minutos\" \/>\n<script type=\"application\/ld+json\" class=\"yoast-schema-graph\">{\"@context\":\"https:\\\/\\\/schema.org\",\"@graph\":[{\"@type\":\"Article\",\"@id\":\"https:\\\/\\\/gentedebasquet.com.ar\\\/sitio\\\/2015\\\/10\\\/15\\\/viedma-festejo-en-el-primero\\\/#article\",\"isPartOf\":{\"@id\":\"https:\\\/\\\/gentedebasquet.com.ar\\\/sitio\\\/2015\\\/10\\\/15\\\/viedma-festejo-en-el-primero\\\/\"},\"author\":{\"name\":\"Gente de B\u00e1squet\",\"@id\":\"https:\\\/\\\/gentedebasquet.com.ar\\\/sitio\\\/#\\\/schema\\\/person\\\/ca0b63bbb977369988a7bbbdc519943a\"},\"headline\":\"Viedma festej\u00f3 en el primero\",\"datePublished\":\"2015-10-15T15:29:23+00:00\",\"mainEntityOfPage\":{\"@id\":\"https:\\\/\\\/gentedebasquet.com.ar\\\/sitio\\\/2015\\\/10\\\/15\\\/viedma-festejo-en-el-primero\\\/\"},\"wordCount\":617,\"image\":{\"@id\":\"https:\\\/\\\/gentedebasquet.com.ar\\\/sitio\\\/2015\\\/10\\\/15\\\/viedma-festejo-en-el-primero\\\/#primaryimage\"},\"thumbnailUrl\":\"https:\\\/\\\/gentedebasquet.com.ar\\\/sitio\\\/wp-content\\\/uploads\\\/2015\\\/10\\\/Deportivo-Viedma-Atenas.jpg\",\"keywords\":[\"Atenas Patagones\",\"Deportivo Viedma\",\"TNA\"],\"articleSection\":[\"Liga Argentina\",\"Nacional\"],\"inLanguage\":\"es\"},{\"@type\":\"WebPage\",\"@id\":\"https:\\\/\\\/gentedebasquet.com.ar\\\/sitio\\\/2015\\\/10\\\/15\\\/viedma-festejo-en-el-primero\\\/\",\"url\":\"https:\\\/\\\/gentedebasquet.com.ar\\\/sitio\\\/2015\\\/10\\\/15\\\/viedma-festejo-en-el-primero\\\/\",\"name\":\"Viedma festej\u00f3 en el primero - Gente de B\u00e1squet\",\"isPartOf\":{\"@id\":\"https:\\\/\\\/gentedebasquet.com.ar\\\/sitio\\\/#website\"},\"primaryImageOfPage\":{\"@id\":\"https:\\\/\\\/gentedebasquet.com.ar\\\/sitio\\\/2015\\\/10\\\/15\\\/viedma-festejo-en-el-primero\\\/#primaryimage\"},\"image\":{\"@id\":\"https:\\\/\\\/gentedebasquet.com.ar\\\/sitio\\\/2015\\\/10\\\/15\\\/viedma-festejo-en-el-primero\\\/#primaryimage\"},\"thumbnailUrl\":\"https:\\\/\\\/gentedebasquet.com.ar\\\/sitio\\\/wp-content\\\/uploads\\\/2015\\\/10\\\/Deportivo-Viedma-Atenas.jpg\",\"datePublished\":\"2015-10-15T15:29:23+00:00\",\"author\":{\"@id\":\"https:\\\/\\\/gentedebasquet.com.ar\\\/sitio\\\/#\\\/schema\\\/person\\\/ca0b63bbb977369988a7bbbdc519943a\"},\"breadcrumb\":{\"@id\":\"https:\\\/\\\/gentedebasquet.com.ar\\\/sitio\\\/2015\\\/10\\\/15\\\/viedma-festejo-en-el-primero\\\/#breadcrumb\"},\"inLanguage\":\"es\",\"potentialAction\":[{\"@type\":\"ReadAction\",\"target\":[\"https:\\\/\\\/gentedebasquet.com.ar\\\/sitio\\\/2015\\\/10\\\/15\\\/viedma-festejo-en-el-primero\\\/\"]}]},{\"@type\":\"ImageObject\",\"inLanguage\":\"es\",\"@id\":\"https:\\\/\\\/gentedebasquet.com.ar\\\/sitio\\\/2015\\\/10\\\/15\\\/viedma-festejo-en-el-primero\\\/#primaryimage\",\"url\":\"https:\\\/\\\/gentedebasquet.com.ar\\\/sitio\\\/wp-content\\\/uploads\\\/2015\\\/10\\\/Deportivo-Viedma-Atenas.jpg\",\"contentUrl\":\"https:\\\/\\\/gentedebasquet.com.ar\\\/sitio\\\/wp-content\\\/uploads\\\/2015\\\/10\\\/Deportivo-Viedma-Atenas.jpg\",\"width\":300,\"height\":211},{\"@type\":\"BreadcrumbList\",\"@id\":\"https:\\\/\\\/gentedebasquet.com.ar\\\/sitio\\\/2015\\\/10\\\/15\\\/viedma-festejo-en-el-primero\\\/#breadcrumb\",\"itemListElement\":[{\"@type\":\"ListItem\",\"position\":1,\"name\":\"Portada\",\"item\":\"https:\\\/\\\/gentedebasquet.com.ar\\\/sitio\\\/\"},{\"@type\":\"ListItem\",\"position\":2,\"name\":\"Viedma festej\u00f3 en el primero\"}]},{\"@type\":\"WebSite\",\"@id\":\"https:\\\/\\\/gentedebasquet.com.ar\\\/sitio\\\/#website\",\"url\":\"https:\\\/\\\/gentedebasquet.com.ar\\\/sitio\\\/\",\"name\":\"Gente de B\u00e1squet\",\"description\":\"La revista del basquet de Bah\u00eda Blanca\",\"potentialAction\":[{\"@type\":\"SearchAction\",\"target\":{\"@type\":\"EntryPoint\",\"urlTemplate\":\"https:\\\/\\\/gentedebasquet.com.ar\\\/sitio\\\/?s={search_term_string}\"},\"query-input\":{\"@type\":\"PropertyValueSpecification\",\"valueRequired\":true,\"valueName\":\"search_term_string\"}}],\"inLanguage\":\"es\"},{\"@type\":\"Person\",\"@id\":\"https:\\\/\\\/gentedebasquet.com.ar\\\/sitio\\\/#\\\/schema\\\/person\\\/ca0b63bbb977369988a7bbbdc519943a\",\"name\":\"Gente de B\u00e1squet\",\"image\":{\"@type\":\"ImageObject\",\"inLanguage\":\"es\",\"@id\":\"https:\\\/\\\/secure.gravatar.com\\\/avatar\\\/7f2c48bdc33b30088f941fb6082e555f2874c98e20cb159d7b92b50eadfce793?s=96&d=mm&r=g\",\"url\":\"https:\\\/\\\/secure.gravatar.com\\\/avatar\\\/7f2c48bdc33b30088f941fb6082e555f2874c98e20cb159d7b92b50eadfce793?s=96&d=mm&r=g\",\"contentUrl\":\"https:\\\/\\\/secure.gravatar.com\\\/avatar\\\/7f2c48bdc33b30088f941fb6082e555f2874c98e20cb159d7b92b50eadfce793?s=96&d=mm&r=g\",\"caption\":\"Gente de B\u00e1squet\"},\"sameAs\":[\"http:\\\/\\\/gentedebasquet.com.ar\\\/sitio\"],\"url\":\"https:\\\/\\\/gentedebasquet.com.ar\\\/sitio\\\/author\\\/ulises\\\/\"}]}<\/script>\n<!-- \/ Yoast SEO plugin. -->","yoast_head_json":{"title":"Viedma festej\u00f3 en el primero - Gente de B\u00e1squet","robots":{"index":"index","follow":"follow","max-snippet":"max-snippet:-1","max-image-preview":"max-image-preview:large","max-video-preview":"max-video-preview:-1"},"canonical":"https:\/\/gentedebasquet.com.ar\/sitio\/2015\/10\/15\/viedma-festejo-en-el-primero\/","og_locale":"es_ES","og_type":"article","og_title":"Viedma festej\u00f3 en el primero - Gente de B\u00e1squet","og_description":"Deportivo derrot\u00f3 a Atenas Patagones por 91 a 83 en el inicio del TNA 2015-16","og_url":"https:\/\/gentedebasquet.com.ar\/sitio\/2015\/10\/15\/viedma-festejo-en-el-primero\/","og_site_name":"Gente de B\u00e1squet","article_published_time":"2015-10-15T15:29:23+00:00","og_image":[{"width":300,"height":211,"url":"https:\/\/gentedebasquet.com.ar\/sitio\/wp-content\/uploads\/2015\/10\/Deportivo-Viedma-Atenas.jpg","type":"image\/jpeg"}],"author":"Gente de B\u00e1squet","twitter_card":"summary_large_image","twitter_misc":{"Escrito por":"Gente de B\u00e1squet","Tiempo de lectura":"3 minutos"},"schema":{"@context":"https:\/\/schema.org","@graph":[{"@type":"Article","@id":"https:\/\/gentedebasquet.com.ar\/sitio\/2015\/10\/15\/viedma-festejo-en-el-primero\/#article","isPartOf":{"@id":"https:\/\/gentedebasquet.com.ar\/sitio\/2015\/10\/15\/viedma-festejo-en-el-primero\/"},"author":{"name":"Gente de B\u00e1squet","@id":"https:\/\/gentedebasquet.com.ar\/sitio\/#\/schema\/person\/ca0b63bbb977369988a7bbbdc519943a"},"headline":"Viedma festej\u00f3 en el primero","datePublished":"2015-10-15T15:29:23+00:00","mainEntityOfPage":{"@id":"https:\/\/gentedebasquet.com.ar\/sitio\/2015\/10\/15\/viedma-festejo-en-el-primero\/"},"wordCount":617,"image":{"@id":"https:\/\/gentedebasquet.com.ar\/sitio\/2015\/10\/15\/viedma-festejo-en-el-primero\/#primaryimage"},"thumbnailUrl":"https:\/\/gentedebasquet.com.ar\/sitio\/wp-content\/uploads\/2015\/10\/Deportivo-Viedma-Atenas.jpg","keywords":["Atenas Patagones","Deportivo Viedma","TNA"],"articleSection":["Liga Argentina","Nacional"],"inLanguage":"es"},{"@type":"WebPage","@id":"https:\/\/gentedebasquet.com.ar\/sitio\/2015\/10\/15\/viedma-festejo-en-el-primero\/","url":"https:\/\/gentedebasquet.com.ar\/sitio\/2015\/10\/15\/viedma-festejo-en-el-primero\/","name":"Viedma festej\u00f3 en el primero - Gente de B\u00e1squet","isPartOf":{"@id":"https:\/\/gentedebasquet.com.ar\/sitio\/#website"},"primaryImageOfPage":{"@id":"https:\/\/gentedebasquet.com.ar\/sitio\/2015\/10\/15\/viedma-festejo-en-el-primero\/#primaryimage"},"image":{"@id":"https:\/\/gentedebasquet.com.ar\/sitio\/2015\/10\/15\/viedma-festejo-en-el-primero\/#primaryimage"},"thumbnailUrl":"https:\/\/gentedebasquet.com.ar\/sitio\/wp-content\/uploads\/2015\/10\/Deportivo-Viedma-Atenas.jpg","datePublished":"2015-10-15T15:29:23+00:00","author":{"@id":"https:\/\/gentedebasquet.com.ar\/sitio\/#\/schema\/person\/ca0b63bbb977369988a7bbbdc519943a"},"breadcrumb":{"@id":"https:\/\/gentedebasquet.com.ar\/sitio\/2015\/10\/15\/viedma-festejo-en-el-primero\/#breadcrumb"},"inLanguage":"es","potentialAction":[{"@type":"ReadAction","target":["https:\/\/gentedebasquet.com.ar\/sitio\/2015\/10\/15\/viedma-festejo-en-el-primero\/"]}]},{"@type":"ImageObject","inLanguage":"es","@id":"https:\/\/gentedebasquet.com.ar\/sitio\/2015\/10\/15\/viedma-festejo-en-el-primero\/#primaryimage","url":"https:\/\/gentedebasquet.com.ar\/sitio\/wp-content\/uploads\/2015\/10\/Deportivo-Viedma-Atenas.jpg","contentUrl":"https:\/\/gentedebasquet.com.ar\/sitio\/wp-content\/uploads\/2015\/10\/Deportivo-Viedma-Atenas.jpg","width":300,"height":211},{"@type":"BreadcrumbList","@id":"https:\/\/gentedebasquet.com.ar\/sitio\/2015\/10\/15\/viedma-festejo-en-el-primero\/#breadcrumb","itemListElement":[{"@type":"ListItem","position":1,"name":"Portada","item":"https:\/\/gentedebasquet.com.ar\/sitio\/"},{"@type":"ListItem","position":2,"name":"Viedma festej\u00f3 en el primero"}]},{"@type":"WebSite","@id":"https:\/\/gentedebasquet.com.ar\/sitio\/#website","url":"https:\/\/gentedebasquet.com.ar\/sitio\/","name":"Gente de B\u00e1squet","description":"La revista del basquet de Bah\u00eda Blanca","potentialAction":[{"@type":"SearchAction","target":{"@type":"EntryPoint","urlTemplate":"https:\/\/gentedebasquet.com.ar\/sitio\/?s={search_term_string}"},"query-input":{"@type":"PropertyValueSpecification","valueRequired":true,"valueName":"search_term_string"}}],"inLanguage":"es"},{"@type":"Person","@id":"https:\/\/gentedebasquet.com.ar\/sitio\/#\/schema\/person\/ca0b63bbb977369988a7bbbdc519943a","name":"Gente de B\u00e1squet","image":{"@type":"ImageObject","inLanguage":"es","@id":"https:\/\/secure.gravatar.com\/avatar\/7f2c48bdc33b30088f941fb6082e555f2874c98e20cb159d7b92b50eadfce793?s=96&d=mm&r=g","url":"https:\/\/secure.gravatar.com\/avatar\/7f2c48bdc33b30088f941fb6082e555f2874c98e20cb159d7b92b50eadfce793?s=96&d=mm&r=g","contentUrl":"https:\/\/secure.gravatar.com\/avatar\/7f2c48bdc33b30088f941fb6082e555f2874c98e20cb159d7b92b50eadfce793?s=96&d=mm&r=g","caption":"Gente de B\u00e1squet"},"sameAs":["http:\/\/gentedebasquet.com.ar\/sitio"],"url":"https:\/\/gentedebasquet.com.ar\/sitio\/author\/ulises\/"}]}},"_links":{"self":[{"href":"https:\/\/gentedebasquet.com.ar\/sitio\/wp-json\/wp\/v2\/posts\/52601","targetHints":{"allow":["GET"]}}],"collection":[{"href":"https:\/\/gentedebasquet.com.ar\/sitio\/wp-json\/wp\/v2\/posts"}],"about":[{"href":"https:\/\/gentedebasquet.com.ar\/sitio\/wp-json\/wp\/v2\/types\/post"}],"author":[{"embeddable":true,"href":"https:\/\/gentedebasquet.com.ar\/sitio\/wp-json\/wp\/v2\/users\/1"}],"replies":[{"embeddable":true,"href":"https:\/\/gentedebasquet.com.ar\/sitio\/wp-json\/wp\/v2\/comments?post=52601"}],"version-history":[{"count":0,"href":"https:\/\/gentedebasquet.com.ar\/sitio\/wp-json\/wp\/v2\/posts\/52601\/revisions"}],"wp:featuredmedia":[{"embeddable":true,"href":"https:\/\/gentedebasquet.com.ar\/sitio\/wp-json\/wp\/v2\/media\/52602"}],"wp:attachment":[{"href":"https:\/\/gentedebasquet.com.ar\/sitio\/wp-json\/wp\/v2\/media?parent=52601"}],"wp:term":[{"taxonomy":"category","embeddable":true,"href":"https:\/\/gentedebasquet.com.ar\/sitio\/wp-json\/wp\/v2\/categories?post=52601"},{"taxonomy":"post_tag","embeddable":true,"href":"https:\/\/gentedebasquet.com.ar\/sitio\/wp-json\/wp\/v2\/tags?post=52601"}],"curies":[{"name":"wp","href":"https:\/\/api.w.org\/{rel}","templated":true}]}}