{"id":52637,"date":"2015-10-15T23:05:05","date_gmt":"2015-10-16T02:05:05","guid":{"rendered":"http:\/\/www.gentedebasquet.com.ar\/?p=52637"},"modified":"2015-10-15T23:05:05","modified_gmt":"2015-10-16T02:05:05","slug":"de-tr3s-en-tr3s","status":"publish","type":"post","link":"https:\/\/gentedebasquet.com.ar\/sitio\/2015\/10\/15\/de-tr3s-en-tr3s\/","title":{"rendered":"De tr3s en tr3s"},"content":{"rendered":"<p><strong>Alem volvi\u00f3 a la victoria de local: derrot\u00f3 a 9 de Julio por 100-75 completando una gran noche desde el per\u00edmetro (14\/32). En los locales, Foulkes fue el de mayor goleo con 20 puntos (4\/6 T3, 2\/5 T2 y 4\/9 TL); adem\u00e1s de sumar 5 rebotes y 5 recuperos. Tambi\u00e9n aportaron para el verdirrojo Gigena (19 &#8211; 10\/12 TL), Miguel (15), Barba (6\/10 T2) y Wygladacz (5\/8 T2) con 13. <strong>El goleador del partido visitante: Jos\u00e9 Luis Martinez, con 21 puntos (7\/13 T2 y 7\/7 TL) y 8 rebotes.\u00a0<\/strong>Un gran primer cuarto (30-19) le alcanzo a el local para dominar el juego y volver a sumar de local.<\/strong><\/p>\n<p>Las primeras ofensivas del partido fueron para el visitante despu\u00e9s del salto inicial, pero no logro convertir. Si lo hizo Alem y paso r\u00e1pidamente al frente (parcial de 6-0) en los primeros 2m. El primer doble de \u00ab9\u00bb llego reci\u00e9n a 7m15, con puntos desde la pintura (Z\u00e1rate). Lo mejor de la visita se vio despu\u00e9s del ingreso del Colo Mart\u00ednez, que convirti\u00f3 4 puntos seguidos. Aunque el local enseguida meti\u00f3 un 10-4 v\u00eda Wygladacz, Barba y Foulkes. \u00ab9\u00bb perdi\u00f3 6 pelotas en este parcial, 5 en los primeros 5 minutos, y encima Miguel le dio ventaja de 7 a su equipo con una bomba (17-10). Pena respondi\u00f3 con un tiro perimetral por el lado visitante despu\u00e9s de un minuto pedido por Rold\u00e1n, pero Wygladacz (1\/2 T3) estir\u00f3 la ventaja: 24-13.<\/p>\n<p>Luego de los dos puntos anotados por Foulkes y Wygladacz en el comienzo, la visita descont\u00f3 con un parcial de 6-0 para quedar 9 abajo (34-25). Ese fue el momento del minuto local a 8m22 del ET. Con la aparici\u00f3n de Priore en la base y una conversi\u00f3n a distancia, el local mantuvo el liderazgo. All\u00ed empezaron a castigarse a distancia: Mat\u00edas L\u00f3pez primero y Foulkes despu\u00e9s para estirar a 11 en ese momento (47-36). Adem\u00e1s, Z\u00e1rate lleg\u00f3 a la cuarta falta en este cuarto, a 2m20 para el final de este parcial, condicionando sus minutos en el complemento.<\/p>\n<p>Foulkes comenz\u00f3 efectivo nuevamente, con su tiro a distancia (3\/4 en el partido hasta el momento). Bl\u00e1zquez tuvo una r\u00e1faga goleadora de 5 puntos para anotar los primeros puntos de \u201c9\u201d en la segunda mitad. No obstante, pasando la mitad del cuarto, Alem estaba arriba por 6 tantos (59-53). Este fue el mejor momento de la visita, pero no le alcanz\u00f3 para mantenerlo y dar el zarpazo. La visita perdi\u00f3 este cuarto (22-20) y llego abajo en el marcador por 12 a los \u00faltimos 10 minutos de juego.<\/p>\n<p>El parcial se abri\u00f3 de id\u00e9ntica manera a los anteriores: triple de Miguel y ventaja de 15. Todo fue para Alem, que manej\u00f3 la pelota, tuvo paciencia y gol. Nuevamente Miguel convirti\u00f3 de 3 puntos (2\/2 T3) y oblig\u00f3 a Roldan a pedir tiempo muerto. Al regresar a la cancha, faltando 7m52, otro triple del mismo jugador y el partido se termin\u00f3 de definir. La efectividad\u00a0 fue alta, ya que 42 de los 100 puntos llegaron por esa v\u00eda. La visita convirti\u00f3 5\/7 en T2 pero no fue suficiente, perdi\u00f3 muchas pelotas como lo hizo en el primer tiempo y corri\u00f3 siempre de atr\u00e1s. El \u00faltimo tiro fue de Tidei, convirtiendo en su \u00fanico intento y llegando a los 100 puntos con su equipo.<\/p>\n<p>&nbsp;<\/p>\n<p><b style=\"line-height: 1.5em;\">S\u00edntesis<\/b><span style=\"line-height: 1.5em;\">\u00a0| Primera &#8211; Oficial &#8211; Fecha#14<\/span><\/p>\n<p><strong>Alem 100:<\/strong> Gonzalo Etchepare 7, Mart\u00edn Miguel 15, Dami\u00e1n Foulkes 20, Emanuel Wygladacz 13, Stefano Barba 13\u00a0(Fi); Augusto Priore 8, Nicol\u00e1s Leguizam\u00f3n 2, Mart\u00edn \u00c1lvarez 0, Walter Gigena (x) 19, Genaro Priore 0 y Bruno Tidei 3. DT: Miguel Loffredo.<\/p>\n<p><strong>9 de Julio 75:<\/strong> Agustin Pena 10, Fernando Pe\u00f1alver 2, Marcelino Bodillo 0, Jonathan Thorp 11,\u00a0Alexis Zarate 11 (Fi); Jos\u00e9 Luis Mart\u00ednez 21,\u00a0Mat\u00edas L\u00f3pez 9, Mauro Bl\u00e1zquez 7, Dami\u00e1n Su\u00e1rez 0 y Francisco Bonaguro 4. DT: Emiliano Rold\u00e1n.<\/p>\n<p><strong>Parciales:<\/strong> 30-19, 50-40 (20-21), 72-60 (22-20) y 100-75 (28-15).<\/p>\n<p><b>\u00c1rbitros<\/b><strong>:\u00a0<\/strong>Horacio Sed\u00e1n y Mariano Enrique.<\/p>\n<p><strong>Estadio:<\/strong> Daniel Lacunza (Alem).<\/p>\n<p><a class=\"modalf iframe\" title=\"Planilla\" href=\"https:\/\/docs.google.com\/spreadsheets\/d\/1Vf0GGZ_RDqiTRgf8kgfzuKGRdMi4Cwgtu08_AE18FCM\/pubhtml\" target=\"_blank\" rel=\"noopener\">Ver Planilla<\/a><\/p>\n","protected":false},"excerpt":{"rendered":"<p>Con una gran noche a distancia (14\/32), Alem le gan\u00f3 a 9 de Julio por 100 a 75<\/p>\n","protected":false},"author":1,"featured_media":52664,"comment_status":"closed","ping_status":"open","sticky":false,"template":"","format":"standard","meta":{"jnews-multi-image_gallery":[],"jnews_single_post":[],"jnews_primary_category":[],"footnotes":""},"categories":[23,101],"tags":[2,3,291,657,285,249,658],"class_list":["post-52637","post","type-post","status-publish","format-standard","has-post-thumbnail","hentry","category-primera","category-slide","tag-9dejulio","tag-alem","tag-alexis-zarate","tag-damian-foulkes","tag-jose-luis-martinez","tag-martin-miguel","tag-stefano-barba"],"yoast_head":"<!-- This site is optimized with the Yoast SEO plugin v27.5 - https:\/\/yoast.com\/product\/yoast-seo-wordpress\/ -->\n<title>De tr3s en tr3s - Gente de B\u00e1squet<\/title>\n<meta name=\"robots\" content=\"index, follow, max-snippet:-1, max-image-preview:large, max-video-preview:-1\" \/>\n<link rel=\"canonical\" href=\"https:\/\/gentedebasquet.com.ar\/sitio\/2015\/10\/15\/de-tr3s-en-tr3s\/\" \/>\n<meta property=\"og:locale\" content=\"es_ES\" \/>\n<meta property=\"og:type\" content=\"article\" \/>\n<meta property=\"og:title\" content=\"De tr3s en tr3s - Gente de B\u00e1squet\" \/>\n<meta property=\"og:description\" content=\"Con una gran noche a distancia (14\/32), Alem le gan\u00f3 a 9 de Julio por 100 a 75\" \/>\n<meta property=\"og:url\" content=\"https:\/\/gentedebasquet.com.ar\/sitio\/2015\/10\/15\/de-tr3s-en-tr3s\/\" \/>\n<meta property=\"og:site_name\" content=\"Gente de B\u00e1squet\" \/>\n<meta property=\"article:published_time\" content=\"2015-10-16T02:05:05+00:00\" \/>\n<meta property=\"og:image\" content=\"https:\/\/gentedebasquet.com.ar\/sitio\/wp-content\/uploads\/2015\/10\/Alem-9-de-Julio.jpg\" \/>\n\t<meta property=\"og:image:width\" content=\"690\" \/>\n\t<meta property=\"og:image:height\" content=\"319\" \/>\n\t<meta property=\"og:image:type\" content=\"image\/jpeg\" \/>\n<meta name=\"author\" content=\"Gente de B\u00e1squet\" \/>\n<meta name=\"twitter:card\" content=\"summary_large_image\" \/>\n<meta name=\"twitter:label1\" content=\"Escrito por\" \/>\n\t<meta name=\"twitter:data1\" content=\"Gente de B\u00e1squet\" \/>\n\t<meta name=\"twitter:label2\" content=\"Tiempo de lectura\" \/>\n\t<meta name=\"twitter:data2\" content=\"3 minutos\" \/>\n<script type=\"application\/ld+json\" class=\"yoast-schema-graph\">{\"@context\":\"https:\\\/\\\/schema.org\",\"@graph\":[{\"@type\":\"Article\",\"@id\":\"https:\\\/\\\/gentedebasquet.com.ar\\\/sitio\\\/2015\\\/10\\\/15\\\/de-tr3s-en-tr3s\\\/#article\",\"isPartOf\":{\"@id\":\"https:\\\/\\\/gentedebasquet.com.ar\\\/sitio\\\/2015\\\/10\\\/15\\\/de-tr3s-en-tr3s\\\/\"},\"author\":{\"name\":\"Gente de B\u00e1squet\",\"@id\":\"https:\\\/\\\/gentedebasquet.com.ar\\\/sitio\\\/#\\\/schema\\\/person\\\/ca0b63bbb977369988a7bbbdc519943a\"},\"headline\":\"De tr3s en tr3s\",\"datePublished\":\"2015-10-16T02:05:05+00:00\",\"mainEntityOfPage\":{\"@id\":\"https:\\\/\\\/gentedebasquet.com.ar\\\/sitio\\\/2015\\\/10\\\/15\\\/de-tr3s-en-tr3s\\\/\"},\"wordCount\":640,\"image\":{\"@id\":\"https:\\\/\\\/gentedebasquet.com.ar\\\/sitio\\\/2015\\\/10\\\/15\\\/de-tr3s-en-tr3s\\\/#primaryimage\"},\"thumbnailUrl\":\"https:\\\/\\\/gentedebasquet.com.ar\\\/sitio\\\/wp-content\\\/uploads\\\/2015\\\/10\\\/Alem-9-de-Julio.jpg\",\"keywords\":[\"9 de Julio\",\"Alem\",\"Alexis Zarate\",\"Dami\u00e1n Foulkes\",\"Jos\u00e9 Luis Mart\u00ednez\",\"Mart\u00edn Miguel\",\"St\u00e9fano Barba\"],\"articleSection\":[\"Primera\",\"Slide\"],\"inLanguage\":\"es\"},{\"@type\":\"WebPage\",\"@id\":\"https:\\\/\\\/gentedebasquet.com.ar\\\/sitio\\\/2015\\\/10\\\/15\\\/de-tr3s-en-tr3s\\\/\",\"url\":\"https:\\\/\\\/gentedebasquet.com.ar\\\/sitio\\\/2015\\\/10\\\/15\\\/de-tr3s-en-tr3s\\\/\",\"name\":\"De tr3s en tr3s - Gente de B\u00e1squet\",\"isPartOf\":{\"@id\":\"https:\\\/\\\/gentedebasquet.com.ar\\\/sitio\\\/#website\"},\"primaryImageOfPage\":{\"@id\":\"https:\\\/\\\/gentedebasquet.com.ar\\\/sitio\\\/2015\\\/10\\\/15\\\/de-tr3s-en-tr3s\\\/#primaryimage\"},\"image\":{\"@id\":\"https:\\\/\\\/gentedebasquet.com.ar\\\/sitio\\\/2015\\\/10\\\/15\\\/de-tr3s-en-tr3s\\\/#primaryimage\"},\"thumbnailUrl\":\"https:\\\/\\\/gentedebasquet.com.ar\\\/sitio\\\/wp-content\\\/uploads\\\/2015\\\/10\\\/Alem-9-de-Julio.jpg\",\"datePublished\":\"2015-10-16T02:05:05+00:00\",\"author\":{\"@id\":\"https:\\\/\\\/gentedebasquet.com.ar\\\/sitio\\\/#\\\/schema\\\/person\\\/ca0b63bbb977369988a7bbbdc519943a\"},\"breadcrumb\":{\"@id\":\"https:\\\/\\\/gentedebasquet.com.ar\\\/sitio\\\/2015\\\/10\\\/15\\\/de-tr3s-en-tr3s\\\/#breadcrumb\"},\"inLanguage\":\"es\",\"potentialAction\":[{\"@type\":\"ReadAction\",\"target\":[\"https:\\\/\\\/gentedebasquet.com.ar\\\/sitio\\\/2015\\\/10\\\/15\\\/de-tr3s-en-tr3s\\\/\"]}]},{\"@type\":\"ImageObject\",\"inLanguage\":\"es\",\"@id\":\"https:\\\/\\\/gentedebasquet.com.ar\\\/sitio\\\/2015\\\/10\\\/15\\\/de-tr3s-en-tr3s\\\/#primaryimage\",\"url\":\"https:\\\/\\\/gentedebasquet.com.ar\\\/sitio\\\/wp-content\\\/uploads\\\/2015\\\/10\\\/Alem-9-de-Julio.jpg\",\"contentUrl\":\"https:\\\/\\\/gentedebasquet.com.ar\\\/sitio\\\/wp-content\\\/uploads\\\/2015\\\/10\\\/Alem-9-de-Julio.jpg\",\"width\":690,\"height\":319},{\"@type\":\"BreadcrumbList\",\"@id\":\"https:\\\/\\\/gentedebasquet.com.ar\\\/sitio\\\/2015\\\/10\\\/15\\\/de-tr3s-en-tr3s\\\/#breadcrumb\",\"itemListElement\":[{\"@type\":\"ListItem\",\"position\":1,\"name\":\"Portada\",\"item\":\"https:\\\/\\\/gentedebasquet.com.ar\\\/sitio\\\/\"},{\"@type\":\"ListItem\",\"position\":2,\"name\":\"De tr3s en tr3s\"}]},{\"@type\":\"WebSite\",\"@id\":\"https:\\\/\\\/gentedebasquet.com.ar\\\/sitio\\\/#website\",\"url\":\"https:\\\/\\\/gentedebasquet.com.ar\\\/sitio\\\/\",\"name\":\"Gente de B\u00e1squet\",\"description\":\"La revista del basquet de Bah\u00eda Blanca\",\"potentialAction\":[{\"@type\":\"SearchAction\",\"target\":{\"@type\":\"EntryPoint\",\"urlTemplate\":\"https:\\\/\\\/gentedebasquet.com.ar\\\/sitio\\\/?s={search_term_string}\"},\"query-input\":{\"@type\":\"PropertyValueSpecification\",\"valueRequired\":true,\"valueName\":\"search_term_string\"}}],\"inLanguage\":\"es\"},{\"@type\":\"Person\",\"@id\":\"https:\\\/\\\/gentedebasquet.com.ar\\\/sitio\\\/#\\\/schema\\\/person\\\/ca0b63bbb977369988a7bbbdc519943a\",\"name\":\"Gente de B\u00e1squet\",\"image\":{\"@type\":\"ImageObject\",\"inLanguage\":\"es\",\"@id\":\"https:\\\/\\\/secure.gravatar.com\\\/avatar\\\/7f2c48bdc33b30088f941fb6082e555f2874c98e20cb159d7b92b50eadfce793?s=96&d=mm&r=g\",\"url\":\"https:\\\/\\\/secure.gravatar.com\\\/avatar\\\/7f2c48bdc33b30088f941fb6082e555f2874c98e20cb159d7b92b50eadfce793?s=96&d=mm&r=g\",\"contentUrl\":\"https:\\\/\\\/secure.gravatar.com\\\/avatar\\\/7f2c48bdc33b30088f941fb6082e555f2874c98e20cb159d7b92b50eadfce793?s=96&d=mm&r=g\",\"caption\":\"Gente de B\u00e1squet\"},\"sameAs\":[\"http:\\\/\\\/gentedebasquet.com.ar\\\/sitio\"],\"url\":\"https:\\\/\\\/gentedebasquet.com.ar\\\/sitio\\\/author\\\/ulises\\\/\"}]}<\/script>\n<!-- \/ Yoast SEO plugin. -->","yoast_head_json":{"title":"De tr3s en tr3s - Gente de B\u00e1squet","robots":{"index":"index","follow":"follow","max-snippet":"max-snippet:-1","max-image-preview":"max-image-preview:large","max-video-preview":"max-video-preview:-1"},"canonical":"https:\/\/gentedebasquet.com.ar\/sitio\/2015\/10\/15\/de-tr3s-en-tr3s\/","og_locale":"es_ES","og_type":"article","og_title":"De tr3s en tr3s - Gente de B\u00e1squet","og_description":"Con una gran noche a distancia (14\/32), Alem le gan\u00f3 a 9 de Julio por 100 a 75","og_url":"https:\/\/gentedebasquet.com.ar\/sitio\/2015\/10\/15\/de-tr3s-en-tr3s\/","og_site_name":"Gente de B\u00e1squet","article_published_time":"2015-10-16T02:05:05+00:00","og_image":[{"width":690,"height":319,"url":"https:\/\/gentedebasquet.com.ar\/sitio\/wp-content\/uploads\/2015\/10\/Alem-9-de-Julio.jpg","type":"image\/jpeg"}],"author":"Gente de B\u00e1squet","twitter_card":"summary_large_image","twitter_misc":{"Escrito por":"Gente de B\u00e1squet","Tiempo de lectura":"3 minutos"},"schema":{"@context":"https:\/\/schema.org","@graph":[{"@type":"Article","@id":"https:\/\/gentedebasquet.com.ar\/sitio\/2015\/10\/15\/de-tr3s-en-tr3s\/#article","isPartOf":{"@id":"https:\/\/gentedebasquet.com.ar\/sitio\/2015\/10\/15\/de-tr3s-en-tr3s\/"},"author":{"name":"Gente de B\u00e1squet","@id":"https:\/\/gentedebasquet.com.ar\/sitio\/#\/schema\/person\/ca0b63bbb977369988a7bbbdc519943a"},"headline":"De tr3s en tr3s","datePublished":"2015-10-16T02:05:05+00:00","mainEntityOfPage":{"@id":"https:\/\/gentedebasquet.com.ar\/sitio\/2015\/10\/15\/de-tr3s-en-tr3s\/"},"wordCount":640,"image":{"@id":"https:\/\/gentedebasquet.com.ar\/sitio\/2015\/10\/15\/de-tr3s-en-tr3s\/#primaryimage"},"thumbnailUrl":"https:\/\/gentedebasquet.com.ar\/sitio\/wp-content\/uploads\/2015\/10\/Alem-9-de-Julio.jpg","keywords":["9 de Julio","Alem","Alexis Zarate","Dami\u00e1n Foulkes","Jos\u00e9 Luis Mart\u00ednez","Mart\u00edn Miguel","St\u00e9fano Barba"],"articleSection":["Primera","Slide"],"inLanguage":"es"},{"@type":"WebPage","@id":"https:\/\/gentedebasquet.com.ar\/sitio\/2015\/10\/15\/de-tr3s-en-tr3s\/","url":"https:\/\/gentedebasquet.com.ar\/sitio\/2015\/10\/15\/de-tr3s-en-tr3s\/","name":"De tr3s en tr3s - Gente de B\u00e1squet","isPartOf":{"@id":"https:\/\/gentedebasquet.com.ar\/sitio\/#website"},"primaryImageOfPage":{"@id":"https:\/\/gentedebasquet.com.ar\/sitio\/2015\/10\/15\/de-tr3s-en-tr3s\/#primaryimage"},"image":{"@id":"https:\/\/gentedebasquet.com.ar\/sitio\/2015\/10\/15\/de-tr3s-en-tr3s\/#primaryimage"},"thumbnailUrl":"https:\/\/gentedebasquet.com.ar\/sitio\/wp-content\/uploads\/2015\/10\/Alem-9-de-Julio.jpg","datePublished":"2015-10-16T02:05:05+00:00","author":{"@id":"https:\/\/gentedebasquet.com.ar\/sitio\/#\/schema\/person\/ca0b63bbb977369988a7bbbdc519943a"},"breadcrumb":{"@id":"https:\/\/gentedebasquet.com.ar\/sitio\/2015\/10\/15\/de-tr3s-en-tr3s\/#breadcrumb"},"inLanguage":"es","potentialAction":[{"@type":"ReadAction","target":["https:\/\/gentedebasquet.com.ar\/sitio\/2015\/10\/15\/de-tr3s-en-tr3s\/"]}]},{"@type":"ImageObject","inLanguage":"es","@id":"https:\/\/gentedebasquet.com.ar\/sitio\/2015\/10\/15\/de-tr3s-en-tr3s\/#primaryimage","url":"https:\/\/gentedebasquet.com.ar\/sitio\/wp-content\/uploads\/2015\/10\/Alem-9-de-Julio.jpg","contentUrl":"https:\/\/gentedebasquet.com.ar\/sitio\/wp-content\/uploads\/2015\/10\/Alem-9-de-Julio.jpg","width":690,"height":319},{"@type":"BreadcrumbList","@id":"https:\/\/gentedebasquet.com.ar\/sitio\/2015\/10\/15\/de-tr3s-en-tr3s\/#breadcrumb","itemListElement":[{"@type":"ListItem","position":1,"name":"Portada","item":"https:\/\/gentedebasquet.com.ar\/sitio\/"},{"@type":"ListItem","position":2,"name":"De tr3s en tr3s"}]},{"@type":"WebSite","@id":"https:\/\/gentedebasquet.com.ar\/sitio\/#website","url":"https:\/\/gentedebasquet.com.ar\/sitio\/","name":"Gente de B\u00e1squet","description":"La revista del basquet de Bah\u00eda Blanca","potentialAction":[{"@type":"SearchAction","target":{"@type":"EntryPoint","urlTemplate":"https:\/\/gentedebasquet.com.ar\/sitio\/?s={search_term_string}"},"query-input":{"@type":"PropertyValueSpecification","valueRequired":true,"valueName":"search_term_string"}}],"inLanguage":"es"},{"@type":"Person","@id":"https:\/\/gentedebasquet.com.ar\/sitio\/#\/schema\/person\/ca0b63bbb977369988a7bbbdc519943a","name":"Gente de B\u00e1squet","image":{"@type":"ImageObject","inLanguage":"es","@id":"https:\/\/secure.gravatar.com\/avatar\/7f2c48bdc33b30088f941fb6082e555f2874c98e20cb159d7b92b50eadfce793?s=96&d=mm&r=g","url":"https:\/\/secure.gravatar.com\/avatar\/7f2c48bdc33b30088f941fb6082e555f2874c98e20cb159d7b92b50eadfce793?s=96&d=mm&r=g","contentUrl":"https:\/\/secure.gravatar.com\/avatar\/7f2c48bdc33b30088f941fb6082e555f2874c98e20cb159d7b92b50eadfce793?s=96&d=mm&r=g","caption":"Gente de B\u00e1squet"},"sameAs":["http:\/\/gentedebasquet.com.ar\/sitio"],"url":"https:\/\/gentedebasquet.com.ar\/sitio\/author\/ulises\/"}]}},"_links":{"self":[{"href":"https:\/\/gentedebasquet.com.ar\/sitio\/wp-json\/wp\/v2\/posts\/52637","targetHints":{"allow":["GET"]}}],"collection":[{"href":"https:\/\/gentedebasquet.com.ar\/sitio\/wp-json\/wp\/v2\/posts"}],"about":[{"href":"https:\/\/gentedebasquet.com.ar\/sitio\/wp-json\/wp\/v2\/types\/post"}],"author":[{"embeddable":true,"href":"https:\/\/gentedebasquet.com.ar\/sitio\/wp-json\/wp\/v2\/users\/1"}],"replies":[{"embeddable":true,"href":"https:\/\/gentedebasquet.com.ar\/sitio\/wp-json\/wp\/v2\/comments?post=52637"}],"version-history":[{"count":0,"href":"https:\/\/gentedebasquet.com.ar\/sitio\/wp-json\/wp\/v2\/posts\/52637\/revisions"}],"wp:featuredmedia":[{"embeddable":true,"href":"https:\/\/gentedebasquet.com.ar\/sitio\/wp-json\/wp\/v2\/media\/52664"}],"wp:attachment":[{"href":"https:\/\/gentedebasquet.com.ar\/sitio\/wp-json\/wp\/v2\/media?parent=52637"}],"wp:term":[{"taxonomy":"category","embeddable":true,"href":"https:\/\/gentedebasquet.com.ar\/sitio\/wp-json\/wp\/v2\/categories?post=52637"},{"taxonomy":"post_tag","embeddable":true,"href":"https:\/\/gentedebasquet.com.ar\/sitio\/wp-json\/wp\/v2\/tags?post=52637"}],"curies":[{"name":"wp","href":"https:\/\/api.w.org\/{rel}","templated":true}]}}