{"id":52645,"date":"2015-10-15T23:25:25","date_gmt":"2015-10-16T02:25:25","guid":{"rendered":"http:\/\/www.gentedebasquet.com.ar\/?p=52645"},"modified":"2015-10-15T23:25:25","modified_gmt":"2015-10-16T02:25:25","slug":"la-avenida-es-de-liniers","status":"publish","type":"post","link":"https:\/\/gentedebasquet.com.ar\/sitio\/2015\/10\/15\/la-avenida-es-de-liniers\/","title":{"rendered":"La avenida es de Liniers"},"content":{"rendered":"<p><b>En un nuevo cl\u00e1sico de la Avenida Alem, el Chivo batall\u00f3 y venci\u00f3 94-90 a Napost\u00e1 en suplementario, tras haber igualado 79-79 en el tiempo regular. As\u00ed el conjunto de Sebasti\u00e1n Aleksoski se qued\u00f3, hasta el momento, con tres de los cuatro encuentros disputados en el a\u00f1o ante Napo y se repuso de la ca\u00edda frente a Estudiantes. El due\u00f1o de casa domin\u00f3 ampliamente la lucha a\u00e9rea (42-25) y encontr\u00f3 v\u00edas de gol m\u00e1s que confiables en las manos de Fabricio Starc (31 y 12 reb), Gonzalo Mart\u00ednez (27) y Mat\u00edas Mart\u00ednez (12 \u2013 8 en el TS) para sacar adelante el partido. Mientras que en la visita, que puso a cinco elementos en dos d\u00edgitos de puntos, sobresalieron Ramiro Aguirre (22), Federico El\u00edas (17) y Mauro Campa\u00f1a (16).<\/b><\/p>\n<p>Primero metiendo la pelota a la pintura para Starc (13) y despu\u00e9s apelado a las buenas determinaciones de Gonzalo Mart\u00ednez (11), as\u00ed Liniers encontr\u00f3 soluciones en ofensiva y pudo dominar el primer cuarto. Tambi\u00e9n tuvo mucho que ver la carga del rebote en el aro contrario (7) para tener segundas chances. A pesar de un comienzo flojo, Napost\u00e1 pudo entrar en ritmo con el correr de los minutos y lo hizo a partir de Taj\u00e1n (9). Sin embargo, la visita tuvo un mal cierre de segmento y a esto el Chivo lo aprovech\u00f3 con un parcial de 12-6 a su favor. Al primer descanso se fue arriba el local 28-19.<\/p>\n<p>Con la rotaci\u00f3n Liniers perdi\u00f3 poder\u00edo en ofensiva, sobre todo en la segunda mitad del periodo, aunque la ventaja encontrada en el primer cap\u00edtulo le permiti\u00f3 continuar dominando el tr\u00e1mite del encuentro. Con Torre (5) y Pizzo (4) tirando de la lanza, el Chivo encontr\u00f3 la m\u00e1xima luz a su favor (40-25) cuando restaban 4m50s por jugar. No obstante, con los triples y la conducci\u00f3n de Aguirre (6), m\u00e1s el buen ingreso desde el banco de El\u00edas (3), Napost\u00e1 levant\u00f3 y lim\u00f3 la ventaja de cara al descanso largo. El conjunto de Aleksoski se adelant\u00f3 47-37 de cara al entretiempo.<\/p>\n<p>Por primera vez en la noche, Napost\u00e1 pudo defender bien su aro yendo a la carga del rebote (9) y en ataque encontr\u00f3 aire y m\u00e1s variantes. La desfachatez, en el buen sentido, de El\u00edas (9) marc\u00f3 el camino. Sacomani (4) acompa\u00f1\u00f3 bien desde el per\u00edmetro y Campa\u00f1a (4) pudo gravitar m\u00e1s en la zona pintada. Luego, una bomba de Aguirre termin\u00f3 de dar el golpe para que la visita se lleve el cuarto 22-18 y acorte la distancia en el resultado a\u00fan m\u00e1s (65-59). En el otro lado, Starc (7) y Gonzalo Mart\u00ednez (7) fueron los responsables de mantener vivo y adelante al Chivo.<\/p>\n<p>Con 5m13s por jugar del ep\u00edlogo, Napo pudo emparejar el resultado (72-72) tras correr de atr\u00e1s durante todo el partido. Luego, a 2m14s pas\u00f3 al frente por primera vez (75-76). La experiencia de Aguirre (7) y Campa\u00f1a (6) extendieron el buen momento del local en el partido e hicieron posible la levantada. Tambi\u00e9n los aportes de Sacomani (4) y El\u00edas (3). Liniers por su parte no tuvo buena efectividad y se bloqueo en ofensiva. El Chivo dependi\u00f3 mucho de Starc (8) y Gonzalo Mart\u00ednez (5), sin encontrar otras opciones y a esto lo pag\u00f3 caro. Luego de que Aguirre se fuera por 5 faltas, Starc facturara desde la l\u00ednea y El\u00edas convirtiera 1\/2 tambi\u00e9n desde la l\u00ednea de tiros libres, el encuentro qued\u00f3 igualado (79-79) con 40s en el reloj. Un perdida de Torre por caminar, tras capturar el rebote ofensivo, le dejo a la visita el cierre del encuentro con 4s. Despu\u00e9s de un saque de costado la pelota le lleg\u00f3 a Sacomani y este prob\u00f3 de tres pero la pelota no quiso entrar.<\/p>\n<p>Ya en el agregado, el due\u00f1o de casa golpe\u00f3 de entrada. Defendiendo fuerte la primera l\u00ednea y corriendo de contra con Mat\u00edas y Gonzalo Mart\u00ednez, el Chivo escap\u00f3 85-81. Mediante las visitas a la l\u00ednea de libres de Campa\u00f1a, la visita nivel\u00f3 y hasta pas\u00f3 al frente en el marcador 85-87 con 2m14s por jugar. Despu\u00e9s de eso lleg\u00f3 el quiebre del encuentro. Un triple de Mat\u00edas Mart\u00ednez y los dobles de Pizzo y Torre sellaron la victoria y le dieron el cl\u00e1sico a Liniers. As\u00ed el conjunto de Aleksoski se qued\u00f3 con 3 de los 4 encuentros disputados hasta el momento frente a Napost\u00e1 y se afirm\u00f3 a la segunda posici\u00f3n de la tabla.<\/p>\n<p>&nbsp;<\/p>\n<p>[youtube]https:\/\/www.youtube.com\/watch?v=KiRum3qsZ-A&amp;feature=youtu.be[\/youtube]<\/p>\n<p>&nbsp;<\/p>\n<p><b>S\u00edntesis<\/b>\u00a0| Primera Divisi\u00f3n \u2013 Torneo Oficial \u2013 Fecha #14<\/p>\n<p><b>Liniers 94:\u00a0<\/b>Santiago Torre 9, Mat\u00edas Mart\u00ednez 12 (x), Gonzalo Mart\u00ednez 27, Fabricio Starc 31, Facundo Goenaga 6 (Fi). Mariano Pizzo 7, Juli\u00e1n Marinsalta 2, Iv\u00e1n Petrini 0, Agust\u00edn Dottori 0 y Alejo Agullo 0. DT: Sebasti\u00e1n Aleksoski.<\/p>\n<p><b>Napost\u00e1 90:<\/b>\u00a0Ramiro Aguirre 22 (x), Bruno Sacomani 14,\u00a0Tom\u00e1s Taj\u00e1n 11, Antonio Iturrioz 3, Mauro Campa\u00f1a 16\u00a0(Fi). Augusto Meneses 7, Federico El\u00edas 17 y Santiago Soriano 0. DT: Walter Romerniszyn.<\/p>\n<p><b>Parciales:<\/b>\u00a028-19, 47-37 (19-18), 65-59 (18-22), 79-79 (14-20) y 94-90 (15-11)<\/p>\n<p><b>\u00c1rbitros:<\/b>\u00a0Nestor Schernenco \u2013 Alejandro Vizcaino.<\/p>\n<p><b>Estadio:<\/b>\u00a0Hern\u00e1n Sagasti (Liniers).<\/p>\n<p><a class=\"modalf iframe\" title=\"Planilla\" href=\"https:\/\/docs.google.com\/spreadsheets\/d\/18vnwamPcT4TEvfgaSlazMxCValAHot11XcDTPe_HwiY\/pubhtml?gid=1414468212&amp;single=true\" target=\"_blank\" rel=\"noopener\">Ver Planilla<\/a><\/p>\n","protected":false},"excerpt":{"rendered":"<p>El Chivo super\u00f3 94 &#8211; 90 a Napost\u00e1 en suplementario y se qued\u00f3 con el cl\u00e1sico<\/p>\n","protected":false},"author":1,"featured_media":52647,"comment_status":"closed","ping_status":"open","sticky":false,"template":"","format":"standard","meta":{"jnews-multi-image_gallery":[],"jnews_single_post":[],"jnews_primary_category":[],"footnotes":""},"categories":[23,101],"tags":[242,1085,329,14,293,239,15,618],"class_list":["post-52645","post","type-post","status-publish","format-standard","has-post-thumbnail","hentry","category-primera","category-slide","tag-fabricio-starc","tag-federico-elias","tag-gonzalo-martinez","tag-liniers","tag-matias-martinez","tag-mauro-campana","tag-naposta","tag-ramiro-aguirre"],"yoast_head":"<!-- This site is optimized with the Yoast SEO plugin v27.5 - https:\/\/yoast.com\/product\/yoast-seo-wordpress\/ -->\n<title>La avenida es de Liniers - Gente de B\u00e1squet<\/title>\n<meta name=\"robots\" content=\"index, follow, max-snippet:-1, max-image-preview:large, max-video-preview:-1\" \/>\n<link rel=\"canonical\" href=\"https:\/\/gentedebasquet.com.ar\/sitio\/2015\/10\/15\/la-avenida-es-de-liniers\/\" \/>\n<meta property=\"og:locale\" content=\"es_ES\" \/>\n<meta property=\"og:type\" content=\"article\" \/>\n<meta property=\"og:title\" content=\"La avenida es de Liniers - Gente de B\u00e1squet\" \/>\n<meta property=\"og:description\" content=\"El Chivo super\u00f3 94 - 90 a Napost\u00e1 en suplementario y se qued\u00f3 con el cl\u00e1sico\" \/>\n<meta property=\"og:url\" content=\"https:\/\/gentedebasquet.com.ar\/sitio\/2015\/10\/15\/la-avenida-es-de-liniers\/\" \/>\n<meta property=\"og:site_name\" content=\"Gente de B\u00e1squet\" \/>\n<meta property=\"article:published_time\" content=\"2015-10-16T02:25:25+00:00\" \/>\n<meta property=\"og:image\" content=\"https:\/\/gentedebasquet.com.ar\/sitio\/wp-content\/uploads\/2015\/10\/DSC_0026.jpg\" \/>\n\t<meta property=\"og:image:width\" content=\"690\" \/>\n\t<meta property=\"og:image:height\" content=\"319\" \/>\n\t<meta property=\"og:image:type\" content=\"image\/jpeg\" \/>\n<meta name=\"author\" content=\"Gente de B\u00e1squet\" \/>\n<meta name=\"twitter:card\" content=\"summary_large_image\" \/>\n<meta name=\"twitter:label1\" content=\"Escrito por\" \/>\n\t<meta name=\"twitter:data1\" content=\"Gente de B\u00e1squet\" \/>\n\t<meta name=\"twitter:label2\" content=\"Tiempo de lectura\" \/>\n\t<meta name=\"twitter:data2\" content=\"4 minutos\" \/>\n<script type=\"application\/ld+json\" class=\"yoast-schema-graph\">{\"@context\":\"https:\\\/\\\/schema.org\",\"@graph\":[{\"@type\":\"Article\",\"@id\":\"https:\\\/\\\/gentedebasquet.com.ar\\\/sitio\\\/2015\\\/10\\\/15\\\/la-avenida-es-de-liniers\\\/#article\",\"isPartOf\":{\"@id\":\"https:\\\/\\\/gentedebasquet.com.ar\\\/sitio\\\/2015\\\/10\\\/15\\\/la-avenida-es-de-liniers\\\/\"},\"author\":{\"name\":\"Gente de B\u00e1squet\",\"@id\":\"https:\\\/\\\/gentedebasquet.com.ar\\\/sitio\\\/#\\\/schema\\\/person\\\/ca0b63bbb977369988a7bbbdc519943a\"},\"headline\":\"La avenida es de Liniers\",\"datePublished\":\"2015-10-16T02:25:25+00:00\",\"mainEntityOfPage\":{\"@id\":\"https:\\\/\\\/gentedebasquet.com.ar\\\/sitio\\\/2015\\\/10\\\/15\\\/la-avenida-es-de-liniers\\\/\"},\"wordCount\":874,\"image\":{\"@id\":\"https:\\\/\\\/gentedebasquet.com.ar\\\/sitio\\\/2015\\\/10\\\/15\\\/la-avenida-es-de-liniers\\\/#primaryimage\"},\"thumbnailUrl\":\"https:\\\/\\\/gentedebasquet.com.ar\\\/sitio\\\/wp-content\\\/uploads\\\/2015\\\/10\\\/DSC_0026.jpg\",\"keywords\":[\"Fabricio Starc\",\"Federico El\u00edas\",\"Gonzalo Mart\u00ednez\",\"Liniers\",\"Mat\u00edas Mart\u00ednez\",\"Mauro Campa\u00f1a\",\"Naposta\",\"Ramiro Aguirre\"],\"articleSection\":[\"Primera\",\"Slide\"],\"inLanguage\":\"es\"},{\"@type\":\"WebPage\",\"@id\":\"https:\\\/\\\/gentedebasquet.com.ar\\\/sitio\\\/2015\\\/10\\\/15\\\/la-avenida-es-de-liniers\\\/\",\"url\":\"https:\\\/\\\/gentedebasquet.com.ar\\\/sitio\\\/2015\\\/10\\\/15\\\/la-avenida-es-de-liniers\\\/\",\"name\":\"La avenida es de Liniers - Gente de B\u00e1squet\",\"isPartOf\":{\"@id\":\"https:\\\/\\\/gentedebasquet.com.ar\\\/sitio\\\/#website\"},\"primaryImageOfPage\":{\"@id\":\"https:\\\/\\\/gentedebasquet.com.ar\\\/sitio\\\/2015\\\/10\\\/15\\\/la-avenida-es-de-liniers\\\/#primaryimage\"},\"image\":{\"@id\":\"https:\\\/\\\/gentedebasquet.com.ar\\\/sitio\\\/2015\\\/10\\\/15\\\/la-avenida-es-de-liniers\\\/#primaryimage\"},\"thumbnailUrl\":\"https:\\\/\\\/gentedebasquet.com.ar\\\/sitio\\\/wp-content\\\/uploads\\\/2015\\\/10\\\/DSC_0026.jpg\",\"datePublished\":\"2015-10-16T02:25:25+00:00\",\"author\":{\"@id\":\"https:\\\/\\\/gentedebasquet.com.ar\\\/sitio\\\/#\\\/schema\\\/person\\\/ca0b63bbb977369988a7bbbdc519943a\"},\"breadcrumb\":{\"@id\":\"https:\\\/\\\/gentedebasquet.com.ar\\\/sitio\\\/2015\\\/10\\\/15\\\/la-avenida-es-de-liniers\\\/#breadcrumb\"},\"inLanguage\":\"es\",\"potentialAction\":[{\"@type\":\"ReadAction\",\"target\":[\"https:\\\/\\\/gentedebasquet.com.ar\\\/sitio\\\/2015\\\/10\\\/15\\\/la-avenida-es-de-liniers\\\/\"]}]},{\"@type\":\"ImageObject\",\"inLanguage\":\"es\",\"@id\":\"https:\\\/\\\/gentedebasquet.com.ar\\\/sitio\\\/2015\\\/10\\\/15\\\/la-avenida-es-de-liniers\\\/#primaryimage\",\"url\":\"https:\\\/\\\/gentedebasquet.com.ar\\\/sitio\\\/wp-content\\\/uploads\\\/2015\\\/10\\\/DSC_0026.jpg\",\"contentUrl\":\"https:\\\/\\\/gentedebasquet.com.ar\\\/sitio\\\/wp-content\\\/uploads\\\/2015\\\/10\\\/DSC_0026.jpg\",\"width\":690,\"height\":319},{\"@type\":\"BreadcrumbList\",\"@id\":\"https:\\\/\\\/gentedebasquet.com.ar\\\/sitio\\\/2015\\\/10\\\/15\\\/la-avenida-es-de-liniers\\\/#breadcrumb\",\"itemListElement\":[{\"@type\":\"ListItem\",\"position\":1,\"name\":\"Portada\",\"item\":\"https:\\\/\\\/gentedebasquet.com.ar\\\/sitio\\\/\"},{\"@type\":\"ListItem\",\"position\":2,\"name\":\"La avenida es de Liniers\"}]},{\"@type\":\"WebSite\",\"@id\":\"https:\\\/\\\/gentedebasquet.com.ar\\\/sitio\\\/#website\",\"url\":\"https:\\\/\\\/gentedebasquet.com.ar\\\/sitio\\\/\",\"name\":\"Gente de B\u00e1squet\",\"description\":\"La revista del basquet de Bah\u00eda Blanca\",\"potentialAction\":[{\"@type\":\"SearchAction\",\"target\":{\"@type\":\"EntryPoint\",\"urlTemplate\":\"https:\\\/\\\/gentedebasquet.com.ar\\\/sitio\\\/?s={search_term_string}\"},\"query-input\":{\"@type\":\"PropertyValueSpecification\",\"valueRequired\":true,\"valueName\":\"search_term_string\"}}],\"inLanguage\":\"es\"},{\"@type\":\"Person\",\"@id\":\"https:\\\/\\\/gentedebasquet.com.ar\\\/sitio\\\/#\\\/schema\\\/person\\\/ca0b63bbb977369988a7bbbdc519943a\",\"name\":\"Gente de B\u00e1squet\",\"image\":{\"@type\":\"ImageObject\",\"inLanguage\":\"es\",\"@id\":\"https:\\\/\\\/secure.gravatar.com\\\/avatar\\\/7f2c48bdc33b30088f941fb6082e555f2874c98e20cb159d7b92b50eadfce793?s=96&d=mm&r=g\",\"url\":\"https:\\\/\\\/secure.gravatar.com\\\/avatar\\\/7f2c48bdc33b30088f941fb6082e555f2874c98e20cb159d7b92b50eadfce793?s=96&d=mm&r=g\",\"contentUrl\":\"https:\\\/\\\/secure.gravatar.com\\\/avatar\\\/7f2c48bdc33b30088f941fb6082e555f2874c98e20cb159d7b92b50eadfce793?s=96&d=mm&r=g\",\"caption\":\"Gente de B\u00e1squet\"},\"sameAs\":[\"http:\\\/\\\/gentedebasquet.com.ar\\\/sitio\"],\"url\":\"https:\\\/\\\/gentedebasquet.com.ar\\\/sitio\\\/author\\\/ulises\\\/\"}]}<\/script>\n<!-- \/ Yoast SEO plugin. -->","yoast_head_json":{"title":"La avenida es de Liniers - Gente de B\u00e1squet","robots":{"index":"index","follow":"follow","max-snippet":"max-snippet:-1","max-image-preview":"max-image-preview:large","max-video-preview":"max-video-preview:-1"},"canonical":"https:\/\/gentedebasquet.com.ar\/sitio\/2015\/10\/15\/la-avenida-es-de-liniers\/","og_locale":"es_ES","og_type":"article","og_title":"La avenida es de Liniers - Gente de B\u00e1squet","og_description":"El Chivo super\u00f3 94 - 90 a Napost\u00e1 en suplementario y se qued\u00f3 con el cl\u00e1sico","og_url":"https:\/\/gentedebasquet.com.ar\/sitio\/2015\/10\/15\/la-avenida-es-de-liniers\/","og_site_name":"Gente de B\u00e1squet","article_published_time":"2015-10-16T02:25:25+00:00","og_image":[{"width":690,"height":319,"url":"https:\/\/gentedebasquet.com.ar\/sitio\/wp-content\/uploads\/2015\/10\/DSC_0026.jpg","type":"image\/jpeg"}],"author":"Gente de B\u00e1squet","twitter_card":"summary_large_image","twitter_misc":{"Escrito por":"Gente de B\u00e1squet","Tiempo de lectura":"4 minutos"},"schema":{"@context":"https:\/\/schema.org","@graph":[{"@type":"Article","@id":"https:\/\/gentedebasquet.com.ar\/sitio\/2015\/10\/15\/la-avenida-es-de-liniers\/#article","isPartOf":{"@id":"https:\/\/gentedebasquet.com.ar\/sitio\/2015\/10\/15\/la-avenida-es-de-liniers\/"},"author":{"name":"Gente de B\u00e1squet","@id":"https:\/\/gentedebasquet.com.ar\/sitio\/#\/schema\/person\/ca0b63bbb977369988a7bbbdc519943a"},"headline":"La avenida es de Liniers","datePublished":"2015-10-16T02:25:25+00:00","mainEntityOfPage":{"@id":"https:\/\/gentedebasquet.com.ar\/sitio\/2015\/10\/15\/la-avenida-es-de-liniers\/"},"wordCount":874,"image":{"@id":"https:\/\/gentedebasquet.com.ar\/sitio\/2015\/10\/15\/la-avenida-es-de-liniers\/#primaryimage"},"thumbnailUrl":"https:\/\/gentedebasquet.com.ar\/sitio\/wp-content\/uploads\/2015\/10\/DSC_0026.jpg","keywords":["Fabricio Starc","Federico El\u00edas","Gonzalo Mart\u00ednez","Liniers","Mat\u00edas Mart\u00ednez","Mauro Campa\u00f1a","Naposta","Ramiro Aguirre"],"articleSection":["Primera","Slide"],"inLanguage":"es"},{"@type":"WebPage","@id":"https:\/\/gentedebasquet.com.ar\/sitio\/2015\/10\/15\/la-avenida-es-de-liniers\/","url":"https:\/\/gentedebasquet.com.ar\/sitio\/2015\/10\/15\/la-avenida-es-de-liniers\/","name":"La avenida es de Liniers - Gente de B\u00e1squet","isPartOf":{"@id":"https:\/\/gentedebasquet.com.ar\/sitio\/#website"},"primaryImageOfPage":{"@id":"https:\/\/gentedebasquet.com.ar\/sitio\/2015\/10\/15\/la-avenida-es-de-liniers\/#primaryimage"},"image":{"@id":"https:\/\/gentedebasquet.com.ar\/sitio\/2015\/10\/15\/la-avenida-es-de-liniers\/#primaryimage"},"thumbnailUrl":"https:\/\/gentedebasquet.com.ar\/sitio\/wp-content\/uploads\/2015\/10\/DSC_0026.jpg","datePublished":"2015-10-16T02:25:25+00:00","author":{"@id":"https:\/\/gentedebasquet.com.ar\/sitio\/#\/schema\/person\/ca0b63bbb977369988a7bbbdc519943a"},"breadcrumb":{"@id":"https:\/\/gentedebasquet.com.ar\/sitio\/2015\/10\/15\/la-avenida-es-de-liniers\/#breadcrumb"},"inLanguage":"es","potentialAction":[{"@type":"ReadAction","target":["https:\/\/gentedebasquet.com.ar\/sitio\/2015\/10\/15\/la-avenida-es-de-liniers\/"]}]},{"@type":"ImageObject","inLanguage":"es","@id":"https:\/\/gentedebasquet.com.ar\/sitio\/2015\/10\/15\/la-avenida-es-de-liniers\/#primaryimage","url":"https:\/\/gentedebasquet.com.ar\/sitio\/wp-content\/uploads\/2015\/10\/DSC_0026.jpg","contentUrl":"https:\/\/gentedebasquet.com.ar\/sitio\/wp-content\/uploads\/2015\/10\/DSC_0026.jpg","width":690,"height":319},{"@type":"BreadcrumbList","@id":"https:\/\/gentedebasquet.com.ar\/sitio\/2015\/10\/15\/la-avenida-es-de-liniers\/#breadcrumb","itemListElement":[{"@type":"ListItem","position":1,"name":"Portada","item":"https:\/\/gentedebasquet.com.ar\/sitio\/"},{"@type":"ListItem","position":2,"name":"La avenida es de Liniers"}]},{"@type":"WebSite","@id":"https:\/\/gentedebasquet.com.ar\/sitio\/#website","url":"https:\/\/gentedebasquet.com.ar\/sitio\/","name":"Gente de B\u00e1squet","description":"La revista del basquet de Bah\u00eda Blanca","potentialAction":[{"@type":"SearchAction","target":{"@type":"EntryPoint","urlTemplate":"https:\/\/gentedebasquet.com.ar\/sitio\/?s={search_term_string}"},"query-input":{"@type":"PropertyValueSpecification","valueRequired":true,"valueName":"search_term_string"}}],"inLanguage":"es"},{"@type":"Person","@id":"https:\/\/gentedebasquet.com.ar\/sitio\/#\/schema\/person\/ca0b63bbb977369988a7bbbdc519943a","name":"Gente de B\u00e1squet","image":{"@type":"ImageObject","inLanguage":"es","@id":"https:\/\/secure.gravatar.com\/avatar\/7f2c48bdc33b30088f941fb6082e555f2874c98e20cb159d7b92b50eadfce793?s=96&d=mm&r=g","url":"https:\/\/secure.gravatar.com\/avatar\/7f2c48bdc33b30088f941fb6082e555f2874c98e20cb159d7b92b50eadfce793?s=96&d=mm&r=g","contentUrl":"https:\/\/secure.gravatar.com\/avatar\/7f2c48bdc33b30088f941fb6082e555f2874c98e20cb159d7b92b50eadfce793?s=96&d=mm&r=g","caption":"Gente de B\u00e1squet"},"sameAs":["http:\/\/gentedebasquet.com.ar\/sitio"],"url":"https:\/\/gentedebasquet.com.ar\/sitio\/author\/ulises\/"}]}},"_links":{"self":[{"href":"https:\/\/gentedebasquet.com.ar\/sitio\/wp-json\/wp\/v2\/posts\/52645","targetHints":{"allow":["GET"]}}],"collection":[{"href":"https:\/\/gentedebasquet.com.ar\/sitio\/wp-json\/wp\/v2\/posts"}],"about":[{"href":"https:\/\/gentedebasquet.com.ar\/sitio\/wp-json\/wp\/v2\/types\/post"}],"author":[{"embeddable":true,"href":"https:\/\/gentedebasquet.com.ar\/sitio\/wp-json\/wp\/v2\/users\/1"}],"replies":[{"embeddable":true,"href":"https:\/\/gentedebasquet.com.ar\/sitio\/wp-json\/wp\/v2\/comments?post=52645"}],"version-history":[{"count":0,"href":"https:\/\/gentedebasquet.com.ar\/sitio\/wp-json\/wp\/v2\/posts\/52645\/revisions"}],"wp:featuredmedia":[{"embeddable":true,"href":"https:\/\/gentedebasquet.com.ar\/sitio\/wp-json\/wp\/v2\/media\/52647"}],"wp:attachment":[{"href":"https:\/\/gentedebasquet.com.ar\/sitio\/wp-json\/wp\/v2\/media?parent=52645"}],"wp:term":[{"taxonomy":"category","embeddable":true,"href":"https:\/\/gentedebasquet.com.ar\/sitio\/wp-json\/wp\/v2\/categories?post=52645"},{"taxonomy":"post_tag","embeddable":true,"href":"https:\/\/gentedebasquet.com.ar\/sitio\/wp-json\/wp\/v2\/tags?post=52645"}],"curies":[{"name":"wp","href":"https:\/\/api.w.org\/{rel}","templated":true}]}}