{"id":5269,"date":"2012-07-04T03:30:33","date_gmt":"2012-07-04T03:30:33","guid":{"rendered":"http:\/\/www.gentedebasquet.com.ar\/?p=5269"},"modified":"2012-07-04T03:30:33","modified_gmt":"2012-07-04T03:30:33","slug":"salta-violeta","status":"publish","type":"post","link":"https:\/\/gentedebasquet.com.ar\/sitio\/2012\/07\/04\/salta-violeta\/","title":{"rendered":"Salta Violeta"},"content":{"rendered":"<p><strong><em><a href=\"http:\/\/www.gentedebasquet.com.ar\/wp-content\/uploads\/2012\/07\/Javier-Musumeci.jpg\"><img decoding=\"async\" class=\"alignnone size-full wp-image-5271\" title=\"Javier Musumeci\" src=\"http:\/\/www.gentedebasquet.com.ar\/wp-content\/uploads\/2012\/07\/Javier-Musumeci.jpg\" alt=\"\" width=\"448\" height=\"336\" \/><\/a>Independiente venci\u00f3 a domicilio a Alem y finaliz\u00f3 el Ciudad de Bah\u00eda Blanca en el merecido segundo lugar, detr\u00e1s de Comercial. Lo derrot\u00f3 89 a 82 en un final ajustado tras haber sacado 19 puntos en el cierre del tercer parcial. El local lleg\u00f3 a ponerse a dos unidades con dos triples cada uno de Etchepare y Foulkes, pero no le alcanz\u00f3. Musumeci anot\u00f3 24 para ser el goleador de la noche y Barba sum\u00f3 19 puntos. Mientras que Leguizam\u00f3n anot\u00f3 18 tantos en el verdirrojo.<!--more--><\/em><\/strong><\/p>\n<p>Independiente sali\u00f3 a la cancha con la cabeza dividida entre su partido y el cotejo de Comercial; e hizo lo que estaba a su alcance: vencer a Alem. Sac\u00f3 una ventaja c\u00f3moda en el segundo parcial que estir\u00f3 en el tercero, cuando Musumeci acert\u00f3 a distancia y Massa creci\u00f3 en la pintura para ayudar a Barba. Pero se qued\u00f3, Alem le marc\u00f3 un parcial de 12-2 en tres minutos y con dos triples de Etchepare y dos bombas de Foulkes, la segunda \u00a1con tablero!, se puso a 6 (65-71). Luego Mussini lo acerc\u00f3 a dos (77-79) pero se fue por faltas al igual que Etchepare y Leguizam\u00f3n y el visitante se qued\u00f3 con la victoria.<\/p>\n<p>El partido tuvo un comienzo err\u00e1tico para ambos. Balones mal dirigidos y tiros apresurados hicieron que el marcador favorezca al visitante por 6-5 tras una bomba de Montanaro en 5 minutos de juego. Luego, con algunos ajustes y una zona 2-1-2, Alem se abroquel\u00f3 mejor y sum\u00f3 de la mano de Mussini para pasar al frente 12-8 y mantenerse arriba hasta el cierre. Sin embargo, el segundo cuarto fue todo violeta, encontrando el gol a distancia y varios rebotes importantes de Sacomani, ausente en los primeros 10 minutos.<\/p>\n<p>Musumeci en dos ocasiones y Montanaro, desde 6.75 metros, estiraron la ventaja para Independiente. M\u00e1s a\u00fan, los de Palumbo, basados en una defensa zonal 2-3, secaron al local y encontraron a Barba en la pintura para liderar el partido. Torre sum\u00f3 7 puntos consecutivos para Alem que permitieron que el visitante no se aleje demasiado, pero igual se iba a ir arriba al descanso largo. En el tercero, con gran porcentaje de triples, Independiente encontr\u00f3 la m\u00e1xima ventaja (de 19, 38-57).<\/p>\n<p>Para eso, le bast\u00f3 con pelear en la pintura de la mano de Massa y Barba. El sustituto anot\u00f3 9 unidades, mientras que St\u00e9fano hizo 4 en un lapso de 6 minutos; incluso Massa sell\u00f3 el tercer parcial con un triple. Pero Alem despert\u00f3, se jug\u00f3 las \u00faltimas cartas con triples y lleg\u00f3 a ponerse a dos puntos (77-79) a falta de 3 minutos. Para eso acertaron a distancia Etchepare y Foulkes, y Mussini atrap\u00f3 rebotes en ataque que le dieron puntos. No obstante, la acumulaci\u00f3n de faltas les jug\u00f3 en contra, el visitante fue certero desde la l\u00ednea y los puntos viajaron a calle Italia.<\/p>\n<p>&nbsp;<\/p>\n<p><strong><em><span style=\"text-decoration: underline;\">S\u00edntesis: <\/span><\/em><\/strong><\/p>\n<p><strong>Alem 82: <\/strong><br \/>\nIniciales: Gonzalo Etchepare (13), Nicol\u00e1s Leguizam\u00f3n (18), Joaqu\u00edn Gonz\u00e1lez (12), Dami\u00e1n Foulkes (12) y Luciano Mussini (13).<br \/>\nIngresaron: Diego Torre (7), Ger\u00f3nimo Da Costa (3) y Leandro Marzullo (4).<br \/>\nDT: Walter Romerniszyn.<\/p>\n<p><strong>Independiente 89: \u00a0<\/strong><\/p>\n<p>Iniciales: Javier Musumeci (24), Mauro Montanaro (6), Bruno Sagripandi (0), Manuel Donato (9) y St\u00e9fano Barba (19).<br \/>\nIngresaron: C\u00e9sar Massa (16), Gabriel De La Torre (3), Bruno Sacomani (9) y Mat\u00edas Sosa (3).<br \/>\nDT: Juan Sergio Palumbo.<\/p>\n<p>&nbsp;<\/p>\n<p><strong>Cuartos: <\/strong>Alem 16-13, 29-37, 53-69 y 82-89.<br \/>\n<strong>5 Faltas: <\/strong>Gonzalo Etchepare (A), Luciano Mussini (A) y Nicol\u00e1s Leguizam\u00f3n (A).<strong> <\/strong><br \/>\n<strong>\u00c1rbitros: <\/strong>Eduardo Ferreyra y Alejandro Go\u00f1i.<\/p>\n<p><strong>Otros resultados: <\/strong>Barracas 76 \u2013 69 Olimpo, Whitense 62 \u2013 86 Pueyrred\u00f3n, Estrella 92 \u2013 81 Velocidad y Comercial 82 &#8211; 54 La Falda. Libre: Sportivo.<\/p>\n<p><a class=\"modalf iframe\" title=\"Planilla\" href=\"https:\/\/docs.google.com\/spreadsheet\/pub?key=0AhWH6MgjN9X5dGVOa09hNEl6YlB0eE9FQU41LXZ0dHc&amp;single=true&amp;gid=0&amp;output=html\">Ver Planilla<\/a><\/p>\n","protected":false},"excerpt":{"rendered":"<p>Independiente venci\u00f3 a domicilio a Alem y finaliz\u00f3 el Ciudad de Bah\u00eda Blanca en el merecido segundo lugar, detr\u00e1s de Comercial. Lo derrot\u00f3 89 a 82 en un final ajustado tras haber sacado 19 puntos en el cierre del tercer parcial. El local lleg\u00f3 a ponerse a dos unidades con dos triples cada uno de [&hellip;]<\/p>\n","protected":false},"author":1,"featured_media":0,"comment_status":"open","ping_status":"open","sticky":false,"template":"","format":"standard","meta":{"jnews-multi-image_gallery":[],"jnews_single_post":[],"jnews_primary_category":[],"footnotes":""},"categories":[25],"tags":[3,12],"class_list":["post-5269","post","type-post","status-publish","format-standard","hentry","category-segunda","tag-alem","tag-independiente"],"yoast_head":"<!-- This site is optimized with the Yoast SEO plugin v27.5 - https:\/\/yoast.com\/product\/yoast-seo-wordpress\/ -->\n<title>Salta Violeta - Gente de B\u00e1squet<\/title>\n<meta name=\"robots\" content=\"index, follow, max-snippet:-1, max-image-preview:large, max-video-preview:-1\" \/>\n<link rel=\"canonical\" href=\"https:\/\/gentedebasquet.com.ar\/sitio\/2012\/07\/04\/salta-violeta\/\" \/>\n<meta property=\"og:locale\" content=\"es_ES\" \/>\n<meta property=\"og:type\" content=\"article\" \/>\n<meta property=\"og:title\" content=\"Salta Violeta - Gente de B\u00e1squet\" \/>\n<meta property=\"og:description\" content=\"Independiente venci\u00f3 a domicilio a Alem y finaliz\u00f3 el Ciudad de Bah\u00eda Blanca en el merecido segundo lugar, detr\u00e1s de Comercial. Lo derrot\u00f3 89 a 82 en un final ajustado tras haber sacado 19 puntos en el cierre del tercer parcial. El local lleg\u00f3 a ponerse a dos unidades con dos triples cada uno de [&hellip;]\" \/>\n<meta property=\"og:url\" content=\"https:\/\/gentedebasquet.com.ar\/sitio\/2012\/07\/04\/salta-violeta\/\" \/>\n<meta property=\"og:site_name\" content=\"Gente de B\u00e1squet\" \/>\n<meta property=\"article:published_time\" content=\"2012-07-04T03:30:33+00:00\" \/>\n<meta property=\"og:image\" content=\"http:\/\/www.gentedebasquet.com.ar\/wp-content\/uploads\/2012\/07\/Javier-Musumeci.jpg\" \/>\n<meta name=\"author\" content=\"Gente de B\u00e1squet\" \/>\n<meta name=\"twitter:card\" content=\"summary_large_image\" \/>\n<meta name=\"twitter:label1\" content=\"Escrito por\" \/>\n\t<meta name=\"twitter:data1\" content=\"Gente de B\u00e1squet\" \/>\n\t<meta name=\"twitter:label2\" content=\"Tiempo de lectura\" \/>\n\t<meta name=\"twitter:data2\" content=\"3 minutos\" \/>\n<script type=\"application\/ld+json\" class=\"yoast-schema-graph\">{\"@context\":\"https:\\\/\\\/schema.org\",\"@graph\":[{\"@type\":\"Article\",\"@id\":\"https:\\\/\\\/gentedebasquet.com.ar\\\/sitio\\\/2012\\\/07\\\/04\\\/salta-violeta\\\/#article\",\"isPartOf\":{\"@id\":\"https:\\\/\\\/gentedebasquet.com.ar\\\/sitio\\\/2012\\\/07\\\/04\\\/salta-violeta\\\/\"},\"author\":{\"name\":\"Gente de B\u00e1squet\",\"@id\":\"http:\\\/\\\/gentedebasquet.com.ar\\\/sitio\\\/#\\\/schema\\\/person\\\/ca0b63bbb977369988a7bbbdc519943a\"},\"headline\":\"Salta Violeta\",\"datePublished\":\"2012-07-04T03:30:33+00:00\",\"mainEntityOfPage\":{\"@id\":\"https:\\\/\\\/gentedebasquet.com.ar\\\/sitio\\\/2012\\\/07\\\/04\\\/salta-violeta\\\/\"},\"wordCount\":587,\"commentCount\":0,\"image\":{\"@id\":\"https:\\\/\\\/gentedebasquet.com.ar\\\/sitio\\\/2012\\\/07\\\/04\\\/salta-violeta\\\/#primaryimage\"},\"thumbnailUrl\":\"http:\\\/\\\/www.gentedebasquet.com.ar\\\/wp-content\\\/uploads\\\/2012\\\/07\\\/Javier-Musumeci.jpg\",\"keywords\":[\"Alem\",\"independiente\"],\"articleSection\":[\"Segunda\"],\"inLanguage\":\"es\",\"potentialAction\":[{\"@type\":\"CommentAction\",\"name\":\"Comment\",\"target\":[\"https:\\\/\\\/gentedebasquet.com.ar\\\/sitio\\\/2012\\\/07\\\/04\\\/salta-violeta\\\/#respond\"]}]},{\"@type\":\"WebPage\",\"@id\":\"https:\\\/\\\/gentedebasquet.com.ar\\\/sitio\\\/2012\\\/07\\\/04\\\/salta-violeta\\\/\",\"url\":\"https:\\\/\\\/gentedebasquet.com.ar\\\/sitio\\\/2012\\\/07\\\/04\\\/salta-violeta\\\/\",\"name\":\"Salta Violeta - Gente de B\u00e1squet\",\"isPartOf\":{\"@id\":\"http:\\\/\\\/gentedebasquet.com.ar\\\/sitio\\\/#website\"},\"primaryImageOfPage\":{\"@id\":\"https:\\\/\\\/gentedebasquet.com.ar\\\/sitio\\\/2012\\\/07\\\/04\\\/salta-violeta\\\/#primaryimage\"},\"image\":{\"@id\":\"https:\\\/\\\/gentedebasquet.com.ar\\\/sitio\\\/2012\\\/07\\\/04\\\/salta-violeta\\\/#primaryimage\"},\"thumbnailUrl\":\"http:\\\/\\\/www.gentedebasquet.com.ar\\\/wp-content\\\/uploads\\\/2012\\\/07\\\/Javier-Musumeci.jpg\",\"datePublished\":\"2012-07-04T03:30:33+00:00\",\"author\":{\"@id\":\"http:\\\/\\\/gentedebasquet.com.ar\\\/sitio\\\/#\\\/schema\\\/person\\\/ca0b63bbb977369988a7bbbdc519943a\"},\"breadcrumb\":{\"@id\":\"https:\\\/\\\/gentedebasquet.com.ar\\\/sitio\\\/2012\\\/07\\\/04\\\/salta-violeta\\\/#breadcrumb\"},\"inLanguage\":\"es\",\"potentialAction\":[{\"@type\":\"ReadAction\",\"target\":[\"https:\\\/\\\/gentedebasquet.com.ar\\\/sitio\\\/2012\\\/07\\\/04\\\/salta-violeta\\\/\"]}]},{\"@type\":\"ImageObject\",\"inLanguage\":\"es\",\"@id\":\"https:\\\/\\\/gentedebasquet.com.ar\\\/sitio\\\/2012\\\/07\\\/04\\\/salta-violeta\\\/#primaryimage\",\"url\":\"http:\\\/\\\/www.gentedebasquet.com.ar\\\/wp-content\\\/uploads\\\/2012\\\/07\\\/Javier-Musumeci.jpg\",\"contentUrl\":\"http:\\\/\\\/www.gentedebasquet.com.ar\\\/wp-content\\\/uploads\\\/2012\\\/07\\\/Javier-Musumeci.jpg\"},{\"@type\":\"BreadcrumbList\",\"@id\":\"https:\\\/\\\/gentedebasquet.com.ar\\\/sitio\\\/2012\\\/07\\\/04\\\/salta-violeta\\\/#breadcrumb\",\"itemListElement\":[{\"@type\":\"ListItem\",\"position\":1,\"name\":\"Portada\",\"item\":\"http:\\\/\\\/gentedebasquet.com.ar\\\/sitio\\\/\"},{\"@type\":\"ListItem\",\"position\":2,\"name\":\"Salta Violeta\"}]},{\"@type\":\"WebSite\",\"@id\":\"http:\\\/\\\/gentedebasquet.com.ar\\\/sitio\\\/#website\",\"url\":\"http:\\\/\\\/gentedebasquet.com.ar\\\/sitio\\\/\",\"name\":\"Gente de B\u00e1squet\",\"description\":\"La revista del basquet de Bah\u00eda Blanca\",\"potentialAction\":[{\"@type\":\"SearchAction\",\"target\":{\"@type\":\"EntryPoint\",\"urlTemplate\":\"http:\\\/\\\/gentedebasquet.com.ar\\\/sitio\\\/?s={search_term_string}\"},\"query-input\":{\"@type\":\"PropertyValueSpecification\",\"valueRequired\":true,\"valueName\":\"search_term_string\"}}],\"inLanguage\":\"es\"},{\"@type\":\"Person\",\"@id\":\"http:\\\/\\\/gentedebasquet.com.ar\\\/sitio\\\/#\\\/schema\\\/person\\\/ca0b63bbb977369988a7bbbdc519943a\",\"name\":\"Gente de B\u00e1squet\",\"image\":{\"@type\":\"ImageObject\",\"inLanguage\":\"es\",\"@id\":\"https:\\\/\\\/secure.gravatar.com\\\/avatar\\\/7f2c48bdc33b30088f941fb6082e555f2874c98e20cb159d7b92b50eadfce793?s=96&d=mm&r=g\",\"url\":\"https:\\\/\\\/secure.gravatar.com\\\/avatar\\\/7f2c48bdc33b30088f941fb6082e555f2874c98e20cb159d7b92b50eadfce793?s=96&d=mm&r=g\",\"contentUrl\":\"https:\\\/\\\/secure.gravatar.com\\\/avatar\\\/7f2c48bdc33b30088f941fb6082e555f2874c98e20cb159d7b92b50eadfce793?s=96&d=mm&r=g\",\"caption\":\"Gente de B\u00e1squet\"},\"sameAs\":[\"http:\\\/\\\/gentedebasquet.com.ar\\\/sitio\"],\"url\":\"https:\\\/\\\/gentedebasquet.com.ar\\\/sitio\\\/author\\\/ulises\\\/\"}]}<\/script>\n<!-- \/ Yoast SEO plugin. -->","yoast_head_json":{"title":"Salta Violeta - Gente de B\u00e1squet","robots":{"index":"index","follow":"follow","max-snippet":"max-snippet:-1","max-image-preview":"max-image-preview:large","max-video-preview":"max-video-preview:-1"},"canonical":"https:\/\/gentedebasquet.com.ar\/sitio\/2012\/07\/04\/salta-violeta\/","og_locale":"es_ES","og_type":"article","og_title":"Salta Violeta - Gente de B\u00e1squet","og_description":"Independiente venci\u00f3 a domicilio a Alem y finaliz\u00f3 el Ciudad de Bah\u00eda Blanca en el merecido segundo lugar, detr\u00e1s de Comercial. Lo derrot\u00f3 89 a 82 en un final ajustado tras haber sacado 19 puntos en el cierre del tercer parcial. El local lleg\u00f3 a ponerse a dos unidades con dos triples cada uno de [&hellip;]","og_url":"https:\/\/gentedebasquet.com.ar\/sitio\/2012\/07\/04\/salta-violeta\/","og_site_name":"Gente de B\u00e1squet","article_published_time":"2012-07-04T03:30:33+00:00","og_image":[{"url":"http:\/\/www.gentedebasquet.com.ar\/wp-content\/uploads\/2012\/07\/Javier-Musumeci.jpg","type":"","width":"","height":""}],"author":"Gente de B\u00e1squet","twitter_card":"summary_large_image","twitter_misc":{"Escrito por":"Gente de B\u00e1squet","Tiempo de lectura":"3 minutos"},"schema":{"@context":"https:\/\/schema.org","@graph":[{"@type":"Article","@id":"https:\/\/gentedebasquet.com.ar\/sitio\/2012\/07\/04\/salta-violeta\/#article","isPartOf":{"@id":"https:\/\/gentedebasquet.com.ar\/sitio\/2012\/07\/04\/salta-violeta\/"},"author":{"name":"Gente de B\u00e1squet","@id":"http:\/\/gentedebasquet.com.ar\/sitio\/#\/schema\/person\/ca0b63bbb977369988a7bbbdc519943a"},"headline":"Salta Violeta","datePublished":"2012-07-04T03:30:33+00:00","mainEntityOfPage":{"@id":"https:\/\/gentedebasquet.com.ar\/sitio\/2012\/07\/04\/salta-violeta\/"},"wordCount":587,"commentCount":0,"image":{"@id":"https:\/\/gentedebasquet.com.ar\/sitio\/2012\/07\/04\/salta-violeta\/#primaryimage"},"thumbnailUrl":"http:\/\/www.gentedebasquet.com.ar\/wp-content\/uploads\/2012\/07\/Javier-Musumeci.jpg","keywords":["Alem","independiente"],"articleSection":["Segunda"],"inLanguage":"es","potentialAction":[{"@type":"CommentAction","name":"Comment","target":["https:\/\/gentedebasquet.com.ar\/sitio\/2012\/07\/04\/salta-violeta\/#respond"]}]},{"@type":"WebPage","@id":"https:\/\/gentedebasquet.com.ar\/sitio\/2012\/07\/04\/salta-violeta\/","url":"https:\/\/gentedebasquet.com.ar\/sitio\/2012\/07\/04\/salta-violeta\/","name":"Salta Violeta - Gente de B\u00e1squet","isPartOf":{"@id":"http:\/\/gentedebasquet.com.ar\/sitio\/#website"},"primaryImageOfPage":{"@id":"https:\/\/gentedebasquet.com.ar\/sitio\/2012\/07\/04\/salta-violeta\/#primaryimage"},"image":{"@id":"https:\/\/gentedebasquet.com.ar\/sitio\/2012\/07\/04\/salta-violeta\/#primaryimage"},"thumbnailUrl":"http:\/\/www.gentedebasquet.com.ar\/wp-content\/uploads\/2012\/07\/Javier-Musumeci.jpg","datePublished":"2012-07-04T03:30:33+00:00","author":{"@id":"http:\/\/gentedebasquet.com.ar\/sitio\/#\/schema\/person\/ca0b63bbb977369988a7bbbdc519943a"},"breadcrumb":{"@id":"https:\/\/gentedebasquet.com.ar\/sitio\/2012\/07\/04\/salta-violeta\/#breadcrumb"},"inLanguage":"es","potentialAction":[{"@type":"ReadAction","target":["https:\/\/gentedebasquet.com.ar\/sitio\/2012\/07\/04\/salta-violeta\/"]}]},{"@type":"ImageObject","inLanguage":"es","@id":"https:\/\/gentedebasquet.com.ar\/sitio\/2012\/07\/04\/salta-violeta\/#primaryimage","url":"http:\/\/www.gentedebasquet.com.ar\/wp-content\/uploads\/2012\/07\/Javier-Musumeci.jpg","contentUrl":"http:\/\/www.gentedebasquet.com.ar\/wp-content\/uploads\/2012\/07\/Javier-Musumeci.jpg"},{"@type":"BreadcrumbList","@id":"https:\/\/gentedebasquet.com.ar\/sitio\/2012\/07\/04\/salta-violeta\/#breadcrumb","itemListElement":[{"@type":"ListItem","position":1,"name":"Portada","item":"http:\/\/gentedebasquet.com.ar\/sitio\/"},{"@type":"ListItem","position":2,"name":"Salta Violeta"}]},{"@type":"WebSite","@id":"http:\/\/gentedebasquet.com.ar\/sitio\/#website","url":"http:\/\/gentedebasquet.com.ar\/sitio\/","name":"Gente de B\u00e1squet","description":"La revista del basquet de Bah\u00eda Blanca","potentialAction":[{"@type":"SearchAction","target":{"@type":"EntryPoint","urlTemplate":"http:\/\/gentedebasquet.com.ar\/sitio\/?s={search_term_string}"},"query-input":{"@type":"PropertyValueSpecification","valueRequired":true,"valueName":"search_term_string"}}],"inLanguage":"es"},{"@type":"Person","@id":"http:\/\/gentedebasquet.com.ar\/sitio\/#\/schema\/person\/ca0b63bbb977369988a7bbbdc519943a","name":"Gente de B\u00e1squet","image":{"@type":"ImageObject","inLanguage":"es","@id":"https:\/\/secure.gravatar.com\/avatar\/7f2c48bdc33b30088f941fb6082e555f2874c98e20cb159d7b92b50eadfce793?s=96&d=mm&r=g","url":"https:\/\/secure.gravatar.com\/avatar\/7f2c48bdc33b30088f941fb6082e555f2874c98e20cb159d7b92b50eadfce793?s=96&d=mm&r=g","contentUrl":"https:\/\/secure.gravatar.com\/avatar\/7f2c48bdc33b30088f941fb6082e555f2874c98e20cb159d7b92b50eadfce793?s=96&d=mm&r=g","caption":"Gente de B\u00e1squet"},"sameAs":["http:\/\/gentedebasquet.com.ar\/sitio"],"url":"https:\/\/gentedebasquet.com.ar\/sitio\/author\/ulises\/"}]}},"_links":{"self":[{"href":"https:\/\/gentedebasquet.com.ar\/sitio\/wp-json\/wp\/v2\/posts\/5269","targetHints":{"allow":["GET"]}}],"collection":[{"href":"https:\/\/gentedebasquet.com.ar\/sitio\/wp-json\/wp\/v2\/posts"}],"about":[{"href":"https:\/\/gentedebasquet.com.ar\/sitio\/wp-json\/wp\/v2\/types\/post"}],"author":[{"embeddable":true,"href":"https:\/\/gentedebasquet.com.ar\/sitio\/wp-json\/wp\/v2\/users\/1"}],"replies":[{"embeddable":true,"href":"https:\/\/gentedebasquet.com.ar\/sitio\/wp-json\/wp\/v2\/comments?post=5269"}],"version-history":[{"count":0,"href":"https:\/\/gentedebasquet.com.ar\/sitio\/wp-json\/wp\/v2\/posts\/5269\/revisions"}],"wp:attachment":[{"href":"https:\/\/gentedebasquet.com.ar\/sitio\/wp-json\/wp\/v2\/media?parent=5269"}],"wp:term":[{"taxonomy":"category","embeddable":true,"href":"https:\/\/gentedebasquet.com.ar\/sitio\/wp-json\/wp\/v2\/categories?post=5269"},{"taxonomy":"post_tag","embeddable":true,"href":"https:\/\/gentedebasquet.com.ar\/sitio\/wp-json\/wp\/v2\/tags?post=5269"}],"curies":[{"name":"wp","href":"https:\/\/api.w.org\/{rel}","templated":true}]}}