{"id":52906,"date":"2015-10-20T23:14:50","date_gmt":"2015-10-21T02:14:50","guid":{"rendered":"http:\/\/www.gentedebasquet.com.ar\/?p=52906"},"modified":"2015-10-20T23:14:50","modified_gmt":"2015-10-21T02:14:50","slug":"pacifico-sigue-expectante","status":"publish","type":"post","link":"https:\/\/gentedebasquet.com.ar\/sitio\/2015\/10\/20\/pacifico-sigue-expectante\/","title":{"rendered":"Pac\u00edfico sigue expectante"},"content":{"rendered":"<p><b>Pac\u00edfico venci\u00f3 ajustadamente 90-86 a Comercial por la 16\u00ba fecha del Oficial de Segunda. Tras adjudicarse de una ventaja de 10 unidades -que logr\u00f3 mantener hasta el segundo cuarto-, el equipo de Kooistras cay\u00f3 notablemente en el per\u00edodo siguiente y el portuario pudo ponerse arriba en el marcador, de la mano de una descollante actuaci\u00f3n de Am\u00edlcar Andreanelli (35 puntos). Sin embargo, la visita se recuper\u00f3 con Fernando Bonino (24) y Ezequiel Meneses (21) a la cabeza, logrando la victoria para el Verde que se mantiene expectante en la <a href=\"http:\/\/www.gentedebasquet.com.ar\/segunda-oficial-posiciones\/\" target=\"_blank\" rel=\"noopener\">tabla acumulada<\/a>.<\/b><\/p>\n<p>El partido en el Osvaldo Giorgetti\u00a0comenz\u00f3 parejo hasta la mitad del primer per\u00edodo, cuando Pac\u00edfico le anul\u00f3 opciones de gol a Puerto Comercial y con puntos en las manos de Fernando Bonino (4), Mauricio Gonz\u00e1lez (4) y Manuel Sacrist\u00e1n (4), se adue\u00f1\u00f3 de un parcial de 12-0 que le permiti\u00f3 cerrar el segmento con ventaja de 10 unidades: 12-22 a favor de los de Kooistra.<\/p>\n<p>Sin embargo, el portuario reaccionar\u00eda en el comienzo del segundo cuarto adjudic\u00e1ndose un parcial 9-2, quedando a solo un punto del rival (23-24) con 4 tantos de Pablo Pollio y otros 3 de Ignacio Luppino. No obstante, la respuesta de Pac\u00edfico no se hizo esperar y con Bonino encestando 3\/3 en T2 y Meneses acumulando 5 unidades mas, la visita volv\u00eda a colocarse a 10 de diferencia (32-42) de cara al entretiempo.<\/p>\n<p>En el tercer segmento, Pac\u00edfico estir\u00f3 a\u00fan mas la diferencia tras un parcial de 9 a 2 (34-51), llevando la ventaja a 17 puntos. Sin embargo, el local comenz\u00f3 a remontar y sobre el final del per\u00edodo apareci\u00f3 a figura de Am\u00edlcar Andreanelli, quien sum\u00f3 12 puntos (3\/5 T2; 6\/8 TS), adjudic\u00e1ndole a su equipo un parcial de 12-0 y luego siendo protagonista excluyente para darle un giro al contador (64-60).<\/p>\n<p>Pero Pac\u00edfico no entregar\u00eda el partido f\u00e1cilmente y con Fernando Bonino a la cabeza (10 puntos) y Ezequiel Meneses y Carlos Ru\u00edz (9 puntos cada uno), el equipo de Kooistra volvi\u00f3 a dar vuelta el marcador a su favor, qued\u00e1ndose con la victoria y volviendo a sumar de cara al final de la fase regular que lo tiene 4\u00ba en el Oficial pero 2\u00ba y a un punto de Estrella en la tabla acumulada, cuando restan dos fechas por disputarse.<\/p>\n<p>&nbsp;<\/p>\n<p>[vimeo]http:\/\/vimeo.com\/143088607[\/vimeo]<\/p>\n<p>&nbsp;<\/p>\n<p><b style=\"line-height: 1.5em;\">S\u00edntesis<\/b><span style=\"line-height: 1.5em;\"> | Segunda Divisi\u00f3n &#8211; Oficial &#8211; Fecha #16<\/span><\/p>\n<p><b>Comercial 86<\/b>: Am\u00edlcar Andreanelli 35; Mart\u00edn Godoy 13; Gast\u00f3n Chaves 20 (x); Ignacio Luppino 3 (x); Pablo Pollio 13 (FI); Emiliano Cornachoni 0; Ramiro Riviere 0; Nicol\u00e1s Vallejos 2 y Mat\u00edas Capelli 0. DT: Mart\u00edn Ipucha.<\/p>\n<p><b>Pac\u00edfico 90<\/b>: Ezequiel Meneses 21; Manuel Sacrist\u00e1n 12 (x);\u00a0Fernando Bonino 24;\u00a0\u00a0Mauricio Gonz\u00e1lez 11; Joaqu\u00edn Larrandart 9; (FI); Juan Cruz Marini 0; Facundo Wattson 0 y Carlos Ru\u00edz 13. DT: Pablo Kooistra.<\/p>\n<p><b>Parciales<\/b>: 12-22; 32-42 (20-20); 64-60 (32-18); 86-90 (22-30).<\/p>\n<p><b>\u00c1rbitros<\/b>: Miguel Firpo &#8211; Luis Blanco.<\/p>\n<p><b>Estadio<\/b>: Osvaldo Giorgetti (Comercial).<\/p>\n<p><a class=\"modalf iframe\" title=\"Planilla\" href=\"https:\/\/docs.google.com\/spreadsheets\/d\/10RsqDyc_qdJU-U-zEh8j11IXvjw5NttDjsy5nyQfSCI\/pubhtml\" target=\"_blank\" rel=\"noopener\">Ver Planilla<\/a><\/p>\n<p>&nbsp;<\/p>\n<p>[vimeo]http:\/\/vimeo.com\/143087892[\/vimeo]<\/p>\n","protected":false},"excerpt":{"rendered":"<p>Venci\u00f3 a Comercial por 90 a 86 y contin\u00faa en b\u00fasqueda del \u00ab1\u00bb en la tabla acumulada<\/p>\n","protected":false},"author":1,"featured_media":52907,"comment_status":"closed","ping_status":"open","sticky":false,"template":"","format":"standard","meta":{"jnews-multi-image_gallery":[],"jnews_single_post":[],"jnews_primary_category":[],"footnotes":""},"categories":[25],"tags":[548,7,607,577,580,17],"class_list":["post-52906","post","type-post","status-publish","format-standard","has-post-thumbnail","hentry","category-segunda","tag-amilcar-andreanelli","tag-comercial","tag-ezequiel-meneses","tag-fernando-bonino","tag-mauricio-gonzalez","tag-pacifico"],"yoast_head":"<!-- This site is optimized with the Yoast SEO plugin v27.5 - https:\/\/yoast.com\/product\/yoast-seo-wordpress\/ -->\n<title>Pac\u00edfico sigue expectante - Gente de B\u00e1squet<\/title>\n<meta name=\"robots\" content=\"index, follow, max-snippet:-1, max-image-preview:large, max-video-preview:-1\" \/>\n<link rel=\"canonical\" href=\"https:\/\/gentedebasquet.com.ar\/sitio\/2015\/10\/20\/pacifico-sigue-expectante\/\" \/>\n<meta property=\"og:locale\" content=\"es_ES\" \/>\n<meta property=\"og:type\" content=\"article\" \/>\n<meta property=\"og:title\" content=\"Pac\u00edfico sigue expectante - Gente de B\u00e1squet\" \/>\n<meta property=\"og:description\" content=\"Venci\u00f3 a Comercial por 90 a 86 y contin\u00faa en b\u00fasqueda del &quot;1&quot; en la tabla acumulada\" \/>\n<meta property=\"og:url\" content=\"https:\/\/gentedebasquet.com.ar\/sitio\/2015\/10\/20\/pacifico-sigue-expectante\/\" \/>\n<meta property=\"og:site_name\" content=\"Gente de B\u00e1squet\" \/>\n<meta property=\"article:published_time\" content=\"2015-10-21T02:14:50+00:00\" \/>\n<meta property=\"og:image\" content=\"https:\/\/gentedebasquet.com.ar\/sitio\/wp-content\/uploads\/2015\/10\/Comercial-Pacifico-Gonzalez.jpg\" \/>\n\t<meta property=\"og:image:width\" content=\"300\" \/>\n\t<meta property=\"og:image:height\" content=\"211\" \/>\n\t<meta property=\"og:image:type\" content=\"image\/jpeg\" \/>\n<meta name=\"author\" content=\"Gente de B\u00e1squet\" \/>\n<meta name=\"twitter:card\" content=\"summary_large_image\" \/>\n<meta name=\"twitter:label1\" content=\"Escrito por\" \/>\n\t<meta name=\"twitter:data1\" content=\"Gente de B\u00e1squet\" \/>\n\t<meta name=\"twitter:label2\" content=\"Tiempo de lectura\" \/>\n\t<meta name=\"twitter:data2\" content=\"2 minutos\" \/>\n<script type=\"application\/ld+json\" class=\"yoast-schema-graph\">{\"@context\":\"https:\\\/\\\/schema.org\",\"@graph\":[{\"@type\":\"Article\",\"@id\":\"https:\\\/\\\/gentedebasquet.com.ar\\\/sitio\\\/2015\\\/10\\\/20\\\/pacifico-sigue-expectante\\\/#article\",\"isPartOf\":{\"@id\":\"https:\\\/\\\/gentedebasquet.com.ar\\\/sitio\\\/2015\\\/10\\\/20\\\/pacifico-sigue-expectante\\\/\"},\"author\":{\"name\":\"Gente de B\u00e1squet\",\"@id\":\"https:\\\/\\\/gentedebasquet.com.ar\\\/sitio\\\/#\\\/schema\\\/person\\\/ca0b63bbb977369988a7bbbdc519943a\"},\"headline\":\"Pac\u00edfico sigue expectante\",\"datePublished\":\"2015-10-21T02:14:50+00:00\",\"mainEntityOfPage\":{\"@id\":\"https:\\\/\\\/gentedebasquet.com.ar\\\/sitio\\\/2015\\\/10\\\/20\\\/pacifico-sigue-expectante\\\/\"},\"wordCount\":485,\"image\":{\"@id\":\"https:\\\/\\\/gentedebasquet.com.ar\\\/sitio\\\/2015\\\/10\\\/20\\\/pacifico-sigue-expectante\\\/#primaryimage\"},\"thumbnailUrl\":\"https:\\\/\\\/gentedebasquet.com.ar\\\/sitio\\\/wp-content\\\/uploads\\\/2015\\\/10\\\/Comercial-Pacifico-Gonzalez.jpg\",\"keywords\":[\"Amilcar Andreanelli\",\"Comercial\",\"Ezequiel Meneses\",\"Fernando Bonino\",\"Mauricio Gonz\u00e1lez\",\"Pacifico\"],\"articleSection\":[\"Segunda\"],\"inLanguage\":\"es\"},{\"@type\":\"WebPage\",\"@id\":\"https:\\\/\\\/gentedebasquet.com.ar\\\/sitio\\\/2015\\\/10\\\/20\\\/pacifico-sigue-expectante\\\/\",\"url\":\"https:\\\/\\\/gentedebasquet.com.ar\\\/sitio\\\/2015\\\/10\\\/20\\\/pacifico-sigue-expectante\\\/\",\"name\":\"Pac\u00edfico sigue expectante - Gente de B\u00e1squet\",\"isPartOf\":{\"@id\":\"https:\\\/\\\/gentedebasquet.com.ar\\\/sitio\\\/#website\"},\"primaryImageOfPage\":{\"@id\":\"https:\\\/\\\/gentedebasquet.com.ar\\\/sitio\\\/2015\\\/10\\\/20\\\/pacifico-sigue-expectante\\\/#primaryimage\"},\"image\":{\"@id\":\"https:\\\/\\\/gentedebasquet.com.ar\\\/sitio\\\/2015\\\/10\\\/20\\\/pacifico-sigue-expectante\\\/#primaryimage\"},\"thumbnailUrl\":\"https:\\\/\\\/gentedebasquet.com.ar\\\/sitio\\\/wp-content\\\/uploads\\\/2015\\\/10\\\/Comercial-Pacifico-Gonzalez.jpg\",\"datePublished\":\"2015-10-21T02:14:50+00:00\",\"author\":{\"@id\":\"https:\\\/\\\/gentedebasquet.com.ar\\\/sitio\\\/#\\\/schema\\\/person\\\/ca0b63bbb977369988a7bbbdc519943a\"},\"breadcrumb\":{\"@id\":\"https:\\\/\\\/gentedebasquet.com.ar\\\/sitio\\\/2015\\\/10\\\/20\\\/pacifico-sigue-expectante\\\/#breadcrumb\"},\"inLanguage\":\"es\",\"potentialAction\":[{\"@type\":\"ReadAction\",\"target\":[\"https:\\\/\\\/gentedebasquet.com.ar\\\/sitio\\\/2015\\\/10\\\/20\\\/pacifico-sigue-expectante\\\/\"]}]},{\"@type\":\"ImageObject\",\"inLanguage\":\"es\",\"@id\":\"https:\\\/\\\/gentedebasquet.com.ar\\\/sitio\\\/2015\\\/10\\\/20\\\/pacifico-sigue-expectante\\\/#primaryimage\",\"url\":\"https:\\\/\\\/gentedebasquet.com.ar\\\/sitio\\\/wp-content\\\/uploads\\\/2015\\\/10\\\/Comercial-Pacifico-Gonzalez.jpg\",\"contentUrl\":\"https:\\\/\\\/gentedebasquet.com.ar\\\/sitio\\\/wp-content\\\/uploads\\\/2015\\\/10\\\/Comercial-Pacifico-Gonzalez.jpg\",\"width\":300,\"height\":211},{\"@type\":\"BreadcrumbList\",\"@id\":\"https:\\\/\\\/gentedebasquet.com.ar\\\/sitio\\\/2015\\\/10\\\/20\\\/pacifico-sigue-expectante\\\/#breadcrumb\",\"itemListElement\":[{\"@type\":\"ListItem\",\"position\":1,\"name\":\"Portada\",\"item\":\"https:\\\/\\\/gentedebasquet.com.ar\\\/sitio\\\/\"},{\"@type\":\"ListItem\",\"position\":2,\"name\":\"Pac\u00edfico sigue expectante\"}]},{\"@type\":\"WebSite\",\"@id\":\"https:\\\/\\\/gentedebasquet.com.ar\\\/sitio\\\/#website\",\"url\":\"https:\\\/\\\/gentedebasquet.com.ar\\\/sitio\\\/\",\"name\":\"Gente de B\u00e1squet\",\"description\":\"La revista del basquet de Bah\u00eda Blanca\",\"potentialAction\":[{\"@type\":\"SearchAction\",\"target\":{\"@type\":\"EntryPoint\",\"urlTemplate\":\"https:\\\/\\\/gentedebasquet.com.ar\\\/sitio\\\/?s={search_term_string}\"},\"query-input\":{\"@type\":\"PropertyValueSpecification\",\"valueRequired\":true,\"valueName\":\"search_term_string\"}}],\"inLanguage\":\"es\"},{\"@type\":\"Person\",\"@id\":\"https:\\\/\\\/gentedebasquet.com.ar\\\/sitio\\\/#\\\/schema\\\/person\\\/ca0b63bbb977369988a7bbbdc519943a\",\"name\":\"Gente de B\u00e1squet\",\"image\":{\"@type\":\"ImageObject\",\"inLanguage\":\"es\",\"@id\":\"https:\\\/\\\/secure.gravatar.com\\\/avatar\\\/7f2c48bdc33b30088f941fb6082e555f2874c98e20cb159d7b92b50eadfce793?s=96&d=mm&r=g\",\"url\":\"https:\\\/\\\/secure.gravatar.com\\\/avatar\\\/7f2c48bdc33b30088f941fb6082e555f2874c98e20cb159d7b92b50eadfce793?s=96&d=mm&r=g\",\"contentUrl\":\"https:\\\/\\\/secure.gravatar.com\\\/avatar\\\/7f2c48bdc33b30088f941fb6082e555f2874c98e20cb159d7b92b50eadfce793?s=96&d=mm&r=g\",\"caption\":\"Gente de B\u00e1squet\"},\"sameAs\":[\"http:\\\/\\\/gentedebasquet.com.ar\\\/sitio\"],\"url\":\"https:\\\/\\\/gentedebasquet.com.ar\\\/sitio\\\/author\\\/ulises\\\/\"}]}<\/script>\n<!-- \/ Yoast SEO plugin. -->","yoast_head_json":{"title":"Pac\u00edfico sigue expectante - Gente de B\u00e1squet","robots":{"index":"index","follow":"follow","max-snippet":"max-snippet:-1","max-image-preview":"max-image-preview:large","max-video-preview":"max-video-preview:-1"},"canonical":"https:\/\/gentedebasquet.com.ar\/sitio\/2015\/10\/20\/pacifico-sigue-expectante\/","og_locale":"es_ES","og_type":"article","og_title":"Pac\u00edfico sigue expectante - Gente de B\u00e1squet","og_description":"Venci\u00f3 a Comercial por 90 a 86 y contin\u00faa en b\u00fasqueda del \"1\" en la tabla acumulada","og_url":"https:\/\/gentedebasquet.com.ar\/sitio\/2015\/10\/20\/pacifico-sigue-expectante\/","og_site_name":"Gente de B\u00e1squet","article_published_time":"2015-10-21T02:14:50+00:00","og_image":[{"width":300,"height":211,"url":"https:\/\/gentedebasquet.com.ar\/sitio\/wp-content\/uploads\/2015\/10\/Comercial-Pacifico-Gonzalez.jpg","type":"image\/jpeg"}],"author":"Gente de B\u00e1squet","twitter_card":"summary_large_image","twitter_misc":{"Escrito por":"Gente de B\u00e1squet","Tiempo de lectura":"2 minutos"},"schema":{"@context":"https:\/\/schema.org","@graph":[{"@type":"Article","@id":"https:\/\/gentedebasquet.com.ar\/sitio\/2015\/10\/20\/pacifico-sigue-expectante\/#article","isPartOf":{"@id":"https:\/\/gentedebasquet.com.ar\/sitio\/2015\/10\/20\/pacifico-sigue-expectante\/"},"author":{"name":"Gente de B\u00e1squet","@id":"https:\/\/gentedebasquet.com.ar\/sitio\/#\/schema\/person\/ca0b63bbb977369988a7bbbdc519943a"},"headline":"Pac\u00edfico sigue expectante","datePublished":"2015-10-21T02:14:50+00:00","mainEntityOfPage":{"@id":"https:\/\/gentedebasquet.com.ar\/sitio\/2015\/10\/20\/pacifico-sigue-expectante\/"},"wordCount":485,"image":{"@id":"https:\/\/gentedebasquet.com.ar\/sitio\/2015\/10\/20\/pacifico-sigue-expectante\/#primaryimage"},"thumbnailUrl":"https:\/\/gentedebasquet.com.ar\/sitio\/wp-content\/uploads\/2015\/10\/Comercial-Pacifico-Gonzalez.jpg","keywords":["Amilcar Andreanelli","Comercial","Ezequiel Meneses","Fernando Bonino","Mauricio Gonz\u00e1lez","Pacifico"],"articleSection":["Segunda"],"inLanguage":"es"},{"@type":"WebPage","@id":"https:\/\/gentedebasquet.com.ar\/sitio\/2015\/10\/20\/pacifico-sigue-expectante\/","url":"https:\/\/gentedebasquet.com.ar\/sitio\/2015\/10\/20\/pacifico-sigue-expectante\/","name":"Pac\u00edfico sigue expectante - Gente de B\u00e1squet","isPartOf":{"@id":"https:\/\/gentedebasquet.com.ar\/sitio\/#website"},"primaryImageOfPage":{"@id":"https:\/\/gentedebasquet.com.ar\/sitio\/2015\/10\/20\/pacifico-sigue-expectante\/#primaryimage"},"image":{"@id":"https:\/\/gentedebasquet.com.ar\/sitio\/2015\/10\/20\/pacifico-sigue-expectante\/#primaryimage"},"thumbnailUrl":"https:\/\/gentedebasquet.com.ar\/sitio\/wp-content\/uploads\/2015\/10\/Comercial-Pacifico-Gonzalez.jpg","datePublished":"2015-10-21T02:14:50+00:00","author":{"@id":"https:\/\/gentedebasquet.com.ar\/sitio\/#\/schema\/person\/ca0b63bbb977369988a7bbbdc519943a"},"breadcrumb":{"@id":"https:\/\/gentedebasquet.com.ar\/sitio\/2015\/10\/20\/pacifico-sigue-expectante\/#breadcrumb"},"inLanguage":"es","potentialAction":[{"@type":"ReadAction","target":["https:\/\/gentedebasquet.com.ar\/sitio\/2015\/10\/20\/pacifico-sigue-expectante\/"]}]},{"@type":"ImageObject","inLanguage":"es","@id":"https:\/\/gentedebasquet.com.ar\/sitio\/2015\/10\/20\/pacifico-sigue-expectante\/#primaryimage","url":"https:\/\/gentedebasquet.com.ar\/sitio\/wp-content\/uploads\/2015\/10\/Comercial-Pacifico-Gonzalez.jpg","contentUrl":"https:\/\/gentedebasquet.com.ar\/sitio\/wp-content\/uploads\/2015\/10\/Comercial-Pacifico-Gonzalez.jpg","width":300,"height":211},{"@type":"BreadcrumbList","@id":"https:\/\/gentedebasquet.com.ar\/sitio\/2015\/10\/20\/pacifico-sigue-expectante\/#breadcrumb","itemListElement":[{"@type":"ListItem","position":1,"name":"Portada","item":"https:\/\/gentedebasquet.com.ar\/sitio\/"},{"@type":"ListItem","position":2,"name":"Pac\u00edfico sigue expectante"}]},{"@type":"WebSite","@id":"https:\/\/gentedebasquet.com.ar\/sitio\/#website","url":"https:\/\/gentedebasquet.com.ar\/sitio\/","name":"Gente de B\u00e1squet","description":"La revista del basquet de Bah\u00eda Blanca","potentialAction":[{"@type":"SearchAction","target":{"@type":"EntryPoint","urlTemplate":"https:\/\/gentedebasquet.com.ar\/sitio\/?s={search_term_string}"},"query-input":{"@type":"PropertyValueSpecification","valueRequired":true,"valueName":"search_term_string"}}],"inLanguage":"es"},{"@type":"Person","@id":"https:\/\/gentedebasquet.com.ar\/sitio\/#\/schema\/person\/ca0b63bbb977369988a7bbbdc519943a","name":"Gente de B\u00e1squet","image":{"@type":"ImageObject","inLanguage":"es","@id":"https:\/\/secure.gravatar.com\/avatar\/7f2c48bdc33b30088f941fb6082e555f2874c98e20cb159d7b92b50eadfce793?s=96&d=mm&r=g","url":"https:\/\/secure.gravatar.com\/avatar\/7f2c48bdc33b30088f941fb6082e555f2874c98e20cb159d7b92b50eadfce793?s=96&d=mm&r=g","contentUrl":"https:\/\/secure.gravatar.com\/avatar\/7f2c48bdc33b30088f941fb6082e555f2874c98e20cb159d7b92b50eadfce793?s=96&d=mm&r=g","caption":"Gente de B\u00e1squet"},"sameAs":["http:\/\/gentedebasquet.com.ar\/sitio"],"url":"https:\/\/gentedebasquet.com.ar\/sitio\/author\/ulises\/"}]}},"_links":{"self":[{"href":"https:\/\/gentedebasquet.com.ar\/sitio\/wp-json\/wp\/v2\/posts\/52906","targetHints":{"allow":["GET"]}}],"collection":[{"href":"https:\/\/gentedebasquet.com.ar\/sitio\/wp-json\/wp\/v2\/posts"}],"about":[{"href":"https:\/\/gentedebasquet.com.ar\/sitio\/wp-json\/wp\/v2\/types\/post"}],"author":[{"embeddable":true,"href":"https:\/\/gentedebasquet.com.ar\/sitio\/wp-json\/wp\/v2\/users\/1"}],"replies":[{"embeddable":true,"href":"https:\/\/gentedebasquet.com.ar\/sitio\/wp-json\/wp\/v2\/comments?post=52906"}],"version-history":[{"count":0,"href":"https:\/\/gentedebasquet.com.ar\/sitio\/wp-json\/wp\/v2\/posts\/52906\/revisions"}],"wp:featuredmedia":[{"embeddable":true,"href":"https:\/\/gentedebasquet.com.ar\/sitio\/wp-json\/wp\/v2\/media\/52907"}],"wp:attachment":[{"href":"https:\/\/gentedebasquet.com.ar\/sitio\/wp-json\/wp\/v2\/media?parent=52906"}],"wp:term":[{"taxonomy":"category","embeddable":true,"href":"https:\/\/gentedebasquet.com.ar\/sitio\/wp-json\/wp\/v2\/categories?post=52906"},{"taxonomy":"post_tag","embeddable":true,"href":"https:\/\/gentedebasquet.com.ar\/sitio\/wp-json\/wp\/v2\/tags?post=52906"}],"curies":[{"name":"wp","href":"https:\/\/api.w.org\/{rel}","templated":true}]}}