{"id":52932,"date":"2015-10-20T23:15:36","date_gmt":"2015-10-21T02:15:36","guid":{"rendered":"http:\/\/www.gentedebasquet.com.ar\/?p=52932"},"modified":"2015-10-20T23:15:36","modified_gmt":"2015-10-21T02:15:36","slug":"los-tres-mosqueteros-2","status":"publish","type":"post","link":"https:\/\/gentedebasquet.com.ar\/sitio\/2015\/10\/20\/los-tres-mosqueteros-2\/","title":{"rendered":"Los tres mosqueteros"},"content":{"rendered":"<p><b>Independiente venci\u00f3 con facilidad a Velocidad por 77 a 52, luego de una primera mitad luchada. Con un activo Juan Cruz Reschini (20, 12 3\u00baC), el \u201cviola\u201d termin\u00f3 quebrando el juego a su favor y m\u00e1xime cuando Sebasti\u00e1n Mart\u00ednez (13) fue expulsado en el visitante en una protesta hacia los jueces. Adem\u00e1s del desempe\u00f1o del base, Gustavo Banchero (16 y 11 rebotes) y Mauro Montanaro (15 y 9 recobres) tambi\u00e9n se destacaron. Mientras que Juan Ignacio De Pastena (13 y 8 rebotes) y Le\u00f3n Beresovsky (12 y 15 tableros) sobresalieron por \u201cVelo\u201d.<\/b><\/p>\n<p>Independiente sali\u00f3 como una locomotora desde el vamos con Montanaro (7) muy enfocado para adelantarse 6-0; pero luego fueron cediendo terreno ante la baja efectividad de sus lanzamientos cortos (2\/11 T2), lo que posibilit\u00f3 a Velocidad revertir la situaci\u00f3n (11-9) corriendo la cancha y con acciones individuales de Mart\u00ednez y Soria (5 cada uno). Luego Reschini (6) y Branciforte colaboraron para que local termine al frente el primer segmento merced al tiro exterior (3\/5 T3) y a aprovechar el error ajeno (5 p\u00e9rdidas Velocidad).<\/p>\n<p>En el segundo chico el \u201cViola\u201d fue casi lo contrario que en el primero, dado que se mostr\u00f3 muy seguro cerca del cesto (8\/12 T2) pero abus\u00f3 del tiro exterior (0\/6 T3). Con Banchero (6) a la cabeza y la colaboraci\u00f3n de Zani (4) se mantuvieron liderando el marcador y hasta fueron estirando ventajas sacando r\u00e9dito de la baja efectividad del rival (3\/18 TC y 5\/10 T1). Los dirigidos por Soldini con este panorama intentaron mantenerse en juego con Mart\u00ednez (6) calentando la mano y De Pastena (4) desgastando al rival, adem\u00e1s de cargar constantemente al rebote ofensivo.<\/p>\n<p>El quiebre del encuentro lleg\u00f3 en el tercer cuarto cuando el due\u00f1o de casa se apoy\u00f3 en la din\u00e1mica y movilidad de Reschini (12) para ir estirando ventajas ante un rival que intent\u00f3 correr asiduamente, con malas definiciones a veces y en otras cayendo ante la permisividad en los fallos ante el roce defensivo. Esto \u00faltimo fue descoloc\u00e1ndolo a tal punto que las protestas eran reiteradas y se fueron \u201cyendo\u201d del partido. Independiente con Branciforte y Banchero (8 entre ambos) colaboraron para ir estirando ventajas (55-35). Y el visitante se termin\u00f3 de desarmar cuando a falta de 2m35s Mart\u00ednez protest\u00f3 un fallo arbitral a Jorge Blanco y este decidi\u00f3 expulsarlo. Desde all\u00ed, Beresovsky (5) y algo de De Pastena fue lo que mostr\u00f3 para intentar volver al ruedo pero el 5\/20 TC que registr\u00f3 fue demasiado.<\/p>\n<p>Ya en el \u00faltimo cuarto la cuesti\u00f3n estaba definida. Independiente sigui\u00f3 sumando con Banchero y Montanaro (10 entre ambos) y le dio lugar a que el pibe Cataldo (6) tenga sus acciones ofensivas. Mientras que por la vereda en enfrente sigui\u00f3 lanzando con magros porcentajes (0\/10 T3) y Beresovsky (5) continu\u00f3 activo debajo de los tableros.<\/p>\n<p>&nbsp;<\/p>\n<p><strong>S\u00edntesis |\u00a0<\/strong>Segunda Divisi\u00f3n \u2013 Oficial \u2013 Juego #16<\/p>\n<p><strong>Independiente 77:<\/strong>\u00a0Juan Cruz Reschini 20, Sebasti\u00e1n Branciforte 8, Mariano Guill\u00e9n 0, Mauro Montanaro 15 y Gustavo Banchero 16 (F.I.); Ezequiel Zani 4, Agust\u00edn Mambriani 2, Mauro Insaurralde 6, Santiago Ribes 0, Iv\u00e1n Cataldo 6 y Jano Duka 0.\u00a0DT: Javier Musumeci.<\/p>\n<p><strong>Velocidad 52:<\/strong> Juan Ignacio De Pastena 13, Sebasti\u00e1n Mart\u00ednez 13 (E), Hern\u00e1n Soria 5, Cristian Bisterfeld 5 y Le\u00f3n Beresovsky 12 (F.I.); Francisco Fuster 2, Germ\u00e1n Rausemberg 0, Mart\u00edn Carina 2 y Germ\u00e1n D\u00edaz 0.\u00a0DT: Juan Gilberto Soldini.<\/p>\n<p><strong>Parciales:<\/strong> 17-16, 35-28 (18-12), 59-41 (24-13) y 77-52 (18-11).<\/p>\n<p><strong>\u00c1rbitros:<\/strong> Jorge Scheffer y Jorge Blanco<\/p>\n<p><strong>Estadio:<\/strong>\u00a0Ra\u00fal y N\u00e9stor Barral (Independiente).<\/p>\n<p><a class=\"modalf iframe\" title=\"Planilla\" href=\"https:\/\/docs.google.com\/spreadsheets\/d\/17Gf9oi9goDKEDz4VnpYred9yw12lNO3bC4CK7DObZec\/pubhtml\" target=\"_blank\" rel=\"noopener\">Ver Planilla<\/a><\/p>\n","protected":false},"excerpt":{"rendered":"<p>El Viola se apoy\u00f3 en Reschini, Banchero y Montanaro para vencer a Velocidad 77-52<\/p>\n","protected":false},"author":1,"featured_media":52933,"comment_status":"closed","ping_status":"open","sticky":false,"template":"","format":"standard","meta":{"jnews-multi-image_gallery":[],"jnews_single_post":[],"jnews_primary_category":[],"footnotes":""},"categories":[25,101],"tags":[620,12,550,743,547,551,254,21],"class_list":["post-52932","post","type-post","status-publish","format-standard","has-post-thumbnail","hentry","category-segunda","category-slide","tag-gustavo-banchero","tag-independiente","tag-juan-cruz-reschini","tag-juan-ignacio-de-pastena","tag-leon-beresovsky","tag-mauro-montanaro","tag-sebastian-martinez","tag-velocidad"],"yoast_head":"<!-- This site is optimized with the Yoast SEO plugin v27.5 - https:\/\/yoast.com\/product\/yoast-seo-wordpress\/ -->\n<title>Los tres mosqueteros - Gente de B\u00e1squet<\/title>\n<meta name=\"robots\" content=\"index, follow, max-snippet:-1, max-image-preview:large, max-video-preview:-1\" \/>\n<link rel=\"canonical\" href=\"https:\/\/gentedebasquet.com.ar\/sitio\/2015\/10\/20\/los-tres-mosqueteros-2\/\" \/>\n<meta property=\"og:locale\" content=\"es_ES\" \/>\n<meta property=\"og:type\" content=\"article\" \/>\n<meta property=\"og:title\" content=\"Los tres mosqueteros - Gente de B\u00e1squet\" \/>\n<meta property=\"og:description\" content=\"El Viola se apoy\u00f3 en Reschini, Banchero y Montanaro para vencer a Velocidad 77-52\" \/>\n<meta property=\"og:url\" content=\"https:\/\/gentedebasquet.com.ar\/sitio\/2015\/10\/20\/los-tres-mosqueteros-2\/\" \/>\n<meta property=\"og:site_name\" content=\"Gente de B\u00e1squet\" \/>\n<meta property=\"article:published_time\" content=\"2015-10-21T02:15:36+00:00\" \/>\n<meta property=\"og:image\" content=\"https:\/\/gentedebasquet.com.ar\/sitio\/wp-content\/uploads\/2015\/10\/DSCF7069.jpg\" \/>\n\t<meta property=\"og:image:width\" content=\"690\" \/>\n\t<meta property=\"og:image:height\" content=\"319\" \/>\n\t<meta property=\"og:image:type\" content=\"image\/jpeg\" \/>\n<meta name=\"author\" content=\"Gente de B\u00e1squet\" \/>\n<meta name=\"twitter:card\" content=\"summary_large_image\" \/>\n<meta name=\"twitter:label1\" content=\"Escrito por\" \/>\n\t<meta name=\"twitter:data1\" content=\"Gente de B\u00e1squet\" \/>\n\t<meta name=\"twitter:label2\" content=\"Tiempo de lectura\" \/>\n\t<meta name=\"twitter:data2\" content=\"3 minutos\" \/>\n<script type=\"application\/ld+json\" class=\"yoast-schema-graph\">{\"@context\":\"https:\\\/\\\/schema.org\",\"@graph\":[{\"@type\":\"Article\",\"@id\":\"https:\\\/\\\/gentedebasquet.com.ar\\\/sitio\\\/2015\\\/10\\\/20\\\/los-tres-mosqueteros-2\\\/#article\",\"isPartOf\":{\"@id\":\"https:\\\/\\\/gentedebasquet.com.ar\\\/sitio\\\/2015\\\/10\\\/20\\\/los-tres-mosqueteros-2\\\/\"},\"author\":{\"name\":\"Gente de B\u00e1squet\",\"@id\":\"https:\\\/\\\/gentedebasquet.com.ar\\\/sitio\\\/#\\\/schema\\\/person\\\/ca0b63bbb977369988a7bbbdc519943a\"},\"headline\":\"Los tres mosqueteros\",\"datePublished\":\"2015-10-21T02:15:36+00:00\",\"mainEntityOfPage\":{\"@id\":\"https:\\\/\\\/gentedebasquet.com.ar\\\/sitio\\\/2015\\\/10\\\/20\\\/los-tres-mosqueteros-2\\\/\"},\"wordCount\":560,\"image\":{\"@id\":\"https:\\\/\\\/gentedebasquet.com.ar\\\/sitio\\\/2015\\\/10\\\/20\\\/los-tres-mosqueteros-2\\\/#primaryimage\"},\"thumbnailUrl\":\"https:\\\/\\\/gentedebasquet.com.ar\\\/sitio\\\/wp-content\\\/uploads\\\/2015\\\/10\\\/DSCF7069.jpg\",\"keywords\":[\"Gustavo Banchero\",\"independiente\",\"Juan Cruz Reschini\",\"Juan Ignacio De Pastena\",\"Le\u00f3n Beresovsky\",\"Mauro Montanaro\",\"Sebasti\u00e1n Mart\u00ednez\",\"Velocidad\"],\"articleSection\":[\"Segunda\",\"Slide\"],\"inLanguage\":\"es\"},{\"@type\":\"WebPage\",\"@id\":\"https:\\\/\\\/gentedebasquet.com.ar\\\/sitio\\\/2015\\\/10\\\/20\\\/los-tres-mosqueteros-2\\\/\",\"url\":\"https:\\\/\\\/gentedebasquet.com.ar\\\/sitio\\\/2015\\\/10\\\/20\\\/los-tres-mosqueteros-2\\\/\",\"name\":\"Los tres mosqueteros - Gente de B\u00e1squet\",\"isPartOf\":{\"@id\":\"https:\\\/\\\/gentedebasquet.com.ar\\\/sitio\\\/#website\"},\"primaryImageOfPage\":{\"@id\":\"https:\\\/\\\/gentedebasquet.com.ar\\\/sitio\\\/2015\\\/10\\\/20\\\/los-tres-mosqueteros-2\\\/#primaryimage\"},\"image\":{\"@id\":\"https:\\\/\\\/gentedebasquet.com.ar\\\/sitio\\\/2015\\\/10\\\/20\\\/los-tres-mosqueteros-2\\\/#primaryimage\"},\"thumbnailUrl\":\"https:\\\/\\\/gentedebasquet.com.ar\\\/sitio\\\/wp-content\\\/uploads\\\/2015\\\/10\\\/DSCF7069.jpg\",\"datePublished\":\"2015-10-21T02:15:36+00:00\",\"author\":{\"@id\":\"https:\\\/\\\/gentedebasquet.com.ar\\\/sitio\\\/#\\\/schema\\\/person\\\/ca0b63bbb977369988a7bbbdc519943a\"},\"breadcrumb\":{\"@id\":\"https:\\\/\\\/gentedebasquet.com.ar\\\/sitio\\\/2015\\\/10\\\/20\\\/los-tres-mosqueteros-2\\\/#breadcrumb\"},\"inLanguage\":\"es\",\"potentialAction\":[{\"@type\":\"ReadAction\",\"target\":[\"https:\\\/\\\/gentedebasquet.com.ar\\\/sitio\\\/2015\\\/10\\\/20\\\/los-tres-mosqueteros-2\\\/\"]}]},{\"@type\":\"ImageObject\",\"inLanguage\":\"es\",\"@id\":\"https:\\\/\\\/gentedebasquet.com.ar\\\/sitio\\\/2015\\\/10\\\/20\\\/los-tres-mosqueteros-2\\\/#primaryimage\",\"url\":\"https:\\\/\\\/gentedebasquet.com.ar\\\/sitio\\\/wp-content\\\/uploads\\\/2015\\\/10\\\/DSCF7069.jpg\",\"contentUrl\":\"https:\\\/\\\/gentedebasquet.com.ar\\\/sitio\\\/wp-content\\\/uploads\\\/2015\\\/10\\\/DSCF7069.jpg\",\"width\":690,\"height\":319},{\"@type\":\"BreadcrumbList\",\"@id\":\"https:\\\/\\\/gentedebasquet.com.ar\\\/sitio\\\/2015\\\/10\\\/20\\\/los-tres-mosqueteros-2\\\/#breadcrumb\",\"itemListElement\":[{\"@type\":\"ListItem\",\"position\":1,\"name\":\"Portada\",\"item\":\"https:\\\/\\\/gentedebasquet.com.ar\\\/sitio\\\/\"},{\"@type\":\"ListItem\",\"position\":2,\"name\":\"Los tres mosqueteros\"}]},{\"@type\":\"WebSite\",\"@id\":\"https:\\\/\\\/gentedebasquet.com.ar\\\/sitio\\\/#website\",\"url\":\"https:\\\/\\\/gentedebasquet.com.ar\\\/sitio\\\/\",\"name\":\"Gente de B\u00e1squet\",\"description\":\"La revista del basquet de Bah\u00eda Blanca\",\"potentialAction\":[{\"@type\":\"SearchAction\",\"target\":{\"@type\":\"EntryPoint\",\"urlTemplate\":\"https:\\\/\\\/gentedebasquet.com.ar\\\/sitio\\\/?s={search_term_string}\"},\"query-input\":{\"@type\":\"PropertyValueSpecification\",\"valueRequired\":true,\"valueName\":\"search_term_string\"}}],\"inLanguage\":\"es\"},{\"@type\":\"Person\",\"@id\":\"https:\\\/\\\/gentedebasquet.com.ar\\\/sitio\\\/#\\\/schema\\\/person\\\/ca0b63bbb977369988a7bbbdc519943a\",\"name\":\"Gente de B\u00e1squet\",\"image\":{\"@type\":\"ImageObject\",\"inLanguage\":\"es\",\"@id\":\"https:\\\/\\\/secure.gravatar.com\\\/avatar\\\/7f2c48bdc33b30088f941fb6082e555f2874c98e20cb159d7b92b50eadfce793?s=96&d=mm&r=g\",\"url\":\"https:\\\/\\\/secure.gravatar.com\\\/avatar\\\/7f2c48bdc33b30088f941fb6082e555f2874c98e20cb159d7b92b50eadfce793?s=96&d=mm&r=g\",\"contentUrl\":\"https:\\\/\\\/secure.gravatar.com\\\/avatar\\\/7f2c48bdc33b30088f941fb6082e555f2874c98e20cb159d7b92b50eadfce793?s=96&d=mm&r=g\",\"caption\":\"Gente de B\u00e1squet\"},\"sameAs\":[\"http:\\\/\\\/gentedebasquet.com.ar\\\/sitio\"],\"url\":\"https:\\\/\\\/gentedebasquet.com.ar\\\/sitio\\\/author\\\/ulises\\\/\"}]}<\/script>\n<!-- \/ Yoast SEO plugin. -->","yoast_head_json":{"title":"Los tres mosqueteros - Gente de B\u00e1squet","robots":{"index":"index","follow":"follow","max-snippet":"max-snippet:-1","max-image-preview":"max-image-preview:large","max-video-preview":"max-video-preview:-1"},"canonical":"https:\/\/gentedebasquet.com.ar\/sitio\/2015\/10\/20\/los-tres-mosqueteros-2\/","og_locale":"es_ES","og_type":"article","og_title":"Los tres mosqueteros - Gente de B\u00e1squet","og_description":"El Viola se apoy\u00f3 en Reschini, Banchero y Montanaro para vencer a Velocidad 77-52","og_url":"https:\/\/gentedebasquet.com.ar\/sitio\/2015\/10\/20\/los-tres-mosqueteros-2\/","og_site_name":"Gente de B\u00e1squet","article_published_time":"2015-10-21T02:15:36+00:00","og_image":[{"width":690,"height":319,"url":"https:\/\/gentedebasquet.com.ar\/sitio\/wp-content\/uploads\/2015\/10\/DSCF7069.jpg","type":"image\/jpeg"}],"author":"Gente de B\u00e1squet","twitter_card":"summary_large_image","twitter_misc":{"Escrito por":"Gente de B\u00e1squet","Tiempo de lectura":"3 minutos"},"schema":{"@context":"https:\/\/schema.org","@graph":[{"@type":"Article","@id":"https:\/\/gentedebasquet.com.ar\/sitio\/2015\/10\/20\/los-tres-mosqueteros-2\/#article","isPartOf":{"@id":"https:\/\/gentedebasquet.com.ar\/sitio\/2015\/10\/20\/los-tres-mosqueteros-2\/"},"author":{"name":"Gente de B\u00e1squet","@id":"https:\/\/gentedebasquet.com.ar\/sitio\/#\/schema\/person\/ca0b63bbb977369988a7bbbdc519943a"},"headline":"Los tres mosqueteros","datePublished":"2015-10-21T02:15:36+00:00","mainEntityOfPage":{"@id":"https:\/\/gentedebasquet.com.ar\/sitio\/2015\/10\/20\/los-tres-mosqueteros-2\/"},"wordCount":560,"image":{"@id":"https:\/\/gentedebasquet.com.ar\/sitio\/2015\/10\/20\/los-tres-mosqueteros-2\/#primaryimage"},"thumbnailUrl":"https:\/\/gentedebasquet.com.ar\/sitio\/wp-content\/uploads\/2015\/10\/DSCF7069.jpg","keywords":["Gustavo Banchero","independiente","Juan Cruz Reschini","Juan Ignacio De Pastena","Le\u00f3n Beresovsky","Mauro Montanaro","Sebasti\u00e1n Mart\u00ednez","Velocidad"],"articleSection":["Segunda","Slide"],"inLanguage":"es"},{"@type":"WebPage","@id":"https:\/\/gentedebasquet.com.ar\/sitio\/2015\/10\/20\/los-tres-mosqueteros-2\/","url":"https:\/\/gentedebasquet.com.ar\/sitio\/2015\/10\/20\/los-tres-mosqueteros-2\/","name":"Los tres mosqueteros - Gente de B\u00e1squet","isPartOf":{"@id":"https:\/\/gentedebasquet.com.ar\/sitio\/#website"},"primaryImageOfPage":{"@id":"https:\/\/gentedebasquet.com.ar\/sitio\/2015\/10\/20\/los-tres-mosqueteros-2\/#primaryimage"},"image":{"@id":"https:\/\/gentedebasquet.com.ar\/sitio\/2015\/10\/20\/los-tres-mosqueteros-2\/#primaryimage"},"thumbnailUrl":"https:\/\/gentedebasquet.com.ar\/sitio\/wp-content\/uploads\/2015\/10\/DSCF7069.jpg","datePublished":"2015-10-21T02:15:36+00:00","author":{"@id":"https:\/\/gentedebasquet.com.ar\/sitio\/#\/schema\/person\/ca0b63bbb977369988a7bbbdc519943a"},"breadcrumb":{"@id":"https:\/\/gentedebasquet.com.ar\/sitio\/2015\/10\/20\/los-tres-mosqueteros-2\/#breadcrumb"},"inLanguage":"es","potentialAction":[{"@type":"ReadAction","target":["https:\/\/gentedebasquet.com.ar\/sitio\/2015\/10\/20\/los-tres-mosqueteros-2\/"]}]},{"@type":"ImageObject","inLanguage":"es","@id":"https:\/\/gentedebasquet.com.ar\/sitio\/2015\/10\/20\/los-tres-mosqueteros-2\/#primaryimage","url":"https:\/\/gentedebasquet.com.ar\/sitio\/wp-content\/uploads\/2015\/10\/DSCF7069.jpg","contentUrl":"https:\/\/gentedebasquet.com.ar\/sitio\/wp-content\/uploads\/2015\/10\/DSCF7069.jpg","width":690,"height":319},{"@type":"BreadcrumbList","@id":"https:\/\/gentedebasquet.com.ar\/sitio\/2015\/10\/20\/los-tres-mosqueteros-2\/#breadcrumb","itemListElement":[{"@type":"ListItem","position":1,"name":"Portada","item":"https:\/\/gentedebasquet.com.ar\/sitio\/"},{"@type":"ListItem","position":2,"name":"Los tres mosqueteros"}]},{"@type":"WebSite","@id":"https:\/\/gentedebasquet.com.ar\/sitio\/#website","url":"https:\/\/gentedebasquet.com.ar\/sitio\/","name":"Gente de B\u00e1squet","description":"La revista del basquet de Bah\u00eda Blanca","potentialAction":[{"@type":"SearchAction","target":{"@type":"EntryPoint","urlTemplate":"https:\/\/gentedebasquet.com.ar\/sitio\/?s={search_term_string}"},"query-input":{"@type":"PropertyValueSpecification","valueRequired":true,"valueName":"search_term_string"}}],"inLanguage":"es"},{"@type":"Person","@id":"https:\/\/gentedebasquet.com.ar\/sitio\/#\/schema\/person\/ca0b63bbb977369988a7bbbdc519943a","name":"Gente de B\u00e1squet","image":{"@type":"ImageObject","inLanguage":"es","@id":"https:\/\/secure.gravatar.com\/avatar\/7f2c48bdc33b30088f941fb6082e555f2874c98e20cb159d7b92b50eadfce793?s=96&d=mm&r=g","url":"https:\/\/secure.gravatar.com\/avatar\/7f2c48bdc33b30088f941fb6082e555f2874c98e20cb159d7b92b50eadfce793?s=96&d=mm&r=g","contentUrl":"https:\/\/secure.gravatar.com\/avatar\/7f2c48bdc33b30088f941fb6082e555f2874c98e20cb159d7b92b50eadfce793?s=96&d=mm&r=g","caption":"Gente de B\u00e1squet"},"sameAs":["http:\/\/gentedebasquet.com.ar\/sitio"],"url":"https:\/\/gentedebasquet.com.ar\/sitio\/author\/ulises\/"}]}},"_links":{"self":[{"href":"https:\/\/gentedebasquet.com.ar\/sitio\/wp-json\/wp\/v2\/posts\/52932","targetHints":{"allow":["GET"]}}],"collection":[{"href":"https:\/\/gentedebasquet.com.ar\/sitio\/wp-json\/wp\/v2\/posts"}],"about":[{"href":"https:\/\/gentedebasquet.com.ar\/sitio\/wp-json\/wp\/v2\/types\/post"}],"author":[{"embeddable":true,"href":"https:\/\/gentedebasquet.com.ar\/sitio\/wp-json\/wp\/v2\/users\/1"}],"replies":[{"embeddable":true,"href":"https:\/\/gentedebasquet.com.ar\/sitio\/wp-json\/wp\/v2\/comments?post=52932"}],"version-history":[{"count":0,"href":"https:\/\/gentedebasquet.com.ar\/sitio\/wp-json\/wp\/v2\/posts\/52932\/revisions"}],"wp:featuredmedia":[{"embeddable":true,"href":"https:\/\/gentedebasquet.com.ar\/sitio\/wp-json\/wp\/v2\/media\/52933"}],"wp:attachment":[{"href":"https:\/\/gentedebasquet.com.ar\/sitio\/wp-json\/wp\/v2\/media?parent=52932"}],"wp:term":[{"taxonomy":"category","embeddable":true,"href":"https:\/\/gentedebasquet.com.ar\/sitio\/wp-json\/wp\/v2\/categories?post=52932"},{"taxonomy":"post_tag","embeddable":true,"href":"https:\/\/gentedebasquet.com.ar\/sitio\/wp-json\/wp\/v2\/tags?post=52932"}],"curies":[{"name":"wp","href":"https:\/\/api.w.org\/{rel}","templated":true}]}}