{"id":5297,"date":"2012-07-04T05:48:27","date_gmt":"2012-07-04T05:48:27","guid":{"rendered":"http:\/\/www.gentedebasquet.com.ar\/?p=5297"},"modified":"2012-07-04T05:48:27","modified_gmt":"2012-07-04T05:48:27","slug":"un-triunfo-pancho-para-quedarse-con-el-1","status":"publish","type":"post","link":"https:\/\/gentedebasquet.com.ar\/sitio\/2012\/07\/04\/un-triunfo-pancho-para-quedarse-con-el-1\/","title":{"rendered":"Un triunfo \u00abPancho\u00bb para quedarse con el \u00ab1\u00bb"},"content":{"rendered":"<p align=\"center\"><a href=\"http:\/\/www.gentedebasquet.com.ar\/wp-content\/uploads\/2012\/07\/caspe.jpg\"><img decoding=\"async\" class=\"aligncenter size-full wp-image-5299\" src=\"http:\/\/www.gentedebasquet.com.ar\/wp-content\/uploads\/2012\/07\/caspe.jpg\" alt=\"\" width=\"448\" height=\"336\" \/><\/a><\/p>\n<p style=\"text-align: left;\" align=\"center\"><strong><em>Comercial hizo lo que ten\u00eda que hacer para quedarse con el n\u00famero uno del torneo Ciudad de Bah\u00eda Blanca, antes del receso invernal. Los del puerto depend\u00edan de ellos mismos y as\u00ed lo entendi\u00f3 Ignacio Caspe, quien fue el goleador y figura del triunfo ante La Falda 82-54, anotando 19 unidades; seguido por Andr\u00e9s Maidana con 16. Pablo Obreque, con 12, fue m\u00e1s efectivo en el visitante.<!--more--><\/em><\/strong><\/p>\n<p>El partido fue parejo en los primeros cuatro minutos de juego donde La Falda anot\u00f3 yendo hacia adentro y Comercial aprovech\u00f3 las segundas oportunidades al cargar al rebote ofensivo (8). Luego los del puerto estamparon un contundente 18-2 (incluyendo un 12-0 al comienzo) con un gran Caspe (6) imponiendo respeto en la pintura, Maidana (6) ayudando en el juego interior y Mart\u00ednez (8) aprovechando las ventajas que daba la defensa en el per\u00edmetro (2\/4 T3). As\u00ed cerr\u00f3 el cuarto inicial 24-10 para comenzar a dominar el encuentro.<\/p>\n<p>La Falda pas\u00f3 a zona 1-2-2 en el arranque del segundo chico y lleg\u00f3 a descontar a 6 (26-32) con Bonino (5) siendo revulsivo y la constancia de Obreque (4) en la conducci\u00f3n; m\u00e1s un buen trabajo defensivo de Cendoya sobre Mart\u00ednez (0\/2 TC). Sin embargo, a la tarea que ven\u00eda haciendo Maidana (4) cerca del cesto y los lanzamientos de Ercoli (6, 2\/4 T3); se le sum\u00f3 nuevamente un encendido Caspe (9, 4\/4 T2) para alejarse otra vez en el marcador mediante un 9-0 (6 seguidos de \u201cPancho\u201d) y finalizar 47-28 arriba la primera mitad.<\/p>\n<p>A la vuelta del vestuario, se esperaba una reacci\u00f3n del visitante; pero el caj\u00f3n a Miguel complic\u00f3 su juego. Adem\u00e1s Bert\u00f3n se alej\u00f3 del cesto, lo que provoc\u00f3 la p\u00e9rdida de presencia en la pintura. En contra partida, Comercial apel\u00f3 al enchufado Caspe (4) en el poste bajo y al lanzamiento de Ercoli (5) ante la zona que mantuvo el rival. As\u00ed fue que conserv\u00f3 la diferencia y el control del partido y al ritmo que se jug\u00f3, ya que corri\u00f3 cuantas veces quiso. Por el lado de La Falda, salvo Gim\u00e9nez (4) jugando de frente al aro y algo de Mallemaci (4), le cost\u00f3 concretar ofensivas elaboradas, a pesar que se pas\u00f3 mejor el bal\u00f3n.<\/p>\n<p>En el ep\u00edlogo, Schmidt (5) y Maidana (4) se mostraron activos debajo del aro para ir estirando la diferencia que lleg\u00f3 a ser de 33 (80-47), lo que permiti\u00f3 darle minutos de juego a los chicos del club. All\u00ed, el cadete Marino (4) aprovech\u00f3 sus minutos y demostr\u00f3 algo de lo que hace muy bien en su categor\u00eda. El cuarto pas\u00f3 r\u00e1pido, con ambos equipos corriendo la cancha; aunque muy impreciso (13 p\u00e9rdidas entre ambos) en los pases. Sin embargo Comercial termin\u00f3 muy seguro al anotar casi siempre en bandeja o debajo del aro (7\/11 T2). Finalmente fue 82-54 para quedarse con el n\u00famero uno de cara al hexagonal.<\/p>\n<p><em><strong><span style=\"text-decoration: underline;\">S\u00edntesis: <\/span><\/strong><\/em><\/p>\n<p><strong>Comercial (82): \u00a0<\/strong><\/p>\n<p>Iniciales: Amilcar Andreanelli (2), Sebasti\u00e1n Mart\u00ednez (11), Cristian Schmidt (8), Andr\u00e9s Maidana (16) e Ignacio Caspe (19).<\/p>\n<p>Ingresaron: Ignacio Ercoli (11), Gustavo Cruz (4), Mart\u00edn Godoy (3), Agust\u00edn Marino (4), Nicol\u00e1s Lamas (2), Nelson Moser (0) y Nicol\u00e1s Vallejos (0).<br \/>\nDT: Mario Errazu.<\/p>\n<p><strong>La Falda (54):<\/strong><\/p>\n<p>Iniciales: Pablo Obreque (12), Mart\u00edn Miguel (6), Fernando Bonino (9), Maximiliano Bert\u00f3n (6) y Gustavo Lan (7).<\/p>\n<p>Ingresaron: Manuel Gim\u00e9nez (6), Agust\u00edn Cendoya (2), Franco Nastasi (0), Guillermo Mallemaci (6) y Alan Concetti (0).<br \/>\nDT: Juan Gilberto Soldini.<\/p>\n<p><strong>Cuartos: <\/strong>Comercial 24-10, 47-28, 62-43 y 82-54.<\/p>\n<p><strong>5 Faltas:<\/strong> Ning\u00fan jugador lleg\u00f3 al l\u00edmite.<\/p>\n<p><strong>\u00c1rbitros:<\/strong> Jorge Scheffer y Sebasti\u00e1n Arcas.<\/p>\n<p><a class=\"modalf iframe\" title=\"Planilla\" href=\"https:\/\/docs.google.com\/spreadsheet\/pub?key=0Att517gK6JjtdElfbWRfNGxlQko0cnJORjhxbnpwMmc&amp;single=true&amp;gid=0&amp;output=html\">Ver Planilla<\/a><\/p>\n<p><strong><strong>Un debutante<\/strong>.<\/strong><\/p>\n<p>Aprovechando que Comercial hab\u00eda sacado una buena diferencia y el encuentro ya estaba definido, Mario Errazu mand\u00f3 a la cancha a Nicol\u00e1s Vallejos, restando 2m07 para el final del encuentro.<\/p>\n<p>De esta manera el cadete debut\u00f3 con el equipo superior.<\/p>\n","protected":false},"excerpt":{"rendered":"<p>Comercial hizo lo que ten\u00eda que hacer para quedarse con el n\u00famero uno del torneo Ciudad de Bah\u00eda Blanca, antes del receso invernal. Los del puerto depend\u00edan de ellos mismos y as\u00ed lo entendi\u00f3 Ignacio Caspe, quien fue el goleador y figura del triunfo ante La Falda 82-54, anotando 19 unidades; seguido por Andr\u00e9s Maidana [&hellip;]<\/p>\n","protected":false},"author":7,"featured_media":0,"comment_status":"open","ping_status":"open","sticky":false,"template":"","format":"standard","meta":{"jnews-multi-image_gallery":[],"jnews_single_post":[],"jnews_primary_category":[],"footnotes":""},"categories":[25],"tags":[7,13],"class_list":["post-5297","post","type-post","status-publish","format-standard","hentry","category-segunda","tag-comercial","tag-la-falda"],"yoast_head":"<!-- This site is optimized with the Yoast SEO plugin v27.5 - https:\/\/yoast.com\/product\/yoast-seo-wordpress\/ -->\n<title>Un triunfo &quot;Pancho&quot; para quedarse con el &quot;1&quot; - Gente de B\u00e1squet<\/title>\n<meta name=\"robots\" content=\"index, follow, max-snippet:-1, max-image-preview:large, max-video-preview:-1\" \/>\n<link rel=\"canonical\" href=\"https:\/\/gentedebasquet.com.ar\/sitio\/2012\/07\/04\/un-triunfo-pancho-para-quedarse-con-el-1\/\" \/>\n<meta property=\"og:locale\" content=\"es_ES\" \/>\n<meta property=\"og:type\" content=\"article\" \/>\n<meta property=\"og:title\" content=\"Un triunfo &quot;Pancho&quot; para quedarse con el &quot;1&quot; - Gente de B\u00e1squet\" \/>\n<meta property=\"og:description\" content=\"Comercial hizo lo que ten\u00eda que hacer para quedarse con el n\u00famero uno del torneo Ciudad de Bah\u00eda Blanca, antes del receso invernal. Los del puerto depend\u00edan de ellos mismos y as\u00ed lo entendi\u00f3 Ignacio Caspe, quien fue el goleador y figura del triunfo ante La Falda 82-54, anotando 19 unidades; seguido por Andr\u00e9s Maidana [&hellip;]\" \/>\n<meta property=\"og:url\" content=\"https:\/\/gentedebasquet.com.ar\/sitio\/2012\/07\/04\/un-triunfo-pancho-para-quedarse-con-el-1\/\" \/>\n<meta property=\"og:site_name\" content=\"Gente de B\u00e1squet\" \/>\n<meta property=\"article:published_time\" content=\"2012-07-04T05:48:27+00:00\" \/>\n<meta property=\"og:image\" content=\"http:\/\/www.gentedebasquet.com.ar\/wp-content\/uploads\/2012\/07\/caspe.jpg\" \/>\n<meta name=\"author\" content=\"Elian Romero\" \/>\n<meta name=\"twitter:card\" content=\"summary_large_image\" \/>\n<meta name=\"twitter:label1\" content=\"Escrito por\" \/>\n\t<meta name=\"twitter:data1\" content=\"Elian Romero\" \/>\n\t<meta name=\"twitter:label2\" content=\"Tiempo de lectura\" \/>\n\t<meta name=\"twitter:data2\" content=\"3 minutos\" \/>\n<script type=\"application\/ld+json\" class=\"yoast-schema-graph\">{\"@context\":\"https:\\\/\\\/schema.org\",\"@graph\":[{\"@type\":\"Article\",\"@id\":\"https:\\\/\\\/gentedebasquet.com.ar\\\/sitio\\\/2012\\\/07\\\/04\\\/un-triunfo-pancho-para-quedarse-con-el-1\\\/#article\",\"isPartOf\":{\"@id\":\"https:\\\/\\\/gentedebasquet.com.ar\\\/sitio\\\/2012\\\/07\\\/04\\\/un-triunfo-pancho-para-quedarse-con-el-1\\\/\"},\"author\":{\"name\":\"Elian Romero\",\"@id\":\"http:\\\/\\\/gentedebasquet.com.ar\\\/sitio\\\/#\\\/schema\\\/person\\\/57f7bb2735926f2a9d9bb247bf52d34a\"},\"headline\":\"Un triunfo \u00abPancho\u00bb para quedarse con el \u00ab1\u00bb\",\"datePublished\":\"2012-07-04T05:48:27+00:00\",\"mainEntityOfPage\":{\"@id\":\"https:\\\/\\\/gentedebasquet.com.ar\\\/sitio\\\/2012\\\/07\\\/04\\\/un-triunfo-pancho-para-quedarse-con-el-1\\\/\"},\"wordCount\":622,\"commentCount\":0,\"image\":{\"@id\":\"https:\\\/\\\/gentedebasquet.com.ar\\\/sitio\\\/2012\\\/07\\\/04\\\/un-triunfo-pancho-para-quedarse-con-el-1\\\/#primaryimage\"},\"thumbnailUrl\":\"http:\\\/\\\/www.gentedebasquet.com.ar\\\/wp-content\\\/uploads\\\/2012\\\/07\\\/caspe.jpg\",\"keywords\":[\"Comercial\",\"La Falda\"],\"articleSection\":[\"Segunda\"],\"inLanguage\":\"es\",\"potentialAction\":[{\"@type\":\"CommentAction\",\"name\":\"Comment\",\"target\":[\"https:\\\/\\\/gentedebasquet.com.ar\\\/sitio\\\/2012\\\/07\\\/04\\\/un-triunfo-pancho-para-quedarse-con-el-1\\\/#respond\"]}]},{\"@type\":\"WebPage\",\"@id\":\"https:\\\/\\\/gentedebasquet.com.ar\\\/sitio\\\/2012\\\/07\\\/04\\\/un-triunfo-pancho-para-quedarse-con-el-1\\\/\",\"url\":\"https:\\\/\\\/gentedebasquet.com.ar\\\/sitio\\\/2012\\\/07\\\/04\\\/un-triunfo-pancho-para-quedarse-con-el-1\\\/\",\"name\":\"Un triunfo \\\"Pancho\\\" para quedarse con el \\\"1\\\" - Gente de B\u00e1squet\",\"isPartOf\":{\"@id\":\"http:\\\/\\\/gentedebasquet.com.ar\\\/sitio\\\/#website\"},\"primaryImageOfPage\":{\"@id\":\"https:\\\/\\\/gentedebasquet.com.ar\\\/sitio\\\/2012\\\/07\\\/04\\\/un-triunfo-pancho-para-quedarse-con-el-1\\\/#primaryimage\"},\"image\":{\"@id\":\"https:\\\/\\\/gentedebasquet.com.ar\\\/sitio\\\/2012\\\/07\\\/04\\\/un-triunfo-pancho-para-quedarse-con-el-1\\\/#primaryimage\"},\"thumbnailUrl\":\"http:\\\/\\\/www.gentedebasquet.com.ar\\\/wp-content\\\/uploads\\\/2012\\\/07\\\/caspe.jpg\",\"datePublished\":\"2012-07-04T05:48:27+00:00\",\"author\":{\"@id\":\"http:\\\/\\\/gentedebasquet.com.ar\\\/sitio\\\/#\\\/schema\\\/person\\\/57f7bb2735926f2a9d9bb247bf52d34a\"},\"breadcrumb\":{\"@id\":\"https:\\\/\\\/gentedebasquet.com.ar\\\/sitio\\\/2012\\\/07\\\/04\\\/un-triunfo-pancho-para-quedarse-con-el-1\\\/#breadcrumb\"},\"inLanguage\":\"es\",\"potentialAction\":[{\"@type\":\"ReadAction\",\"target\":[\"https:\\\/\\\/gentedebasquet.com.ar\\\/sitio\\\/2012\\\/07\\\/04\\\/un-triunfo-pancho-para-quedarse-con-el-1\\\/\"]}]},{\"@type\":\"ImageObject\",\"inLanguage\":\"es\",\"@id\":\"https:\\\/\\\/gentedebasquet.com.ar\\\/sitio\\\/2012\\\/07\\\/04\\\/un-triunfo-pancho-para-quedarse-con-el-1\\\/#primaryimage\",\"url\":\"http:\\\/\\\/www.gentedebasquet.com.ar\\\/wp-content\\\/uploads\\\/2012\\\/07\\\/caspe.jpg\",\"contentUrl\":\"http:\\\/\\\/www.gentedebasquet.com.ar\\\/wp-content\\\/uploads\\\/2012\\\/07\\\/caspe.jpg\"},{\"@type\":\"BreadcrumbList\",\"@id\":\"https:\\\/\\\/gentedebasquet.com.ar\\\/sitio\\\/2012\\\/07\\\/04\\\/un-triunfo-pancho-para-quedarse-con-el-1\\\/#breadcrumb\",\"itemListElement\":[{\"@type\":\"ListItem\",\"position\":1,\"name\":\"Portada\",\"item\":\"http:\\\/\\\/gentedebasquet.com.ar\\\/sitio\\\/\"},{\"@type\":\"ListItem\",\"position\":2,\"name\":\"Un triunfo \u00abPancho\u00bb para quedarse con el \u00ab1\u00bb\"}]},{\"@type\":\"WebSite\",\"@id\":\"http:\\\/\\\/gentedebasquet.com.ar\\\/sitio\\\/#website\",\"url\":\"http:\\\/\\\/gentedebasquet.com.ar\\\/sitio\\\/\",\"name\":\"Gente de B\u00e1squet\",\"description\":\"La revista del basquet de Bah\u00eda Blanca\",\"potentialAction\":[{\"@type\":\"SearchAction\",\"target\":{\"@type\":\"EntryPoint\",\"urlTemplate\":\"http:\\\/\\\/gentedebasquet.com.ar\\\/sitio\\\/?s={search_term_string}\"},\"query-input\":{\"@type\":\"PropertyValueSpecification\",\"valueRequired\":true,\"valueName\":\"search_term_string\"}}],\"inLanguage\":\"es\"},{\"@type\":\"Person\",\"@id\":\"http:\\\/\\\/gentedebasquet.com.ar\\\/sitio\\\/#\\\/schema\\\/person\\\/57f7bb2735926f2a9d9bb247bf52d34a\",\"name\":\"Elian Romero\",\"image\":{\"@type\":\"ImageObject\",\"inLanguage\":\"es\",\"@id\":\"https:\\\/\\\/secure.gravatar.com\\\/avatar\\\/0ad0863b111644ef082fe8916554335c2a87810acef7205393730d0bfda08d0d?s=96&d=mm&r=g\",\"url\":\"https:\\\/\\\/secure.gravatar.com\\\/avatar\\\/0ad0863b111644ef082fe8916554335c2a87810acef7205393730d0bfda08d0d?s=96&d=mm&r=g\",\"contentUrl\":\"https:\\\/\\\/secure.gravatar.com\\\/avatar\\\/0ad0863b111644ef082fe8916554335c2a87810acef7205393730d0bfda08d0d?s=96&d=mm&r=g\",\"caption\":\"Elian Romero\"},\"url\":\"https:\\\/\\\/gentedebasquet.com.ar\\\/sitio\\\/author\\\/elian-romero\\\/\"}]}<\/script>\n<!-- \/ Yoast SEO plugin. -->","yoast_head_json":{"title":"Un triunfo \"Pancho\" para quedarse con el \"1\" - Gente de B\u00e1squet","robots":{"index":"index","follow":"follow","max-snippet":"max-snippet:-1","max-image-preview":"max-image-preview:large","max-video-preview":"max-video-preview:-1"},"canonical":"https:\/\/gentedebasquet.com.ar\/sitio\/2012\/07\/04\/un-triunfo-pancho-para-quedarse-con-el-1\/","og_locale":"es_ES","og_type":"article","og_title":"Un triunfo \"Pancho\" para quedarse con el \"1\" - Gente de B\u00e1squet","og_description":"Comercial hizo lo que ten\u00eda que hacer para quedarse con el n\u00famero uno del torneo Ciudad de Bah\u00eda Blanca, antes del receso invernal. Los del puerto depend\u00edan de ellos mismos y as\u00ed lo entendi\u00f3 Ignacio Caspe, quien fue el goleador y figura del triunfo ante La Falda 82-54, anotando 19 unidades; seguido por Andr\u00e9s Maidana [&hellip;]","og_url":"https:\/\/gentedebasquet.com.ar\/sitio\/2012\/07\/04\/un-triunfo-pancho-para-quedarse-con-el-1\/","og_site_name":"Gente de B\u00e1squet","article_published_time":"2012-07-04T05:48:27+00:00","og_image":[{"url":"http:\/\/www.gentedebasquet.com.ar\/wp-content\/uploads\/2012\/07\/caspe.jpg","type":"","width":"","height":""}],"author":"Elian Romero","twitter_card":"summary_large_image","twitter_misc":{"Escrito por":"Elian Romero","Tiempo de lectura":"3 minutos"},"schema":{"@context":"https:\/\/schema.org","@graph":[{"@type":"Article","@id":"https:\/\/gentedebasquet.com.ar\/sitio\/2012\/07\/04\/un-triunfo-pancho-para-quedarse-con-el-1\/#article","isPartOf":{"@id":"https:\/\/gentedebasquet.com.ar\/sitio\/2012\/07\/04\/un-triunfo-pancho-para-quedarse-con-el-1\/"},"author":{"name":"Elian Romero","@id":"http:\/\/gentedebasquet.com.ar\/sitio\/#\/schema\/person\/57f7bb2735926f2a9d9bb247bf52d34a"},"headline":"Un triunfo \u00abPancho\u00bb para quedarse con el \u00ab1\u00bb","datePublished":"2012-07-04T05:48:27+00:00","mainEntityOfPage":{"@id":"https:\/\/gentedebasquet.com.ar\/sitio\/2012\/07\/04\/un-triunfo-pancho-para-quedarse-con-el-1\/"},"wordCount":622,"commentCount":0,"image":{"@id":"https:\/\/gentedebasquet.com.ar\/sitio\/2012\/07\/04\/un-triunfo-pancho-para-quedarse-con-el-1\/#primaryimage"},"thumbnailUrl":"http:\/\/www.gentedebasquet.com.ar\/wp-content\/uploads\/2012\/07\/caspe.jpg","keywords":["Comercial","La Falda"],"articleSection":["Segunda"],"inLanguage":"es","potentialAction":[{"@type":"CommentAction","name":"Comment","target":["https:\/\/gentedebasquet.com.ar\/sitio\/2012\/07\/04\/un-triunfo-pancho-para-quedarse-con-el-1\/#respond"]}]},{"@type":"WebPage","@id":"https:\/\/gentedebasquet.com.ar\/sitio\/2012\/07\/04\/un-triunfo-pancho-para-quedarse-con-el-1\/","url":"https:\/\/gentedebasquet.com.ar\/sitio\/2012\/07\/04\/un-triunfo-pancho-para-quedarse-con-el-1\/","name":"Un triunfo \"Pancho\" para quedarse con el \"1\" - Gente de B\u00e1squet","isPartOf":{"@id":"http:\/\/gentedebasquet.com.ar\/sitio\/#website"},"primaryImageOfPage":{"@id":"https:\/\/gentedebasquet.com.ar\/sitio\/2012\/07\/04\/un-triunfo-pancho-para-quedarse-con-el-1\/#primaryimage"},"image":{"@id":"https:\/\/gentedebasquet.com.ar\/sitio\/2012\/07\/04\/un-triunfo-pancho-para-quedarse-con-el-1\/#primaryimage"},"thumbnailUrl":"http:\/\/www.gentedebasquet.com.ar\/wp-content\/uploads\/2012\/07\/caspe.jpg","datePublished":"2012-07-04T05:48:27+00:00","author":{"@id":"http:\/\/gentedebasquet.com.ar\/sitio\/#\/schema\/person\/57f7bb2735926f2a9d9bb247bf52d34a"},"breadcrumb":{"@id":"https:\/\/gentedebasquet.com.ar\/sitio\/2012\/07\/04\/un-triunfo-pancho-para-quedarse-con-el-1\/#breadcrumb"},"inLanguage":"es","potentialAction":[{"@type":"ReadAction","target":["https:\/\/gentedebasquet.com.ar\/sitio\/2012\/07\/04\/un-triunfo-pancho-para-quedarse-con-el-1\/"]}]},{"@type":"ImageObject","inLanguage":"es","@id":"https:\/\/gentedebasquet.com.ar\/sitio\/2012\/07\/04\/un-triunfo-pancho-para-quedarse-con-el-1\/#primaryimage","url":"http:\/\/www.gentedebasquet.com.ar\/wp-content\/uploads\/2012\/07\/caspe.jpg","contentUrl":"http:\/\/www.gentedebasquet.com.ar\/wp-content\/uploads\/2012\/07\/caspe.jpg"},{"@type":"BreadcrumbList","@id":"https:\/\/gentedebasquet.com.ar\/sitio\/2012\/07\/04\/un-triunfo-pancho-para-quedarse-con-el-1\/#breadcrumb","itemListElement":[{"@type":"ListItem","position":1,"name":"Portada","item":"http:\/\/gentedebasquet.com.ar\/sitio\/"},{"@type":"ListItem","position":2,"name":"Un triunfo \u00abPancho\u00bb para quedarse con el \u00ab1\u00bb"}]},{"@type":"WebSite","@id":"http:\/\/gentedebasquet.com.ar\/sitio\/#website","url":"http:\/\/gentedebasquet.com.ar\/sitio\/","name":"Gente de B\u00e1squet","description":"La revista del basquet de Bah\u00eda Blanca","potentialAction":[{"@type":"SearchAction","target":{"@type":"EntryPoint","urlTemplate":"http:\/\/gentedebasquet.com.ar\/sitio\/?s={search_term_string}"},"query-input":{"@type":"PropertyValueSpecification","valueRequired":true,"valueName":"search_term_string"}}],"inLanguage":"es"},{"@type":"Person","@id":"http:\/\/gentedebasquet.com.ar\/sitio\/#\/schema\/person\/57f7bb2735926f2a9d9bb247bf52d34a","name":"Elian Romero","image":{"@type":"ImageObject","inLanguage":"es","@id":"https:\/\/secure.gravatar.com\/avatar\/0ad0863b111644ef082fe8916554335c2a87810acef7205393730d0bfda08d0d?s=96&d=mm&r=g","url":"https:\/\/secure.gravatar.com\/avatar\/0ad0863b111644ef082fe8916554335c2a87810acef7205393730d0bfda08d0d?s=96&d=mm&r=g","contentUrl":"https:\/\/secure.gravatar.com\/avatar\/0ad0863b111644ef082fe8916554335c2a87810acef7205393730d0bfda08d0d?s=96&d=mm&r=g","caption":"Elian Romero"},"url":"https:\/\/gentedebasquet.com.ar\/sitio\/author\/elian-romero\/"}]}},"_links":{"self":[{"href":"https:\/\/gentedebasquet.com.ar\/sitio\/wp-json\/wp\/v2\/posts\/5297","targetHints":{"allow":["GET"]}}],"collection":[{"href":"https:\/\/gentedebasquet.com.ar\/sitio\/wp-json\/wp\/v2\/posts"}],"about":[{"href":"https:\/\/gentedebasquet.com.ar\/sitio\/wp-json\/wp\/v2\/types\/post"}],"author":[{"embeddable":true,"href":"https:\/\/gentedebasquet.com.ar\/sitio\/wp-json\/wp\/v2\/users\/7"}],"replies":[{"embeddable":true,"href":"https:\/\/gentedebasquet.com.ar\/sitio\/wp-json\/wp\/v2\/comments?post=5297"}],"version-history":[{"count":0,"href":"https:\/\/gentedebasquet.com.ar\/sitio\/wp-json\/wp\/v2\/posts\/5297\/revisions"}],"wp:attachment":[{"href":"https:\/\/gentedebasquet.com.ar\/sitio\/wp-json\/wp\/v2\/media?parent=5297"}],"wp:term":[{"taxonomy":"category","embeddable":true,"href":"https:\/\/gentedebasquet.com.ar\/sitio\/wp-json\/wp\/v2\/categories?post=5297"},{"taxonomy":"post_tag","embeddable":true,"href":"https:\/\/gentedebasquet.com.ar\/sitio\/wp-json\/wp\/v2\/tags?post=5297"}],"curies":[{"name":"wp","href":"https:\/\/api.w.org\/{rel}","templated":true}]}}