{"id":52983,"date":"2015-10-22T23:30:43","date_gmt":"2015-10-23T02:30:43","guid":{"rendered":"http:\/\/www.gentedebasquet.com.ar\/?p=52983"},"modified":"2015-10-22T23:30:43","modified_gmt":"2015-10-23T02:30:43","slug":"volvio-a-sus-raices","status":"publish","type":"post","link":"https:\/\/gentedebasquet.com.ar\/sitio\/2015\/10\/22\/volvio-a-sus-raices\/","title":{"rendered":"Volvi\u00f3 a sus ra\u00edces"},"content":{"rendered":"<p><b>Bah\u00eda Basket volvi\u00f3 al triunfo en el Osvaldo Casanova tras vencer a Argentino (Jun\u00edn) por 89 a 78. S\u00ed bien el equipo de Sepo Gin\u00f3bili se fue en desventaja al cabo del 1C (16-22), se recuper\u00f3 en el 2C y revirti\u00f3 el marcador (41-36), para terminar liquidando el pleito en el segundo tiempo. En el conjunto ganador, que puso a 5 jugadores en doble digito, se destacaron Tayron Thomas (18 \u2013 2\/3 t3, 4\/8 t2, 4\/6 TL y 5 asistencias), Lucio Redivo (17 \u2013 6\/6 TL, 7 rebotes, 8 asistencias y 2 recuperos) y Hern\u00e1n Jasen (17 \u2013 6\/9 t2, 5\/5 TL y 7 recobres). Por el lado del equipo de Jun\u00edn, las mejores actuaciones estuvieron en manos de Nathan Carter JR. (20 \u2013 3\/5 t3, 3\/3 TL y 5 cristales) y Franco Balbi (18 \u2013 4\/4 t3, 6 tableros, 6 asistencias y 3 recuperos). Con la victoria de esta noche, Bah\u00eda suma un brillante balance de 5-1 jugando como local.<\/b><\/p>\n<p>El inicio del partido fue favorable a Argentino, que comenz\u00f3 controlando las riendas del partido y situ\u00e1ndose arriba en el marcador (4-9), con 3 minutos consumidos. A partir de all\u00ed, Bah\u00eda comenz\u00f3 a crecer en su juego y, aprovechando un quedo rival, logr\u00f3 revertir el marcador (14-12) gracias al juego asociado (4 asistencias) y los aportes de Thomas (6) y Levy (5) que combinaron m\u00e1s de la mitad de los puntos locales. Pero nuevamente, en los minutos finales, el visitante se acord\u00f3 de desplegar el buen juego del comienzo y de la mano de un encendido Balbi (12, 2\/2 t3) que era eficaz para atacar el aro y el dominio en la zona pintada de Aaron Moss (5) volvi\u00f3 a pasar al frente en el lum\u00ednico y cerrar en ventaja el 1C.<\/p>\n<p>Con un buen arranque en el amanecer del segundo chico, Bah\u00eda logr\u00f3 ponerse abajo por la m\u00ednima en dos ocasiones (21-22\/28-29). M\u00e1s a\u00fan, apoy\u00e1ndose en el juego que segu\u00eda desplegando Thomas (7) y un buen ingreso de Fjellerup (4p), el equipo de \u201cSepo\u201d Gin\u00f3bili logr\u00f3 dar vuelta el marcador\u00a0<span style=\"line-height: 1.5em;\">(30-29)\u00a0<\/span><span style=\"line-height: 1.5em;\">y comandar definitivamente el control del electr\u00f3nico. Los \u00faltimos 5 minutos fueron todos de Jasen, que se rob\u00f3 todas las miradas y aplausos de la gente; llegando desde el banco y jugando un excelente b\u00e1squet, \u201cPancho\u201d (9 y 2 asistencias) logr\u00f3 agudizar la diferencia en el tanteador y hacer que su equipo se vaya en ventaja al entretiempo (41-36). El visitante no supo sentirse c\u00f3modo con el traslado del bal\u00f3n (7 perdidas) y en ofensiva cosech\u00f3 un magro porcentaje en tiros de campo (4\/10), solamente por las individualidades de Basabe (4) segu\u00eda manteni\u00e9ndose en partido.<\/span><\/p>\n<p>A la vuelta de los vestuarios, se produjo el cap\u00edtulo m\u00e1s parejo de la noche (termin\u00f3 17-17). Bah\u00eda peg\u00f3 de arranque con un parcial de 4-0 y estiro la diferencia a 9 puntos (45-36), teniendo a Levy (4) y Jasen (4) como los encargados de concluir cada ofensiva. Sin embargo, el equipo bahiense se sec\u00f3 en ataque durante un lapso de 3 minutos y Argentino lo aprovech\u00f3 a la perfecci\u00f3n, porque mediante un buen juego en equipo (se dieron 4 pases gol) y los desempe\u00f1os de Carter JR. (8) y Alessio (5) pudo achicar la diferencia a un doble (45-43), a falta de 4m56s. A partir de all\u00ed, el partido transit\u00f3 por la senda de la paridad y con ambos equipos intercambi\u00e1ndose golpe por golpe (47-43\/49-45\/55-51). Promediando este cuarto, un doble m\u00e1s bonus de Fjerellup le permiti\u00f3 a Bah\u00eda sacar 5 de luz de cara al ep\u00edlogo.<\/p>\n<p>Los \u00faltimos 10 comenzaron con el equipo de Jun\u00edn logrando su \u00faltima reacci\u00f3n y manteni\u00e9ndose a tiro en el resultado (58-56\/60-58), siendo impulsados y comandados por Carter JR. (10) y Cangelosi (8). Pero con el correr de los minutos, el visitante fue perdiendo fluidez en ofensiva y el tr\u00e1mite del encuentro se le hizo cuesta arriba, lo que aprovech\u00f3 el equipo bahiense para dominar a gusto y placer las alternativas del juego. Prest\u00e1ndose el bal\u00f3n (6 asistencias) y encontrando puntos altos en Redivo (13 \u2013 3\/4 t3), Fjerellup (7) y Jasen (4) Bah\u00eda Basket logr\u00f3 encontrar la m\u00e1xima de la noche, que lleg\u00f3 a ser de 16 (77-61) a falta de 4m43s, y sentenciar la historia. Un doble de Levy seguido de una serie de libres (8\/8), siendo los \u00faltimos 4 TL convertidos por Redivo, terminaron decorando el resultado y triunfo final por 89 a 78.<\/p>\n<p>&nbsp;<\/p>\n<p><b>S\u00edntesis |<\/b>\u00a0Liga Nacional \u2013 Conferencia Sur \u2013 Fase Regional \u2013 Jornada #11<\/p>\n<p><b>Bah\u00eda Basket 89:<\/b> Gast\u00f3n Whelan 8, Lucio Redivo 17, Tayron Thomas 18, Jamaal Levy 11, Sean Carter 2 (FI); M\u00e1ximo Fjellerup 14, Mart\u00edn Fern\u00e1ndez 0, Facundo Corvalan 2 y Hern\u00e1n Jasen 17. DT: Sebasti\u00e1n Gin\u00f3bili. A.T: Alejandro Montecchia.<\/p>\n<p><b>Argentino (Jun\u00edn) 78:<\/b> Franco Balbi 18, Nathan Carter JR. 20, Ignacio Alessio 13, Aaron Moss 6, Juan Cangelosi 12 (FI); Gast\u00f3n Garc\u00eda 2, Mart\u00edn Delgado 0, Emiliano Basabe 7 y Genaro Lorio 0. DT: Ariel Rearte. AT: Mat\u00edas Huarte.<\/p>\n<p><b>Parciales:<\/b> 16-22, 41-36 (25-14), 58-53 (17-17) y 89-78 (31-25).<\/p>\n<p><b>\u00c1rbitros:<\/b> Diego Rougier &#8211; Javier Mendoza.<\/p>\n<p><b>Estadio: <\/b>Osvaldo Casanova (Club Estudiantes).<\/p>\n<p><a href=\"http:\/\/www.fibalivestats.com\/u\/ADC\/139910\/\" target=\"_blank\" rel=\"noopener\">ESTAD\u00cdSTICAS OFICIALES<\/a><\/p>\n<p><b>Foto:<\/b> Prensa Bah\u00eda Basket.<\/p>\n","protected":false},"excerpt":{"rendered":"<p>Bah\u00eda Basket regres\u00f3 al triunfo al vencer a Argentino de Jun\u00edn por 89 a 78<\/p>\n","protected":false},"author":1,"featured_media":52994,"comment_status":"closed","ping_status":"open","sticky":false,"template":"","format":"standard","meta":{"jnews-multi-image_gallery":[],"jnews_single_post":[],"jnews_primary_category":[],"footnotes":""},"categories":[57,43,39,101],"tags":[310,58,492,78,155,180,1081],"class_list":["post-52983","post","type-post","status-publish","format-standard","has-post-thumbnail","hentry","category-bahia-basket","category-la-liga","category-nacional","category-slide","tag-argentino-de-junin","tag-bahiabasket","tag-hernan-jasen","tag-lnb","tag-lucio-redivo","tag-maximo-fjellerup","tag-tayron-thomas"],"yoast_head":"<!-- This site is optimized with the Yoast SEO plugin v27.5 - https:\/\/yoast.com\/product\/yoast-seo-wordpress\/ -->\n<title>Volvi\u00f3 a sus ra\u00edces - Gente de B\u00e1squet<\/title>\n<meta name=\"robots\" content=\"index, follow, max-snippet:-1, max-image-preview:large, max-video-preview:-1\" \/>\n<link rel=\"canonical\" href=\"https:\/\/gentedebasquet.com.ar\/sitio\/2015\/10\/22\/volvio-a-sus-raices\/\" \/>\n<meta property=\"og:locale\" content=\"es_ES\" \/>\n<meta property=\"og:type\" content=\"article\" \/>\n<meta property=\"og:title\" content=\"Volvi\u00f3 a sus ra\u00edces - Gente de B\u00e1squet\" \/>\n<meta property=\"og:description\" content=\"Bah\u00eda Basket regres\u00f3 al triunfo al vencer a Argentino de Jun\u00edn por 89 a 78\" \/>\n<meta property=\"og:url\" content=\"https:\/\/gentedebasquet.com.ar\/sitio\/2015\/10\/22\/volvio-a-sus-raices\/\" \/>\n<meta property=\"og:site_name\" content=\"Gente de B\u00e1squet\" \/>\n<meta property=\"article:published_time\" content=\"2015-10-23T02:30:43+00:00\" \/>\n<meta property=\"og:image\" content=\"https:\/\/gentedebasquet.com.ar\/sitio\/wp-content\/uploads\/2015\/10\/Bahia-Gimnasia-Jasen-Fjellerup.jpg\" \/>\n\t<meta property=\"og:image:width\" content=\"690\" \/>\n\t<meta property=\"og:image:height\" content=\"319\" \/>\n\t<meta property=\"og:image:type\" content=\"image\/jpeg\" \/>\n<meta name=\"author\" content=\"Gente de B\u00e1squet\" \/>\n<meta name=\"twitter:card\" content=\"summary_large_image\" \/>\n<meta name=\"twitter:label1\" content=\"Escrito por\" \/>\n\t<meta name=\"twitter:data1\" content=\"Gente de B\u00e1squet\" \/>\n\t<meta name=\"twitter:label2\" content=\"Tiempo de lectura\" \/>\n\t<meta name=\"twitter:data2\" content=\"4 minutos\" \/>\n<script type=\"application\/ld+json\" class=\"yoast-schema-graph\">{\"@context\":\"https:\\\/\\\/schema.org\",\"@graph\":[{\"@type\":\"Article\",\"@id\":\"https:\\\/\\\/gentedebasquet.com.ar\\\/sitio\\\/2015\\\/10\\\/22\\\/volvio-a-sus-raices\\\/#article\",\"isPartOf\":{\"@id\":\"https:\\\/\\\/gentedebasquet.com.ar\\\/sitio\\\/2015\\\/10\\\/22\\\/volvio-a-sus-raices\\\/\"},\"author\":{\"name\":\"Gente de B\u00e1squet\",\"@id\":\"https:\\\/\\\/gentedebasquet.com.ar\\\/sitio\\\/#\\\/schema\\\/person\\\/ca0b63bbb977369988a7bbbdc519943a\"},\"headline\":\"Volvi\u00f3 a sus ra\u00edces\",\"datePublished\":\"2015-10-23T02:30:43+00:00\",\"mainEntityOfPage\":{\"@id\":\"https:\\\/\\\/gentedebasquet.com.ar\\\/sitio\\\/2015\\\/10\\\/22\\\/volvio-a-sus-raices\\\/\"},\"wordCount\":824,\"image\":{\"@id\":\"https:\\\/\\\/gentedebasquet.com.ar\\\/sitio\\\/2015\\\/10\\\/22\\\/volvio-a-sus-raices\\\/#primaryimage\"},\"thumbnailUrl\":\"https:\\\/\\\/gentedebasquet.com.ar\\\/sitio\\\/wp-content\\\/uploads\\\/2015\\\/10\\\/Bahia-Gimnasia-Jasen-Fjellerup.jpg\",\"keywords\":[\"Argentino de Jun\u00edn\",\"Bah\u00eda Basket\",\"Hern\u00e1n Jasen\",\"LNB\",\"Lucio Redivo\",\"M\u00e1ximo Fjellerup\",\"Tayron Thomas\"],\"articleSection\":[\"Bah\u00eda Basket\",\"Liga Nacional\",\"Nacional\",\"Slide\"],\"inLanguage\":\"es\"},{\"@type\":\"WebPage\",\"@id\":\"https:\\\/\\\/gentedebasquet.com.ar\\\/sitio\\\/2015\\\/10\\\/22\\\/volvio-a-sus-raices\\\/\",\"url\":\"https:\\\/\\\/gentedebasquet.com.ar\\\/sitio\\\/2015\\\/10\\\/22\\\/volvio-a-sus-raices\\\/\",\"name\":\"Volvi\u00f3 a sus ra\u00edces - Gente de B\u00e1squet\",\"isPartOf\":{\"@id\":\"https:\\\/\\\/gentedebasquet.com.ar\\\/sitio\\\/#website\"},\"primaryImageOfPage\":{\"@id\":\"https:\\\/\\\/gentedebasquet.com.ar\\\/sitio\\\/2015\\\/10\\\/22\\\/volvio-a-sus-raices\\\/#primaryimage\"},\"image\":{\"@id\":\"https:\\\/\\\/gentedebasquet.com.ar\\\/sitio\\\/2015\\\/10\\\/22\\\/volvio-a-sus-raices\\\/#primaryimage\"},\"thumbnailUrl\":\"https:\\\/\\\/gentedebasquet.com.ar\\\/sitio\\\/wp-content\\\/uploads\\\/2015\\\/10\\\/Bahia-Gimnasia-Jasen-Fjellerup.jpg\",\"datePublished\":\"2015-10-23T02:30:43+00:00\",\"author\":{\"@id\":\"https:\\\/\\\/gentedebasquet.com.ar\\\/sitio\\\/#\\\/schema\\\/person\\\/ca0b63bbb977369988a7bbbdc519943a\"},\"breadcrumb\":{\"@id\":\"https:\\\/\\\/gentedebasquet.com.ar\\\/sitio\\\/2015\\\/10\\\/22\\\/volvio-a-sus-raices\\\/#breadcrumb\"},\"inLanguage\":\"es\",\"potentialAction\":[{\"@type\":\"ReadAction\",\"target\":[\"https:\\\/\\\/gentedebasquet.com.ar\\\/sitio\\\/2015\\\/10\\\/22\\\/volvio-a-sus-raices\\\/\"]}]},{\"@type\":\"ImageObject\",\"inLanguage\":\"es\",\"@id\":\"https:\\\/\\\/gentedebasquet.com.ar\\\/sitio\\\/2015\\\/10\\\/22\\\/volvio-a-sus-raices\\\/#primaryimage\",\"url\":\"https:\\\/\\\/gentedebasquet.com.ar\\\/sitio\\\/wp-content\\\/uploads\\\/2015\\\/10\\\/Bahia-Gimnasia-Jasen-Fjellerup.jpg\",\"contentUrl\":\"https:\\\/\\\/gentedebasquet.com.ar\\\/sitio\\\/wp-content\\\/uploads\\\/2015\\\/10\\\/Bahia-Gimnasia-Jasen-Fjellerup.jpg\",\"width\":690,\"height\":319},{\"@type\":\"BreadcrumbList\",\"@id\":\"https:\\\/\\\/gentedebasquet.com.ar\\\/sitio\\\/2015\\\/10\\\/22\\\/volvio-a-sus-raices\\\/#breadcrumb\",\"itemListElement\":[{\"@type\":\"ListItem\",\"position\":1,\"name\":\"Portada\",\"item\":\"https:\\\/\\\/gentedebasquet.com.ar\\\/sitio\\\/\"},{\"@type\":\"ListItem\",\"position\":2,\"name\":\"Volvi\u00f3 a sus ra\u00edces\"}]},{\"@type\":\"WebSite\",\"@id\":\"https:\\\/\\\/gentedebasquet.com.ar\\\/sitio\\\/#website\",\"url\":\"https:\\\/\\\/gentedebasquet.com.ar\\\/sitio\\\/\",\"name\":\"Gente de B\u00e1squet\",\"description\":\"La revista del basquet de Bah\u00eda Blanca\",\"potentialAction\":[{\"@type\":\"SearchAction\",\"target\":{\"@type\":\"EntryPoint\",\"urlTemplate\":\"https:\\\/\\\/gentedebasquet.com.ar\\\/sitio\\\/?s={search_term_string}\"},\"query-input\":{\"@type\":\"PropertyValueSpecification\",\"valueRequired\":true,\"valueName\":\"search_term_string\"}}],\"inLanguage\":\"es\"},{\"@type\":\"Person\",\"@id\":\"https:\\\/\\\/gentedebasquet.com.ar\\\/sitio\\\/#\\\/schema\\\/person\\\/ca0b63bbb977369988a7bbbdc519943a\",\"name\":\"Gente de B\u00e1squet\",\"image\":{\"@type\":\"ImageObject\",\"inLanguage\":\"es\",\"@id\":\"https:\\\/\\\/secure.gravatar.com\\\/avatar\\\/7f2c48bdc33b30088f941fb6082e555f2874c98e20cb159d7b92b50eadfce793?s=96&d=mm&r=g\",\"url\":\"https:\\\/\\\/secure.gravatar.com\\\/avatar\\\/7f2c48bdc33b30088f941fb6082e555f2874c98e20cb159d7b92b50eadfce793?s=96&d=mm&r=g\",\"contentUrl\":\"https:\\\/\\\/secure.gravatar.com\\\/avatar\\\/7f2c48bdc33b30088f941fb6082e555f2874c98e20cb159d7b92b50eadfce793?s=96&d=mm&r=g\",\"caption\":\"Gente de B\u00e1squet\"},\"sameAs\":[\"http:\\\/\\\/gentedebasquet.com.ar\\\/sitio\"],\"url\":\"https:\\\/\\\/gentedebasquet.com.ar\\\/sitio\\\/author\\\/ulises\\\/\"}]}<\/script>\n<!-- \/ Yoast SEO plugin. -->","yoast_head_json":{"title":"Volvi\u00f3 a sus ra\u00edces - Gente de B\u00e1squet","robots":{"index":"index","follow":"follow","max-snippet":"max-snippet:-1","max-image-preview":"max-image-preview:large","max-video-preview":"max-video-preview:-1"},"canonical":"https:\/\/gentedebasquet.com.ar\/sitio\/2015\/10\/22\/volvio-a-sus-raices\/","og_locale":"es_ES","og_type":"article","og_title":"Volvi\u00f3 a sus ra\u00edces - Gente de B\u00e1squet","og_description":"Bah\u00eda Basket regres\u00f3 al triunfo al vencer a Argentino de Jun\u00edn por 89 a 78","og_url":"https:\/\/gentedebasquet.com.ar\/sitio\/2015\/10\/22\/volvio-a-sus-raices\/","og_site_name":"Gente de B\u00e1squet","article_published_time":"2015-10-23T02:30:43+00:00","og_image":[{"width":690,"height":319,"url":"https:\/\/gentedebasquet.com.ar\/sitio\/wp-content\/uploads\/2015\/10\/Bahia-Gimnasia-Jasen-Fjellerup.jpg","type":"image\/jpeg"}],"author":"Gente de B\u00e1squet","twitter_card":"summary_large_image","twitter_misc":{"Escrito por":"Gente de B\u00e1squet","Tiempo de lectura":"4 minutos"},"schema":{"@context":"https:\/\/schema.org","@graph":[{"@type":"Article","@id":"https:\/\/gentedebasquet.com.ar\/sitio\/2015\/10\/22\/volvio-a-sus-raices\/#article","isPartOf":{"@id":"https:\/\/gentedebasquet.com.ar\/sitio\/2015\/10\/22\/volvio-a-sus-raices\/"},"author":{"name":"Gente de B\u00e1squet","@id":"https:\/\/gentedebasquet.com.ar\/sitio\/#\/schema\/person\/ca0b63bbb977369988a7bbbdc519943a"},"headline":"Volvi\u00f3 a sus ra\u00edces","datePublished":"2015-10-23T02:30:43+00:00","mainEntityOfPage":{"@id":"https:\/\/gentedebasquet.com.ar\/sitio\/2015\/10\/22\/volvio-a-sus-raices\/"},"wordCount":824,"image":{"@id":"https:\/\/gentedebasquet.com.ar\/sitio\/2015\/10\/22\/volvio-a-sus-raices\/#primaryimage"},"thumbnailUrl":"https:\/\/gentedebasquet.com.ar\/sitio\/wp-content\/uploads\/2015\/10\/Bahia-Gimnasia-Jasen-Fjellerup.jpg","keywords":["Argentino de Jun\u00edn","Bah\u00eda Basket","Hern\u00e1n Jasen","LNB","Lucio Redivo","M\u00e1ximo Fjellerup","Tayron Thomas"],"articleSection":["Bah\u00eda Basket","Liga Nacional","Nacional","Slide"],"inLanguage":"es"},{"@type":"WebPage","@id":"https:\/\/gentedebasquet.com.ar\/sitio\/2015\/10\/22\/volvio-a-sus-raices\/","url":"https:\/\/gentedebasquet.com.ar\/sitio\/2015\/10\/22\/volvio-a-sus-raices\/","name":"Volvi\u00f3 a sus ra\u00edces - Gente de B\u00e1squet","isPartOf":{"@id":"https:\/\/gentedebasquet.com.ar\/sitio\/#website"},"primaryImageOfPage":{"@id":"https:\/\/gentedebasquet.com.ar\/sitio\/2015\/10\/22\/volvio-a-sus-raices\/#primaryimage"},"image":{"@id":"https:\/\/gentedebasquet.com.ar\/sitio\/2015\/10\/22\/volvio-a-sus-raices\/#primaryimage"},"thumbnailUrl":"https:\/\/gentedebasquet.com.ar\/sitio\/wp-content\/uploads\/2015\/10\/Bahia-Gimnasia-Jasen-Fjellerup.jpg","datePublished":"2015-10-23T02:30:43+00:00","author":{"@id":"https:\/\/gentedebasquet.com.ar\/sitio\/#\/schema\/person\/ca0b63bbb977369988a7bbbdc519943a"},"breadcrumb":{"@id":"https:\/\/gentedebasquet.com.ar\/sitio\/2015\/10\/22\/volvio-a-sus-raices\/#breadcrumb"},"inLanguage":"es","potentialAction":[{"@type":"ReadAction","target":["https:\/\/gentedebasquet.com.ar\/sitio\/2015\/10\/22\/volvio-a-sus-raices\/"]}]},{"@type":"ImageObject","inLanguage":"es","@id":"https:\/\/gentedebasquet.com.ar\/sitio\/2015\/10\/22\/volvio-a-sus-raices\/#primaryimage","url":"https:\/\/gentedebasquet.com.ar\/sitio\/wp-content\/uploads\/2015\/10\/Bahia-Gimnasia-Jasen-Fjellerup.jpg","contentUrl":"https:\/\/gentedebasquet.com.ar\/sitio\/wp-content\/uploads\/2015\/10\/Bahia-Gimnasia-Jasen-Fjellerup.jpg","width":690,"height":319},{"@type":"BreadcrumbList","@id":"https:\/\/gentedebasquet.com.ar\/sitio\/2015\/10\/22\/volvio-a-sus-raices\/#breadcrumb","itemListElement":[{"@type":"ListItem","position":1,"name":"Portada","item":"https:\/\/gentedebasquet.com.ar\/sitio\/"},{"@type":"ListItem","position":2,"name":"Volvi\u00f3 a sus ra\u00edces"}]},{"@type":"WebSite","@id":"https:\/\/gentedebasquet.com.ar\/sitio\/#website","url":"https:\/\/gentedebasquet.com.ar\/sitio\/","name":"Gente de B\u00e1squet","description":"La revista del basquet de Bah\u00eda Blanca","potentialAction":[{"@type":"SearchAction","target":{"@type":"EntryPoint","urlTemplate":"https:\/\/gentedebasquet.com.ar\/sitio\/?s={search_term_string}"},"query-input":{"@type":"PropertyValueSpecification","valueRequired":true,"valueName":"search_term_string"}}],"inLanguage":"es"},{"@type":"Person","@id":"https:\/\/gentedebasquet.com.ar\/sitio\/#\/schema\/person\/ca0b63bbb977369988a7bbbdc519943a","name":"Gente de B\u00e1squet","image":{"@type":"ImageObject","inLanguage":"es","@id":"https:\/\/secure.gravatar.com\/avatar\/7f2c48bdc33b30088f941fb6082e555f2874c98e20cb159d7b92b50eadfce793?s=96&d=mm&r=g","url":"https:\/\/secure.gravatar.com\/avatar\/7f2c48bdc33b30088f941fb6082e555f2874c98e20cb159d7b92b50eadfce793?s=96&d=mm&r=g","contentUrl":"https:\/\/secure.gravatar.com\/avatar\/7f2c48bdc33b30088f941fb6082e555f2874c98e20cb159d7b92b50eadfce793?s=96&d=mm&r=g","caption":"Gente de B\u00e1squet"},"sameAs":["http:\/\/gentedebasquet.com.ar\/sitio"],"url":"https:\/\/gentedebasquet.com.ar\/sitio\/author\/ulises\/"}]}},"_links":{"self":[{"href":"https:\/\/gentedebasquet.com.ar\/sitio\/wp-json\/wp\/v2\/posts\/52983","targetHints":{"allow":["GET"]}}],"collection":[{"href":"https:\/\/gentedebasquet.com.ar\/sitio\/wp-json\/wp\/v2\/posts"}],"about":[{"href":"https:\/\/gentedebasquet.com.ar\/sitio\/wp-json\/wp\/v2\/types\/post"}],"author":[{"embeddable":true,"href":"https:\/\/gentedebasquet.com.ar\/sitio\/wp-json\/wp\/v2\/users\/1"}],"replies":[{"embeddable":true,"href":"https:\/\/gentedebasquet.com.ar\/sitio\/wp-json\/wp\/v2\/comments?post=52983"}],"version-history":[{"count":0,"href":"https:\/\/gentedebasquet.com.ar\/sitio\/wp-json\/wp\/v2\/posts\/52983\/revisions"}],"wp:featuredmedia":[{"embeddable":true,"href":"https:\/\/gentedebasquet.com.ar\/sitio\/wp-json\/wp\/v2\/media\/52994"}],"wp:attachment":[{"href":"https:\/\/gentedebasquet.com.ar\/sitio\/wp-json\/wp\/v2\/media?parent=52983"}],"wp:term":[{"taxonomy":"category","embeddable":true,"href":"https:\/\/gentedebasquet.com.ar\/sitio\/wp-json\/wp\/v2\/categories?post=52983"},{"taxonomy":"post_tag","embeddable":true,"href":"https:\/\/gentedebasquet.com.ar\/sitio\/wp-json\/wp\/v2\/tags?post=52983"}],"curies":[{"name":"wp","href":"https:\/\/api.w.org\/{rel}","templated":true}]}}