{"id":52986,"date":"2015-10-22T23:03:07","date_gmt":"2015-10-23T02:03:07","guid":{"rendered":"http:\/\/www.gentedebasquet.com.ar\/?p=52986"},"modified":"2015-10-22T23:03:07","modified_gmt":"2015-10-23T02:03:07","slug":"el-ramirazo","status":"publish","type":"post","link":"https:\/\/gentedebasquet.com.ar\/sitio\/2015\/10\/22\/el-ramirazo\/","title":{"rendered":"El Ramirazo"},"content":{"rendered":"<p><b>En uno de los dos encuentros adelantados por la d\u00e9cimo sexta fecha en Primera, Villa Mitre derrot\u00f3 a domicilio a El Nacional por 87-72. \u00a0 Ramiro Heinrich (19 puntos, 8-12 en t2), bien acompa\u00f1ado por otros cuatro compa\u00f1eros que aportaron en doble d\u00edgito: Gast\u00f3n Diomedi (15), Nicol\u00e1s Renzi (12), Marcelo Berdini (11) y David Pineda (10) fueron los destacados en el tricolor.\u00a0 En el local, no bast\u00f3 con los esfuerzos de Federico Harina (21, con 5-8 en t3), Francisco Hoffman (16) y Nicol\u00e1s Vera (13).<\/b><\/p>\n<p>Con la enorme presencia de Heinrich (9) en el 1v1 de poste bajo, como primera opci\u00f3n ofensiva para el tricolor, Villa Mitre supo abrirse camino en el encuentro con facilidad, y ya en el 1C se escap\u00f3 en el marcador (9-21 en 8m), a pesar del cambio defensivo del local, que pas\u00f3 de marcar en hombre a zona.<\/p>\n<p>Justamente, la defensa en zona 2-3 del local le permiti\u00f3 a \u00a0la visita comenzar a sumar goleo perimetral, y mediante dos bombazos de Berdini, Villa Mitre ampli\u00f3 el margen sobre El Nacional (19-34 en 4m).\u00a0 No obstante, el albiceleste, caracterizado por su notable juego a larga distancia, respondi\u00f3 tambi\u00e9n desde la medialuna, y mediante aportes de Hoffman (x2), Gonzalo Moreyra y el ex tricolor Mat\u00edas Monteoliva, el local cerr\u00f3 con mejor cara la primera mitad (37-45), que no fue mejor por otro destacado pasaje de Heinrich (6).<\/p>\n<p>Sin embargo, ese envi\u00f3n se traslad\u00f3 en la reanudaci\u00f3n del partido, momento en que El Nacional mostr\u00f3 su mejor faceta de la noche.\u00a0 En apenas 2m, y mediante la conducci\u00f3n ofensiva de Harina (6), el albiceleste recort\u00f3 el d\u00e9ficit a tan solo dos puntos (42-45). \u00a0As\u00ed y todo, la media cancha tricolor tom\u00f3 la posta en el momento m\u00e1s flojo del partido, y mediante el ordenamiento ofensivo de Renzi y Diomedi (combinaron 11 unidades), Villa Mitre impuls\u00f3 un parcial de 13-6 a 2m23 del cierre de cuarto y volvi\u00f3 a pasar al frente (53-62).<\/p>\n<p>En el cierre, Ugolini volvi\u00f3 a sobrecargar el juego en la pintura, ahora mediante Javier Bollo (6) y en conjunto a una bomba de Diomedi, el tricolor volvi\u00f3 a ampliar el margen de puntos (59-74 a 6m30).\u00a0 A pesar de un gran esfuerzo individual de Harina en el tiempo decisorio (conect\u00f3 tres veces desde el per\u00edmetro a 4m13), un buen ingreso de Pineda (5) fue suficiente para que Villa Mitre se haga del triunfo, y piense un poco m\u00e1s descansado en la importante semana que se le avecina: el jueves se medir\u00e1 ante Liniers por el torneo local, y el viernes, debutar\u00e1 en el Jos\u00e9 Mart\u00ednez por el Torneo Federal.<\/p>\n<p>&nbsp;<\/p>\n<p>[youtube]<\/p>\n<div class=\"jeg_video_container jeg_video_content\"><iframe loading=\"lazy\" title=\"Resumen de El Nacional v Villa Mitre, Fecha 16.\" width=\"500\" height=\"281\" src=\"https:\/\/www.youtube.com\/embed\/BXx-eJz82kA?feature=oembed\" frameborder=\"0\" allow=\"accelerometer; autoplay; clipboard-write; encrypted-media; gyroscope; picture-in-picture; web-share\" referrerpolicy=\"strict-origin-when-cross-origin\" allowfullscreen><\/iframe><\/div>\n<p>&nbsp;<\/p>\n<p>[\/youtube]<\/p>\n<p>&nbsp;<\/p>\n<p><b>S\u00edntesis| <\/b>Primera Divisi\u00f3n \u2013 Torneo Oficial \u2013 Fecha #16<\/p>\n<p><b>El Nacional 72: <\/b>Mat\u00edas Monteoliva 3, Federico Harina 21, Emiliano Iraola 5, Francisco Hoffman 16, Nicol\u00e1s Quiroga 7 (FI); Franco Fern\u00e1ndez 0, Pomar Garbarino 2, Gonzalo Moreyra 5, Nicol\u00e1s Vera 13, Esteban Arteaga 0.\u00a0 D.T: Juan Andr\u00e9s Garc\u00eda.<\/p>\n<p><b>Villa Mitre 87: <\/b>Marcelo Berdini 11, Gast\u00f3n Diomedi 15, Sebasti\u00e1n Acosta 5 , Santiago Susbielles 7, Ramiro Heinrich 19 (FI); Nicol\u00e1s Renzi 12, Javier Bollo 8, David Pineda 10.\u00a0 D.T: Ariel Ugolini.<\/p>\n<p><b>Parciales: <\/b>13-24, 37-45, 56-63.<\/p>\n<p><b>\u00c1rbitros: <\/b>Migue Firpo \u2013 Jorge Scheffer.<\/p>\n<p><b>Estadio: <\/b>Hermanos Ciccioli (El Nacional).<\/p>\n<p><a class=\"modalf iframe\" title=\"Planilla\" href=\"https:\/\/docs.google.com\/spreadsheets\/d\/1A_33bG_2hqXl8_yV6YBILRNUXBqSzikj0jMzP8yr7rw\/pubhtml\" target=\"_blank\" rel=\"noopener\">Ver Planilla<\/a><\/p>\n","protected":false},"excerpt":{"rendered":"<p>Con 19 puntos de Heinrich, Villa Mitre derrot\u00f3 a El Nacional por 87-72<\/p>\n","protected":false},"author":1,"featured_media":52988,"comment_status":"closed","ping_status":"open","sticky":false,"template":"","format":"standard","meta":{"jnews-multi-image_gallery":[],"jnews_single_post":[],"jnews_primary_category":[],"footnotes":""},"categories":[23,101],"tags":[228,9,209,614,615,321,664,53,22],"class_list":["post-52986","post","type-post","status-publish","format-standard","has-post-thumbnail","hentry","category-primera","category-slide","tag-david-pineda","tag-el-nacional","tag-federico-harina","tag-francisco-hoffman","tag-gaston-diomedi","tag-marcelo-berdini","tag-nicolas-vera","tag-ramiro-heinrich","tag-villa-mitre"],"yoast_head":"<!-- This site is optimized with the Yoast SEO plugin v27.5 - https:\/\/yoast.com\/product\/yoast-seo-wordpress\/ -->\n<title>El Ramirazo - Gente de B\u00e1squet<\/title>\n<meta name=\"robots\" content=\"index, follow, max-snippet:-1, max-image-preview:large, max-video-preview:-1\" \/>\n<link rel=\"canonical\" href=\"https:\/\/gentedebasquet.com.ar\/sitio\/2015\/10\/22\/el-ramirazo\/\" \/>\n<meta property=\"og:locale\" content=\"es_ES\" \/>\n<meta property=\"og:type\" content=\"article\" \/>\n<meta property=\"og:title\" content=\"El Ramirazo - Gente de B\u00e1squet\" \/>\n<meta property=\"og:description\" content=\"Con 19 puntos de Heinrich, Villa Mitre derrot\u00f3 a El Nacional por 87-72\" \/>\n<meta property=\"og:url\" content=\"https:\/\/gentedebasquet.com.ar\/sitio\/2015\/10\/22\/el-ramirazo\/\" \/>\n<meta property=\"og:site_name\" content=\"Gente de B\u00e1squet\" \/>\n<meta property=\"article:published_time\" content=\"2015-10-23T02:03:07+00:00\" \/>\n<meta property=\"og:image\" content=\"https:\/\/gentedebasquet.com.ar\/sitio\/wp-content\/uploads\/2015\/10\/SAM_0056.jpg\" \/>\n\t<meta property=\"og:image:width\" content=\"690\" \/>\n\t<meta property=\"og:image:height\" content=\"319\" \/>\n\t<meta property=\"og:image:type\" content=\"image\/jpeg\" \/>\n<meta name=\"author\" content=\"Gente de B\u00e1squet\" \/>\n<meta name=\"twitter:card\" content=\"summary_large_image\" \/>\n<meta name=\"twitter:label1\" content=\"Escrito por\" \/>\n\t<meta name=\"twitter:data1\" content=\"Gente de B\u00e1squet\" \/>\n\t<meta name=\"twitter:label2\" content=\"Tiempo de lectura\" \/>\n\t<meta name=\"twitter:data2\" content=\"3 minutos\" \/>\n<script type=\"application\/ld+json\" class=\"yoast-schema-graph\">{\"@context\":\"https:\\\/\\\/schema.org\",\"@graph\":[{\"@type\":\"Article\",\"@id\":\"https:\\\/\\\/gentedebasquet.com.ar\\\/sitio\\\/2015\\\/10\\\/22\\\/el-ramirazo\\\/#article\",\"isPartOf\":{\"@id\":\"https:\\\/\\\/gentedebasquet.com.ar\\\/sitio\\\/2015\\\/10\\\/22\\\/el-ramirazo\\\/\"},\"author\":{\"name\":\"Gente de B\u00e1squet\",\"@id\":\"https:\\\/\\\/gentedebasquet.com.ar\\\/sitio\\\/#\\\/schema\\\/person\\\/ca0b63bbb977369988a7bbbdc519943a\"},\"headline\":\"El Ramirazo\",\"datePublished\":\"2015-10-23T02:03:07+00:00\",\"mainEntityOfPage\":{\"@id\":\"https:\\\/\\\/gentedebasquet.com.ar\\\/sitio\\\/2015\\\/10\\\/22\\\/el-ramirazo\\\/\"},\"wordCount\":536,\"image\":{\"@id\":\"https:\\\/\\\/gentedebasquet.com.ar\\\/sitio\\\/2015\\\/10\\\/22\\\/el-ramirazo\\\/#primaryimage\"},\"thumbnailUrl\":\"https:\\\/\\\/gentedebasquet.com.ar\\\/sitio\\\/wp-content\\\/uploads\\\/2015\\\/10\\\/SAM_0056.jpg\",\"keywords\":[\"David Pineda\",\"El Nacional\",\"Federico Harina\",\"Francisco Hoffman\",\"Gaston Diomedi\",\"Marcelo Berdini\",\"Nicol\u00e1s Vera\",\"Ramiro Heinrich\",\"Villa Mitre\"],\"articleSection\":[\"Primera\",\"Slide\"],\"inLanguage\":\"es\"},{\"@type\":\"WebPage\",\"@id\":\"https:\\\/\\\/gentedebasquet.com.ar\\\/sitio\\\/2015\\\/10\\\/22\\\/el-ramirazo\\\/\",\"url\":\"https:\\\/\\\/gentedebasquet.com.ar\\\/sitio\\\/2015\\\/10\\\/22\\\/el-ramirazo\\\/\",\"name\":\"El Ramirazo - Gente de B\u00e1squet\",\"isPartOf\":{\"@id\":\"https:\\\/\\\/gentedebasquet.com.ar\\\/sitio\\\/#website\"},\"primaryImageOfPage\":{\"@id\":\"https:\\\/\\\/gentedebasquet.com.ar\\\/sitio\\\/2015\\\/10\\\/22\\\/el-ramirazo\\\/#primaryimage\"},\"image\":{\"@id\":\"https:\\\/\\\/gentedebasquet.com.ar\\\/sitio\\\/2015\\\/10\\\/22\\\/el-ramirazo\\\/#primaryimage\"},\"thumbnailUrl\":\"https:\\\/\\\/gentedebasquet.com.ar\\\/sitio\\\/wp-content\\\/uploads\\\/2015\\\/10\\\/SAM_0056.jpg\",\"datePublished\":\"2015-10-23T02:03:07+00:00\",\"author\":{\"@id\":\"https:\\\/\\\/gentedebasquet.com.ar\\\/sitio\\\/#\\\/schema\\\/person\\\/ca0b63bbb977369988a7bbbdc519943a\"},\"breadcrumb\":{\"@id\":\"https:\\\/\\\/gentedebasquet.com.ar\\\/sitio\\\/2015\\\/10\\\/22\\\/el-ramirazo\\\/#breadcrumb\"},\"inLanguage\":\"es\",\"potentialAction\":[{\"@type\":\"ReadAction\",\"target\":[\"https:\\\/\\\/gentedebasquet.com.ar\\\/sitio\\\/2015\\\/10\\\/22\\\/el-ramirazo\\\/\"]}]},{\"@type\":\"ImageObject\",\"inLanguage\":\"es\",\"@id\":\"https:\\\/\\\/gentedebasquet.com.ar\\\/sitio\\\/2015\\\/10\\\/22\\\/el-ramirazo\\\/#primaryimage\",\"url\":\"https:\\\/\\\/gentedebasquet.com.ar\\\/sitio\\\/wp-content\\\/uploads\\\/2015\\\/10\\\/SAM_0056.jpg\",\"contentUrl\":\"https:\\\/\\\/gentedebasquet.com.ar\\\/sitio\\\/wp-content\\\/uploads\\\/2015\\\/10\\\/SAM_0056.jpg\",\"width\":690,\"height\":319},{\"@type\":\"BreadcrumbList\",\"@id\":\"https:\\\/\\\/gentedebasquet.com.ar\\\/sitio\\\/2015\\\/10\\\/22\\\/el-ramirazo\\\/#breadcrumb\",\"itemListElement\":[{\"@type\":\"ListItem\",\"position\":1,\"name\":\"Portada\",\"item\":\"https:\\\/\\\/gentedebasquet.com.ar\\\/sitio\\\/\"},{\"@type\":\"ListItem\",\"position\":2,\"name\":\"El Ramirazo\"}]},{\"@type\":\"WebSite\",\"@id\":\"https:\\\/\\\/gentedebasquet.com.ar\\\/sitio\\\/#website\",\"url\":\"https:\\\/\\\/gentedebasquet.com.ar\\\/sitio\\\/\",\"name\":\"Gente de B\u00e1squet\",\"description\":\"La revista del basquet de Bah\u00eda Blanca\",\"potentialAction\":[{\"@type\":\"SearchAction\",\"target\":{\"@type\":\"EntryPoint\",\"urlTemplate\":\"https:\\\/\\\/gentedebasquet.com.ar\\\/sitio\\\/?s={search_term_string}\"},\"query-input\":{\"@type\":\"PropertyValueSpecification\",\"valueRequired\":true,\"valueName\":\"search_term_string\"}}],\"inLanguage\":\"es\"},{\"@type\":\"Person\",\"@id\":\"https:\\\/\\\/gentedebasquet.com.ar\\\/sitio\\\/#\\\/schema\\\/person\\\/ca0b63bbb977369988a7bbbdc519943a\",\"name\":\"Gente de B\u00e1squet\",\"image\":{\"@type\":\"ImageObject\",\"inLanguage\":\"es\",\"@id\":\"https:\\\/\\\/secure.gravatar.com\\\/avatar\\\/7f2c48bdc33b30088f941fb6082e555f2874c98e20cb159d7b92b50eadfce793?s=96&d=mm&r=g\",\"url\":\"https:\\\/\\\/secure.gravatar.com\\\/avatar\\\/7f2c48bdc33b30088f941fb6082e555f2874c98e20cb159d7b92b50eadfce793?s=96&d=mm&r=g\",\"contentUrl\":\"https:\\\/\\\/secure.gravatar.com\\\/avatar\\\/7f2c48bdc33b30088f941fb6082e555f2874c98e20cb159d7b92b50eadfce793?s=96&d=mm&r=g\",\"caption\":\"Gente de B\u00e1squet\"},\"sameAs\":[\"http:\\\/\\\/gentedebasquet.com.ar\\\/sitio\"],\"url\":\"https:\\\/\\\/gentedebasquet.com.ar\\\/sitio\\\/author\\\/ulises\\\/\"}]}<\/script>\n<!-- \/ Yoast SEO plugin. -->","yoast_head_json":{"title":"El Ramirazo - Gente de B\u00e1squet","robots":{"index":"index","follow":"follow","max-snippet":"max-snippet:-1","max-image-preview":"max-image-preview:large","max-video-preview":"max-video-preview:-1"},"canonical":"https:\/\/gentedebasquet.com.ar\/sitio\/2015\/10\/22\/el-ramirazo\/","og_locale":"es_ES","og_type":"article","og_title":"El Ramirazo - Gente de B\u00e1squet","og_description":"Con 19 puntos de Heinrich, Villa Mitre derrot\u00f3 a El Nacional por 87-72","og_url":"https:\/\/gentedebasquet.com.ar\/sitio\/2015\/10\/22\/el-ramirazo\/","og_site_name":"Gente de B\u00e1squet","article_published_time":"2015-10-23T02:03:07+00:00","og_image":[{"width":690,"height":319,"url":"https:\/\/gentedebasquet.com.ar\/sitio\/wp-content\/uploads\/2015\/10\/SAM_0056.jpg","type":"image\/jpeg"}],"author":"Gente de B\u00e1squet","twitter_card":"summary_large_image","twitter_misc":{"Escrito por":"Gente de B\u00e1squet","Tiempo de lectura":"3 minutos"},"schema":{"@context":"https:\/\/schema.org","@graph":[{"@type":"Article","@id":"https:\/\/gentedebasquet.com.ar\/sitio\/2015\/10\/22\/el-ramirazo\/#article","isPartOf":{"@id":"https:\/\/gentedebasquet.com.ar\/sitio\/2015\/10\/22\/el-ramirazo\/"},"author":{"name":"Gente de B\u00e1squet","@id":"https:\/\/gentedebasquet.com.ar\/sitio\/#\/schema\/person\/ca0b63bbb977369988a7bbbdc519943a"},"headline":"El Ramirazo","datePublished":"2015-10-23T02:03:07+00:00","mainEntityOfPage":{"@id":"https:\/\/gentedebasquet.com.ar\/sitio\/2015\/10\/22\/el-ramirazo\/"},"wordCount":536,"image":{"@id":"https:\/\/gentedebasquet.com.ar\/sitio\/2015\/10\/22\/el-ramirazo\/#primaryimage"},"thumbnailUrl":"https:\/\/gentedebasquet.com.ar\/sitio\/wp-content\/uploads\/2015\/10\/SAM_0056.jpg","keywords":["David Pineda","El Nacional","Federico Harina","Francisco Hoffman","Gaston Diomedi","Marcelo Berdini","Nicol\u00e1s Vera","Ramiro Heinrich","Villa Mitre"],"articleSection":["Primera","Slide"],"inLanguage":"es"},{"@type":"WebPage","@id":"https:\/\/gentedebasquet.com.ar\/sitio\/2015\/10\/22\/el-ramirazo\/","url":"https:\/\/gentedebasquet.com.ar\/sitio\/2015\/10\/22\/el-ramirazo\/","name":"El Ramirazo - Gente de B\u00e1squet","isPartOf":{"@id":"https:\/\/gentedebasquet.com.ar\/sitio\/#website"},"primaryImageOfPage":{"@id":"https:\/\/gentedebasquet.com.ar\/sitio\/2015\/10\/22\/el-ramirazo\/#primaryimage"},"image":{"@id":"https:\/\/gentedebasquet.com.ar\/sitio\/2015\/10\/22\/el-ramirazo\/#primaryimage"},"thumbnailUrl":"https:\/\/gentedebasquet.com.ar\/sitio\/wp-content\/uploads\/2015\/10\/SAM_0056.jpg","datePublished":"2015-10-23T02:03:07+00:00","author":{"@id":"https:\/\/gentedebasquet.com.ar\/sitio\/#\/schema\/person\/ca0b63bbb977369988a7bbbdc519943a"},"breadcrumb":{"@id":"https:\/\/gentedebasquet.com.ar\/sitio\/2015\/10\/22\/el-ramirazo\/#breadcrumb"},"inLanguage":"es","potentialAction":[{"@type":"ReadAction","target":["https:\/\/gentedebasquet.com.ar\/sitio\/2015\/10\/22\/el-ramirazo\/"]}]},{"@type":"ImageObject","inLanguage":"es","@id":"https:\/\/gentedebasquet.com.ar\/sitio\/2015\/10\/22\/el-ramirazo\/#primaryimage","url":"https:\/\/gentedebasquet.com.ar\/sitio\/wp-content\/uploads\/2015\/10\/SAM_0056.jpg","contentUrl":"https:\/\/gentedebasquet.com.ar\/sitio\/wp-content\/uploads\/2015\/10\/SAM_0056.jpg","width":690,"height":319},{"@type":"BreadcrumbList","@id":"https:\/\/gentedebasquet.com.ar\/sitio\/2015\/10\/22\/el-ramirazo\/#breadcrumb","itemListElement":[{"@type":"ListItem","position":1,"name":"Portada","item":"https:\/\/gentedebasquet.com.ar\/sitio\/"},{"@type":"ListItem","position":2,"name":"El Ramirazo"}]},{"@type":"WebSite","@id":"https:\/\/gentedebasquet.com.ar\/sitio\/#website","url":"https:\/\/gentedebasquet.com.ar\/sitio\/","name":"Gente de B\u00e1squet","description":"La revista del basquet de Bah\u00eda Blanca","potentialAction":[{"@type":"SearchAction","target":{"@type":"EntryPoint","urlTemplate":"https:\/\/gentedebasquet.com.ar\/sitio\/?s={search_term_string}"},"query-input":{"@type":"PropertyValueSpecification","valueRequired":true,"valueName":"search_term_string"}}],"inLanguage":"es"},{"@type":"Person","@id":"https:\/\/gentedebasquet.com.ar\/sitio\/#\/schema\/person\/ca0b63bbb977369988a7bbbdc519943a","name":"Gente de B\u00e1squet","image":{"@type":"ImageObject","inLanguage":"es","@id":"https:\/\/secure.gravatar.com\/avatar\/7f2c48bdc33b30088f941fb6082e555f2874c98e20cb159d7b92b50eadfce793?s=96&d=mm&r=g","url":"https:\/\/secure.gravatar.com\/avatar\/7f2c48bdc33b30088f941fb6082e555f2874c98e20cb159d7b92b50eadfce793?s=96&d=mm&r=g","contentUrl":"https:\/\/secure.gravatar.com\/avatar\/7f2c48bdc33b30088f941fb6082e555f2874c98e20cb159d7b92b50eadfce793?s=96&d=mm&r=g","caption":"Gente de B\u00e1squet"},"sameAs":["http:\/\/gentedebasquet.com.ar\/sitio"],"url":"https:\/\/gentedebasquet.com.ar\/sitio\/author\/ulises\/"}]}},"_links":{"self":[{"href":"https:\/\/gentedebasquet.com.ar\/sitio\/wp-json\/wp\/v2\/posts\/52986","targetHints":{"allow":["GET"]}}],"collection":[{"href":"https:\/\/gentedebasquet.com.ar\/sitio\/wp-json\/wp\/v2\/posts"}],"about":[{"href":"https:\/\/gentedebasquet.com.ar\/sitio\/wp-json\/wp\/v2\/types\/post"}],"author":[{"embeddable":true,"href":"https:\/\/gentedebasquet.com.ar\/sitio\/wp-json\/wp\/v2\/users\/1"}],"replies":[{"embeddable":true,"href":"https:\/\/gentedebasquet.com.ar\/sitio\/wp-json\/wp\/v2\/comments?post=52986"}],"version-history":[{"count":0,"href":"https:\/\/gentedebasquet.com.ar\/sitio\/wp-json\/wp\/v2\/posts\/52986\/revisions"}],"wp:featuredmedia":[{"embeddable":true,"href":"https:\/\/gentedebasquet.com.ar\/sitio\/wp-json\/wp\/v2\/media\/52988"}],"wp:attachment":[{"href":"https:\/\/gentedebasquet.com.ar\/sitio\/wp-json\/wp\/v2\/media?parent=52986"}],"wp:term":[{"taxonomy":"category","embeddable":true,"href":"https:\/\/gentedebasquet.com.ar\/sitio\/wp-json\/wp\/v2\/categories?post=52986"},{"taxonomy":"post_tag","embeddable":true,"href":"https:\/\/gentedebasquet.com.ar\/sitio\/wp-json\/wp\/v2\/tags?post=52986"}],"curies":[{"name":"wp","href":"https:\/\/api.w.org\/{rel}","templated":true}]}}