{"id":53074,"date":"2015-10-23T23:00:06","date_gmt":"2015-10-24T02:00:06","guid":{"rendered":"http:\/\/www.gentedebasquet.com.ar\/?p=53074"},"modified":"2015-10-23T23:00:06","modified_gmt":"2015-10-24T02:00:06","slug":"el-6-quiere-ser-4","status":"publish","type":"post","link":"https:\/\/gentedebasquet.com.ar\/sitio\/2015\/10\/23\/el-6-quiere-ser-4\/","title":{"rendered":"El 6 quiere ser 4"},"content":{"rendered":"<p><b>Con una destacada actuaci\u00f3n de Gustavo Gentili (9 y 8 asistencias), Sportivo dobleg\u00f3 con facilidad a La Falda por 79 a 56 y ya se ilusiona con un cuarto puesto de cada a los playoffs. El \u201cNegro\u201d fue quien control\u00f3 el ritmo del encuentro de acuerdo a las necesidades de su equipo para dominar el desarrollo, aunque tambi\u00e9n cont\u00f3 con la contribuci\u00f3n ofensiva de Octavio Cancelarich (14, 6\/7 T2 y 7 rebotes) y Fabi\u00e1n Gendana (13, 3\/7 T3). Mientras que por el elenco local, que registr\u00f3 7\/28 TC en 2\u00baT, \u00a0no alcanz\u00f3 con el aporte de siempre de Federico Vilouta (17 y 10 rebotes). La dirigencia faldense le entreg\u00f3 una plaqueta y una camiseta a Pablo Obreque, quien jug\u00f3 su \u00faltimo encuentro como local antes de su retiro.<\/b><\/p>\n<p>Dentro de un comienzo muy parejo,\u00a0 La Falda se mostr\u00f3 mejor con Lan (6) marcando el rumbo en ofensiva para que luego Mond\u00f3n lo siguiera jugando cerca del cesto. Sin embargo con Gendana (4) haci\u00e9ndose cargo del equipo,\u00a0 Sportivo tuvo un mejor cierre.<\/p>\n<p>La paridad continu\u00f3 en el segundo chico porque el due\u00f1o de casa apost\u00f3 al juego interior con pases profundos a Gim\u00e9nez y Gonz\u00e1lez (8 entre ambos). Mientras que el hu\u00e9sped sum\u00f3 con Blasco (6) intenso debajo del cesto bajo la vital conducci\u00f3n de Gentili (5 y 3 asistencias) y la antesala de lo que ser\u00eda la soltura de Cancelarich en ambos costados del campo. Aunque con un registro de 2\/18 T3 entre ambos finaliz\u00f3 la primera mitad.<\/p>\n<p><span style=\"line-height: 1.5em;\">Luego del descanso largo,\u00a0 Sportivo hizo el quiebre en el marcador y en el dominio del juego porque Gentili (4 asistencias) definitivamente se encarg\u00f3 de dominar los ritmos del desarrollo. Con la desfachatez de Cancelarich (6) y con Gendana (2\/2 T3) calentando la mano, Sportivo cerr\u00f3 el segmento 25-10. Mientras que en \u00abLafa\u00bb solo pudo mostrar algo de su repertorio Vilouta (6).<\/span><\/p>\n<p>Vilouta (6) sigui\u00f3 sumando mediante acciones individuales aisladas, en un equipo que lanz\u00f3 5\/18 TC (7\/28 en 2\u00baT);\u00a0 pero poco pudo contener a un rival que altern\u00f3 sus variantes ofensivas para liquidar el pleito en un abrir y cerrar de ojos. Lo m\u00e1s destacado fue la salida de Obreque, aplaudido por toda la cancha,\u00a0 luego de haber jugado su \u00faltimo encuentro como local.<\/p>\n<p>&nbsp;<\/p>\n<p><strong>S\u00edntesis |\u00a0<\/strong>Segunda Divisi\u00f3n \u2013 Oficial \u2013 Juego #17<\/p>\n<p><strong>La Falda 56:<\/strong>\u00a0Facundo Roque 0, Albano Cornachoni 8, Franco Rom\u00e1n 2, Andr\u00e9s Mond\u00f3n 6 y Gustavo Lan 6 (F.I.); Federico Vilouta 17, Federico Gonz\u00e1lez 6, Manuel Gim\u00e9nez 4, Pablo Obreque 2 y Guido Delucchi 5.\u00a0DT: Nicol\u00e1s Becchina.<\/p>\n<p><strong>Sportivo 79:<\/strong>\u00a0Joaqu\u00edn Tuero 5, Juan Manuel Ponce 2, Fabi\u00e1n Gendana 13, Nicol\u00e1s Mart\u00ednez 8 y Mart\u00edn Villoldo 5 (F.I.); Ferm\u00edn Iriarte 4, Gustavo Gentili 9, Lucas Santarelli 7, Juan Ignacio Blasco 9, Octavio Cancelarich 14, Mart\u00edn Quevedo 0 y Lucas Duran 1.\u00a0DT: Fernando \u00c1lvarez.<\/p>\n<p><strong>Parciales: <\/strong>14-13, 32-33 (18-20), 42-58 (10-25) y 56-79 (14-21).<\/p>\n<p><strong>\u00c1rbitros:<\/strong> Jorge Scheffer y Lucas Andr\u00e9s.<\/p>\n<p><strong>Estadio:<\/strong>\u00a0La Falda.<\/p>\n<p><a class=\"modalf iframe\" style=\"line-height: 1.5em;\" title=\"Planilla\" href=\"https:\/\/docs.google.com\/spreadsheets\/d\/1CR53qip6qNyB85-u6XYwGVoHRtaiL9kj5EYkbmCVAGg\/pubhtml\" target=\"_blank\" rel=\"noopener\">Ver Planilla<\/a><\/p>\n<p>&nbsp;<\/p>\n<h6 style=\"text-align: center;\"><strong>\u201cEstoy orgulloso de haber sido parte del crecimiento del club\u201d<\/strong><\/h6>\n<p><a href=\"http:\/\/www.gentedebasquet.com.ar\/wp-content\/uploads\/2015\/10\/Obreque.jpg\"><img decoding=\"async\" class=\"aligncenter size-full wp-image-53076\" alt=\"Obreque\" src=\"http:\/\/www.gentedebasquet.com.ar\/wp-content\/uploads\/2015\/10\/Obreque.jpg\" width=\"480\" height=\"360\" srcset=\"https:\/\/gentedebasquet.com.ar\/sitio\/wp-content\/uploads\/2015\/10\/Obreque.jpg 480w, https:\/\/gentedebasquet.com.ar\/sitio\/wp-content\/uploads\/2015\/10\/Obreque-300x225.jpg 300w\" sizes=\"(max-width: 480px) 100vw, 480px\" \/><\/a><\/p>\n<p>Podr\u00eda haber sido un d\u00eda m\u00e1s en la vida de Pablo Obreque, pero no. El base est\u00e1 jugando sus \u00faltimas cartas antes de su retiro de la actividad oficial y anoche lo hizo por \u00faltima vez ante su gente. Por esta raz\u00f3n la dirigencia del club y la sub-comisi\u00f3n de b\u00e1squet le brindaron el merecido reconocimiento tras haber jugado en el club por tantos a\u00f1os, entreg\u00e1ndole una plaqueta y una camiseta con el registro de sus partidos y puntos disputados hasta ese momento (lleva 372 partidos jugados y 2973 puntos con la camiseta de La Falda).<\/p>\n<p>\u201cMe siento muy emocionado por el reconocimiento de la gente, de mis compa\u00f1eros y de la dirigencia esta noche. La verdad no me esperaba esta despedida, ni la plaqueta y camiseta un la publicaci\u00f3n que me hizo Hern\u00e1n Gallorini a trav\u00e9s de Facebook\u201d, fueron sus primeras impresiones del base que est\u00e1 finalizando su 11\u00ba temporada con la camiseta albirroja en Segunda Divisi\u00f3n.<\/p>\n<p>\u201cDespu\u00e9s de tantos a\u00f1os jugando que a uno le destaquen lo que pudo dar en la cancha es muy bueno pero que resalten la parte humanitaria es lo que m\u00e1s me reconforta. Hacer un repaso desde el momento en que llegu\u00e9 y que hoy me tomen como un referente es el mejor recuerdo que puedo llevarme de la instituci\u00f3n, que afortunadamente pude ver crecer hasta llegar a este punto donde hay chicos que quieren sumarse a las inferiores y hay un equipo de personas que trabajan para que siga creciendo. Haber sido parte de ese crecimiento me pone orgulloso\u201d.<\/p>\n<p>\u201cSimplemente me queda disfrutar todo esto y el \u00faltimo partido y luego seguir con mi carrera profesional. Seguramente en un futuro estar\u00e9 ligado en algo dirigencial, que siempre me interes\u00f3, y estar\u00e9 jugando alguna liga amateur; pero por lo pronto disfrutar de todo lo lindo que me dio este deporte como fueron amigos, socios y todo tipo de v\u00ednculos\u201d, finaliz\u00f3 el conductor del equipo faldense desde m\u00e1s de una d\u00e9cada y que a\u00f1o a a\u00f1o fue dejando su impronta y valores dentro y fuera de la cancha para contribuir con una instituci\u00f3n que trabaja para crecer d\u00eda a d\u00eda.<\/p>\n","protected":false},"excerpt":{"rendered":"<p>De la mano de Gentili, Sportivo venci\u00f3 a La Falda 79-56 y quiere el 4\u00ba puesto en los PO<\/p>\n","protected":false},"author":1,"featured_media":53075,"comment_status":"closed","ping_status":"open","sticky":false,"template":"","format":"standard","meta":{"jnews-multi-image_gallery":[],"jnews_single_post":[],"jnews_primary_category":[],"footnotes":""},"categories":[25,101],"tags":[264,303,233,13,1108,939,583],"class_list":["post-53074","post","type-post","status-publish","format-standard","has-post-thumbnail","hentry","category-segunda","category-slide","tag-fabian-gendana","tag-federico-vilouta","tag-gustavo-gentili","tag-la-falda","tag-octavio-cancelarich","tag-pablo-obreque","tag-sportivo"],"yoast_head":"<!-- This site is optimized with the Yoast SEO plugin v27.4 - https:\/\/yoast.com\/product\/yoast-seo-wordpress\/ -->\n<title>El 6 quiere ser 4 - Gente de B\u00e1squet<\/title>\n<meta name=\"robots\" content=\"index, follow, max-snippet:-1, max-image-preview:large, max-video-preview:-1\" \/>\n<link rel=\"canonical\" href=\"https:\/\/gentedebasquet.com.ar\/sitio\/2015\/10\/23\/el-6-quiere-ser-4\/\" \/>\n<meta property=\"og:locale\" content=\"es_ES\" \/>\n<meta property=\"og:type\" content=\"article\" \/>\n<meta property=\"og:title\" content=\"El 6 quiere ser 4 - Gente de B\u00e1squet\" \/>\n<meta property=\"og:description\" content=\"De la mano de Gentili, Sportivo venci\u00f3 a La Falda 79-56 y quiere el 4\u00ba puesto en los PO\" \/>\n<meta property=\"og:url\" content=\"https:\/\/gentedebasquet.com.ar\/sitio\/2015\/10\/23\/el-6-quiere-ser-4\/\" \/>\n<meta property=\"og:site_name\" content=\"Gente de B\u00e1squet\" \/>\n<meta property=\"article:published_time\" content=\"2015-10-24T02:00:06+00:00\" \/>\n<meta property=\"og:image\" content=\"https:\/\/gentedebasquet.com.ar\/sitio\/wp-content\/uploads\/2015\/10\/Gentili.jpg\" \/>\n\t<meta property=\"og:image:width\" content=\"690\" \/>\n\t<meta property=\"og:image:height\" content=\"319\" \/>\n\t<meta property=\"og:image:type\" content=\"image\/jpeg\" \/>\n<meta name=\"author\" content=\"Gente de B\u00e1squet\" \/>\n<meta name=\"twitter:card\" content=\"summary_large_image\" \/>\n<meta name=\"twitter:label1\" content=\"Escrito por\" \/>\n\t<meta name=\"twitter:data1\" content=\"Gente de B\u00e1squet\" \/>\n\t<meta name=\"twitter:label2\" content=\"Tiempo de lectura\" \/>\n\t<meta name=\"twitter:data2\" content=\"4 minutos\" \/>\n<script type=\"application\/ld+json\" class=\"yoast-schema-graph\">{\"@context\":\"https:\\\/\\\/schema.org\",\"@graph\":[{\"@type\":\"Article\",\"@id\":\"https:\\\/\\\/gentedebasquet.com.ar\\\/sitio\\\/2015\\\/10\\\/23\\\/el-6-quiere-ser-4\\\/#article\",\"isPartOf\":{\"@id\":\"https:\\\/\\\/gentedebasquet.com.ar\\\/sitio\\\/2015\\\/10\\\/23\\\/el-6-quiere-ser-4\\\/\"},\"author\":{\"name\":\"Gente de B\u00e1squet\",\"@id\":\"https:\\\/\\\/gentedebasquet.com.ar\\\/sitio\\\/#\\\/schema\\\/person\\\/ca0b63bbb977369988a7bbbdc519943a\"},\"headline\":\"El 6 quiere ser 4\",\"datePublished\":\"2015-10-24T02:00:06+00:00\",\"mainEntityOfPage\":{\"@id\":\"https:\\\/\\\/gentedebasquet.com.ar\\\/sitio\\\/2015\\\/10\\\/23\\\/el-6-quiere-ser-4\\\/\"},\"wordCount\":857,\"image\":{\"@id\":\"https:\\\/\\\/gentedebasquet.com.ar\\\/sitio\\\/2015\\\/10\\\/23\\\/el-6-quiere-ser-4\\\/#primaryimage\"},\"thumbnailUrl\":\"https:\\\/\\\/gentedebasquet.com.ar\\\/sitio\\\/wp-content\\\/uploads\\\/2015\\\/10\\\/Gentili.jpg\",\"keywords\":[\"Fabian Gendana\",\"Federico Vilouta\",\"Gustavo Gentili\",\"La Falda\",\"Octavio Cancelarich\",\"Pablo Obreque\",\"Sportivo\"],\"articleSection\":[\"Segunda\",\"Slide\"],\"inLanguage\":\"es\"},{\"@type\":\"WebPage\",\"@id\":\"https:\\\/\\\/gentedebasquet.com.ar\\\/sitio\\\/2015\\\/10\\\/23\\\/el-6-quiere-ser-4\\\/\",\"url\":\"https:\\\/\\\/gentedebasquet.com.ar\\\/sitio\\\/2015\\\/10\\\/23\\\/el-6-quiere-ser-4\\\/\",\"name\":\"El 6 quiere ser 4 - Gente de B\u00e1squet\",\"isPartOf\":{\"@id\":\"https:\\\/\\\/gentedebasquet.com.ar\\\/sitio\\\/#website\"},\"primaryImageOfPage\":{\"@id\":\"https:\\\/\\\/gentedebasquet.com.ar\\\/sitio\\\/2015\\\/10\\\/23\\\/el-6-quiere-ser-4\\\/#primaryimage\"},\"image\":{\"@id\":\"https:\\\/\\\/gentedebasquet.com.ar\\\/sitio\\\/2015\\\/10\\\/23\\\/el-6-quiere-ser-4\\\/#primaryimage\"},\"thumbnailUrl\":\"https:\\\/\\\/gentedebasquet.com.ar\\\/sitio\\\/wp-content\\\/uploads\\\/2015\\\/10\\\/Gentili.jpg\",\"datePublished\":\"2015-10-24T02:00:06+00:00\",\"author\":{\"@id\":\"https:\\\/\\\/gentedebasquet.com.ar\\\/sitio\\\/#\\\/schema\\\/person\\\/ca0b63bbb977369988a7bbbdc519943a\"},\"breadcrumb\":{\"@id\":\"https:\\\/\\\/gentedebasquet.com.ar\\\/sitio\\\/2015\\\/10\\\/23\\\/el-6-quiere-ser-4\\\/#breadcrumb\"},\"inLanguage\":\"es\",\"potentialAction\":[{\"@type\":\"ReadAction\",\"target\":[\"https:\\\/\\\/gentedebasquet.com.ar\\\/sitio\\\/2015\\\/10\\\/23\\\/el-6-quiere-ser-4\\\/\"]}]},{\"@type\":\"ImageObject\",\"inLanguage\":\"es\",\"@id\":\"https:\\\/\\\/gentedebasquet.com.ar\\\/sitio\\\/2015\\\/10\\\/23\\\/el-6-quiere-ser-4\\\/#primaryimage\",\"url\":\"https:\\\/\\\/gentedebasquet.com.ar\\\/sitio\\\/wp-content\\\/uploads\\\/2015\\\/10\\\/Gentili.jpg\",\"contentUrl\":\"https:\\\/\\\/gentedebasquet.com.ar\\\/sitio\\\/wp-content\\\/uploads\\\/2015\\\/10\\\/Gentili.jpg\",\"width\":690,\"height\":319},{\"@type\":\"BreadcrumbList\",\"@id\":\"https:\\\/\\\/gentedebasquet.com.ar\\\/sitio\\\/2015\\\/10\\\/23\\\/el-6-quiere-ser-4\\\/#breadcrumb\",\"itemListElement\":[{\"@type\":\"ListItem\",\"position\":1,\"name\":\"Portada\",\"item\":\"https:\\\/\\\/gentedebasquet.com.ar\\\/sitio\\\/\"},{\"@type\":\"ListItem\",\"position\":2,\"name\":\"El 6 quiere ser 4\"}]},{\"@type\":\"WebSite\",\"@id\":\"https:\\\/\\\/gentedebasquet.com.ar\\\/sitio\\\/#website\",\"url\":\"https:\\\/\\\/gentedebasquet.com.ar\\\/sitio\\\/\",\"name\":\"Gente de B\u00e1squet\",\"description\":\"La revista del basquet de Bah\u00eda Blanca\",\"potentialAction\":[{\"@type\":\"SearchAction\",\"target\":{\"@type\":\"EntryPoint\",\"urlTemplate\":\"https:\\\/\\\/gentedebasquet.com.ar\\\/sitio\\\/?s={search_term_string}\"},\"query-input\":{\"@type\":\"PropertyValueSpecification\",\"valueRequired\":true,\"valueName\":\"search_term_string\"}}],\"inLanguage\":\"es\"},{\"@type\":\"Person\",\"@id\":\"https:\\\/\\\/gentedebasquet.com.ar\\\/sitio\\\/#\\\/schema\\\/person\\\/ca0b63bbb977369988a7bbbdc519943a\",\"name\":\"Gente de B\u00e1squet\",\"image\":{\"@type\":\"ImageObject\",\"inLanguage\":\"es\",\"@id\":\"https:\\\/\\\/secure.gravatar.com\\\/avatar\\\/7f2c48bdc33b30088f941fb6082e555f2874c98e20cb159d7b92b50eadfce793?s=96&d=mm&r=g\",\"url\":\"https:\\\/\\\/secure.gravatar.com\\\/avatar\\\/7f2c48bdc33b30088f941fb6082e555f2874c98e20cb159d7b92b50eadfce793?s=96&d=mm&r=g\",\"contentUrl\":\"https:\\\/\\\/secure.gravatar.com\\\/avatar\\\/7f2c48bdc33b30088f941fb6082e555f2874c98e20cb159d7b92b50eadfce793?s=96&d=mm&r=g\",\"caption\":\"Gente de B\u00e1squet\"},\"sameAs\":[\"http:\\\/\\\/gentedebasquet.com.ar\\\/sitio\"],\"url\":\"https:\\\/\\\/gentedebasquet.com.ar\\\/sitio\\\/author\\\/ulises\\\/\"}]}<\/script>\n<!-- \/ Yoast SEO plugin. -->","yoast_head_json":{"title":"El 6 quiere ser 4 - Gente de B\u00e1squet","robots":{"index":"index","follow":"follow","max-snippet":"max-snippet:-1","max-image-preview":"max-image-preview:large","max-video-preview":"max-video-preview:-1"},"canonical":"https:\/\/gentedebasquet.com.ar\/sitio\/2015\/10\/23\/el-6-quiere-ser-4\/","og_locale":"es_ES","og_type":"article","og_title":"El 6 quiere ser 4 - Gente de B\u00e1squet","og_description":"De la mano de Gentili, Sportivo venci\u00f3 a La Falda 79-56 y quiere el 4\u00ba puesto en los PO","og_url":"https:\/\/gentedebasquet.com.ar\/sitio\/2015\/10\/23\/el-6-quiere-ser-4\/","og_site_name":"Gente de B\u00e1squet","article_published_time":"2015-10-24T02:00:06+00:00","og_image":[{"width":690,"height":319,"url":"https:\/\/gentedebasquet.com.ar\/sitio\/wp-content\/uploads\/2015\/10\/Gentili.jpg","type":"image\/jpeg"}],"author":"Gente de B\u00e1squet","twitter_card":"summary_large_image","twitter_misc":{"Escrito por":"Gente de B\u00e1squet","Tiempo de lectura":"4 minutos"},"schema":{"@context":"https:\/\/schema.org","@graph":[{"@type":"Article","@id":"https:\/\/gentedebasquet.com.ar\/sitio\/2015\/10\/23\/el-6-quiere-ser-4\/#article","isPartOf":{"@id":"https:\/\/gentedebasquet.com.ar\/sitio\/2015\/10\/23\/el-6-quiere-ser-4\/"},"author":{"name":"Gente de B\u00e1squet","@id":"https:\/\/gentedebasquet.com.ar\/sitio\/#\/schema\/person\/ca0b63bbb977369988a7bbbdc519943a"},"headline":"El 6 quiere ser 4","datePublished":"2015-10-24T02:00:06+00:00","mainEntityOfPage":{"@id":"https:\/\/gentedebasquet.com.ar\/sitio\/2015\/10\/23\/el-6-quiere-ser-4\/"},"wordCount":857,"image":{"@id":"https:\/\/gentedebasquet.com.ar\/sitio\/2015\/10\/23\/el-6-quiere-ser-4\/#primaryimage"},"thumbnailUrl":"https:\/\/gentedebasquet.com.ar\/sitio\/wp-content\/uploads\/2015\/10\/Gentili.jpg","keywords":["Fabian Gendana","Federico Vilouta","Gustavo Gentili","La Falda","Octavio Cancelarich","Pablo Obreque","Sportivo"],"articleSection":["Segunda","Slide"],"inLanguage":"es"},{"@type":"WebPage","@id":"https:\/\/gentedebasquet.com.ar\/sitio\/2015\/10\/23\/el-6-quiere-ser-4\/","url":"https:\/\/gentedebasquet.com.ar\/sitio\/2015\/10\/23\/el-6-quiere-ser-4\/","name":"El 6 quiere ser 4 - Gente de B\u00e1squet","isPartOf":{"@id":"https:\/\/gentedebasquet.com.ar\/sitio\/#website"},"primaryImageOfPage":{"@id":"https:\/\/gentedebasquet.com.ar\/sitio\/2015\/10\/23\/el-6-quiere-ser-4\/#primaryimage"},"image":{"@id":"https:\/\/gentedebasquet.com.ar\/sitio\/2015\/10\/23\/el-6-quiere-ser-4\/#primaryimage"},"thumbnailUrl":"https:\/\/gentedebasquet.com.ar\/sitio\/wp-content\/uploads\/2015\/10\/Gentili.jpg","datePublished":"2015-10-24T02:00:06+00:00","author":{"@id":"https:\/\/gentedebasquet.com.ar\/sitio\/#\/schema\/person\/ca0b63bbb977369988a7bbbdc519943a"},"breadcrumb":{"@id":"https:\/\/gentedebasquet.com.ar\/sitio\/2015\/10\/23\/el-6-quiere-ser-4\/#breadcrumb"},"inLanguage":"es","potentialAction":[{"@type":"ReadAction","target":["https:\/\/gentedebasquet.com.ar\/sitio\/2015\/10\/23\/el-6-quiere-ser-4\/"]}]},{"@type":"ImageObject","inLanguage":"es","@id":"https:\/\/gentedebasquet.com.ar\/sitio\/2015\/10\/23\/el-6-quiere-ser-4\/#primaryimage","url":"https:\/\/gentedebasquet.com.ar\/sitio\/wp-content\/uploads\/2015\/10\/Gentili.jpg","contentUrl":"https:\/\/gentedebasquet.com.ar\/sitio\/wp-content\/uploads\/2015\/10\/Gentili.jpg","width":690,"height":319},{"@type":"BreadcrumbList","@id":"https:\/\/gentedebasquet.com.ar\/sitio\/2015\/10\/23\/el-6-quiere-ser-4\/#breadcrumb","itemListElement":[{"@type":"ListItem","position":1,"name":"Portada","item":"https:\/\/gentedebasquet.com.ar\/sitio\/"},{"@type":"ListItem","position":2,"name":"El 6 quiere ser 4"}]},{"@type":"WebSite","@id":"https:\/\/gentedebasquet.com.ar\/sitio\/#website","url":"https:\/\/gentedebasquet.com.ar\/sitio\/","name":"Gente de B\u00e1squet","description":"La revista del basquet de Bah\u00eda Blanca","potentialAction":[{"@type":"SearchAction","target":{"@type":"EntryPoint","urlTemplate":"https:\/\/gentedebasquet.com.ar\/sitio\/?s={search_term_string}"},"query-input":{"@type":"PropertyValueSpecification","valueRequired":true,"valueName":"search_term_string"}}],"inLanguage":"es"},{"@type":"Person","@id":"https:\/\/gentedebasquet.com.ar\/sitio\/#\/schema\/person\/ca0b63bbb977369988a7bbbdc519943a","name":"Gente de B\u00e1squet","image":{"@type":"ImageObject","inLanguage":"es","@id":"https:\/\/secure.gravatar.com\/avatar\/7f2c48bdc33b30088f941fb6082e555f2874c98e20cb159d7b92b50eadfce793?s=96&d=mm&r=g","url":"https:\/\/secure.gravatar.com\/avatar\/7f2c48bdc33b30088f941fb6082e555f2874c98e20cb159d7b92b50eadfce793?s=96&d=mm&r=g","contentUrl":"https:\/\/secure.gravatar.com\/avatar\/7f2c48bdc33b30088f941fb6082e555f2874c98e20cb159d7b92b50eadfce793?s=96&d=mm&r=g","caption":"Gente de B\u00e1squet"},"sameAs":["http:\/\/gentedebasquet.com.ar\/sitio"],"url":"https:\/\/gentedebasquet.com.ar\/sitio\/author\/ulises\/"}]}},"_links":{"self":[{"href":"https:\/\/gentedebasquet.com.ar\/sitio\/wp-json\/wp\/v2\/posts\/53074","targetHints":{"allow":["GET"]}}],"collection":[{"href":"https:\/\/gentedebasquet.com.ar\/sitio\/wp-json\/wp\/v2\/posts"}],"about":[{"href":"https:\/\/gentedebasquet.com.ar\/sitio\/wp-json\/wp\/v2\/types\/post"}],"author":[{"embeddable":true,"href":"https:\/\/gentedebasquet.com.ar\/sitio\/wp-json\/wp\/v2\/users\/1"}],"replies":[{"embeddable":true,"href":"https:\/\/gentedebasquet.com.ar\/sitio\/wp-json\/wp\/v2\/comments?post=53074"}],"version-history":[{"count":0,"href":"https:\/\/gentedebasquet.com.ar\/sitio\/wp-json\/wp\/v2\/posts\/53074\/revisions"}],"wp:featuredmedia":[{"embeddable":true,"href":"https:\/\/gentedebasquet.com.ar\/sitio\/wp-json\/wp\/v2\/media\/53075"}],"wp:attachment":[{"href":"https:\/\/gentedebasquet.com.ar\/sitio\/wp-json\/wp\/v2\/media?parent=53074"}],"wp:term":[{"taxonomy":"category","embeddable":true,"href":"https:\/\/gentedebasquet.com.ar\/sitio\/wp-json\/wp\/v2\/categories?post=53074"},{"taxonomy":"post_tag","embeddable":true,"href":"https:\/\/gentedebasquet.com.ar\/sitio\/wp-json\/wp\/v2\/tags?post=53074"}],"curies":[{"name":"wp","href":"https:\/\/api.w.org\/{rel}","templated":true}]}}