{"id":53162,"date":"2015-10-27T14:33:22","date_gmt":"2015-10-27T17:33:22","guid":{"rendered":"http:\/\/www.gentedebasquet.com.ar\/?p=53162"},"modified":"2015-10-27T14:33:22","modified_gmt":"2015-10-27T17:33:22","slug":"san-antonio-va-por-mas","status":"publish","type":"post","link":"https:\/\/gentedebasquet.com.ar\/sitio\/2015\/10\/27\/san-antonio-va-por-mas\/","title":{"rendered":"San Antonio va por m\u00e1s"},"content":{"rendered":"<p><b>Este martes comienza una nueva edici\u00f3n de la mejor liga de b\u00e1squet del mundo, la NBA.\u00a0 Y con ella, se renueva la esperanza de los San Antonio Spurs, que debutan el mi\u00e9rcoles ante OKC Thunder. Luego de la dolorosa eliminaci\u00f3n sufrida en primera ronda de los playoffs del 2015 (ante LA Clippers), el conjunto de Gregg Popovich rompi\u00f3 el mercado y se qued\u00f3 con la pieza m\u00e1s codiciada del verano estadounidense: el ala-pivote LaMarcus Aldridge (ex Portland Trail Blazers).\u00a0 Y por si fuera poco, renov\u00f3 el bahiense Emanuel Gin\u00f3bili con los texanos, por dos a\u00f1os m\u00e1s.\u00a0 En Gente de B\u00e1squet, analizamos a las espuelas en la previa al inicio de la temporada 2015-16.<\/b><\/p>\n<p>La imagen de Chris Paul llorando, abrazado a su \u00eddolo de la infancia Tim Duncan, tras dejarlo eliminado de los Playoffs, todav\u00eda golpea fuerte en San Antonio, Texas.\u00a0 Y tras el campeonato obtenido por los Golden State Warriors, con muy poca oposici\u00f3n en la Conferencia Oeste, hizo click en la dirigencia de los Spurs: el momento de un cambio hab\u00eda llegado.<\/p>\n<p>Numerosos rumores vinculaban la llegada de un interno de jerarqu\u00eda a la franquicia, cuyos nombres se limitaban a Marc Gasol (Memphis Grizzlies), Brook L\u00f3pez (Brooklyn Nets) y <strong>LaMarcus Aldridge<\/strong>.\u00a0 Y justamente, fue el ex Portland Trail Blazers el elegido para ocupar la posici\u00f3n de 4 en la pintura, junto al eterno Tim Duncan.<\/p>\n<p>Con tan s\u00f3lo ver los promedios de LaMarcus en la temporada pasada, la decisi\u00f3n parece m\u00e1s que justificada: 23.4 puntos y 10.2 rebotes en 71 encuentros de temporada regular.\u00a0 Una cosa que va a ser m\u00e1s que interesante para los Spurs este a\u00f1o, ser\u00e1 observar c\u00f3mo cambia la din\u00e1mica en el poste bajo, teniendo en cuenta que ahora, Gregg Popovich tendr\u00e1\u00a0 a dos centros con caracter\u00edsticas ofensivas desde el arranque (Aldridge y Duncan).\u00a0 Esto, no ocurr\u00eda desde que David Robinson se retir\u00f3 de la actividad (2003, a\u00f1o en que los Spurs fueron campeones), fecha desde la que hasta la actualidad, pasaron varios pivotes con caracter\u00edsticas m\u00e1s bien defensivas (Rasho Nesterovic, Fabricio Oberto, Nazr Mohammed, Thiago Splitter son algunos ejemplos).<\/p>\n<p>No obstante, Aldridge no es el \u00fanico que lleg\u00f3 a reforzar la zona pintada de los texanos, puesto que tambi\u00e9n arrib\u00f3 el veterano <strong>David West<\/strong> (ex Indiana Pacers) a aportar buenos minutos desde la banca en la segunda unidad de Pop, y que resign\u00f3 10 millones de d\u00f3lares y su rol de titular en Indiana\u00a0 (780 apariciones como titular al hilo) para apostar a una chance de obtener un anillo.<\/p>\n<p>Por supuesto, no podemos dejar de hablar de <strong>Emanuel Gin\u00f3bili<\/strong>.\u00a0 Luego de deshojar la margarita, el bahiense vio en la llegada de LaMarcus Aldridge la seguridad que necesitaba para saber que los Spurs van a pelear otro a\u00f1o en lo m\u00e1s alto de la NBA.\u00a0 Est\u00e1 claro que el rol de Manu no va a ser lo mismo en 2015-16, porque ya no lo fue en 2014-15, ciclo en el que promedi\u00f3 10.5 en 22.7 minutos por partido (su promedio de tiempo m\u00e1s bajo).<\/p>\n<p>\u00abEsto me emociona\u00bb, dijo Gin\u00f3bili en el Media Day de los Spurs. \u00abA veces hacen falta peque\u00f1os cambios, un ligero sacud\u00f3n. Pero \u00e9ste no es peque\u00f1o. Cuando miras que LaMarcus es parte del equipo, no es un cambio peque\u00f1o. Es muy emocionante y tenemos altas expectativas, como siempre\u00bb, sostuvo.<\/p>\n<p>As\u00ed, con rostros nuevos, y los sospechosos de siempre los Spurs presentan la siguiente plantilla de 15 jugadores: Tony Parker, Patty Mills, Ray McCallum (bases); Danny Green, Jonathan Simmons y Emanuel Gin\u00f3bili (escoltas); Kawhi Leonard, Kyle Anderson y Rasual Butler (aleros);\u00a0 LaMarcus Aldridge, David West y Tim Duncan (ala-pivotes); Matt Bonner, Boris Diaw y Boban Marjanovic (pivotes). <b>Probable quinteto inicial: <\/b>Tony Parker, Danny Green Kawhi Leonard, LaMarcus Aldridge y Tim Duncan.<\/p>\n<p>El debut ser\u00e1 el pr\u00f3ximo mi\u00e9rcoles ante Oklahoma City Thunder, que tras perder durante la mayor parte de la temporada a Kevin Durant, tuvo su peor ciclo en los \u00faltimos 5 a\u00f1os (no clasific\u00f3 a Playoffs) y le termin\u00f3 costando el cargo a Scott Brooks (lleg\u00f3 Billy Donovan, ex Florida Gators de la NCAA).\u00a0 Al igual que los Spurs, la Ciudad del Rayo busca retomar hegemon\u00eda en el Oeste y desbancar a los Warriors.<\/p>\n<p>El partido inaugural entre Spurs y Thunder, podr\u00e1 verse el d\u00eda mi\u00e9rcoles, 21 horas (Argentina) por la se\u00f1al ESPN 3.\u00a0 Y como acostumbramos en los \u00faltimos a\u00f1os, apenas finalizado el cotejo, lo mejor podr\u00e1 disfrutarse en <strong>Gente de B\u00e1squet<\/strong>.<\/p>\n","protected":false},"excerpt":{"rendered":"<p>Con Manu Gin\u00f3bli, debutar\u00e1n en la NBA 2015-16 este mi\u00e9rcoles ante Oklahoma<\/p>\n","protected":false},"author":1,"featured_media":53163,"comment_status":"closed","ping_status":"open","sticky":false,"template":"","format":"standard","meta":{"jnews-multi-image_gallery":[],"jnews_single_post":[],"jnews_primary_category":[],"footnotes":""},"categories":[34,101],"tags":[146,105,387],"class_list":["post-53162","post","type-post","status-publish","format-standard","has-post-thumbnail","hentry","category-bahienses-afuera","category-slide","tag-emanuel-ginobili","tag-nba","tag-san-antonio-spurs"],"yoast_head":"<!-- This site is optimized with the Yoast SEO plugin v27.5 - https:\/\/yoast.com\/product\/yoast-seo-wordpress\/ -->\n<title>San Antonio va por m\u00e1s - Gente de B\u00e1squet<\/title>\n<meta name=\"robots\" content=\"index, follow, max-snippet:-1, max-image-preview:large, max-video-preview:-1\" \/>\n<link rel=\"canonical\" href=\"https:\/\/gentedebasquet.com.ar\/sitio\/2015\/10\/27\/san-antonio-va-por-mas\/\" \/>\n<meta property=\"og:locale\" content=\"es_ES\" \/>\n<meta property=\"og:type\" content=\"article\" \/>\n<meta property=\"og:title\" content=\"San Antonio va por m\u00e1s - Gente de B\u00e1squet\" \/>\n<meta property=\"og:description\" content=\"Con Manu Gin\u00f3bli, debutar\u00e1n en la NBA 2015-16 este mi\u00e9rcoles ante Oklahoma\" \/>\n<meta property=\"og:url\" content=\"https:\/\/gentedebasquet.com.ar\/sitio\/2015\/10\/27\/san-antonio-va-por-mas\/\" \/>\n<meta property=\"og:site_name\" content=\"Gente de B\u00e1squet\" \/>\n<meta property=\"article:published_time\" content=\"2015-10-27T17:33:22+00:00\" \/>\n<meta property=\"og:image\" content=\"https:\/\/gentedebasquet.com.ar\/sitio\/wp-content\/uploads\/2015\/10\/spurs.jpg\" \/>\n\t<meta property=\"og:image:width\" content=\"690\" \/>\n\t<meta property=\"og:image:height\" content=\"319\" \/>\n\t<meta property=\"og:image:type\" content=\"image\/jpeg\" \/>\n<meta name=\"author\" content=\"Gente de B\u00e1squet\" \/>\n<meta name=\"twitter:card\" content=\"summary_large_image\" \/>\n<meta name=\"twitter:label1\" content=\"Escrito por\" \/>\n\t<meta name=\"twitter:data1\" content=\"Gente de B\u00e1squet\" \/>\n\t<meta name=\"twitter:label2\" content=\"Tiempo de lectura\" \/>\n\t<meta name=\"twitter:data2\" content=\"4 minutos\" \/>\n<script type=\"application\/ld+json\" class=\"yoast-schema-graph\">{\"@context\":\"https:\\\/\\\/schema.org\",\"@graph\":[{\"@type\":\"Article\",\"@id\":\"https:\\\/\\\/gentedebasquet.com.ar\\\/sitio\\\/2015\\\/10\\\/27\\\/san-antonio-va-por-mas\\\/#article\",\"isPartOf\":{\"@id\":\"https:\\\/\\\/gentedebasquet.com.ar\\\/sitio\\\/2015\\\/10\\\/27\\\/san-antonio-va-por-mas\\\/\"},\"author\":{\"name\":\"Gente de B\u00e1squet\",\"@id\":\"https:\\\/\\\/gentedebasquet.com.ar\\\/sitio\\\/#\\\/schema\\\/person\\\/ca0b63bbb977369988a7bbbdc519943a\"},\"headline\":\"San Antonio va por m\u00e1s\",\"datePublished\":\"2015-10-27T17:33:22+00:00\",\"mainEntityOfPage\":{\"@id\":\"https:\\\/\\\/gentedebasquet.com.ar\\\/sitio\\\/2015\\\/10\\\/27\\\/san-antonio-va-por-mas\\\/\"},\"wordCount\":773,\"image\":{\"@id\":\"https:\\\/\\\/gentedebasquet.com.ar\\\/sitio\\\/2015\\\/10\\\/27\\\/san-antonio-va-por-mas\\\/#primaryimage\"},\"thumbnailUrl\":\"https:\\\/\\\/gentedebasquet.com.ar\\\/sitio\\\/wp-content\\\/uploads\\\/2015\\\/10\\\/spurs.jpg\",\"keywords\":[\"Emanuel Gin\u00f3bili\",\"NBA\",\"San Antonio Spurs\"],\"articleSection\":[\"Bahienses Afuera\",\"Slide\"],\"inLanguage\":\"es\"},{\"@type\":\"WebPage\",\"@id\":\"https:\\\/\\\/gentedebasquet.com.ar\\\/sitio\\\/2015\\\/10\\\/27\\\/san-antonio-va-por-mas\\\/\",\"url\":\"https:\\\/\\\/gentedebasquet.com.ar\\\/sitio\\\/2015\\\/10\\\/27\\\/san-antonio-va-por-mas\\\/\",\"name\":\"San Antonio va por m\u00e1s - Gente de B\u00e1squet\",\"isPartOf\":{\"@id\":\"https:\\\/\\\/gentedebasquet.com.ar\\\/sitio\\\/#website\"},\"primaryImageOfPage\":{\"@id\":\"https:\\\/\\\/gentedebasquet.com.ar\\\/sitio\\\/2015\\\/10\\\/27\\\/san-antonio-va-por-mas\\\/#primaryimage\"},\"image\":{\"@id\":\"https:\\\/\\\/gentedebasquet.com.ar\\\/sitio\\\/2015\\\/10\\\/27\\\/san-antonio-va-por-mas\\\/#primaryimage\"},\"thumbnailUrl\":\"https:\\\/\\\/gentedebasquet.com.ar\\\/sitio\\\/wp-content\\\/uploads\\\/2015\\\/10\\\/spurs.jpg\",\"datePublished\":\"2015-10-27T17:33:22+00:00\",\"author\":{\"@id\":\"https:\\\/\\\/gentedebasquet.com.ar\\\/sitio\\\/#\\\/schema\\\/person\\\/ca0b63bbb977369988a7bbbdc519943a\"},\"breadcrumb\":{\"@id\":\"https:\\\/\\\/gentedebasquet.com.ar\\\/sitio\\\/2015\\\/10\\\/27\\\/san-antonio-va-por-mas\\\/#breadcrumb\"},\"inLanguage\":\"es\",\"potentialAction\":[{\"@type\":\"ReadAction\",\"target\":[\"https:\\\/\\\/gentedebasquet.com.ar\\\/sitio\\\/2015\\\/10\\\/27\\\/san-antonio-va-por-mas\\\/\"]}]},{\"@type\":\"ImageObject\",\"inLanguage\":\"es\",\"@id\":\"https:\\\/\\\/gentedebasquet.com.ar\\\/sitio\\\/2015\\\/10\\\/27\\\/san-antonio-va-por-mas\\\/#primaryimage\",\"url\":\"https:\\\/\\\/gentedebasquet.com.ar\\\/sitio\\\/wp-content\\\/uploads\\\/2015\\\/10\\\/spurs.jpg\",\"contentUrl\":\"https:\\\/\\\/gentedebasquet.com.ar\\\/sitio\\\/wp-content\\\/uploads\\\/2015\\\/10\\\/spurs.jpg\",\"width\":690,\"height\":319},{\"@type\":\"BreadcrumbList\",\"@id\":\"https:\\\/\\\/gentedebasquet.com.ar\\\/sitio\\\/2015\\\/10\\\/27\\\/san-antonio-va-por-mas\\\/#breadcrumb\",\"itemListElement\":[{\"@type\":\"ListItem\",\"position\":1,\"name\":\"Portada\",\"item\":\"https:\\\/\\\/gentedebasquet.com.ar\\\/sitio\\\/\"},{\"@type\":\"ListItem\",\"position\":2,\"name\":\"San Antonio va por m\u00e1s\"}]},{\"@type\":\"WebSite\",\"@id\":\"https:\\\/\\\/gentedebasquet.com.ar\\\/sitio\\\/#website\",\"url\":\"https:\\\/\\\/gentedebasquet.com.ar\\\/sitio\\\/\",\"name\":\"Gente de B\u00e1squet\",\"description\":\"La revista del basquet de Bah\u00eda Blanca\",\"potentialAction\":[{\"@type\":\"SearchAction\",\"target\":{\"@type\":\"EntryPoint\",\"urlTemplate\":\"https:\\\/\\\/gentedebasquet.com.ar\\\/sitio\\\/?s={search_term_string}\"},\"query-input\":{\"@type\":\"PropertyValueSpecification\",\"valueRequired\":true,\"valueName\":\"search_term_string\"}}],\"inLanguage\":\"es\"},{\"@type\":\"Person\",\"@id\":\"https:\\\/\\\/gentedebasquet.com.ar\\\/sitio\\\/#\\\/schema\\\/person\\\/ca0b63bbb977369988a7bbbdc519943a\",\"name\":\"Gente de B\u00e1squet\",\"image\":{\"@type\":\"ImageObject\",\"inLanguage\":\"es\",\"@id\":\"https:\\\/\\\/secure.gravatar.com\\\/avatar\\\/7f2c48bdc33b30088f941fb6082e555f2874c98e20cb159d7b92b50eadfce793?s=96&d=mm&r=g\",\"url\":\"https:\\\/\\\/secure.gravatar.com\\\/avatar\\\/7f2c48bdc33b30088f941fb6082e555f2874c98e20cb159d7b92b50eadfce793?s=96&d=mm&r=g\",\"contentUrl\":\"https:\\\/\\\/secure.gravatar.com\\\/avatar\\\/7f2c48bdc33b30088f941fb6082e555f2874c98e20cb159d7b92b50eadfce793?s=96&d=mm&r=g\",\"caption\":\"Gente de B\u00e1squet\"},\"sameAs\":[\"http:\\\/\\\/gentedebasquet.com.ar\\\/sitio\"],\"url\":\"https:\\\/\\\/gentedebasquet.com.ar\\\/sitio\\\/author\\\/ulises\\\/\"}]}<\/script>\n<!-- \/ Yoast SEO plugin. -->","yoast_head_json":{"title":"San Antonio va por m\u00e1s - Gente de B\u00e1squet","robots":{"index":"index","follow":"follow","max-snippet":"max-snippet:-1","max-image-preview":"max-image-preview:large","max-video-preview":"max-video-preview:-1"},"canonical":"https:\/\/gentedebasquet.com.ar\/sitio\/2015\/10\/27\/san-antonio-va-por-mas\/","og_locale":"es_ES","og_type":"article","og_title":"San Antonio va por m\u00e1s - Gente de B\u00e1squet","og_description":"Con Manu Gin\u00f3bli, debutar\u00e1n en la NBA 2015-16 este mi\u00e9rcoles ante Oklahoma","og_url":"https:\/\/gentedebasquet.com.ar\/sitio\/2015\/10\/27\/san-antonio-va-por-mas\/","og_site_name":"Gente de B\u00e1squet","article_published_time":"2015-10-27T17:33:22+00:00","og_image":[{"width":690,"height":319,"url":"https:\/\/gentedebasquet.com.ar\/sitio\/wp-content\/uploads\/2015\/10\/spurs.jpg","type":"image\/jpeg"}],"author":"Gente de B\u00e1squet","twitter_card":"summary_large_image","twitter_misc":{"Escrito por":"Gente de B\u00e1squet","Tiempo de lectura":"4 minutos"},"schema":{"@context":"https:\/\/schema.org","@graph":[{"@type":"Article","@id":"https:\/\/gentedebasquet.com.ar\/sitio\/2015\/10\/27\/san-antonio-va-por-mas\/#article","isPartOf":{"@id":"https:\/\/gentedebasquet.com.ar\/sitio\/2015\/10\/27\/san-antonio-va-por-mas\/"},"author":{"name":"Gente de B\u00e1squet","@id":"https:\/\/gentedebasquet.com.ar\/sitio\/#\/schema\/person\/ca0b63bbb977369988a7bbbdc519943a"},"headline":"San Antonio va por m\u00e1s","datePublished":"2015-10-27T17:33:22+00:00","mainEntityOfPage":{"@id":"https:\/\/gentedebasquet.com.ar\/sitio\/2015\/10\/27\/san-antonio-va-por-mas\/"},"wordCount":773,"image":{"@id":"https:\/\/gentedebasquet.com.ar\/sitio\/2015\/10\/27\/san-antonio-va-por-mas\/#primaryimage"},"thumbnailUrl":"https:\/\/gentedebasquet.com.ar\/sitio\/wp-content\/uploads\/2015\/10\/spurs.jpg","keywords":["Emanuel Gin\u00f3bili","NBA","San Antonio Spurs"],"articleSection":["Bahienses Afuera","Slide"],"inLanguage":"es"},{"@type":"WebPage","@id":"https:\/\/gentedebasquet.com.ar\/sitio\/2015\/10\/27\/san-antonio-va-por-mas\/","url":"https:\/\/gentedebasquet.com.ar\/sitio\/2015\/10\/27\/san-antonio-va-por-mas\/","name":"San Antonio va por m\u00e1s - Gente de B\u00e1squet","isPartOf":{"@id":"https:\/\/gentedebasquet.com.ar\/sitio\/#website"},"primaryImageOfPage":{"@id":"https:\/\/gentedebasquet.com.ar\/sitio\/2015\/10\/27\/san-antonio-va-por-mas\/#primaryimage"},"image":{"@id":"https:\/\/gentedebasquet.com.ar\/sitio\/2015\/10\/27\/san-antonio-va-por-mas\/#primaryimage"},"thumbnailUrl":"https:\/\/gentedebasquet.com.ar\/sitio\/wp-content\/uploads\/2015\/10\/spurs.jpg","datePublished":"2015-10-27T17:33:22+00:00","author":{"@id":"https:\/\/gentedebasquet.com.ar\/sitio\/#\/schema\/person\/ca0b63bbb977369988a7bbbdc519943a"},"breadcrumb":{"@id":"https:\/\/gentedebasquet.com.ar\/sitio\/2015\/10\/27\/san-antonio-va-por-mas\/#breadcrumb"},"inLanguage":"es","potentialAction":[{"@type":"ReadAction","target":["https:\/\/gentedebasquet.com.ar\/sitio\/2015\/10\/27\/san-antonio-va-por-mas\/"]}]},{"@type":"ImageObject","inLanguage":"es","@id":"https:\/\/gentedebasquet.com.ar\/sitio\/2015\/10\/27\/san-antonio-va-por-mas\/#primaryimage","url":"https:\/\/gentedebasquet.com.ar\/sitio\/wp-content\/uploads\/2015\/10\/spurs.jpg","contentUrl":"https:\/\/gentedebasquet.com.ar\/sitio\/wp-content\/uploads\/2015\/10\/spurs.jpg","width":690,"height":319},{"@type":"BreadcrumbList","@id":"https:\/\/gentedebasquet.com.ar\/sitio\/2015\/10\/27\/san-antonio-va-por-mas\/#breadcrumb","itemListElement":[{"@type":"ListItem","position":1,"name":"Portada","item":"https:\/\/gentedebasquet.com.ar\/sitio\/"},{"@type":"ListItem","position":2,"name":"San Antonio va por m\u00e1s"}]},{"@type":"WebSite","@id":"https:\/\/gentedebasquet.com.ar\/sitio\/#website","url":"https:\/\/gentedebasquet.com.ar\/sitio\/","name":"Gente de B\u00e1squet","description":"La revista del basquet de Bah\u00eda Blanca","potentialAction":[{"@type":"SearchAction","target":{"@type":"EntryPoint","urlTemplate":"https:\/\/gentedebasquet.com.ar\/sitio\/?s={search_term_string}"},"query-input":{"@type":"PropertyValueSpecification","valueRequired":true,"valueName":"search_term_string"}}],"inLanguage":"es"},{"@type":"Person","@id":"https:\/\/gentedebasquet.com.ar\/sitio\/#\/schema\/person\/ca0b63bbb977369988a7bbbdc519943a","name":"Gente de B\u00e1squet","image":{"@type":"ImageObject","inLanguage":"es","@id":"https:\/\/secure.gravatar.com\/avatar\/7f2c48bdc33b30088f941fb6082e555f2874c98e20cb159d7b92b50eadfce793?s=96&d=mm&r=g","url":"https:\/\/secure.gravatar.com\/avatar\/7f2c48bdc33b30088f941fb6082e555f2874c98e20cb159d7b92b50eadfce793?s=96&d=mm&r=g","contentUrl":"https:\/\/secure.gravatar.com\/avatar\/7f2c48bdc33b30088f941fb6082e555f2874c98e20cb159d7b92b50eadfce793?s=96&d=mm&r=g","caption":"Gente de B\u00e1squet"},"sameAs":["http:\/\/gentedebasquet.com.ar\/sitio"],"url":"https:\/\/gentedebasquet.com.ar\/sitio\/author\/ulises\/"}]}},"_links":{"self":[{"href":"https:\/\/gentedebasquet.com.ar\/sitio\/wp-json\/wp\/v2\/posts\/53162","targetHints":{"allow":["GET"]}}],"collection":[{"href":"https:\/\/gentedebasquet.com.ar\/sitio\/wp-json\/wp\/v2\/posts"}],"about":[{"href":"https:\/\/gentedebasquet.com.ar\/sitio\/wp-json\/wp\/v2\/types\/post"}],"author":[{"embeddable":true,"href":"https:\/\/gentedebasquet.com.ar\/sitio\/wp-json\/wp\/v2\/users\/1"}],"replies":[{"embeddable":true,"href":"https:\/\/gentedebasquet.com.ar\/sitio\/wp-json\/wp\/v2\/comments?post=53162"}],"version-history":[{"count":0,"href":"https:\/\/gentedebasquet.com.ar\/sitio\/wp-json\/wp\/v2\/posts\/53162\/revisions"}],"wp:featuredmedia":[{"embeddable":true,"href":"https:\/\/gentedebasquet.com.ar\/sitio\/wp-json\/wp\/v2\/media\/53163"}],"wp:attachment":[{"href":"https:\/\/gentedebasquet.com.ar\/sitio\/wp-json\/wp\/v2\/media?parent=53162"}],"wp:term":[{"taxonomy":"category","embeddable":true,"href":"https:\/\/gentedebasquet.com.ar\/sitio\/wp-json\/wp\/v2\/categories?post=53162"},{"taxonomy":"post_tag","embeddable":true,"href":"https:\/\/gentedebasquet.com.ar\/sitio\/wp-json\/wp\/v2\/tags?post=53162"}],"curies":[{"name":"wp","href":"https:\/\/api.w.org\/{rel}","templated":true}]}}