{"id":53178,"date":"2015-10-27T23:10:29","date_gmt":"2015-10-28T02:10:29","guid":{"rendered":"http:\/\/www.gentedebasquet.com.ar\/?p=53178"},"modified":"2015-10-27T23:10:29","modified_gmt":"2015-10-28T02:10:29","slug":"pelota-divina","status":"publish","type":"post","link":"https:\/\/gentedebasquet.com.ar\/sitio\/2015\/10\/27\/pelota-divina\/","title":{"rendered":"Pelota divina"},"content":{"rendered":"<p><strong>Napost\u00e1 debi\u00f3 sufrir hasta la \u00faltima bola para vencer a 9 de Julio, por 86 a 84. La visita llev\u00f3 bien el partido, con ventajas que alcanzaron los 16 puntos (24-40). Pero el due\u00f1o de casa ech\u00f3 el resto y lo pudo ganar si Mat\u00edas L\u00f3pez (1\/8 a distancia) met\u00eda el \u00faltimo triple. Campa\u00f1a (22 y 9 rebotes), El\u00edas (18, con 2\/4 en triples y 5\/7 en dobles) e Iturrioz (9 y 9 tableros) lideraron al conjunto de Romerniszyn. Mientras que Jos\u00e9 Luis Mart\u00ednez (26 con 10\/13 en dobles) y Badillo (19, cuatro triples) se destacaron en 9 de Julio.<\/strong><\/p>\n<p>Un tiempo muerto por parte de Walter Romerniszyn orden\u00f3 las cosas para Napost\u00e1, porque 9 de Julio comenz\u00f3 la noche 14-4 con dos triples de Badillo (uno con infracci\u00f3n incluida) y una jugada de doble y falta de Jos\u00e9 Luis Mart\u00ednez. Entonces, tras el minuto, la visita sell\u00f3 un parcial de 11 a 0 que lo puso al frente (14-15) gracias al encendido ingreso de Federico Le\u00edas, autor de 3\/3 en dobles y 1\/1 en triples en el 1C.<\/p>\n<p>Ya con el control del juego, Tajan corrigi\u00f3 la mira e Iturrioz se ofreci\u00f3 como un recambio de confianza en la pintura, aportando rebotes y puntos a la ofensiva visitante. As\u00ed, a 4m27 del descanso largo, Napost\u00e1 alcanz\u00f3 la m\u00e1xima ventaja de la noche: 16 puntos (24-40). EL local debi\u00f3 prescindir de su base natural, Agust\u00edn Pena, por acumular hasta ese momento tres faltas. Adem\u00e1s, como en todo el partido, tuvo un mal porcentaje en libres que no le permiti\u00f3 acercarse en el tanteador.<\/p>\n<p>No obstante, la soltura con la que Napo atac\u00f3 en el PT se vio disminuida en el complemento, al tiempo que 9 de Julio comenz\u00f3 a recortar. Pena volvi\u00f3 con un triple, tambi\u00e9n regres\u00f3 Z\u00e1rate y forzando un tr\u00e1mite de juego de transici\u00f3n, el due\u00f1o de casa se puso en partido: 53-59 a 11m54. Adem\u00e1s, El\u00edas, que ven\u00eda de anotar 15 tantos en el PT, baj\u00f3 su producci\u00f3n hasta que clav\u00f3 una bomba para cerrar el 3C (56-65).<\/p>\n<p>La reacci\u00f3n termin\u00f3 de confirmarse de la mano de Mart\u00ednez (14 unidades en el 4C). La tendencia a no anotar en ataques consecutivos le cost\u00f3 caro a la visita, posibilit\u00e1ndole a Su\u00e1rez, con una bandeja, dejar a 9 de Julio a dos puntos (73-75) con 4m10. All\u00ed, Campa\u00f1a cobr\u00f3 protagonismo y Napost\u00e1 pareci\u00f3 adue\u00f1arse del cotejo, pero fall\u00f3 los \u00faltimos cuatro libres que lanz\u00f3 y le dio la chance a Mat\u00edas L\u00f3pez de ganar el partido, cuando a 3s del final tir\u00f3 un triple que fue apenas pasado.<\/p>\n<p>&nbsp;<\/p>\n<p>[vimeo]http:\/\/vimeo.com\/143828663[\/vimeo]<\/p>\n<p>&nbsp;<\/p>\n<p><strong>S\u00edntesis |<\/strong> Primera Divisi\u00f3n &#8211; Oficial &#8211; Fecha #16<\/p>\n<p><strong>9 de Julio\u00a084:\u00a0<\/strong>Agust\u00edn Pena 13 (x),\u00a0Fernando Pe\u00f1alver 4,\u00a0Marcelino Badillo 19,\u00a0Jos\u00e9 Luis Mart\u00ednez 26,\u00a0Alexis Z\u00e1rate 10 (Fi);\u00a0Dami\u00e1n Su\u00e1rez 3,\u00a0Mat\u00edas L\u00f3pez 5,\u00a0Francisco Bonaguro 0,\u00a0Federico Escobar 2,\u00a0Mauro Bl\u00e1zquez 2 y Manuel\u00a0Slonimsqui 0.\u00a0DT: Emiliano Rold\u00e1n.<\/p>\n<p><strong>Napost\u00e1\u00a086:\u00a0<\/strong>Ramiro Aguirre 10,\u00a0Bruno Sacomani 6,\u00a0Tom\u00e1s Tajan 11,\u00a0Augusto Meneses 4,\u00a0Mauro Campa\u00f1a 22 (Fi);\u00a0Federico El\u00edas 18,\u00a0Antonio Iturrioz 9,\u00a0Bruno Pallotti 6 y\u00a0Manuel Ayala 0.\u00a0DT: Walter Romerniszyn.<\/p>\n<p><strong>Parciales:\u00a0<\/strong>17-23, 36-46 (19-23), 56-65 (20-19) y 84-86 (28-21).<\/p>\n<p><strong>\u00c1rbitros:\u00a0<\/strong>N\u00e9stor Schernenco &#8211; Eduardo Ferreyra.<\/p>\n<p><strong>Estadio:\u00a0<\/strong>N\u00e9stor Damiani (9 de Julio).<\/p>\n<p><a class=\"modalf iframe\" title=\"Planilla\" href=\"https:\/\/docs.google.com\/spreadsheets\/d\/1LQQjLebCm4LyNYT0rj-bMoTmQ7idp-FjwHQ0vq8m6Do\/pubhtml\" target=\"_blank\" rel=\"noopener\">Ver Planilla<\/a><\/p>\n","protected":false},"excerpt":{"rendered":"<p>La \u00faltima bola de Mat\u00edas L\u00f3pez sali\u00f3 y Napost\u00e1 venci\u00f3 a 9 de Julio por 86 a 84<\/p>\n","protected":false},"author":1,"featured_media":53183,"comment_status":"closed","ping_status":"open","sticky":false,"template":"","format":"standard","meta":{"jnews-multi-image_gallery":[],"jnews_single_post":[],"jnews_primary_category":[],"footnotes":""},"categories":[23,101],"tags":[2,1085,285,239,15],"class_list":["post-53178","post","type-post","status-publish","format-standard","has-post-thumbnail","hentry","category-primera","category-slide","tag-9dejulio","tag-federico-elias","tag-jose-luis-martinez","tag-mauro-campana","tag-naposta"],"yoast_head":"<!-- This site is optimized with the Yoast SEO plugin v27.5 - https:\/\/yoast.com\/product\/yoast-seo-wordpress\/ -->\n<title>Pelota divina - Gente de B\u00e1squet<\/title>\n<meta name=\"robots\" content=\"index, follow, max-snippet:-1, max-image-preview:large, max-video-preview:-1\" \/>\n<link rel=\"canonical\" href=\"https:\/\/gentedebasquet.com.ar\/sitio\/2015\/10\/27\/pelota-divina\/\" \/>\n<meta property=\"og:locale\" content=\"es_ES\" \/>\n<meta property=\"og:type\" content=\"article\" \/>\n<meta property=\"og:title\" content=\"Pelota divina - Gente de B\u00e1squet\" \/>\n<meta property=\"og:description\" content=\"La \u00faltima bola de Mat\u00edas L\u00f3pez sali\u00f3 y Napost\u00e1 venci\u00f3 a 9 de Julio por 86 a 84\" \/>\n<meta property=\"og:url\" content=\"https:\/\/gentedebasquet.com.ar\/sitio\/2015\/10\/27\/pelota-divina\/\" \/>\n<meta property=\"og:site_name\" content=\"Gente de B\u00e1squet\" \/>\n<meta property=\"article:published_time\" content=\"2015-10-28T02:10:29+00:00\" \/>\n<meta property=\"og:image\" content=\"https:\/\/gentedebasquet.com.ar\/sitio\/wp-content\/uploads\/2015\/10\/9-de-Julio-Naposta.jpg\" \/>\n\t<meta property=\"og:image:width\" content=\"690\" \/>\n\t<meta property=\"og:image:height\" content=\"319\" \/>\n\t<meta property=\"og:image:type\" content=\"image\/jpeg\" \/>\n<meta name=\"author\" content=\"Gente de B\u00e1squet\" \/>\n<meta name=\"twitter:card\" content=\"summary_large_image\" \/>\n<meta name=\"twitter:label1\" content=\"Escrito por\" \/>\n\t<meta name=\"twitter:data1\" content=\"Gente de B\u00e1squet\" \/>\n\t<meta name=\"twitter:label2\" content=\"Tiempo de lectura\" \/>\n\t<meta name=\"twitter:data2\" content=\"3 minutos\" \/>\n<script type=\"application\/ld+json\" class=\"yoast-schema-graph\">{\"@context\":\"https:\\\/\\\/schema.org\",\"@graph\":[{\"@type\":\"Article\",\"@id\":\"https:\\\/\\\/gentedebasquet.com.ar\\\/sitio\\\/2015\\\/10\\\/27\\\/pelota-divina\\\/#article\",\"isPartOf\":{\"@id\":\"https:\\\/\\\/gentedebasquet.com.ar\\\/sitio\\\/2015\\\/10\\\/27\\\/pelota-divina\\\/\"},\"author\":{\"name\":\"Gente de B\u00e1squet\",\"@id\":\"https:\\\/\\\/gentedebasquet.com.ar\\\/sitio\\\/#\\\/schema\\\/person\\\/ca0b63bbb977369988a7bbbdc519943a\"},\"headline\":\"Pelota divina\",\"datePublished\":\"2015-10-28T02:10:29+00:00\",\"mainEntityOfPage\":{\"@id\":\"https:\\\/\\\/gentedebasquet.com.ar\\\/sitio\\\/2015\\\/10\\\/27\\\/pelota-divina\\\/\"},\"wordCount\":543,\"image\":{\"@id\":\"https:\\\/\\\/gentedebasquet.com.ar\\\/sitio\\\/2015\\\/10\\\/27\\\/pelota-divina\\\/#primaryimage\"},\"thumbnailUrl\":\"https:\\\/\\\/gentedebasquet.com.ar\\\/sitio\\\/wp-content\\\/uploads\\\/2015\\\/10\\\/9-de-Julio-Naposta.jpg\",\"keywords\":[\"9 de Julio\",\"Federico El\u00edas\",\"Jos\u00e9 Luis Mart\u00ednez\",\"Mauro Campa\u00f1a\",\"Naposta\"],\"articleSection\":[\"Primera\",\"Slide\"],\"inLanguage\":\"es\"},{\"@type\":\"WebPage\",\"@id\":\"https:\\\/\\\/gentedebasquet.com.ar\\\/sitio\\\/2015\\\/10\\\/27\\\/pelota-divina\\\/\",\"url\":\"https:\\\/\\\/gentedebasquet.com.ar\\\/sitio\\\/2015\\\/10\\\/27\\\/pelota-divina\\\/\",\"name\":\"Pelota divina - Gente de B\u00e1squet\",\"isPartOf\":{\"@id\":\"https:\\\/\\\/gentedebasquet.com.ar\\\/sitio\\\/#website\"},\"primaryImageOfPage\":{\"@id\":\"https:\\\/\\\/gentedebasquet.com.ar\\\/sitio\\\/2015\\\/10\\\/27\\\/pelota-divina\\\/#primaryimage\"},\"image\":{\"@id\":\"https:\\\/\\\/gentedebasquet.com.ar\\\/sitio\\\/2015\\\/10\\\/27\\\/pelota-divina\\\/#primaryimage\"},\"thumbnailUrl\":\"https:\\\/\\\/gentedebasquet.com.ar\\\/sitio\\\/wp-content\\\/uploads\\\/2015\\\/10\\\/9-de-Julio-Naposta.jpg\",\"datePublished\":\"2015-10-28T02:10:29+00:00\",\"author\":{\"@id\":\"https:\\\/\\\/gentedebasquet.com.ar\\\/sitio\\\/#\\\/schema\\\/person\\\/ca0b63bbb977369988a7bbbdc519943a\"},\"breadcrumb\":{\"@id\":\"https:\\\/\\\/gentedebasquet.com.ar\\\/sitio\\\/2015\\\/10\\\/27\\\/pelota-divina\\\/#breadcrumb\"},\"inLanguage\":\"es\",\"potentialAction\":[{\"@type\":\"ReadAction\",\"target\":[\"https:\\\/\\\/gentedebasquet.com.ar\\\/sitio\\\/2015\\\/10\\\/27\\\/pelota-divina\\\/\"]}]},{\"@type\":\"ImageObject\",\"inLanguage\":\"es\",\"@id\":\"https:\\\/\\\/gentedebasquet.com.ar\\\/sitio\\\/2015\\\/10\\\/27\\\/pelota-divina\\\/#primaryimage\",\"url\":\"https:\\\/\\\/gentedebasquet.com.ar\\\/sitio\\\/wp-content\\\/uploads\\\/2015\\\/10\\\/9-de-Julio-Naposta.jpg\",\"contentUrl\":\"https:\\\/\\\/gentedebasquet.com.ar\\\/sitio\\\/wp-content\\\/uploads\\\/2015\\\/10\\\/9-de-Julio-Naposta.jpg\",\"width\":690,\"height\":319},{\"@type\":\"BreadcrumbList\",\"@id\":\"https:\\\/\\\/gentedebasquet.com.ar\\\/sitio\\\/2015\\\/10\\\/27\\\/pelota-divina\\\/#breadcrumb\",\"itemListElement\":[{\"@type\":\"ListItem\",\"position\":1,\"name\":\"Portada\",\"item\":\"https:\\\/\\\/gentedebasquet.com.ar\\\/sitio\\\/\"},{\"@type\":\"ListItem\",\"position\":2,\"name\":\"Pelota divina\"}]},{\"@type\":\"WebSite\",\"@id\":\"https:\\\/\\\/gentedebasquet.com.ar\\\/sitio\\\/#website\",\"url\":\"https:\\\/\\\/gentedebasquet.com.ar\\\/sitio\\\/\",\"name\":\"Gente de B\u00e1squet\",\"description\":\"La revista del basquet de Bah\u00eda Blanca\",\"potentialAction\":[{\"@type\":\"SearchAction\",\"target\":{\"@type\":\"EntryPoint\",\"urlTemplate\":\"https:\\\/\\\/gentedebasquet.com.ar\\\/sitio\\\/?s={search_term_string}\"},\"query-input\":{\"@type\":\"PropertyValueSpecification\",\"valueRequired\":true,\"valueName\":\"search_term_string\"}}],\"inLanguage\":\"es\"},{\"@type\":\"Person\",\"@id\":\"https:\\\/\\\/gentedebasquet.com.ar\\\/sitio\\\/#\\\/schema\\\/person\\\/ca0b63bbb977369988a7bbbdc519943a\",\"name\":\"Gente de B\u00e1squet\",\"image\":{\"@type\":\"ImageObject\",\"inLanguage\":\"es\",\"@id\":\"https:\\\/\\\/secure.gravatar.com\\\/avatar\\\/7f2c48bdc33b30088f941fb6082e555f2874c98e20cb159d7b92b50eadfce793?s=96&d=mm&r=g\",\"url\":\"https:\\\/\\\/secure.gravatar.com\\\/avatar\\\/7f2c48bdc33b30088f941fb6082e555f2874c98e20cb159d7b92b50eadfce793?s=96&d=mm&r=g\",\"contentUrl\":\"https:\\\/\\\/secure.gravatar.com\\\/avatar\\\/7f2c48bdc33b30088f941fb6082e555f2874c98e20cb159d7b92b50eadfce793?s=96&d=mm&r=g\",\"caption\":\"Gente de B\u00e1squet\"},\"sameAs\":[\"http:\\\/\\\/gentedebasquet.com.ar\\\/sitio\"],\"url\":\"https:\\\/\\\/gentedebasquet.com.ar\\\/sitio\\\/author\\\/ulises\\\/\"}]}<\/script>\n<!-- \/ Yoast SEO plugin. -->","yoast_head_json":{"title":"Pelota divina - Gente de B\u00e1squet","robots":{"index":"index","follow":"follow","max-snippet":"max-snippet:-1","max-image-preview":"max-image-preview:large","max-video-preview":"max-video-preview:-1"},"canonical":"https:\/\/gentedebasquet.com.ar\/sitio\/2015\/10\/27\/pelota-divina\/","og_locale":"es_ES","og_type":"article","og_title":"Pelota divina - Gente de B\u00e1squet","og_description":"La \u00faltima bola de Mat\u00edas L\u00f3pez sali\u00f3 y Napost\u00e1 venci\u00f3 a 9 de Julio por 86 a 84","og_url":"https:\/\/gentedebasquet.com.ar\/sitio\/2015\/10\/27\/pelota-divina\/","og_site_name":"Gente de B\u00e1squet","article_published_time":"2015-10-28T02:10:29+00:00","og_image":[{"width":690,"height":319,"url":"https:\/\/gentedebasquet.com.ar\/sitio\/wp-content\/uploads\/2015\/10\/9-de-Julio-Naposta.jpg","type":"image\/jpeg"}],"author":"Gente de B\u00e1squet","twitter_card":"summary_large_image","twitter_misc":{"Escrito por":"Gente de B\u00e1squet","Tiempo de lectura":"3 minutos"},"schema":{"@context":"https:\/\/schema.org","@graph":[{"@type":"Article","@id":"https:\/\/gentedebasquet.com.ar\/sitio\/2015\/10\/27\/pelota-divina\/#article","isPartOf":{"@id":"https:\/\/gentedebasquet.com.ar\/sitio\/2015\/10\/27\/pelota-divina\/"},"author":{"name":"Gente de B\u00e1squet","@id":"https:\/\/gentedebasquet.com.ar\/sitio\/#\/schema\/person\/ca0b63bbb977369988a7bbbdc519943a"},"headline":"Pelota divina","datePublished":"2015-10-28T02:10:29+00:00","mainEntityOfPage":{"@id":"https:\/\/gentedebasquet.com.ar\/sitio\/2015\/10\/27\/pelota-divina\/"},"wordCount":543,"image":{"@id":"https:\/\/gentedebasquet.com.ar\/sitio\/2015\/10\/27\/pelota-divina\/#primaryimage"},"thumbnailUrl":"https:\/\/gentedebasquet.com.ar\/sitio\/wp-content\/uploads\/2015\/10\/9-de-Julio-Naposta.jpg","keywords":["9 de Julio","Federico El\u00edas","Jos\u00e9 Luis Mart\u00ednez","Mauro Campa\u00f1a","Naposta"],"articleSection":["Primera","Slide"],"inLanguage":"es"},{"@type":"WebPage","@id":"https:\/\/gentedebasquet.com.ar\/sitio\/2015\/10\/27\/pelota-divina\/","url":"https:\/\/gentedebasquet.com.ar\/sitio\/2015\/10\/27\/pelota-divina\/","name":"Pelota divina - Gente de B\u00e1squet","isPartOf":{"@id":"https:\/\/gentedebasquet.com.ar\/sitio\/#website"},"primaryImageOfPage":{"@id":"https:\/\/gentedebasquet.com.ar\/sitio\/2015\/10\/27\/pelota-divina\/#primaryimage"},"image":{"@id":"https:\/\/gentedebasquet.com.ar\/sitio\/2015\/10\/27\/pelota-divina\/#primaryimage"},"thumbnailUrl":"https:\/\/gentedebasquet.com.ar\/sitio\/wp-content\/uploads\/2015\/10\/9-de-Julio-Naposta.jpg","datePublished":"2015-10-28T02:10:29+00:00","author":{"@id":"https:\/\/gentedebasquet.com.ar\/sitio\/#\/schema\/person\/ca0b63bbb977369988a7bbbdc519943a"},"breadcrumb":{"@id":"https:\/\/gentedebasquet.com.ar\/sitio\/2015\/10\/27\/pelota-divina\/#breadcrumb"},"inLanguage":"es","potentialAction":[{"@type":"ReadAction","target":["https:\/\/gentedebasquet.com.ar\/sitio\/2015\/10\/27\/pelota-divina\/"]}]},{"@type":"ImageObject","inLanguage":"es","@id":"https:\/\/gentedebasquet.com.ar\/sitio\/2015\/10\/27\/pelota-divina\/#primaryimage","url":"https:\/\/gentedebasquet.com.ar\/sitio\/wp-content\/uploads\/2015\/10\/9-de-Julio-Naposta.jpg","contentUrl":"https:\/\/gentedebasquet.com.ar\/sitio\/wp-content\/uploads\/2015\/10\/9-de-Julio-Naposta.jpg","width":690,"height":319},{"@type":"BreadcrumbList","@id":"https:\/\/gentedebasquet.com.ar\/sitio\/2015\/10\/27\/pelota-divina\/#breadcrumb","itemListElement":[{"@type":"ListItem","position":1,"name":"Portada","item":"https:\/\/gentedebasquet.com.ar\/sitio\/"},{"@type":"ListItem","position":2,"name":"Pelota divina"}]},{"@type":"WebSite","@id":"https:\/\/gentedebasquet.com.ar\/sitio\/#website","url":"https:\/\/gentedebasquet.com.ar\/sitio\/","name":"Gente de B\u00e1squet","description":"La revista del basquet de Bah\u00eda Blanca","potentialAction":[{"@type":"SearchAction","target":{"@type":"EntryPoint","urlTemplate":"https:\/\/gentedebasquet.com.ar\/sitio\/?s={search_term_string}"},"query-input":{"@type":"PropertyValueSpecification","valueRequired":true,"valueName":"search_term_string"}}],"inLanguage":"es"},{"@type":"Person","@id":"https:\/\/gentedebasquet.com.ar\/sitio\/#\/schema\/person\/ca0b63bbb977369988a7bbbdc519943a","name":"Gente de B\u00e1squet","image":{"@type":"ImageObject","inLanguage":"es","@id":"https:\/\/secure.gravatar.com\/avatar\/7f2c48bdc33b30088f941fb6082e555f2874c98e20cb159d7b92b50eadfce793?s=96&d=mm&r=g","url":"https:\/\/secure.gravatar.com\/avatar\/7f2c48bdc33b30088f941fb6082e555f2874c98e20cb159d7b92b50eadfce793?s=96&d=mm&r=g","contentUrl":"https:\/\/secure.gravatar.com\/avatar\/7f2c48bdc33b30088f941fb6082e555f2874c98e20cb159d7b92b50eadfce793?s=96&d=mm&r=g","caption":"Gente de B\u00e1squet"},"sameAs":["http:\/\/gentedebasquet.com.ar\/sitio"],"url":"https:\/\/gentedebasquet.com.ar\/sitio\/author\/ulises\/"}]}},"_links":{"self":[{"href":"https:\/\/gentedebasquet.com.ar\/sitio\/wp-json\/wp\/v2\/posts\/53178","targetHints":{"allow":["GET"]}}],"collection":[{"href":"https:\/\/gentedebasquet.com.ar\/sitio\/wp-json\/wp\/v2\/posts"}],"about":[{"href":"https:\/\/gentedebasquet.com.ar\/sitio\/wp-json\/wp\/v2\/types\/post"}],"author":[{"embeddable":true,"href":"https:\/\/gentedebasquet.com.ar\/sitio\/wp-json\/wp\/v2\/users\/1"}],"replies":[{"embeddable":true,"href":"https:\/\/gentedebasquet.com.ar\/sitio\/wp-json\/wp\/v2\/comments?post=53178"}],"version-history":[{"count":0,"href":"https:\/\/gentedebasquet.com.ar\/sitio\/wp-json\/wp\/v2\/posts\/53178\/revisions"}],"wp:featuredmedia":[{"embeddable":true,"href":"https:\/\/gentedebasquet.com.ar\/sitio\/wp-json\/wp\/v2\/media\/53183"}],"wp:attachment":[{"href":"https:\/\/gentedebasquet.com.ar\/sitio\/wp-json\/wp\/v2\/media?parent=53178"}],"wp:term":[{"taxonomy":"category","embeddable":true,"href":"https:\/\/gentedebasquet.com.ar\/sitio\/wp-json\/wp\/v2\/categories?post=53178"},{"taxonomy":"post_tag","embeddable":true,"href":"https:\/\/gentedebasquet.com.ar\/sitio\/wp-json\/wp\/v2\/tags?post=53178"}],"curies":[{"name":"wp","href":"https:\/\/api.w.org\/{rel}","templated":true}]}}