{"id":53182,"date":"2015-10-27T23:35:31","date_gmt":"2015-10-28T02:35:31","guid":{"rendered":"http:\/\/www.gentedebasquet.com.ar\/?p=53182"},"modified":"2015-10-27T23:35:31","modified_gmt":"2015-10-28T02:35:31","slug":"mano-meneses","status":"publish","type":"post","link":"https:\/\/gentedebasquet.com.ar\/sitio\/2015\/10\/27\/mano-meneses\/","title":{"rendered":"Mano Meneses"},"content":{"rendered":"<p><b>En un partidazo, Pac\u00edfico derrot\u00f3 en el Eladio Santos a Sportivo en tiempo suplementario por 94-90 (79 iguales en el tiempo regular), y se qued\u00f3 con el 3er puesto del Torneo Oficial, luego de los triunfos de Estrella y Argentino. \u00a0Hubo enormes rendimientos en ambos equipos: en el local, se destacaron Gustavo Gentili (19), Joaqu\u00edn Tuero, Mart\u00edn Villoldo (17 cada uno), Fabi\u00e1n Gendana (13) y Lucas Santarelli (12).\u00a0 En el Verde, el de mejor trabajo fue Ezequiel Meneses (21p, 8-13 en t2 y 11 rebotes) muy bien secundado por Mauricio Gonz\u00e1lez (17, 2-4 en t3\u00a0 y 9 tableros), Manuel Sacrist\u00e1n (17), Joaqu\u00edn Larrandart (13) y Fernando Bonino (10 en apenas 20 minutos).<\/b><\/p>\n<p>Sportivo fue demoledor en el arranque, haci\u00e9ndose camino en el encuentro desde la medialuna.\u00a0 Con aportes de Villoldo, Gentili y Santarelli (quien absorbi\u00f3 mucho juego en la pintura recuperando 5 rebotes), el rojinegro se escap\u00f3 temprano en el 1C (20-6 en 6m26).\u00a0 No obstante, Meneses comenz\u00f3 a cargar contra el aro (una constante de la noche) y permiti\u00f3 decorar un flojo segmento del verde (25-17).<\/p>\n<p>Pac\u00edfico pas\u00f3 a marcar en zona 2-3, y consigui\u00f3 unas buenas paradas defensivas que le permitieron arrimarse en el electr\u00f3nico: 31-26 en 5m, mediante el juego de Larrandart, Bonino y Meneses cerca al aro (4 cada uno).\u00a0 Sin embargo, la descalificaci\u00f3n de Bonino por doble falta t\u00e9cnica (la primera fue luego de un cruce verbal con Gendana, la segunda por protestar a Miguel Firpo) desconect\u00f3 a la visita del encuentro por unos minutos, que le sirvieron a Sportivo para retomar doble d\u00edgito de ventaja.\u00a0 Nuevamente desde los 6,75 metros (dos triples de Gendana, uno de Villoldo) el conjunto de Piru \u00c1lvarez se fue al descanso con holgura en el electr\u00f3nico (43-33).<\/p>\n<p>As\u00ed y todo, Pac\u00edfico se puso en juego en la reanudaci\u00f3n.\u00a0 Una seguidilla de puntos de Gonz\u00e1lez (un triple y dos conversiones bajo el aro) arrim\u00f3 al verde a tres unidades en apenas 2m (45-42).\u00a0 Sportivo pas\u00f3 a marcar en zona 2-3 para cortar las incursiones del rival al aro, pero no consigui\u00f3 \u00e9xito.\u00a0 Y Larrandart (8) comenz\u00f3 a aprovechar espacios en la defensa local que ubicaron a Pac\u00edfico arriba de cara al cierre (58-60)<\/p>\n<p>El envi\u00f3n del 3C fue aprovechado en demas\u00eda por los de Kooistra, y con un determinante ingreso de Facundo Wattson (7 en el per\u00edodo), estiraron el d\u00e9ficit del local (65-73).\u00a0 Pero Sportivo no se estir\u00f3 a menos, y con Gentili encarando al aro (8, 6 desde la l\u00ednea), \u00a0y Villoldo conectando una vez m\u00e1s desde el per\u00edmetro, se coloc\u00f3 a debajo por tres, luego de dos libres de Sacrist\u00e1n a falta de 13s.\u00a0 Fue all\u00ed cuando en la \u00faltima posesi\u00f3n, Gentili descarg\u00f3 r\u00e1pido desde el saque con Gendana en una esquina, y Fabi\u00e1n castig\u00f3 desde larga distancia para mandar el partido al Suplementario.<\/p>\n<p>Y en la pr\u00f3rroga, Pac\u00edfico aprovech\u00f3 las descalificaciones de Iriarte, Blasco, Santarelli y Mart\u00ednez entre el 4C y el Overtime, para atacar una pintura desprotegida a falta de jugadores internos.\u00a0 Adem\u00e1s, se not\u00f3 que la rotaci\u00f3n de los de Kooistra fue m\u00e1s larga, y ahora hubo otro buen ingreso (Manuel Maina, con 4).\u00a0 Mediante Gonz\u00e1lez (6) y Sacrist\u00e1n (4), Pac\u00edfico se encarg\u00f3 de cerrar una laboriosa victoria en un partido caliente, que si bien lo deja en el podio del Torneo Oficial (y segundo en la tabla acumulada),\u00a0 sabe que deber\u00e1 ir a por todo en los Playoffs.<\/p>\n<p>&nbsp;<\/p>\n<p>[youtube]https:\/\/youtu.be\/S-7LHTVJU3A[\/youtube]<\/p>\n<p>&nbsp;<\/p>\n<p><b>S\u00edntesis| <\/b>Segunda Divisi\u00f3n \u2013 Torneo Oficial \u2013 Fecha #18<\/p>\n<p><b>Sportivo Bahiense 90: <\/b>Gustavo Gentili 19, Fabi\u00e1n Gendana 13, Lucas Santarelli 12 (x), Mart\u00edn Villoldo 17, Nicol\u00e1s Mart\u00ednez 0 (x) (FI); Joaqu\u00edn Tuero 17, Octavio Cancellarich 2, Juan Ignacio Blasco 7 (x), Ferm\u00edn Iriarte 3 (x).\u00a0 D.T: Fernando \u00c1lvarez.<\/p>\n<p><b>Pac\u00edfico 94: <\/b>Ezequiel Meneses 21, Manuel Sacrist\u00e1n 17, Fernando Bonino 10 (D), Mauricio Gonz\u00e1lez 17, Lucas Ruiz 2 (FI); Mauro Richotti 1, Joaqu\u00edn Larrandart 13, Manuel Maina 6, Facundo Wattson 7 (x).\u00a0 D.T: Pablo Kooistra.<\/p>\n<p><b>Parciales: <\/b>25-17, 43-33, 58-60, 79-79.<\/p>\n<p><b>Suplementario: <\/b>90-94.<\/p>\n<p><b>\u00c1rbitros: <\/b>Miguel Firpo \u2013 Alejandro Vizca\u00edno.<\/p>\n<p><b>Estadio: <\/b>Eladio Santos (Sportivo Bahiense).<\/p>\n<p><a class=\"modalf iframe\" title=\"Planilla\" href=\"https:\/\/docs.google.com\/spreadsheets\/d\/1hckrojYQTFlwzPO0glNBb2zoZ6Ie89BvHzhrkoJhRyA\/pubhtml\" target=\"_blank\" rel=\"noopener\">Ver Planilla<\/a><\/p>\n","protected":false},"excerpt":{"rendered":"<p>Ezequiel (21p y 11r) fue clave en el triunfo de Pac\u00edfico ante Sportivo en OT: 90-94.<\/p>\n","protected":false},"author":1,"featured_media":53184,"comment_status":"closed","ping_status":"open","sticky":false,"template":"","format":"standard","meta":{"jnews-multi-image_gallery":[],"jnews_single_post":[],"jnews_primary_category":[],"footnotes":""},"categories":[25,101],"tags":[607,264,577,211,253,580,17,20],"class_list":["post-53182","post","type-post","status-publish","format-standard","has-post-thumbnail","hentry","category-segunda","category-slide","tag-ezequiel-meneses","tag-fabian-gendana","tag-fernando-bonino","tag-joaquin-larrandart","tag-manuel-sacristan","tag-mauricio-gonzalez","tag-pacifico","tag-sportivo-bahiense"],"yoast_head":"<!-- This site is optimized with the Yoast SEO plugin v27.5 - https:\/\/yoast.com\/product\/yoast-seo-wordpress\/ -->\n<title>Mano Meneses - Gente de B\u00e1squet<\/title>\n<meta name=\"robots\" content=\"index, follow, max-snippet:-1, max-image-preview:large, max-video-preview:-1\" \/>\n<link rel=\"canonical\" href=\"https:\/\/gentedebasquet.com.ar\/sitio\/2015\/10\/27\/mano-meneses\/\" \/>\n<meta property=\"og:locale\" content=\"es_ES\" \/>\n<meta property=\"og:type\" content=\"article\" \/>\n<meta property=\"og:title\" content=\"Mano Meneses - Gente de B\u00e1squet\" \/>\n<meta property=\"og:description\" content=\"Ezequiel (21p y 11r) fue clave en el triunfo de Pac\u00edfico ante Sportivo en OT: 90-94.\" \/>\n<meta property=\"og:url\" content=\"https:\/\/gentedebasquet.com.ar\/sitio\/2015\/10\/27\/mano-meneses\/\" \/>\n<meta property=\"og:site_name\" content=\"Gente de B\u00e1squet\" \/>\n<meta property=\"article:published_time\" content=\"2015-10-28T02:35:31+00:00\" \/>\n<meta property=\"og:image\" content=\"https:\/\/gentedebasquet.com.ar\/sitio\/wp-content\/uploads\/2015\/10\/meneses.jpg\" \/>\n\t<meta property=\"og:image:width\" content=\"690\" \/>\n\t<meta property=\"og:image:height\" content=\"319\" \/>\n\t<meta property=\"og:image:type\" content=\"image\/jpeg\" \/>\n<meta name=\"author\" content=\"Gente de B\u00e1squet\" \/>\n<meta name=\"twitter:card\" content=\"summary_large_image\" \/>\n<meta name=\"twitter:label1\" content=\"Escrito por\" \/>\n\t<meta name=\"twitter:data1\" content=\"Gente de B\u00e1squet\" \/>\n\t<meta name=\"twitter:label2\" content=\"Tiempo de lectura\" \/>\n\t<meta name=\"twitter:data2\" content=\"3 minutos\" \/>\n<script type=\"application\/ld+json\" class=\"yoast-schema-graph\">{\"@context\":\"https:\\\/\\\/schema.org\",\"@graph\":[{\"@type\":\"Article\",\"@id\":\"https:\\\/\\\/gentedebasquet.com.ar\\\/sitio\\\/2015\\\/10\\\/27\\\/mano-meneses\\\/#article\",\"isPartOf\":{\"@id\":\"https:\\\/\\\/gentedebasquet.com.ar\\\/sitio\\\/2015\\\/10\\\/27\\\/mano-meneses\\\/\"},\"author\":{\"name\":\"Gente de B\u00e1squet\",\"@id\":\"https:\\\/\\\/gentedebasquet.com.ar\\\/sitio\\\/#\\\/schema\\\/person\\\/ca0b63bbb977369988a7bbbdc519943a\"},\"headline\":\"Mano Meneses\",\"datePublished\":\"2015-10-28T02:35:31+00:00\",\"mainEntityOfPage\":{\"@id\":\"https:\\\/\\\/gentedebasquet.com.ar\\\/sitio\\\/2015\\\/10\\\/27\\\/mano-meneses\\\/\"},\"wordCount\":686,\"image\":{\"@id\":\"https:\\\/\\\/gentedebasquet.com.ar\\\/sitio\\\/2015\\\/10\\\/27\\\/mano-meneses\\\/#primaryimage\"},\"thumbnailUrl\":\"https:\\\/\\\/gentedebasquet.com.ar\\\/sitio\\\/wp-content\\\/uploads\\\/2015\\\/10\\\/meneses.jpg\",\"keywords\":[\"Ezequiel Meneses\",\"Fabian Gendana\",\"Fernando Bonino\",\"Joaqu\u00edn Larrandart\",\"Manuel Sacrist\u00e1n\",\"Mauricio Gonz\u00e1lez\",\"Pacifico\",\"Sportivo Bahiense\"],\"articleSection\":[\"Segunda\",\"Slide\"],\"inLanguage\":\"es\"},{\"@type\":\"WebPage\",\"@id\":\"https:\\\/\\\/gentedebasquet.com.ar\\\/sitio\\\/2015\\\/10\\\/27\\\/mano-meneses\\\/\",\"url\":\"https:\\\/\\\/gentedebasquet.com.ar\\\/sitio\\\/2015\\\/10\\\/27\\\/mano-meneses\\\/\",\"name\":\"Mano Meneses - Gente de B\u00e1squet\",\"isPartOf\":{\"@id\":\"https:\\\/\\\/gentedebasquet.com.ar\\\/sitio\\\/#website\"},\"primaryImageOfPage\":{\"@id\":\"https:\\\/\\\/gentedebasquet.com.ar\\\/sitio\\\/2015\\\/10\\\/27\\\/mano-meneses\\\/#primaryimage\"},\"image\":{\"@id\":\"https:\\\/\\\/gentedebasquet.com.ar\\\/sitio\\\/2015\\\/10\\\/27\\\/mano-meneses\\\/#primaryimage\"},\"thumbnailUrl\":\"https:\\\/\\\/gentedebasquet.com.ar\\\/sitio\\\/wp-content\\\/uploads\\\/2015\\\/10\\\/meneses.jpg\",\"datePublished\":\"2015-10-28T02:35:31+00:00\",\"author\":{\"@id\":\"https:\\\/\\\/gentedebasquet.com.ar\\\/sitio\\\/#\\\/schema\\\/person\\\/ca0b63bbb977369988a7bbbdc519943a\"},\"breadcrumb\":{\"@id\":\"https:\\\/\\\/gentedebasquet.com.ar\\\/sitio\\\/2015\\\/10\\\/27\\\/mano-meneses\\\/#breadcrumb\"},\"inLanguage\":\"es\",\"potentialAction\":[{\"@type\":\"ReadAction\",\"target\":[\"https:\\\/\\\/gentedebasquet.com.ar\\\/sitio\\\/2015\\\/10\\\/27\\\/mano-meneses\\\/\"]}]},{\"@type\":\"ImageObject\",\"inLanguage\":\"es\",\"@id\":\"https:\\\/\\\/gentedebasquet.com.ar\\\/sitio\\\/2015\\\/10\\\/27\\\/mano-meneses\\\/#primaryimage\",\"url\":\"https:\\\/\\\/gentedebasquet.com.ar\\\/sitio\\\/wp-content\\\/uploads\\\/2015\\\/10\\\/meneses.jpg\",\"contentUrl\":\"https:\\\/\\\/gentedebasquet.com.ar\\\/sitio\\\/wp-content\\\/uploads\\\/2015\\\/10\\\/meneses.jpg\",\"width\":690,\"height\":319},{\"@type\":\"BreadcrumbList\",\"@id\":\"https:\\\/\\\/gentedebasquet.com.ar\\\/sitio\\\/2015\\\/10\\\/27\\\/mano-meneses\\\/#breadcrumb\",\"itemListElement\":[{\"@type\":\"ListItem\",\"position\":1,\"name\":\"Portada\",\"item\":\"https:\\\/\\\/gentedebasquet.com.ar\\\/sitio\\\/\"},{\"@type\":\"ListItem\",\"position\":2,\"name\":\"Mano Meneses\"}]},{\"@type\":\"WebSite\",\"@id\":\"https:\\\/\\\/gentedebasquet.com.ar\\\/sitio\\\/#website\",\"url\":\"https:\\\/\\\/gentedebasquet.com.ar\\\/sitio\\\/\",\"name\":\"Gente de B\u00e1squet\",\"description\":\"La revista del basquet de Bah\u00eda Blanca\",\"potentialAction\":[{\"@type\":\"SearchAction\",\"target\":{\"@type\":\"EntryPoint\",\"urlTemplate\":\"https:\\\/\\\/gentedebasquet.com.ar\\\/sitio\\\/?s={search_term_string}\"},\"query-input\":{\"@type\":\"PropertyValueSpecification\",\"valueRequired\":true,\"valueName\":\"search_term_string\"}}],\"inLanguage\":\"es\"},{\"@type\":\"Person\",\"@id\":\"https:\\\/\\\/gentedebasquet.com.ar\\\/sitio\\\/#\\\/schema\\\/person\\\/ca0b63bbb977369988a7bbbdc519943a\",\"name\":\"Gente de B\u00e1squet\",\"image\":{\"@type\":\"ImageObject\",\"inLanguage\":\"es\",\"@id\":\"https:\\\/\\\/secure.gravatar.com\\\/avatar\\\/7f2c48bdc33b30088f941fb6082e555f2874c98e20cb159d7b92b50eadfce793?s=96&d=mm&r=g\",\"url\":\"https:\\\/\\\/secure.gravatar.com\\\/avatar\\\/7f2c48bdc33b30088f941fb6082e555f2874c98e20cb159d7b92b50eadfce793?s=96&d=mm&r=g\",\"contentUrl\":\"https:\\\/\\\/secure.gravatar.com\\\/avatar\\\/7f2c48bdc33b30088f941fb6082e555f2874c98e20cb159d7b92b50eadfce793?s=96&d=mm&r=g\",\"caption\":\"Gente de B\u00e1squet\"},\"sameAs\":[\"http:\\\/\\\/gentedebasquet.com.ar\\\/sitio\"],\"url\":\"https:\\\/\\\/gentedebasquet.com.ar\\\/sitio\\\/author\\\/ulises\\\/\"}]}<\/script>\n<!-- \/ Yoast SEO plugin. -->","yoast_head_json":{"title":"Mano Meneses - Gente de B\u00e1squet","robots":{"index":"index","follow":"follow","max-snippet":"max-snippet:-1","max-image-preview":"max-image-preview:large","max-video-preview":"max-video-preview:-1"},"canonical":"https:\/\/gentedebasquet.com.ar\/sitio\/2015\/10\/27\/mano-meneses\/","og_locale":"es_ES","og_type":"article","og_title":"Mano Meneses - Gente de B\u00e1squet","og_description":"Ezequiel (21p y 11r) fue clave en el triunfo de Pac\u00edfico ante Sportivo en OT: 90-94.","og_url":"https:\/\/gentedebasquet.com.ar\/sitio\/2015\/10\/27\/mano-meneses\/","og_site_name":"Gente de B\u00e1squet","article_published_time":"2015-10-28T02:35:31+00:00","og_image":[{"width":690,"height":319,"url":"https:\/\/gentedebasquet.com.ar\/sitio\/wp-content\/uploads\/2015\/10\/meneses.jpg","type":"image\/jpeg"}],"author":"Gente de B\u00e1squet","twitter_card":"summary_large_image","twitter_misc":{"Escrito por":"Gente de B\u00e1squet","Tiempo de lectura":"3 minutos"},"schema":{"@context":"https:\/\/schema.org","@graph":[{"@type":"Article","@id":"https:\/\/gentedebasquet.com.ar\/sitio\/2015\/10\/27\/mano-meneses\/#article","isPartOf":{"@id":"https:\/\/gentedebasquet.com.ar\/sitio\/2015\/10\/27\/mano-meneses\/"},"author":{"name":"Gente de B\u00e1squet","@id":"https:\/\/gentedebasquet.com.ar\/sitio\/#\/schema\/person\/ca0b63bbb977369988a7bbbdc519943a"},"headline":"Mano Meneses","datePublished":"2015-10-28T02:35:31+00:00","mainEntityOfPage":{"@id":"https:\/\/gentedebasquet.com.ar\/sitio\/2015\/10\/27\/mano-meneses\/"},"wordCount":686,"image":{"@id":"https:\/\/gentedebasquet.com.ar\/sitio\/2015\/10\/27\/mano-meneses\/#primaryimage"},"thumbnailUrl":"https:\/\/gentedebasquet.com.ar\/sitio\/wp-content\/uploads\/2015\/10\/meneses.jpg","keywords":["Ezequiel Meneses","Fabian Gendana","Fernando Bonino","Joaqu\u00edn Larrandart","Manuel Sacrist\u00e1n","Mauricio Gonz\u00e1lez","Pacifico","Sportivo Bahiense"],"articleSection":["Segunda","Slide"],"inLanguage":"es"},{"@type":"WebPage","@id":"https:\/\/gentedebasquet.com.ar\/sitio\/2015\/10\/27\/mano-meneses\/","url":"https:\/\/gentedebasquet.com.ar\/sitio\/2015\/10\/27\/mano-meneses\/","name":"Mano Meneses - Gente de B\u00e1squet","isPartOf":{"@id":"https:\/\/gentedebasquet.com.ar\/sitio\/#website"},"primaryImageOfPage":{"@id":"https:\/\/gentedebasquet.com.ar\/sitio\/2015\/10\/27\/mano-meneses\/#primaryimage"},"image":{"@id":"https:\/\/gentedebasquet.com.ar\/sitio\/2015\/10\/27\/mano-meneses\/#primaryimage"},"thumbnailUrl":"https:\/\/gentedebasquet.com.ar\/sitio\/wp-content\/uploads\/2015\/10\/meneses.jpg","datePublished":"2015-10-28T02:35:31+00:00","author":{"@id":"https:\/\/gentedebasquet.com.ar\/sitio\/#\/schema\/person\/ca0b63bbb977369988a7bbbdc519943a"},"breadcrumb":{"@id":"https:\/\/gentedebasquet.com.ar\/sitio\/2015\/10\/27\/mano-meneses\/#breadcrumb"},"inLanguage":"es","potentialAction":[{"@type":"ReadAction","target":["https:\/\/gentedebasquet.com.ar\/sitio\/2015\/10\/27\/mano-meneses\/"]}]},{"@type":"ImageObject","inLanguage":"es","@id":"https:\/\/gentedebasquet.com.ar\/sitio\/2015\/10\/27\/mano-meneses\/#primaryimage","url":"https:\/\/gentedebasquet.com.ar\/sitio\/wp-content\/uploads\/2015\/10\/meneses.jpg","contentUrl":"https:\/\/gentedebasquet.com.ar\/sitio\/wp-content\/uploads\/2015\/10\/meneses.jpg","width":690,"height":319},{"@type":"BreadcrumbList","@id":"https:\/\/gentedebasquet.com.ar\/sitio\/2015\/10\/27\/mano-meneses\/#breadcrumb","itemListElement":[{"@type":"ListItem","position":1,"name":"Portada","item":"https:\/\/gentedebasquet.com.ar\/sitio\/"},{"@type":"ListItem","position":2,"name":"Mano Meneses"}]},{"@type":"WebSite","@id":"https:\/\/gentedebasquet.com.ar\/sitio\/#website","url":"https:\/\/gentedebasquet.com.ar\/sitio\/","name":"Gente de B\u00e1squet","description":"La revista del basquet de Bah\u00eda Blanca","potentialAction":[{"@type":"SearchAction","target":{"@type":"EntryPoint","urlTemplate":"https:\/\/gentedebasquet.com.ar\/sitio\/?s={search_term_string}"},"query-input":{"@type":"PropertyValueSpecification","valueRequired":true,"valueName":"search_term_string"}}],"inLanguage":"es"},{"@type":"Person","@id":"https:\/\/gentedebasquet.com.ar\/sitio\/#\/schema\/person\/ca0b63bbb977369988a7bbbdc519943a","name":"Gente de B\u00e1squet","image":{"@type":"ImageObject","inLanguage":"es","@id":"https:\/\/secure.gravatar.com\/avatar\/7f2c48bdc33b30088f941fb6082e555f2874c98e20cb159d7b92b50eadfce793?s=96&d=mm&r=g","url":"https:\/\/secure.gravatar.com\/avatar\/7f2c48bdc33b30088f941fb6082e555f2874c98e20cb159d7b92b50eadfce793?s=96&d=mm&r=g","contentUrl":"https:\/\/secure.gravatar.com\/avatar\/7f2c48bdc33b30088f941fb6082e555f2874c98e20cb159d7b92b50eadfce793?s=96&d=mm&r=g","caption":"Gente de B\u00e1squet"},"sameAs":["http:\/\/gentedebasquet.com.ar\/sitio"],"url":"https:\/\/gentedebasquet.com.ar\/sitio\/author\/ulises\/"}]}},"_links":{"self":[{"href":"https:\/\/gentedebasquet.com.ar\/sitio\/wp-json\/wp\/v2\/posts\/53182","targetHints":{"allow":["GET"]}}],"collection":[{"href":"https:\/\/gentedebasquet.com.ar\/sitio\/wp-json\/wp\/v2\/posts"}],"about":[{"href":"https:\/\/gentedebasquet.com.ar\/sitio\/wp-json\/wp\/v2\/types\/post"}],"author":[{"embeddable":true,"href":"https:\/\/gentedebasquet.com.ar\/sitio\/wp-json\/wp\/v2\/users\/1"}],"replies":[{"embeddable":true,"href":"https:\/\/gentedebasquet.com.ar\/sitio\/wp-json\/wp\/v2\/comments?post=53182"}],"version-history":[{"count":0,"href":"https:\/\/gentedebasquet.com.ar\/sitio\/wp-json\/wp\/v2\/posts\/53182\/revisions"}],"wp:featuredmedia":[{"embeddable":true,"href":"https:\/\/gentedebasquet.com.ar\/sitio\/wp-json\/wp\/v2\/media\/53184"}],"wp:attachment":[{"href":"https:\/\/gentedebasquet.com.ar\/sitio\/wp-json\/wp\/v2\/media?parent=53182"}],"wp:term":[{"taxonomy":"category","embeddable":true,"href":"https:\/\/gentedebasquet.com.ar\/sitio\/wp-json\/wp\/v2\/categories?post=53182"},{"taxonomy":"post_tag","embeddable":true,"href":"https:\/\/gentedebasquet.com.ar\/sitio\/wp-json\/wp\/v2\/tags?post=53182"}],"curies":[{"name":"wp","href":"https:\/\/api.w.org\/{rel}","templated":true}]}}