{"id":53442,"date":"2015-11-02T23:10:39","date_gmt":"2015-11-03T02:10:39","guid":{"rendered":"http:\/\/www.gentedebasquet.com.ar\/?p=53442"},"modified":"2015-11-02T23:10:39","modified_gmt":"2015-11-03T02:10:39","slug":"colorado-el-5","status":"publish","type":"post","link":"https:\/\/gentedebasquet.com.ar\/sitio\/2015\/11\/02\/colorado-el-5\/","title":{"rendered":"Colorado el \u00ab5\u00bb"},"content":{"rendered":"<p><strong>9 de Julio sufri\u00f3 m\u00e1s de lo que pensaba (+9) y le gan\u00f3 a San Lorenzo 81 a 79 en la \u00faltima bola. Es que el local tuvo la ventaja en gran parte del tr\u00e1mite, pero el rival se acerc\u00f3 y presion\u00f3 en el cierre. Luciano Fern\u00e1ndez tuvo un triple muy forzado en el final, que no lleg\u00f3 al aro y le dio la victoria al local. Jos\u00e9 Luis Mart\u00ednez gui\u00f3 a su equipo con 21 puntos y 10 rebotes, yendo seguido a la l\u00ednea. Adem\u00e1s, 9 de Julio lider\u00f3 los tableros 43 a 25, ganando claramente en la altura. En la visita hubo 24 de Rios Lodoli (7-8 T2). El inicio del juego demor\u00f3 30 minutos, por la continuidad del Campeonato de PreInfantiles (9 de Julio vs Los Andes).<\/strong><\/p>\n<p>El primer cuarto fue parejo. Los equipos jugaron de igual a igual y no hubo diferencia a lo largo de los 10 minutos. Ambos fueron de menor a mayor y encontraron la salida en distintos aspectos. El local carg\u00f3 la pintura y sum\u00f3 por medio de Z\u00e1rate (8), mientras que la visita apost\u00f3 a repartir los momentos y lo consigui\u00f3. Lastim\u00f3 a distancia con Morando, Fern\u00e1ndez y Rios Lodoli y cerr\u00f3 el per\u00edodo arriba 19-18.<\/p>\n<p>El segundo segmento signific\u00f3 el quiebre del partido. Si bien los primeros 4min mantuvieron la tendencia: goleo bajo, carencia de fluidez en el juego y pocas ideas para atacar la canasta; el local creci\u00f3 en 5 minutos. Aunque perdi\u00f3 temprano a Thorp (5ta personal), anot\u00f3 una racha de 13-6 con 9 puntos de Mart\u00ednez. El local supo escapar para liderar el entretiempo por 44-37.<\/p>\n<p>La vuelta al parquet fue similar. 9 de Julio baj\u00f3 su intensidad defensiva, pero se mantuvo con ataques r\u00e1pidos, resolviendo con simpleza. El partido volvi\u00f3 a jugarse de igual a igual, por lo que San Lorenzo no pudo acercarse en los n\u00fameros. El naranja no mejor\u00f3 su punter\u00eda y le cost\u00f3 sumar. Aun as\u00ed mientras el local liber\u00f3 espacios. Con la ventaja a su favor, Rold\u00e1n debi\u00f3 detener las acciones por falta de intensidad defensiva. Repartiendo el goleo, el local se impon\u00eda 65-56.<\/p>\n<p>Pero en el cierre el partido tuvo un giro. Con un plantel corto 9 de Julio supo dominar. Pero el rival despert\u00f3 hacia el cierre. Tuvo una racha de 7-2 en 2min09 atacando la zona con claridad y forzando el tiempo muerto del local. Los de Rold\u00e1n perdieron potencia y el cansancio liber\u00f3 espacios en defensa. Pero Mart\u00ednez sali\u00f3 al paso. El ala-pivot del \u00ab9\u00bb se carg\u00f3 el equipo al hombro y con penetraciones le devolvi\u00f3 la ventaja a su equipo. Adem\u00e1s, siempre fue a la l\u00ednea para asegurar los puntos en el tiro libre. Aunque el naranja tuvo resto. Los de Canosa lograron una racha de 8-0 en poco m\u00e1s de 1min30 y lo puso parejo en el cierre (81-79 a 1min07). Sin embargo, el aro se hizo chico para ambos y el local pudo imponerse 81 a 79.<\/p>\n<p>&nbsp;<\/p>\n<p><strong>S\u00edntesis |\u00a0<\/strong>Primera Divisi\u00f3n &#8211; Fecha #18<\/p>\n<p><strong>9 de Julio 81:<\/strong> Agust\u00edn Pena 7, Dami\u00e1n Suarez 15, Marcelino Badillo 14, Jonathan Thorp 0 (x), Alexis Z\u00e1rate 10 (x) (FI);\u00a0Jos\u00e9 Luis Mart\u00ednez 21, Francisco Bonaguro 4 (x), Manuel Smolinsqui 5, Fernando Pe\u00f1alver 5. DT: Emiliano Rold\u00e1n.<\/p>\n<p><strong>San Lorenzo 79:<\/strong> Luciano Fern\u00e1ndez 5, Mariano Morando 13 (x), Esteban Benedetti 11 (x), Mart\u00edn Rios Lodoli 24, Leandro Silva 11 (x) (FI); Alan Gonz\u00e1lez 3, Andr\u00e9s Hildemann 0, Nahuel Diez 4, Federico Biggi 5, Mauricio Halberg 3. DT: Rafael Canosa.<\/p>\n<p><strong>Parciales:<\/strong> 18-19, 44-37 (26-18), 65-56 (19-19), 81-79 (16-23).<\/p>\n<p><strong>\u00c1rbitros:<\/strong> Jorge Scheffer &#8211; Mauro Reyes.<\/p>\n<p><strong>Estadio:<\/strong> N\u00e9stor Damiani (9 de Julio).<\/p>\n<p><a class=\"modalf iframe\" title=\"Planilla\" href=\"https:\/\/docs.google.com\/spreadsheets\/d\/16s7VfhzAeNoSYd8oJrl2RKt2m2IjF3u24QCr7LSGHMI\/pubhtml?gid=1997927814&amp;single=true\" target=\"_blank\" rel=\"noopener\">Ver Planilla<\/a><\/p>\n","protected":false},"excerpt":{"rendered":"<p>Jose Luis Mart\u00ednez (21+10) gui\u00f3 la victoria de 9 de Julio sobre San Lorenzo 81-79<\/p>\n","protected":false},"author":1,"featured_media":53444,"comment_status":"closed","ping_status":"open","sticky":false,"template":"","format":"standard","meta":{"jnews-multi-image_gallery":[],"jnews_single_post":[],"jnews_primary_category":[],"footnotes":""},"categories":[23,101],"tags":[2,285,225,19],"class_list":["post-53442","post","type-post","status-publish","format-standard","has-post-thumbnail","hentry","category-primera","category-slide","tag-9dejulio","tag-jose-luis-martinez","tag-martin-rios-lodoli","tag-san-lorenzo"],"yoast_head":"<!-- This site is optimized with the Yoast SEO plugin v27.4 - https:\/\/yoast.com\/product\/yoast-seo-wordpress\/ -->\n<title>Colorado el &quot;5&quot; - Gente de B\u00e1squet<\/title>\n<meta name=\"robots\" content=\"index, follow, max-snippet:-1, max-image-preview:large, max-video-preview:-1\" \/>\n<link rel=\"canonical\" href=\"https:\/\/gentedebasquet.com.ar\/sitio\/2015\/11\/02\/colorado-el-5\/\" \/>\n<meta property=\"og:locale\" content=\"es_ES\" \/>\n<meta property=\"og:type\" content=\"article\" \/>\n<meta property=\"og:title\" content=\"Colorado el &quot;5&quot; - Gente de B\u00e1squet\" \/>\n<meta property=\"og:description\" content=\"Jose Luis Mart\u00ednez (21+10) gui\u00f3 la victoria de 9 de Julio sobre San Lorenzo 81-79\" \/>\n<meta property=\"og:url\" content=\"https:\/\/gentedebasquet.com.ar\/sitio\/2015\/11\/02\/colorado-el-5\/\" \/>\n<meta property=\"og:site_name\" content=\"Gente de B\u00e1squet\" \/>\n<meta property=\"article:published_time\" content=\"2015-11-03T02:10:39+00:00\" \/>\n<meta property=\"og:image\" content=\"https:\/\/gentedebasquet.com.ar\/sitio\/wp-content\/uploads\/2015\/11\/damian-suarez.jpg\" \/>\n\t<meta property=\"og:image:width\" content=\"690\" \/>\n\t<meta property=\"og:image:height\" content=\"319\" \/>\n\t<meta property=\"og:image:type\" content=\"image\/jpeg\" \/>\n<meta name=\"author\" content=\"Gente de B\u00e1squet\" \/>\n<meta name=\"twitter:card\" content=\"summary_large_image\" \/>\n<meta name=\"twitter:label1\" content=\"Escrito por\" \/>\n\t<meta name=\"twitter:data1\" content=\"Gente de B\u00e1squet\" \/>\n\t<meta name=\"twitter:label2\" content=\"Tiempo de lectura\" \/>\n\t<meta name=\"twitter:data2\" content=\"3 minutos\" \/>\n<script type=\"application\/ld+json\" class=\"yoast-schema-graph\">{\"@context\":\"https:\\\/\\\/schema.org\",\"@graph\":[{\"@type\":\"Article\",\"@id\":\"https:\\\/\\\/gentedebasquet.com.ar\\\/sitio\\\/2015\\\/11\\\/02\\\/colorado-el-5\\\/#article\",\"isPartOf\":{\"@id\":\"https:\\\/\\\/gentedebasquet.com.ar\\\/sitio\\\/2015\\\/11\\\/02\\\/colorado-el-5\\\/\"},\"author\":{\"name\":\"Gente de B\u00e1squet\",\"@id\":\"https:\\\/\\\/gentedebasquet.com.ar\\\/sitio\\\/#\\\/schema\\\/person\\\/ca0b63bbb977369988a7bbbdc519943a\"},\"headline\":\"Colorado el \u00ab5\u00bb\",\"datePublished\":\"2015-11-03T02:10:39+00:00\",\"mainEntityOfPage\":{\"@id\":\"https:\\\/\\\/gentedebasquet.com.ar\\\/sitio\\\/2015\\\/11\\\/02\\\/colorado-el-5\\\/\"},\"wordCount\":591,\"image\":{\"@id\":\"https:\\\/\\\/gentedebasquet.com.ar\\\/sitio\\\/2015\\\/11\\\/02\\\/colorado-el-5\\\/#primaryimage\"},\"thumbnailUrl\":\"https:\\\/\\\/gentedebasquet.com.ar\\\/sitio\\\/wp-content\\\/uploads\\\/2015\\\/11\\\/damian-suarez.jpg\",\"keywords\":[\"9 de Julio\",\"Jos\u00e9 Luis Mart\u00ednez\",\"Mart\u00edn R\u00edos Lodoli\",\"San Lorenzo\"],\"articleSection\":[\"Primera\",\"Slide\"],\"inLanguage\":\"es\"},{\"@type\":\"WebPage\",\"@id\":\"https:\\\/\\\/gentedebasquet.com.ar\\\/sitio\\\/2015\\\/11\\\/02\\\/colorado-el-5\\\/\",\"url\":\"https:\\\/\\\/gentedebasquet.com.ar\\\/sitio\\\/2015\\\/11\\\/02\\\/colorado-el-5\\\/\",\"name\":\"Colorado el \\\"5\\\" - Gente de B\u00e1squet\",\"isPartOf\":{\"@id\":\"https:\\\/\\\/gentedebasquet.com.ar\\\/sitio\\\/#website\"},\"primaryImageOfPage\":{\"@id\":\"https:\\\/\\\/gentedebasquet.com.ar\\\/sitio\\\/2015\\\/11\\\/02\\\/colorado-el-5\\\/#primaryimage\"},\"image\":{\"@id\":\"https:\\\/\\\/gentedebasquet.com.ar\\\/sitio\\\/2015\\\/11\\\/02\\\/colorado-el-5\\\/#primaryimage\"},\"thumbnailUrl\":\"https:\\\/\\\/gentedebasquet.com.ar\\\/sitio\\\/wp-content\\\/uploads\\\/2015\\\/11\\\/damian-suarez.jpg\",\"datePublished\":\"2015-11-03T02:10:39+00:00\",\"author\":{\"@id\":\"https:\\\/\\\/gentedebasquet.com.ar\\\/sitio\\\/#\\\/schema\\\/person\\\/ca0b63bbb977369988a7bbbdc519943a\"},\"breadcrumb\":{\"@id\":\"https:\\\/\\\/gentedebasquet.com.ar\\\/sitio\\\/2015\\\/11\\\/02\\\/colorado-el-5\\\/#breadcrumb\"},\"inLanguage\":\"es\",\"potentialAction\":[{\"@type\":\"ReadAction\",\"target\":[\"https:\\\/\\\/gentedebasquet.com.ar\\\/sitio\\\/2015\\\/11\\\/02\\\/colorado-el-5\\\/\"]}]},{\"@type\":\"ImageObject\",\"inLanguage\":\"es\",\"@id\":\"https:\\\/\\\/gentedebasquet.com.ar\\\/sitio\\\/2015\\\/11\\\/02\\\/colorado-el-5\\\/#primaryimage\",\"url\":\"https:\\\/\\\/gentedebasquet.com.ar\\\/sitio\\\/wp-content\\\/uploads\\\/2015\\\/11\\\/damian-suarez.jpg\",\"contentUrl\":\"https:\\\/\\\/gentedebasquet.com.ar\\\/sitio\\\/wp-content\\\/uploads\\\/2015\\\/11\\\/damian-suarez.jpg\",\"width\":690,\"height\":319},{\"@type\":\"BreadcrumbList\",\"@id\":\"https:\\\/\\\/gentedebasquet.com.ar\\\/sitio\\\/2015\\\/11\\\/02\\\/colorado-el-5\\\/#breadcrumb\",\"itemListElement\":[{\"@type\":\"ListItem\",\"position\":1,\"name\":\"Portada\",\"item\":\"https:\\\/\\\/gentedebasquet.com.ar\\\/sitio\\\/\"},{\"@type\":\"ListItem\",\"position\":2,\"name\":\"Colorado el \u00ab5\u00bb\"}]},{\"@type\":\"WebSite\",\"@id\":\"https:\\\/\\\/gentedebasquet.com.ar\\\/sitio\\\/#website\",\"url\":\"https:\\\/\\\/gentedebasquet.com.ar\\\/sitio\\\/\",\"name\":\"Gente de B\u00e1squet\",\"description\":\"La revista del basquet de Bah\u00eda Blanca\",\"potentialAction\":[{\"@type\":\"SearchAction\",\"target\":{\"@type\":\"EntryPoint\",\"urlTemplate\":\"https:\\\/\\\/gentedebasquet.com.ar\\\/sitio\\\/?s={search_term_string}\"},\"query-input\":{\"@type\":\"PropertyValueSpecification\",\"valueRequired\":true,\"valueName\":\"search_term_string\"}}],\"inLanguage\":\"es\"},{\"@type\":\"Person\",\"@id\":\"https:\\\/\\\/gentedebasquet.com.ar\\\/sitio\\\/#\\\/schema\\\/person\\\/ca0b63bbb977369988a7bbbdc519943a\",\"name\":\"Gente de B\u00e1squet\",\"image\":{\"@type\":\"ImageObject\",\"inLanguage\":\"es\",\"@id\":\"https:\\\/\\\/secure.gravatar.com\\\/avatar\\\/7f2c48bdc33b30088f941fb6082e555f2874c98e20cb159d7b92b50eadfce793?s=96&d=mm&r=g\",\"url\":\"https:\\\/\\\/secure.gravatar.com\\\/avatar\\\/7f2c48bdc33b30088f941fb6082e555f2874c98e20cb159d7b92b50eadfce793?s=96&d=mm&r=g\",\"contentUrl\":\"https:\\\/\\\/secure.gravatar.com\\\/avatar\\\/7f2c48bdc33b30088f941fb6082e555f2874c98e20cb159d7b92b50eadfce793?s=96&d=mm&r=g\",\"caption\":\"Gente de B\u00e1squet\"},\"sameAs\":[\"http:\\\/\\\/gentedebasquet.com.ar\\\/sitio\"],\"url\":\"https:\\\/\\\/gentedebasquet.com.ar\\\/sitio\\\/author\\\/ulises\\\/\"}]}<\/script>\n<!-- \/ Yoast SEO plugin. -->","yoast_head_json":{"title":"Colorado el \"5\" - Gente de B\u00e1squet","robots":{"index":"index","follow":"follow","max-snippet":"max-snippet:-1","max-image-preview":"max-image-preview:large","max-video-preview":"max-video-preview:-1"},"canonical":"https:\/\/gentedebasquet.com.ar\/sitio\/2015\/11\/02\/colorado-el-5\/","og_locale":"es_ES","og_type":"article","og_title":"Colorado el \"5\" - Gente de B\u00e1squet","og_description":"Jose Luis Mart\u00ednez (21+10) gui\u00f3 la victoria de 9 de Julio sobre San Lorenzo 81-79","og_url":"https:\/\/gentedebasquet.com.ar\/sitio\/2015\/11\/02\/colorado-el-5\/","og_site_name":"Gente de B\u00e1squet","article_published_time":"2015-11-03T02:10:39+00:00","og_image":[{"width":690,"height":319,"url":"https:\/\/gentedebasquet.com.ar\/sitio\/wp-content\/uploads\/2015\/11\/damian-suarez.jpg","type":"image\/jpeg"}],"author":"Gente de B\u00e1squet","twitter_card":"summary_large_image","twitter_misc":{"Escrito por":"Gente de B\u00e1squet","Tiempo de lectura":"3 minutos"},"schema":{"@context":"https:\/\/schema.org","@graph":[{"@type":"Article","@id":"https:\/\/gentedebasquet.com.ar\/sitio\/2015\/11\/02\/colorado-el-5\/#article","isPartOf":{"@id":"https:\/\/gentedebasquet.com.ar\/sitio\/2015\/11\/02\/colorado-el-5\/"},"author":{"name":"Gente de B\u00e1squet","@id":"https:\/\/gentedebasquet.com.ar\/sitio\/#\/schema\/person\/ca0b63bbb977369988a7bbbdc519943a"},"headline":"Colorado el \u00ab5\u00bb","datePublished":"2015-11-03T02:10:39+00:00","mainEntityOfPage":{"@id":"https:\/\/gentedebasquet.com.ar\/sitio\/2015\/11\/02\/colorado-el-5\/"},"wordCount":591,"image":{"@id":"https:\/\/gentedebasquet.com.ar\/sitio\/2015\/11\/02\/colorado-el-5\/#primaryimage"},"thumbnailUrl":"https:\/\/gentedebasquet.com.ar\/sitio\/wp-content\/uploads\/2015\/11\/damian-suarez.jpg","keywords":["9 de Julio","Jos\u00e9 Luis Mart\u00ednez","Mart\u00edn R\u00edos Lodoli","San Lorenzo"],"articleSection":["Primera","Slide"],"inLanguage":"es"},{"@type":"WebPage","@id":"https:\/\/gentedebasquet.com.ar\/sitio\/2015\/11\/02\/colorado-el-5\/","url":"https:\/\/gentedebasquet.com.ar\/sitio\/2015\/11\/02\/colorado-el-5\/","name":"Colorado el \"5\" - Gente de B\u00e1squet","isPartOf":{"@id":"https:\/\/gentedebasquet.com.ar\/sitio\/#website"},"primaryImageOfPage":{"@id":"https:\/\/gentedebasquet.com.ar\/sitio\/2015\/11\/02\/colorado-el-5\/#primaryimage"},"image":{"@id":"https:\/\/gentedebasquet.com.ar\/sitio\/2015\/11\/02\/colorado-el-5\/#primaryimage"},"thumbnailUrl":"https:\/\/gentedebasquet.com.ar\/sitio\/wp-content\/uploads\/2015\/11\/damian-suarez.jpg","datePublished":"2015-11-03T02:10:39+00:00","author":{"@id":"https:\/\/gentedebasquet.com.ar\/sitio\/#\/schema\/person\/ca0b63bbb977369988a7bbbdc519943a"},"breadcrumb":{"@id":"https:\/\/gentedebasquet.com.ar\/sitio\/2015\/11\/02\/colorado-el-5\/#breadcrumb"},"inLanguage":"es","potentialAction":[{"@type":"ReadAction","target":["https:\/\/gentedebasquet.com.ar\/sitio\/2015\/11\/02\/colorado-el-5\/"]}]},{"@type":"ImageObject","inLanguage":"es","@id":"https:\/\/gentedebasquet.com.ar\/sitio\/2015\/11\/02\/colorado-el-5\/#primaryimage","url":"https:\/\/gentedebasquet.com.ar\/sitio\/wp-content\/uploads\/2015\/11\/damian-suarez.jpg","contentUrl":"https:\/\/gentedebasquet.com.ar\/sitio\/wp-content\/uploads\/2015\/11\/damian-suarez.jpg","width":690,"height":319},{"@type":"BreadcrumbList","@id":"https:\/\/gentedebasquet.com.ar\/sitio\/2015\/11\/02\/colorado-el-5\/#breadcrumb","itemListElement":[{"@type":"ListItem","position":1,"name":"Portada","item":"https:\/\/gentedebasquet.com.ar\/sitio\/"},{"@type":"ListItem","position":2,"name":"Colorado el \u00ab5\u00bb"}]},{"@type":"WebSite","@id":"https:\/\/gentedebasquet.com.ar\/sitio\/#website","url":"https:\/\/gentedebasquet.com.ar\/sitio\/","name":"Gente de B\u00e1squet","description":"La revista del basquet de Bah\u00eda Blanca","potentialAction":[{"@type":"SearchAction","target":{"@type":"EntryPoint","urlTemplate":"https:\/\/gentedebasquet.com.ar\/sitio\/?s={search_term_string}"},"query-input":{"@type":"PropertyValueSpecification","valueRequired":true,"valueName":"search_term_string"}}],"inLanguage":"es"},{"@type":"Person","@id":"https:\/\/gentedebasquet.com.ar\/sitio\/#\/schema\/person\/ca0b63bbb977369988a7bbbdc519943a","name":"Gente de B\u00e1squet","image":{"@type":"ImageObject","inLanguage":"es","@id":"https:\/\/secure.gravatar.com\/avatar\/7f2c48bdc33b30088f941fb6082e555f2874c98e20cb159d7b92b50eadfce793?s=96&d=mm&r=g","url":"https:\/\/secure.gravatar.com\/avatar\/7f2c48bdc33b30088f941fb6082e555f2874c98e20cb159d7b92b50eadfce793?s=96&d=mm&r=g","contentUrl":"https:\/\/secure.gravatar.com\/avatar\/7f2c48bdc33b30088f941fb6082e555f2874c98e20cb159d7b92b50eadfce793?s=96&d=mm&r=g","caption":"Gente de B\u00e1squet"},"sameAs":["http:\/\/gentedebasquet.com.ar\/sitio"],"url":"https:\/\/gentedebasquet.com.ar\/sitio\/author\/ulises\/"}]}},"_links":{"self":[{"href":"https:\/\/gentedebasquet.com.ar\/sitio\/wp-json\/wp\/v2\/posts\/53442","targetHints":{"allow":["GET"]}}],"collection":[{"href":"https:\/\/gentedebasquet.com.ar\/sitio\/wp-json\/wp\/v2\/posts"}],"about":[{"href":"https:\/\/gentedebasquet.com.ar\/sitio\/wp-json\/wp\/v2\/types\/post"}],"author":[{"embeddable":true,"href":"https:\/\/gentedebasquet.com.ar\/sitio\/wp-json\/wp\/v2\/users\/1"}],"replies":[{"embeddable":true,"href":"https:\/\/gentedebasquet.com.ar\/sitio\/wp-json\/wp\/v2\/comments?post=53442"}],"version-history":[{"count":0,"href":"https:\/\/gentedebasquet.com.ar\/sitio\/wp-json\/wp\/v2\/posts\/53442\/revisions"}],"wp:featuredmedia":[{"embeddable":true,"href":"https:\/\/gentedebasquet.com.ar\/sitio\/wp-json\/wp\/v2\/media\/53444"}],"wp:attachment":[{"href":"https:\/\/gentedebasquet.com.ar\/sitio\/wp-json\/wp\/v2\/media?parent=53442"}],"wp:term":[{"taxonomy":"category","embeddable":true,"href":"https:\/\/gentedebasquet.com.ar\/sitio\/wp-json\/wp\/v2\/categories?post=53442"},{"taxonomy":"post_tag","embeddable":true,"href":"https:\/\/gentedebasquet.com.ar\/sitio\/wp-json\/wp\/v2\/tags?post=53442"}],"curies":[{"name":"wp","href":"https:\/\/api.w.org\/{rel}","templated":true}]}}