{"id":53443,"date":"2015-11-02T23:30:23","date_gmt":"2015-11-03T02:30:23","guid":{"rendered":"http:\/\/www.gentedebasquet.com.ar\/?p=53443"},"modified":"2015-11-02T23:30:23","modified_gmt":"2015-11-03T02:30:23","slug":"cultura-del-aguante","status":"publish","type":"post","link":"https:\/\/gentedebasquet.com.ar\/sitio\/2015\/11\/02\/cultura-del-aguante\/","title":{"rendered":"Cultura del aguante"},"content":{"rendered":"<p><strong>El Nacional ten\u00eda todo controlado promediando el 3C, cuando le sac\u00f3 20 puntos de ventaja a Olimpo (49-29). Pero el aurinegro empez\u00f3 a arriesgar, anot\u00f3 a distancia de la mano de Capponi (22, con 5\/9 en triples) y lleg\u00f3 a igualar el juego a 47s (72-72). Una bomba de Monteoliva (8) dej\u00f3 al local nuevamente al frente, hasta que el propio Capponi fall\u00f3 el tiro del final. En el celeste hubo goleo repartido: Harina (16), Vera (15), Hoffmann (14) y Quiroga (12) se destacaron.<\/strong><\/p>\n<p>En uno de los inicios menos efectivos que se recuerden, El Nacional y Olimpo igualaban en cero hasta que a 6m06 Nicol\u00e1s Vera clav\u00f3 un triple. Es decir, estuvieron 3m54 sin anotar, con 0\/6 en cancha para el local y 0\/5 en la visita. La tendencia se mantuvo en el aurinegro, que alcanz\u00f3 1\/9 tras un gol de Fortelli y debi\u00f3 detener el juego con un tiempo muerto (11-2). En frente, gracias a su poder desde la medialuna (Hoffmann anot\u00f3 dos triples), las carencia termin\u00f3 disimul\u00e1ndose.<\/p>\n<p>Desde el banco, Piru L\u00f3pez logr\u00f3 hacer reaccionar a su equipo modificando el quinteto inicial. Con Ruesga, Arens, Capponi y Lahuel Silva (junto a Marcos Fern\u00e1ndez), le dio vida a su equipo hasta que, mediante un parcial de 6-0 en el amanecer del 2C, Olimpo pas\u00f3 al frente (12-14). Sin embargo, el aurinegro baj\u00f3 su rendimiento en el \u00faltimo segmento del cuarto, al tiempo que Harina entr\u00f3 en juego y Monteoliva anot\u00f3 su primer triple para darle 15 tantos de luz al local (36-21).<\/p>\n<p>Si bien la visita tuvo un regreso encendido, gracias a la carga al rebote ofensivo (baj\u00f3 tres seguidos y recort\u00f3 a 36-26), el due\u00f1o de casa comenz\u00f3 a poner la bola en la pintura e hizo da\u00f1o. Adem\u00e1s, Hoffmann sum\u00f3 un tiro corto que le dio a El Nacional la m\u00e1xima de 20 unidades (49-29) con 15m23 por jugar. Ese fue el techo del celeste, porque de ah\u00ed en adelante, Olimpo empez\u00f3 a anotar desde 6m75 y a recortar a pasos agigantados.\u00a0Tres bombas (Victoria, Arens y Capponi) dejaron al aurinegro a solo diez puntos en el cierre del 3C.<\/p>\n<p>Ya en el \u00faltimo cuarto, fue Capponi en dos oportunidades y Fortelli, quien levaba 0\/4 a distancia, quienes le dieron la chance a Victoria de dejar a la visita a un punto (66-65). M\u00e1s a\u00fan, la quinta bomba de Capponi igual\u00f3 el score (72-72) a 47s. Pero Monteoliva reaviv\u00f3 la ventaja con un triple (75-72) y, tras una serie de libres, Ruesga fue a la l\u00ednea. El base anot\u00f3 el primero y fall\u00f3 el segundo (77-75), Fortelli baj\u00f3 el rebote y Capponi la tir\u00f3 para ganarlo, pero se qued\u00f3 corto.<\/p>\n<p>&nbsp;<\/p>\n<p>[vimeo]http:\/\/vimeo.com\/144456611[\/vimeo]<\/p>\n<p>&nbsp;<\/p>\n<p><strong>S\u00edntesis |<\/strong> Primera Divisi\u00f3n &#8211; Oficial &#8211; Fecha #18<\/p>\n<p><strong>El Nacional\u00a077:\u00a0<\/strong>Mat\u00edas Monteoliva 8,\u00a0Federico Harina 16,\u00a0Francisco Hoffmann 14,\u00a0Nicol\u00e1s Vera 15,\u00a0Pomar Garbarino 6 (Fi);\u00a0Nicol\u00e1s Quiroga 12,\u00a0Francisco Desimoni 0,\u00a0Franco Fern\u00e1ndez 0 y\u00a0Emiliano Iraola 6.\u00a0DT: Juan Andr\u00e9s Garc\u00eda.<\/p>\n<p><strong>Olimpo\u00a075:\u00a0<\/strong>Luciano Fortelli 9,\u00a0Cristian Victoria 9,\u00a0Valent\u00edn Bettiga 1,\u00a0Marcos Fern\u00e1ndez 4,\u00a0Agust\u00edn S\u00e1nchez 3 (Fi);\u00a0Lahuel Silva 6,\u00a0Facundo Arens 11,\u00a0Lorenzo Capponi 22 y\u00a0Franco Ruesga 10.\u00a0DT: Juan Mart\u00edn L\u00f3pez.<\/p>\n<p><strong>Parciales:\u00a0<\/strong>15-8, 36-21 (21-13), 54-44 (18-23) y 77-75 (23-31).<\/p>\n<p><strong>\u00c1rbitros:\u00a0<\/strong>Alejandro Go\u00f1i &#8211; Sebasti\u00e1n Giannino.<\/p>\n<p><strong>Estadio:<\/strong> Hermanos Ciccioli (El Nacional).<\/p>\n<p><a class=\"modalf iframe\" title=\"Planilla\" href=\"https:\/\/docs.google.com\/spreadsheets\/d\/1SSDOx1yQwp6ZB_8MrrZDHFPs-7DGc4FB4-7Uc-Totgs\/pubhtml\" target=\"_blank\" rel=\"noopener\">Ver Planilla<\/a><\/p>\n","protected":false},"excerpt":{"rendered":"<p>Tras sacar 20 de luz, El Nacional soport\u00f3 la embestida y venci\u00f3 a Olimpo 77 a 75<\/p>\n","protected":false},"author":1,"featured_media":53448,"comment_status":"closed","ping_status":"open","sticky":false,"template":"","format":"standard","meta":{"jnews-multi-image_gallery":[],"jnews_single_post":[],"jnews_primary_category":[],"footnotes":""},"categories":[23,101],"tags":[9,661,209,626,352,664,16],"class_list":["post-53443","post","type-post","status-publish","format-standard","has-post-thumbnail","hentry","category-primera","category-slide","tag-el-nacional","tag-emiliano-iraola","tag-federico-harina","tag-francisco-hoffmann","tag-lorenzo-capponi","tag-nicolas-vera","tag-olimpo"],"yoast_head":"<!-- This site is optimized with the Yoast SEO plugin v27.5 - https:\/\/yoast.com\/product\/yoast-seo-wordpress\/ -->\n<title>Cultura del aguante - Gente de B\u00e1squet<\/title>\n<meta name=\"robots\" content=\"index, follow, max-snippet:-1, max-image-preview:large, max-video-preview:-1\" \/>\n<link rel=\"canonical\" href=\"https:\/\/gentedebasquet.com.ar\/sitio\/2015\/11\/02\/cultura-del-aguante\/\" \/>\n<meta property=\"og:locale\" content=\"es_ES\" \/>\n<meta property=\"og:type\" content=\"article\" \/>\n<meta property=\"og:title\" content=\"Cultura del aguante - Gente de B\u00e1squet\" \/>\n<meta property=\"og:description\" content=\"Tras sacar 20 de luz, El Nacional soport\u00f3 la embestida y venci\u00f3 a Olimpo 77 a 75\" \/>\n<meta property=\"og:url\" content=\"https:\/\/gentedebasquet.com.ar\/sitio\/2015\/11\/02\/cultura-del-aguante\/\" \/>\n<meta property=\"og:site_name\" content=\"Gente de B\u00e1squet\" \/>\n<meta property=\"article:published_time\" content=\"2015-11-03T02:30:23+00:00\" \/>\n<meta property=\"og:image\" content=\"https:\/\/gentedebasquet.com.ar\/sitio\/wp-content\/uploads\/2015\/11\/El-Nacional-Olimpo-Harina.jpg\" \/>\n\t<meta property=\"og:image:width\" content=\"690\" \/>\n\t<meta property=\"og:image:height\" content=\"319\" \/>\n\t<meta property=\"og:image:type\" content=\"image\/jpeg\" \/>\n<meta name=\"author\" content=\"Gente de B\u00e1squet\" \/>\n<meta name=\"twitter:card\" content=\"summary_large_image\" \/>\n<meta name=\"twitter:label1\" content=\"Escrito por\" \/>\n\t<meta name=\"twitter:data1\" content=\"Gente de B\u00e1squet\" \/>\n\t<meta name=\"twitter:label2\" content=\"Tiempo de lectura\" \/>\n\t<meta name=\"twitter:data2\" content=\"3 minutos\" \/>\n<script type=\"application\/ld+json\" class=\"yoast-schema-graph\">{\"@context\":\"https:\\\/\\\/schema.org\",\"@graph\":[{\"@type\":\"Article\",\"@id\":\"https:\\\/\\\/gentedebasquet.com.ar\\\/sitio\\\/2015\\\/11\\\/02\\\/cultura-del-aguante\\\/#article\",\"isPartOf\":{\"@id\":\"https:\\\/\\\/gentedebasquet.com.ar\\\/sitio\\\/2015\\\/11\\\/02\\\/cultura-del-aguante\\\/\"},\"author\":{\"name\":\"Gente de B\u00e1squet\",\"@id\":\"https:\\\/\\\/gentedebasquet.com.ar\\\/sitio\\\/#\\\/schema\\\/person\\\/ca0b63bbb977369988a7bbbdc519943a\"},\"headline\":\"Cultura del aguante\",\"datePublished\":\"2015-11-03T02:30:23+00:00\",\"mainEntityOfPage\":{\"@id\":\"https:\\\/\\\/gentedebasquet.com.ar\\\/sitio\\\/2015\\\/11\\\/02\\\/cultura-del-aguante\\\/\"},\"wordCount\":548,\"image\":{\"@id\":\"https:\\\/\\\/gentedebasquet.com.ar\\\/sitio\\\/2015\\\/11\\\/02\\\/cultura-del-aguante\\\/#primaryimage\"},\"thumbnailUrl\":\"https:\\\/\\\/gentedebasquet.com.ar\\\/sitio\\\/wp-content\\\/uploads\\\/2015\\\/11\\\/El-Nacional-Olimpo-Harina.jpg\",\"keywords\":[\"El Nacional\",\"Emiliano Iraola\",\"Federico Harina\",\"Francisco Hoffmann\",\"Lorenzo Capponi\",\"Nicol\u00e1s Vera\",\"Ol\u00edmpo\"],\"articleSection\":[\"Primera\",\"Slide\"],\"inLanguage\":\"es\"},{\"@type\":\"WebPage\",\"@id\":\"https:\\\/\\\/gentedebasquet.com.ar\\\/sitio\\\/2015\\\/11\\\/02\\\/cultura-del-aguante\\\/\",\"url\":\"https:\\\/\\\/gentedebasquet.com.ar\\\/sitio\\\/2015\\\/11\\\/02\\\/cultura-del-aguante\\\/\",\"name\":\"Cultura del aguante - Gente de B\u00e1squet\",\"isPartOf\":{\"@id\":\"https:\\\/\\\/gentedebasquet.com.ar\\\/sitio\\\/#website\"},\"primaryImageOfPage\":{\"@id\":\"https:\\\/\\\/gentedebasquet.com.ar\\\/sitio\\\/2015\\\/11\\\/02\\\/cultura-del-aguante\\\/#primaryimage\"},\"image\":{\"@id\":\"https:\\\/\\\/gentedebasquet.com.ar\\\/sitio\\\/2015\\\/11\\\/02\\\/cultura-del-aguante\\\/#primaryimage\"},\"thumbnailUrl\":\"https:\\\/\\\/gentedebasquet.com.ar\\\/sitio\\\/wp-content\\\/uploads\\\/2015\\\/11\\\/El-Nacional-Olimpo-Harina.jpg\",\"datePublished\":\"2015-11-03T02:30:23+00:00\",\"author\":{\"@id\":\"https:\\\/\\\/gentedebasquet.com.ar\\\/sitio\\\/#\\\/schema\\\/person\\\/ca0b63bbb977369988a7bbbdc519943a\"},\"breadcrumb\":{\"@id\":\"https:\\\/\\\/gentedebasquet.com.ar\\\/sitio\\\/2015\\\/11\\\/02\\\/cultura-del-aguante\\\/#breadcrumb\"},\"inLanguage\":\"es\",\"potentialAction\":[{\"@type\":\"ReadAction\",\"target\":[\"https:\\\/\\\/gentedebasquet.com.ar\\\/sitio\\\/2015\\\/11\\\/02\\\/cultura-del-aguante\\\/\"]}]},{\"@type\":\"ImageObject\",\"inLanguage\":\"es\",\"@id\":\"https:\\\/\\\/gentedebasquet.com.ar\\\/sitio\\\/2015\\\/11\\\/02\\\/cultura-del-aguante\\\/#primaryimage\",\"url\":\"https:\\\/\\\/gentedebasquet.com.ar\\\/sitio\\\/wp-content\\\/uploads\\\/2015\\\/11\\\/El-Nacional-Olimpo-Harina.jpg\",\"contentUrl\":\"https:\\\/\\\/gentedebasquet.com.ar\\\/sitio\\\/wp-content\\\/uploads\\\/2015\\\/11\\\/El-Nacional-Olimpo-Harina.jpg\",\"width\":690,\"height\":319},{\"@type\":\"BreadcrumbList\",\"@id\":\"https:\\\/\\\/gentedebasquet.com.ar\\\/sitio\\\/2015\\\/11\\\/02\\\/cultura-del-aguante\\\/#breadcrumb\",\"itemListElement\":[{\"@type\":\"ListItem\",\"position\":1,\"name\":\"Portada\",\"item\":\"https:\\\/\\\/gentedebasquet.com.ar\\\/sitio\\\/\"},{\"@type\":\"ListItem\",\"position\":2,\"name\":\"Cultura del aguante\"}]},{\"@type\":\"WebSite\",\"@id\":\"https:\\\/\\\/gentedebasquet.com.ar\\\/sitio\\\/#website\",\"url\":\"https:\\\/\\\/gentedebasquet.com.ar\\\/sitio\\\/\",\"name\":\"Gente de B\u00e1squet\",\"description\":\"La revista del basquet de Bah\u00eda Blanca\",\"potentialAction\":[{\"@type\":\"SearchAction\",\"target\":{\"@type\":\"EntryPoint\",\"urlTemplate\":\"https:\\\/\\\/gentedebasquet.com.ar\\\/sitio\\\/?s={search_term_string}\"},\"query-input\":{\"@type\":\"PropertyValueSpecification\",\"valueRequired\":true,\"valueName\":\"search_term_string\"}}],\"inLanguage\":\"es\"},{\"@type\":\"Person\",\"@id\":\"https:\\\/\\\/gentedebasquet.com.ar\\\/sitio\\\/#\\\/schema\\\/person\\\/ca0b63bbb977369988a7bbbdc519943a\",\"name\":\"Gente de B\u00e1squet\",\"image\":{\"@type\":\"ImageObject\",\"inLanguage\":\"es\",\"@id\":\"https:\\\/\\\/secure.gravatar.com\\\/avatar\\\/7f2c48bdc33b30088f941fb6082e555f2874c98e20cb159d7b92b50eadfce793?s=96&d=mm&r=g\",\"url\":\"https:\\\/\\\/secure.gravatar.com\\\/avatar\\\/7f2c48bdc33b30088f941fb6082e555f2874c98e20cb159d7b92b50eadfce793?s=96&d=mm&r=g\",\"contentUrl\":\"https:\\\/\\\/secure.gravatar.com\\\/avatar\\\/7f2c48bdc33b30088f941fb6082e555f2874c98e20cb159d7b92b50eadfce793?s=96&d=mm&r=g\",\"caption\":\"Gente de B\u00e1squet\"},\"sameAs\":[\"http:\\\/\\\/gentedebasquet.com.ar\\\/sitio\"],\"url\":\"https:\\\/\\\/gentedebasquet.com.ar\\\/sitio\\\/author\\\/ulises\\\/\"}]}<\/script>\n<!-- \/ Yoast SEO plugin. -->","yoast_head_json":{"title":"Cultura del aguante - Gente de B\u00e1squet","robots":{"index":"index","follow":"follow","max-snippet":"max-snippet:-1","max-image-preview":"max-image-preview:large","max-video-preview":"max-video-preview:-1"},"canonical":"https:\/\/gentedebasquet.com.ar\/sitio\/2015\/11\/02\/cultura-del-aguante\/","og_locale":"es_ES","og_type":"article","og_title":"Cultura del aguante - Gente de B\u00e1squet","og_description":"Tras sacar 20 de luz, El Nacional soport\u00f3 la embestida y venci\u00f3 a Olimpo 77 a 75","og_url":"https:\/\/gentedebasquet.com.ar\/sitio\/2015\/11\/02\/cultura-del-aguante\/","og_site_name":"Gente de B\u00e1squet","article_published_time":"2015-11-03T02:30:23+00:00","og_image":[{"width":690,"height":319,"url":"https:\/\/gentedebasquet.com.ar\/sitio\/wp-content\/uploads\/2015\/11\/El-Nacional-Olimpo-Harina.jpg","type":"image\/jpeg"}],"author":"Gente de B\u00e1squet","twitter_card":"summary_large_image","twitter_misc":{"Escrito por":"Gente de B\u00e1squet","Tiempo de lectura":"3 minutos"},"schema":{"@context":"https:\/\/schema.org","@graph":[{"@type":"Article","@id":"https:\/\/gentedebasquet.com.ar\/sitio\/2015\/11\/02\/cultura-del-aguante\/#article","isPartOf":{"@id":"https:\/\/gentedebasquet.com.ar\/sitio\/2015\/11\/02\/cultura-del-aguante\/"},"author":{"name":"Gente de B\u00e1squet","@id":"https:\/\/gentedebasquet.com.ar\/sitio\/#\/schema\/person\/ca0b63bbb977369988a7bbbdc519943a"},"headline":"Cultura del aguante","datePublished":"2015-11-03T02:30:23+00:00","mainEntityOfPage":{"@id":"https:\/\/gentedebasquet.com.ar\/sitio\/2015\/11\/02\/cultura-del-aguante\/"},"wordCount":548,"image":{"@id":"https:\/\/gentedebasquet.com.ar\/sitio\/2015\/11\/02\/cultura-del-aguante\/#primaryimage"},"thumbnailUrl":"https:\/\/gentedebasquet.com.ar\/sitio\/wp-content\/uploads\/2015\/11\/El-Nacional-Olimpo-Harina.jpg","keywords":["El Nacional","Emiliano Iraola","Federico Harina","Francisco Hoffmann","Lorenzo Capponi","Nicol\u00e1s Vera","Ol\u00edmpo"],"articleSection":["Primera","Slide"],"inLanguage":"es"},{"@type":"WebPage","@id":"https:\/\/gentedebasquet.com.ar\/sitio\/2015\/11\/02\/cultura-del-aguante\/","url":"https:\/\/gentedebasquet.com.ar\/sitio\/2015\/11\/02\/cultura-del-aguante\/","name":"Cultura del aguante - Gente de B\u00e1squet","isPartOf":{"@id":"https:\/\/gentedebasquet.com.ar\/sitio\/#website"},"primaryImageOfPage":{"@id":"https:\/\/gentedebasquet.com.ar\/sitio\/2015\/11\/02\/cultura-del-aguante\/#primaryimage"},"image":{"@id":"https:\/\/gentedebasquet.com.ar\/sitio\/2015\/11\/02\/cultura-del-aguante\/#primaryimage"},"thumbnailUrl":"https:\/\/gentedebasquet.com.ar\/sitio\/wp-content\/uploads\/2015\/11\/El-Nacional-Olimpo-Harina.jpg","datePublished":"2015-11-03T02:30:23+00:00","author":{"@id":"https:\/\/gentedebasquet.com.ar\/sitio\/#\/schema\/person\/ca0b63bbb977369988a7bbbdc519943a"},"breadcrumb":{"@id":"https:\/\/gentedebasquet.com.ar\/sitio\/2015\/11\/02\/cultura-del-aguante\/#breadcrumb"},"inLanguage":"es","potentialAction":[{"@type":"ReadAction","target":["https:\/\/gentedebasquet.com.ar\/sitio\/2015\/11\/02\/cultura-del-aguante\/"]}]},{"@type":"ImageObject","inLanguage":"es","@id":"https:\/\/gentedebasquet.com.ar\/sitio\/2015\/11\/02\/cultura-del-aguante\/#primaryimage","url":"https:\/\/gentedebasquet.com.ar\/sitio\/wp-content\/uploads\/2015\/11\/El-Nacional-Olimpo-Harina.jpg","contentUrl":"https:\/\/gentedebasquet.com.ar\/sitio\/wp-content\/uploads\/2015\/11\/El-Nacional-Olimpo-Harina.jpg","width":690,"height":319},{"@type":"BreadcrumbList","@id":"https:\/\/gentedebasquet.com.ar\/sitio\/2015\/11\/02\/cultura-del-aguante\/#breadcrumb","itemListElement":[{"@type":"ListItem","position":1,"name":"Portada","item":"https:\/\/gentedebasquet.com.ar\/sitio\/"},{"@type":"ListItem","position":2,"name":"Cultura del aguante"}]},{"@type":"WebSite","@id":"https:\/\/gentedebasquet.com.ar\/sitio\/#website","url":"https:\/\/gentedebasquet.com.ar\/sitio\/","name":"Gente de B\u00e1squet","description":"La revista del basquet de Bah\u00eda Blanca","potentialAction":[{"@type":"SearchAction","target":{"@type":"EntryPoint","urlTemplate":"https:\/\/gentedebasquet.com.ar\/sitio\/?s={search_term_string}"},"query-input":{"@type":"PropertyValueSpecification","valueRequired":true,"valueName":"search_term_string"}}],"inLanguage":"es"},{"@type":"Person","@id":"https:\/\/gentedebasquet.com.ar\/sitio\/#\/schema\/person\/ca0b63bbb977369988a7bbbdc519943a","name":"Gente de B\u00e1squet","image":{"@type":"ImageObject","inLanguage":"es","@id":"https:\/\/secure.gravatar.com\/avatar\/7f2c48bdc33b30088f941fb6082e555f2874c98e20cb159d7b92b50eadfce793?s=96&d=mm&r=g","url":"https:\/\/secure.gravatar.com\/avatar\/7f2c48bdc33b30088f941fb6082e555f2874c98e20cb159d7b92b50eadfce793?s=96&d=mm&r=g","contentUrl":"https:\/\/secure.gravatar.com\/avatar\/7f2c48bdc33b30088f941fb6082e555f2874c98e20cb159d7b92b50eadfce793?s=96&d=mm&r=g","caption":"Gente de B\u00e1squet"},"sameAs":["http:\/\/gentedebasquet.com.ar\/sitio"],"url":"https:\/\/gentedebasquet.com.ar\/sitio\/author\/ulises\/"}]}},"_links":{"self":[{"href":"https:\/\/gentedebasquet.com.ar\/sitio\/wp-json\/wp\/v2\/posts\/53443","targetHints":{"allow":["GET"]}}],"collection":[{"href":"https:\/\/gentedebasquet.com.ar\/sitio\/wp-json\/wp\/v2\/posts"}],"about":[{"href":"https:\/\/gentedebasquet.com.ar\/sitio\/wp-json\/wp\/v2\/types\/post"}],"author":[{"embeddable":true,"href":"https:\/\/gentedebasquet.com.ar\/sitio\/wp-json\/wp\/v2\/users\/1"}],"replies":[{"embeddable":true,"href":"https:\/\/gentedebasquet.com.ar\/sitio\/wp-json\/wp\/v2\/comments?post=53443"}],"version-history":[{"count":0,"href":"https:\/\/gentedebasquet.com.ar\/sitio\/wp-json\/wp\/v2\/posts\/53443\/revisions"}],"wp:featuredmedia":[{"embeddable":true,"href":"https:\/\/gentedebasquet.com.ar\/sitio\/wp-json\/wp\/v2\/media\/53448"}],"wp:attachment":[{"href":"https:\/\/gentedebasquet.com.ar\/sitio\/wp-json\/wp\/v2\/media?parent=53443"}],"wp:term":[{"taxonomy":"category","embeddable":true,"href":"https:\/\/gentedebasquet.com.ar\/sitio\/wp-json\/wp\/v2\/categories?post=53443"},{"taxonomy":"post_tag","embeddable":true,"href":"https:\/\/gentedebasquet.com.ar\/sitio\/wp-json\/wp\/v2\/tags?post=53443"}],"curies":[{"name":"wp","href":"https:\/\/api.w.org\/{rel}","templated":true}]}}