{"id":53447,"date":"2015-11-02T23:25:14","date_gmt":"2015-11-03T02:25:14","guid":{"rendered":"http:\/\/www.gentedebasquet.com.ar\/?p=53447"},"modified":"2015-11-02T23:25:14","modified_gmt":"2015-11-03T02:25:14","slug":"mira-para-arriba","status":"publish","type":"post","link":"https:\/\/gentedebasquet.com.ar\/sitio\/2015\/11\/02\/mira-para-arriba\/","title":{"rendered":"Tir\u00e1 para arriba"},"content":{"rendered":"<p><strong>En el Daniel Lacunza, Alem se hizo de un triunfo importante ante Napost\u00e1, por 76-73,para alejarse cada vez m\u00e1s de la zona de abajo. \u00a0En el local, hubo una gran actuaci\u00f3n de Walter Gigena (25 puntos desde la banca, con 9-13 en t2), bien acompa\u00f1ado por Juan Pablo Rotta (14, 3-4 en t3) y St\u00e9fano Barba (11). \u00a0En la visita, que con la derrota qued\u00f3 al l\u00edmite de la Zona de Permanencia (igual\u00f3 la l\u00ednea de El Nacional con 41.5 puntos en la 9\u00bacolocaci\u00f3n) hubo 15 de Bruno Sacomani y 13 de Antonio Iturrioz.<\/strong><\/p>\n<p>Repartiendo bien el juego mediante la figura de Aguirre (3 asistencias) y amig\u00e1ndose con el juego a media y larga distancia (dos bombas de Meneses y una de Sacomani), Napost\u00e1 se puso arriba por doble d\u00edgito r\u00e1pido en la tarde noche (12-2 en 5m).\u00a0 No obstante, Alem tambi\u00e9n respondi\u00f3 desde el per\u00edmetro, en donde la figura de Rotta (tambi\u00e9n dos triples) comenzaba a mostrarse desafiante.<\/p>\n<p>Cuando parec\u00eda que Alem cambiaba la din\u00e1mica de juego con el ingreso de Gigena (que no fue titular por llegar sobre la hora al partido), Napost\u00e1 meti\u00f3 en cancha a Iturrioz (7) y gan\u00f3 peso en la pintura, volviendo a escaparse por 10 (24-34 en 5m20).\u00a0 Sin embargo, nuevamente el conjunto de Loffredo respondi\u00f3 desde la medialuna, y ahora, con aportes de Nico Leguizam\u00f3n y dos bombas de Emanuel Wygladacz (una sobre la chicharra del entretiempo), emparej\u00f3 las acciones en 40.<\/p>\n<p>As\u00ed y todo, Napost\u00e1 volvi\u00f3 a golpear en el electr\u00f3nico con un parcial de 10-0 en 3m, en gran parte, gracias al juego de Mauro Campa\u00f1a en el 1 v 1 en el poste bajo.\u00a0 A\u00fan as\u00ed, Alem, doble marcando el bal\u00f3n consigui\u00f3 buenas paradas defensivas que le permitieron correr el contragolpe, y en ese apartado, Gigena se mostr\u00f3 imparable (8), y puso a su equipo al frente por primera vez en la noche (58-57).<\/p>\n<p>El cierre fue palo a palo, e incluso Napo retom\u00f3 ventaja promediando el 4C (63-66) mediante un triple de Taj\u00e1n.\u00a0 Pero Alem, comenz\u00f3 a romper con m\u00e1s fuerza al aro a partir de Foulkes, y 4 puntos al hilo de Dami\u00e1n, sumado a libres de Priore, retomaron una fundamental ventaja de cinco a 1m30 del pitido final (73-68).\u00a0 Ah\u00ed, los de Loffredo pudieron jugar con el reloj y manipular los tiempos ofensivos de la visita, y con otros libres de Gigena, sell\u00f3 el triunfo.<\/p>\n<p>&nbsp;<\/p>\n<p>[youtube]https:\/\/youtu.be\/6B2NmNplANc[\/youtube]<\/p>\n<p>&nbsp;<\/p>\n<p><strong>S\u00edntesis|\u00a0<\/strong>Primera Divisi\u00f3n &#8211; Torneo Oficial &#8211; Fecha #18<\/p>\n<p><strong>Alem 76:\u00a0<\/strong>Gonzalo Etchepare 2, Mart\u00edn Miguel 2, Juan Pablo Rotta 14, St\u00e9fano Barba 11, Dami\u00e1n Foulkes 8 (FI); Augusto Priore 5, Nicol\u00e1s Leguizam\u00f3n 3, Emanuel Wygladacz 6, Walter Gigena 25. \u00a0D.T. Miguel Loffredo.<\/p>\n<p><strong>Napost\u00e1 73:\u00a0<\/strong>Ramiro Aguirre 6, Tom\u00e1s Taj\u00e1n 15, Augusto Meneses 8, Bruno Sacomani 15, Mauro Campa\u00f1a 9 (FI); Federico El\u00edas 2, Antonio Iturrioz 13, Bruno Pallotti 5. \u00a0D.T: Walter Romerniszyn.<\/p>\n<p><strong>Parciales:\u00a0<\/strong>15-19, 40-40, 58-57.<\/p>\n<p><strong>\u00c1rbitros:\u00a0<\/strong>Javier S\u00e1nchez &#8211; Diego Kessler.<\/p>\n<p><strong>Estadio:\u00a0<\/strong>Daniel Lacunza (Alem).<\/p>\n<p><a class=\"modalf iframe\" title=\"Planilla\" href=\"https:\/\/docs.google.com\/spreadsheets\/d\/1yGUa4abwXwhwc6UFoqDnRpC18mklbgI6HS0fNhHeNqQ\/pubhtml\" target=\"_blank\" rel=\"noopener\">Ver Planilla<\/a><\/p>\n","protected":false},"excerpt":{"rendered":"<p>Alem derrot\u00f3 a Napost\u00e1 76-73 y comienza a escaparle a la zona permanencia<\/p>\n","protected":false},"author":1,"featured_media":53449,"comment_status":"closed","ping_status":"open","sticky":false,"template":"","format":"standard","meta":{"jnews-multi-image_gallery":[],"jnews_single_post":[],"jnews_primary_category":[],"footnotes":""},"categories":[23,101],"tags":[3,801,275,48,15,658,302],"class_list":["post-53447","post","type-post","status-publish","format-standard","has-post-thumbnail","hentry","category-primera","category-slide","tag-alem","tag-antonio-iturrioz","tag-bruno-sacomani","tag-juan-pablo-rotta","tag-naposta","tag-stefano-barba","tag-walter-gigena"],"yoast_head":"<!-- This site is optimized with the Yoast SEO plugin v27.4 - https:\/\/yoast.com\/product\/yoast-seo-wordpress\/ -->\n<title>Tir\u00e1 para arriba - Gente de B\u00e1squet<\/title>\n<meta name=\"robots\" content=\"index, follow, max-snippet:-1, max-image-preview:large, max-video-preview:-1\" \/>\n<link rel=\"canonical\" href=\"http:\/\/gentedebasquet.com.ar\/sitio\/2015\/11\/02\/mira-para-arriba\/\" \/>\n<meta property=\"og:locale\" content=\"es_ES\" \/>\n<meta property=\"og:type\" content=\"article\" \/>\n<meta property=\"og:title\" content=\"Tir\u00e1 para arriba - Gente de B\u00e1squet\" \/>\n<meta property=\"og:description\" content=\"Alem derrot\u00f3 a Napost\u00e1 76-73 y comienza a escaparle a la zona permanencia\" \/>\n<meta property=\"og:url\" content=\"http:\/\/gentedebasquet.com.ar\/sitio\/2015\/11\/02\/mira-para-arriba\/\" \/>\n<meta property=\"og:site_name\" content=\"Gente de B\u00e1squet\" \/>\n<meta property=\"article:published_time\" content=\"2015-11-03T02:25:14+00:00\" \/>\n<meta property=\"og:image\" content=\"http:\/\/gentedebasquet.com.ar\/sitio\/wp-content\/uploads\/2015\/11\/gigena.jpg\" \/>\n\t<meta property=\"og:image:width\" content=\"690\" \/>\n\t<meta property=\"og:image:height\" content=\"319\" \/>\n\t<meta property=\"og:image:type\" content=\"image\/jpeg\" \/>\n<meta name=\"author\" content=\"Gente de B\u00e1squet\" \/>\n<meta name=\"twitter:card\" content=\"summary_large_image\" \/>\n<meta name=\"twitter:label1\" content=\"Escrito por\" \/>\n\t<meta name=\"twitter:data1\" content=\"Gente de B\u00e1squet\" \/>\n\t<meta name=\"twitter:label2\" content=\"Tiempo de lectura\" \/>\n\t<meta name=\"twitter:data2\" content=\"3 minutos\" \/>\n<script type=\"application\/ld+json\" class=\"yoast-schema-graph\">{\"@context\":\"https:\\\/\\\/schema.org\",\"@graph\":[{\"@type\":\"Article\",\"@id\":\"http:\\\/\\\/gentedebasquet.com.ar\\\/sitio\\\/2015\\\/11\\\/02\\\/mira-para-arriba\\\/#article\",\"isPartOf\":{\"@id\":\"http:\\\/\\\/gentedebasquet.com.ar\\\/sitio\\\/2015\\\/11\\\/02\\\/mira-para-arriba\\\/\"},\"author\":{\"name\":\"Gente de B\u00e1squet\",\"@id\":\"https:\\\/\\\/gentedebasquet.com.ar\\\/sitio\\\/#\\\/schema\\\/person\\\/ca0b63bbb977369988a7bbbdc519943a\"},\"headline\":\"Tir\u00e1 para arriba\",\"datePublished\":\"2015-11-03T02:25:14+00:00\",\"mainEntityOfPage\":{\"@id\":\"http:\\\/\\\/gentedebasquet.com.ar\\\/sitio\\\/2015\\\/11\\\/02\\\/mira-para-arriba\\\/\"},\"wordCount\":504,\"image\":{\"@id\":\"http:\\\/\\\/gentedebasquet.com.ar\\\/sitio\\\/2015\\\/11\\\/02\\\/mira-para-arriba\\\/#primaryimage\"},\"thumbnailUrl\":\"https:\\\/\\\/gentedebasquet.com.ar\\\/sitio\\\/wp-content\\\/uploads\\\/2015\\\/11\\\/gigena.jpg\",\"keywords\":[\"Alem\",\"Antonio Iturrioz\",\"Bruno Sacomani\",\"Juan Pablo Rotta\",\"Naposta\",\"St\u00e9fano Barba\",\"Walter Gigena\"],\"articleSection\":[\"Primera\",\"Slide\"],\"inLanguage\":\"es\"},{\"@type\":\"WebPage\",\"@id\":\"http:\\\/\\\/gentedebasquet.com.ar\\\/sitio\\\/2015\\\/11\\\/02\\\/mira-para-arriba\\\/\",\"url\":\"http:\\\/\\\/gentedebasquet.com.ar\\\/sitio\\\/2015\\\/11\\\/02\\\/mira-para-arriba\\\/\",\"name\":\"Tir\u00e1 para arriba - Gente de B\u00e1squet\",\"isPartOf\":{\"@id\":\"https:\\\/\\\/gentedebasquet.com.ar\\\/sitio\\\/#website\"},\"primaryImageOfPage\":{\"@id\":\"http:\\\/\\\/gentedebasquet.com.ar\\\/sitio\\\/2015\\\/11\\\/02\\\/mira-para-arriba\\\/#primaryimage\"},\"image\":{\"@id\":\"http:\\\/\\\/gentedebasquet.com.ar\\\/sitio\\\/2015\\\/11\\\/02\\\/mira-para-arriba\\\/#primaryimage\"},\"thumbnailUrl\":\"https:\\\/\\\/gentedebasquet.com.ar\\\/sitio\\\/wp-content\\\/uploads\\\/2015\\\/11\\\/gigena.jpg\",\"datePublished\":\"2015-11-03T02:25:14+00:00\",\"author\":{\"@id\":\"https:\\\/\\\/gentedebasquet.com.ar\\\/sitio\\\/#\\\/schema\\\/person\\\/ca0b63bbb977369988a7bbbdc519943a\"},\"breadcrumb\":{\"@id\":\"http:\\\/\\\/gentedebasquet.com.ar\\\/sitio\\\/2015\\\/11\\\/02\\\/mira-para-arriba\\\/#breadcrumb\"},\"inLanguage\":\"es\",\"potentialAction\":[{\"@type\":\"ReadAction\",\"target\":[\"http:\\\/\\\/gentedebasquet.com.ar\\\/sitio\\\/2015\\\/11\\\/02\\\/mira-para-arriba\\\/\"]}]},{\"@type\":\"ImageObject\",\"inLanguage\":\"es\",\"@id\":\"http:\\\/\\\/gentedebasquet.com.ar\\\/sitio\\\/2015\\\/11\\\/02\\\/mira-para-arriba\\\/#primaryimage\",\"url\":\"https:\\\/\\\/gentedebasquet.com.ar\\\/sitio\\\/wp-content\\\/uploads\\\/2015\\\/11\\\/gigena.jpg\",\"contentUrl\":\"https:\\\/\\\/gentedebasquet.com.ar\\\/sitio\\\/wp-content\\\/uploads\\\/2015\\\/11\\\/gigena.jpg\",\"width\":690,\"height\":319},{\"@type\":\"BreadcrumbList\",\"@id\":\"http:\\\/\\\/gentedebasquet.com.ar\\\/sitio\\\/2015\\\/11\\\/02\\\/mira-para-arriba\\\/#breadcrumb\",\"itemListElement\":[{\"@type\":\"ListItem\",\"position\":1,\"name\":\"Portada\",\"item\":\"https:\\\/\\\/gentedebasquet.com.ar\\\/sitio\\\/\"},{\"@type\":\"ListItem\",\"position\":2,\"name\":\"Tir\u00e1 para arriba\"}]},{\"@type\":\"WebSite\",\"@id\":\"https:\\\/\\\/gentedebasquet.com.ar\\\/sitio\\\/#website\",\"url\":\"https:\\\/\\\/gentedebasquet.com.ar\\\/sitio\\\/\",\"name\":\"Gente de B\u00e1squet\",\"description\":\"La revista del basquet de Bah\u00eda Blanca\",\"potentialAction\":[{\"@type\":\"SearchAction\",\"target\":{\"@type\":\"EntryPoint\",\"urlTemplate\":\"https:\\\/\\\/gentedebasquet.com.ar\\\/sitio\\\/?s={search_term_string}\"},\"query-input\":{\"@type\":\"PropertyValueSpecification\",\"valueRequired\":true,\"valueName\":\"search_term_string\"}}],\"inLanguage\":\"es\"},{\"@type\":\"Person\",\"@id\":\"https:\\\/\\\/gentedebasquet.com.ar\\\/sitio\\\/#\\\/schema\\\/person\\\/ca0b63bbb977369988a7bbbdc519943a\",\"name\":\"Gente de B\u00e1squet\",\"image\":{\"@type\":\"ImageObject\",\"inLanguage\":\"es\",\"@id\":\"https:\\\/\\\/secure.gravatar.com\\\/avatar\\\/7f2c48bdc33b30088f941fb6082e555f2874c98e20cb159d7b92b50eadfce793?s=96&d=mm&r=g\",\"url\":\"https:\\\/\\\/secure.gravatar.com\\\/avatar\\\/7f2c48bdc33b30088f941fb6082e555f2874c98e20cb159d7b92b50eadfce793?s=96&d=mm&r=g\",\"contentUrl\":\"https:\\\/\\\/secure.gravatar.com\\\/avatar\\\/7f2c48bdc33b30088f941fb6082e555f2874c98e20cb159d7b92b50eadfce793?s=96&d=mm&r=g\",\"caption\":\"Gente de B\u00e1squet\"},\"sameAs\":[\"http:\\\/\\\/gentedebasquet.com.ar\\\/sitio\"],\"url\":\"https:\\\/\\\/gentedebasquet.com.ar\\\/sitio\\\/author\\\/ulises\\\/\"}]}<\/script>\n<!-- \/ Yoast SEO plugin. -->","yoast_head_json":{"title":"Tir\u00e1 para arriba - Gente de B\u00e1squet","robots":{"index":"index","follow":"follow","max-snippet":"max-snippet:-1","max-image-preview":"max-image-preview:large","max-video-preview":"max-video-preview:-1"},"canonical":"http:\/\/gentedebasquet.com.ar\/sitio\/2015\/11\/02\/mira-para-arriba\/","og_locale":"es_ES","og_type":"article","og_title":"Tir\u00e1 para arriba - Gente de B\u00e1squet","og_description":"Alem derrot\u00f3 a Napost\u00e1 76-73 y comienza a escaparle a la zona permanencia","og_url":"http:\/\/gentedebasquet.com.ar\/sitio\/2015\/11\/02\/mira-para-arriba\/","og_site_name":"Gente de B\u00e1squet","article_published_time":"2015-11-03T02:25:14+00:00","og_image":[{"width":690,"height":319,"url":"http:\/\/gentedebasquet.com.ar\/sitio\/wp-content\/uploads\/2015\/11\/gigena.jpg","type":"image\/jpeg"}],"author":"Gente de B\u00e1squet","twitter_card":"summary_large_image","twitter_misc":{"Escrito por":"Gente de B\u00e1squet","Tiempo de lectura":"3 minutos"},"schema":{"@context":"https:\/\/schema.org","@graph":[{"@type":"Article","@id":"http:\/\/gentedebasquet.com.ar\/sitio\/2015\/11\/02\/mira-para-arriba\/#article","isPartOf":{"@id":"http:\/\/gentedebasquet.com.ar\/sitio\/2015\/11\/02\/mira-para-arriba\/"},"author":{"name":"Gente de B\u00e1squet","@id":"https:\/\/gentedebasquet.com.ar\/sitio\/#\/schema\/person\/ca0b63bbb977369988a7bbbdc519943a"},"headline":"Tir\u00e1 para arriba","datePublished":"2015-11-03T02:25:14+00:00","mainEntityOfPage":{"@id":"http:\/\/gentedebasquet.com.ar\/sitio\/2015\/11\/02\/mira-para-arriba\/"},"wordCount":504,"image":{"@id":"http:\/\/gentedebasquet.com.ar\/sitio\/2015\/11\/02\/mira-para-arriba\/#primaryimage"},"thumbnailUrl":"https:\/\/gentedebasquet.com.ar\/sitio\/wp-content\/uploads\/2015\/11\/gigena.jpg","keywords":["Alem","Antonio Iturrioz","Bruno Sacomani","Juan Pablo Rotta","Naposta","St\u00e9fano Barba","Walter Gigena"],"articleSection":["Primera","Slide"],"inLanguage":"es"},{"@type":"WebPage","@id":"http:\/\/gentedebasquet.com.ar\/sitio\/2015\/11\/02\/mira-para-arriba\/","url":"http:\/\/gentedebasquet.com.ar\/sitio\/2015\/11\/02\/mira-para-arriba\/","name":"Tir\u00e1 para arriba - Gente de B\u00e1squet","isPartOf":{"@id":"https:\/\/gentedebasquet.com.ar\/sitio\/#website"},"primaryImageOfPage":{"@id":"http:\/\/gentedebasquet.com.ar\/sitio\/2015\/11\/02\/mira-para-arriba\/#primaryimage"},"image":{"@id":"http:\/\/gentedebasquet.com.ar\/sitio\/2015\/11\/02\/mira-para-arriba\/#primaryimage"},"thumbnailUrl":"https:\/\/gentedebasquet.com.ar\/sitio\/wp-content\/uploads\/2015\/11\/gigena.jpg","datePublished":"2015-11-03T02:25:14+00:00","author":{"@id":"https:\/\/gentedebasquet.com.ar\/sitio\/#\/schema\/person\/ca0b63bbb977369988a7bbbdc519943a"},"breadcrumb":{"@id":"http:\/\/gentedebasquet.com.ar\/sitio\/2015\/11\/02\/mira-para-arriba\/#breadcrumb"},"inLanguage":"es","potentialAction":[{"@type":"ReadAction","target":["http:\/\/gentedebasquet.com.ar\/sitio\/2015\/11\/02\/mira-para-arriba\/"]}]},{"@type":"ImageObject","inLanguage":"es","@id":"http:\/\/gentedebasquet.com.ar\/sitio\/2015\/11\/02\/mira-para-arriba\/#primaryimage","url":"https:\/\/gentedebasquet.com.ar\/sitio\/wp-content\/uploads\/2015\/11\/gigena.jpg","contentUrl":"https:\/\/gentedebasquet.com.ar\/sitio\/wp-content\/uploads\/2015\/11\/gigena.jpg","width":690,"height":319},{"@type":"BreadcrumbList","@id":"http:\/\/gentedebasquet.com.ar\/sitio\/2015\/11\/02\/mira-para-arriba\/#breadcrumb","itemListElement":[{"@type":"ListItem","position":1,"name":"Portada","item":"https:\/\/gentedebasquet.com.ar\/sitio\/"},{"@type":"ListItem","position":2,"name":"Tir\u00e1 para arriba"}]},{"@type":"WebSite","@id":"https:\/\/gentedebasquet.com.ar\/sitio\/#website","url":"https:\/\/gentedebasquet.com.ar\/sitio\/","name":"Gente de B\u00e1squet","description":"La revista del basquet de Bah\u00eda Blanca","potentialAction":[{"@type":"SearchAction","target":{"@type":"EntryPoint","urlTemplate":"https:\/\/gentedebasquet.com.ar\/sitio\/?s={search_term_string}"},"query-input":{"@type":"PropertyValueSpecification","valueRequired":true,"valueName":"search_term_string"}}],"inLanguage":"es"},{"@type":"Person","@id":"https:\/\/gentedebasquet.com.ar\/sitio\/#\/schema\/person\/ca0b63bbb977369988a7bbbdc519943a","name":"Gente de B\u00e1squet","image":{"@type":"ImageObject","inLanguage":"es","@id":"https:\/\/secure.gravatar.com\/avatar\/7f2c48bdc33b30088f941fb6082e555f2874c98e20cb159d7b92b50eadfce793?s=96&d=mm&r=g","url":"https:\/\/secure.gravatar.com\/avatar\/7f2c48bdc33b30088f941fb6082e555f2874c98e20cb159d7b92b50eadfce793?s=96&d=mm&r=g","contentUrl":"https:\/\/secure.gravatar.com\/avatar\/7f2c48bdc33b30088f941fb6082e555f2874c98e20cb159d7b92b50eadfce793?s=96&d=mm&r=g","caption":"Gente de B\u00e1squet"},"sameAs":["http:\/\/gentedebasquet.com.ar\/sitio"],"url":"https:\/\/gentedebasquet.com.ar\/sitio\/author\/ulises\/"}]}},"_links":{"self":[{"href":"https:\/\/gentedebasquet.com.ar\/sitio\/wp-json\/wp\/v2\/posts\/53447","targetHints":{"allow":["GET"]}}],"collection":[{"href":"https:\/\/gentedebasquet.com.ar\/sitio\/wp-json\/wp\/v2\/posts"}],"about":[{"href":"https:\/\/gentedebasquet.com.ar\/sitio\/wp-json\/wp\/v2\/types\/post"}],"author":[{"embeddable":true,"href":"https:\/\/gentedebasquet.com.ar\/sitio\/wp-json\/wp\/v2\/users\/1"}],"replies":[{"embeddable":true,"href":"https:\/\/gentedebasquet.com.ar\/sitio\/wp-json\/wp\/v2\/comments?post=53447"}],"version-history":[{"count":0,"href":"https:\/\/gentedebasquet.com.ar\/sitio\/wp-json\/wp\/v2\/posts\/53447\/revisions"}],"wp:featuredmedia":[{"embeddable":true,"href":"https:\/\/gentedebasquet.com.ar\/sitio\/wp-json\/wp\/v2\/media\/53449"}],"wp:attachment":[{"href":"https:\/\/gentedebasquet.com.ar\/sitio\/wp-json\/wp\/v2\/media?parent=53447"}],"wp:term":[{"taxonomy":"category","embeddable":true,"href":"https:\/\/gentedebasquet.com.ar\/sitio\/wp-json\/wp\/v2\/categories?post=53447"},{"taxonomy":"post_tag","embeddable":true,"href":"https:\/\/gentedebasquet.com.ar\/sitio\/wp-json\/wp\/v2\/tags?post=53447"}],"curies":[{"name":"wp","href":"https:\/\/api.w.org\/{rel}","templated":true}]}}