{"id":53570,"date":"2015-11-03T23:50:57","date_gmt":"2015-11-04T02:50:57","guid":{"rendered":"http:\/\/www.gentedebasquet.com.ar\/?p=53570"},"modified":"2015-11-03T23:50:57","modified_gmt":"2015-11-04T02:50:57","slug":"carci-el-nino-prodigo","status":"publish","type":"post","link":"https:\/\/gentedebasquet.com.ar\/sitio\/2015\/11\/03\/carci-el-nino-prodigo\/","title":{"rendered":"Carci, el ni\u00f1o pr\u00f3digo"},"content":{"rendered":"<p><strong>Con un doble en la \u00faltima bola de Dami\u00e1n Carci (24, 8 en 4\u00baC), Estrella venci\u00f3 a Whitense 72 a 70 en el inicio de la llave por cuartos de final. Adem\u00e1s del aporte del base, el due\u00f1o de casa tuvo el aporte de Andr\u00e9s Almir\u00f3n (13, 10 en 2\u00baT) y Franco Cardone (10). Mientras que Alejandro Chotard (20, 12\/16 T1 y 10 faltas recibidas) fue el m\u00e1ximo anotador del elenco del puerto, seguido por Mauro V\u00e9liz (16) y Mat\u00edas Fern\u00e1ndez (13).<\/strong> <span style=\"color: #ff6600;\"><br \/>\n<\/span><\/p>\n<p>Estrella comenz\u00f3 a toda m\u00e1quina (11-2),\u00a0 circulando el bal\u00f3n y profundizando cada ofensiva con Cardone (6). Sin embargo la falta de tiro exterior favoreci\u00f3 a la defensa zonal de Whitense, quien equilibr\u00f3 la balanza con la din\u00e1mica de Veliz (7). Sin embargo Carci (2\/3 T3) calibr\u00f3 la mira para que el due\u00f1o de casa termine s all frente al cabo del primer chico.<\/p>\n<p>Carci (5) continu\u00f3 siendo el art\u00edfice principal en la ofensiva de Estrella,\u00a0 a quiena se le sumaron Trellini y Sterz (8 entre ambos), marcando un plus con su experiencia.\u00a0 Aunque la paridad permaneci\u00f3 en el marcador porque Chotard (7) fue desgastando defensas, Fern\u00e1ndez (6) entr\u00f3 en ritmo y con el ingreso de Gestido, Whitense encontr\u00f3 el tiro exterior.<\/p>\n<p>Con Fern\u00e1ndez (4 asistencias) eligiendo correctamente los ejecutantes de cada ofensiva,\u00a0 Whitense inici\u00f3 el tercer chico, donde Acebedo y Gestido (combinaron 3\/5 T3) contribuyeron para construir la mejor producci\u00f3n de equipo.\u00a0 No obstante la din\u00e1mica de Carci (5) y la potencia de Andr\u00e9s Almir\u00f3n (6) pusieron el freno necesario en el marcador para entrar en tablas al \u00faltimo segmento.<\/p>\n<p>Ya en el ep\u00edlogo Estrella logr\u00f3 correr la cancha con Trellini y Andr\u00e9s Almir\u00f3n volvi\u00f3 a aportar su fortaleza para mantener el equilibrio en el marcador;\u00a0 ya que el visitante apost\u00f3 con Chotard (7) en ofensiva y tambi\u00e9n logr\u00f3 correr con Fern\u00e1ndez, aprovechando la falta de efectividad desde el per\u00edmetro del due\u00f1o de casa (0\/5 T3). Aunque cuando Carci (8) se adue\u00f1\u00f3 de las.ofensivas, como todo el encuentro,\u00a0 logr\u00f3 sacar lo mejor del equipo y resolver situaciones adversas.\u00a0 Y as\u00ed fue que jug\u00e1ndose la individual en la \u00faltima bola, rompi\u00f3 hacia el cesto y termin\u00f3 anotando la bandeja que le dio el triunfo a Estrella (Ver video).<\/p>\n<p>&nbsp;<\/p>\n<p>[vimeo]http:\/\/vimeo.com\/144644367[\/vimeo]<\/p>\n<p>&nbsp;<\/p>\n<p><strong>S\u00edntesis |<\/strong>\u00a0Segunda Divisi\u00f3n \u2013 4\u00ba Final \u2013 Juego #1<\/p>\n<p><strong>Estrella 72:<\/strong>\u00a0Dami\u00e1n Carci 24, Mariano Trellini 8, Franco Cardone 10, Mat\u00edas Specogna 2 y Nahuel C\u00e1mara 2 (F.I.);\u00a0Alan Pan 3, Santiago Quiroga 4, Maximiliano Sterz 4, Andr\u00e9s Almir\u00f3n 13 y Agust\u00edn Almir\u00f3n 2. DT: Claudio Queti.<\/p>\n<p><strong>Whitense 70:<\/strong> Mat\u00edas Fern\u00e1ndez 13, Gonzalo Resler 0, Mauro Veliz 16, Walter Acebedo 10 y Alejandro Chotard 20 (F.I.); Julio Gim\u00e9nez 2, Reinaldo Palacio 0 y Federico Gestido 9.\u00a0DT: Silvio Montero<\/p>\n<p><strong>Parciales:<\/strong> 16-15, 38-33 (22-18), 54-54 (16-21) y 72-70 (18-16).<\/p>\n<p><strong>\u00c1rbitros: <\/strong>Miguel Firpo y Alejandro Vizca\u00edno.<\/p>\n<p><strong>Estadio:<\/strong>\u00a0Luis \u00c1lvarez (Estrella)<\/p>\n<p><a class=\"modalf iframe\" title=\"Planilla\" href=\"https:\/\/docs.google.com\/spreadsheets\/d\/1mPQ6CX7UIDCZKvt2F0B1OKM2V69N8Bssb0opz9vmEzA\/pubhtml\" target=\"_blank\" rel=\"noopener\">Ver Planilla<\/a><\/p>\n<p><strong>Serie<\/strong>: Estrella, 1-0. El segundo encuentro ir\u00e1 el jueves 05\/11 en cancha de Whitense.<\/p>\n","protected":false},"excerpt":{"rendered":"<p>Con un doble de Dami\u00e1n (24) en la \u00faltima bola, Estrella venci\u00f3 a Whitense por 72 a 70<\/p>\n","protected":false},"author":1,"featured_media":53571,"comment_status":"closed","ping_status":"open","sticky":false,"template":"","format":"standard","meta":{"jnews-multi-image_gallery":[],"jnews_single_post":[],"jnews_primary_category":[],"footnotes":""},"categories":[25,101],"tags":[208,978,527,10,304,729,362,537],"class_list":["post-53570","post","type-post","status-publish","format-standard","has-post-thumbnail","hentry","category-segunda","category-slide","tag-alejandro-chotard","tag-andres-almiron","tag-damian-carci","tag-estrella","tag-franco-cardone","tag-matias-fernandez","tag-mauro-veliz","tag-whitense"],"yoast_head":"<!-- This site is optimized with the Yoast SEO plugin v27.4 - https:\/\/yoast.com\/product\/yoast-seo-wordpress\/ -->\n<title>Carci, el ni\u00f1o pr\u00f3digo - Gente de B\u00e1squet<\/title>\n<meta name=\"robots\" content=\"index, follow, max-snippet:-1, max-image-preview:large, max-video-preview:-1\" \/>\n<link rel=\"canonical\" href=\"https:\/\/gentedebasquet.com.ar\/sitio\/2015\/11\/03\/carci-el-nino-prodigo\/\" \/>\n<meta property=\"og:locale\" content=\"es_ES\" \/>\n<meta property=\"og:type\" content=\"article\" \/>\n<meta property=\"og:title\" content=\"Carci, el ni\u00f1o pr\u00f3digo - Gente de B\u00e1squet\" \/>\n<meta property=\"og:description\" content=\"Con un doble de Dami\u00e1n (24) en la \u00faltima bola, Estrella venci\u00f3 a Whitense por 72 a 70\" \/>\n<meta property=\"og:url\" content=\"https:\/\/gentedebasquet.com.ar\/sitio\/2015\/11\/03\/carci-el-nino-prodigo\/\" \/>\n<meta property=\"og:site_name\" content=\"Gente de B\u00e1squet\" \/>\n<meta property=\"article:published_time\" content=\"2015-11-04T02:50:57+00:00\" \/>\n<meta property=\"og:image\" content=\"https:\/\/gentedebasquet.com.ar\/sitio\/wp-content\/uploads\/2015\/11\/12207745_10203279270581755_685827942_n.jpg\" \/>\n\t<meta property=\"og:image:width\" content=\"690\" \/>\n\t<meta property=\"og:image:height\" content=\"318\" \/>\n\t<meta property=\"og:image:type\" content=\"image\/jpeg\" \/>\n<meta name=\"author\" content=\"Gente de B\u00e1squet\" \/>\n<meta name=\"twitter:card\" content=\"summary_large_image\" \/>\n<meta name=\"twitter:label1\" content=\"Escrito por\" \/>\n\t<meta name=\"twitter:data1\" content=\"Gente de B\u00e1squet\" \/>\n\t<meta name=\"twitter:label2\" content=\"Tiempo de lectura\" \/>\n\t<meta name=\"twitter:data2\" content=\"2 minutos\" \/>\n<script type=\"application\/ld+json\" class=\"yoast-schema-graph\">{\"@context\":\"https:\\\/\\\/schema.org\",\"@graph\":[{\"@type\":\"Article\",\"@id\":\"https:\\\/\\\/gentedebasquet.com.ar\\\/sitio\\\/2015\\\/11\\\/03\\\/carci-el-nino-prodigo\\\/#article\",\"isPartOf\":{\"@id\":\"https:\\\/\\\/gentedebasquet.com.ar\\\/sitio\\\/2015\\\/11\\\/03\\\/carci-el-nino-prodigo\\\/\"},\"author\":{\"name\":\"Gente de B\u00e1squet\",\"@id\":\"http:\\\/\\\/gentedebasquet.com.ar\\\/sitio\\\/#\\\/schema\\\/person\\\/ca0b63bbb977369988a7bbbdc519943a\"},\"headline\":\"Carci, el ni\u00f1o pr\u00f3digo\",\"datePublished\":\"2015-11-04T02:50:57+00:00\",\"mainEntityOfPage\":{\"@id\":\"https:\\\/\\\/gentedebasquet.com.ar\\\/sitio\\\/2015\\\/11\\\/03\\\/carci-el-nino-prodigo\\\/\"},\"wordCount\":489,\"image\":{\"@id\":\"https:\\\/\\\/gentedebasquet.com.ar\\\/sitio\\\/2015\\\/11\\\/03\\\/carci-el-nino-prodigo\\\/#primaryimage\"},\"thumbnailUrl\":\"https:\\\/\\\/gentedebasquet.com.ar\\\/sitio\\\/wp-content\\\/uploads\\\/2015\\\/11\\\/12207745_10203279270581755_685827942_n.jpg\",\"keywords\":[\"Alejandro Chotard\",\"Andr\u00e9s Almir\u00f3n\",\"Dami\u00e1n Carci\",\"Estrella\",\"Franco Cardone\",\"Mat\u00edas Fern\u00e1ndez\",\"Mauro Veliz\",\"Whitense\"],\"articleSection\":[\"Segunda\",\"Slide\"],\"inLanguage\":\"es\"},{\"@type\":\"WebPage\",\"@id\":\"https:\\\/\\\/gentedebasquet.com.ar\\\/sitio\\\/2015\\\/11\\\/03\\\/carci-el-nino-prodigo\\\/\",\"url\":\"https:\\\/\\\/gentedebasquet.com.ar\\\/sitio\\\/2015\\\/11\\\/03\\\/carci-el-nino-prodigo\\\/\",\"name\":\"Carci, el ni\u00f1o pr\u00f3digo - Gente de B\u00e1squet\",\"isPartOf\":{\"@id\":\"http:\\\/\\\/gentedebasquet.com.ar\\\/sitio\\\/#website\"},\"primaryImageOfPage\":{\"@id\":\"https:\\\/\\\/gentedebasquet.com.ar\\\/sitio\\\/2015\\\/11\\\/03\\\/carci-el-nino-prodigo\\\/#primaryimage\"},\"image\":{\"@id\":\"https:\\\/\\\/gentedebasquet.com.ar\\\/sitio\\\/2015\\\/11\\\/03\\\/carci-el-nino-prodigo\\\/#primaryimage\"},\"thumbnailUrl\":\"https:\\\/\\\/gentedebasquet.com.ar\\\/sitio\\\/wp-content\\\/uploads\\\/2015\\\/11\\\/12207745_10203279270581755_685827942_n.jpg\",\"datePublished\":\"2015-11-04T02:50:57+00:00\",\"author\":{\"@id\":\"http:\\\/\\\/gentedebasquet.com.ar\\\/sitio\\\/#\\\/schema\\\/person\\\/ca0b63bbb977369988a7bbbdc519943a\"},\"breadcrumb\":{\"@id\":\"https:\\\/\\\/gentedebasquet.com.ar\\\/sitio\\\/2015\\\/11\\\/03\\\/carci-el-nino-prodigo\\\/#breadcrumb\"},\"inLanguage\":\"es\",\"potentialAction\":[{\"@type\":\"ReadAction\",\"target\":[\"https:\\\/\\\/gentedebasquet.com.ar\\\/sitio\\\/2015\\\/11\\\/03\\\/carci-el-nino-prodigo\\\/\"]}]},{\"@type\":\"ImageObject\",\"inLanguage\":\"es\",\"@id\":\"https:\\\/\\\/gentedebasquet.com.ar\\\/sitio\\\/2015\\\/11\\\/03\\\/carci-el-nino-prodigo\\\/#primaryimage\",\"url\":\"https:\\\/\\\/gentedebasquet.com.ar\\\/sitio\\\/wp-content\\\/uploads\\\/2015\\\/11\\\/12207745_10203279270581755_685827942_n.jpg\",\"contentUrl\":\"https:\\\/\\\/gentedebasquet.com.ar\\\/sitio\\\/wp-content\\\/uploads\\\/2015\\\/11\\\/12207745_10203279270581755_685827942_n.jpg\",\"width\":690,\"height\":318},{\"@type\":\"BreadcrumbList\",\"@id\":\"https:\\\/\\\/gentedebasquet.com.ar\\\/sitio\\\/2015\\\/11\\\/03\\\/carci-el-nino-prodigo\\\/#breadcrumb\",\"itemListElement\":[{\"@type\":\"ListItem\",\"position\":1,\"name\":\"Portada\",\"item\":\"http:\\\/\\\/gentedebasquet.com.ar\\\/sitio\\\/\"},{\"@type\":\"ListItem\",\"position\":2,\"name\":\"Carci, el ni\u00f1o pr\u00f3digo\"}]},{\"@type\":\"WebSite\",\"@id\":\"http:\\\/\\\/gentedebasquet.com.ar\\\/sitio\\\/#website\",\"url\":\"http:\\\/\\\/gentedebasquet.com.ar\\\/sitio\\\/\",\"name\":\"Gente de B\u00e1squet\",\"description\":\"La revista del basquet de Bah\u00eda Blanca\",\"potentialAction\":[{\"@type\":\"SearchAction\",\"target\":{\"@type\":\"EntryPoint\",\"urlTemplate\":\"http:\\\/\\\/gentedebasquet.com.ar\\\/sitio\\\/?s={search_term_string}\"},\"query-input\":{\"@type\":\"PropertyValueSpecification\",\"valueRequired\":true,\"valueName\":\"search_term_string\"}}],\"inLanguage\":\"es\"},{\"@type\":\"Person\",\"@id\":\"http:\\\/\\\/gentedebasquet.com.ar\\\/sitio\\\/#\\\/schema\\\/person\\\/ca0b63bbb977369988a7bbbdc519943a\",\"name\":\"Gente de B\u00e1squet\",\"image\":{\"@type\":\"ImageObject\",\"inLanguage\":\"es\",\"@id\":\"https:\\\/\\\/secure.gravatar.com\\\/avatar\\\/7f2c48bdc33b30088f941fb6082e555f2874c98e20cb159d7b92b50eadfce793?s=96&d=mm&r=g\",\"url\":\"https:\\\/\\\/secure.gravatar.com\\\/avatar\\\/7f2c48bdc33b30088f941fb6082e555f2874c98e20cb159d7b92b50eadfce793?s=96&d=mm&r=g\",\"contentUrl\":\"https:\\\/\\\/secure.gravatar.com\\\/avatar\\\/7f2c48bdc33b30088f941fb6082e555f2874c98e20cb159d7b92b50eadfce793?s=96&d=mm&r=g\",\"caption\":\"Gente de B\u00e1squet\"},\"sameAs\":[\"http:\\\/\\\/gentedebasquet.com.ar\\\/sitio\"],\"url\":\"https:\\\/\\\/gentedebasquet.com.ar\\\/sitio\\\/author\\\/ulises\\\/\"}]}<\/script>\n<!-- \/ Yoast SEO plugin. -->","yoast_head_json":{"title":"Carci, el ni\u00f1o pr\u00f3digo - Gente de B\u00e1squet","robots":{"index":"index","follow":"follow","max-snippet":"max-snippet:-1","max-image-preview":"max-image-preview:large","max-video-preview":"max-video-preview:-1"},"canonical":"https:\/\/gentedebasquet.com.ar\/sitio\/2015\/11\/03\/carci-el-nino-prodigo\/","og_locale":"es_ES","og_type":"article","og_title":"Carci, el ni\u00f1o pr\u00f3digo - Gente de B\u00e1squet","og_description":"Con un doble de Dami\u00e1n (24) en la \u00faltima bola, Estrella venci\u00f3 a Whitense por 72 a 70","og_url":"https:\/\/gentedebasquet.com.ar\/sitio\/2015\/11\/03\/carci-el-nino-prodigo\/","og_site_name":"Gente de B\u00e1squet","article_published_time":"2015-11-04T02:50:57+00:00","og_image":[{"width":690,"height":318,"url":"https:\/\/gentedebasquet.com.ar\/sitio\/wp-content\/uploads\/2015\/11\/12207745_10203279270581755_685827942_n.jpg","type":"image\/jpeg"}],"author":"Gente de B\u00e1squet","twitter_card":"summary_large_image","twitter_misc":{"Escrito por":"Gente de B\u00e1squet","Tiempo de lectura":"2 minutos"},"schema":{"@context":"https:\/\/schema.org","@graph":[{"@type":"Article","@id":"https:\/\/gentedebasquet.com.ar\/sitio\/2015\/11\/03\/carci-el-nino-prodigo\/#article","isPartOf":{"@id":"https:\/\/gentedebasquet.com.ar\/sitio\/2015\/11\/03\/carci-el-nino-prodigo\/"},"author":{"name":"Gente de B\u00e1squet","@id":"http:\/\/gentedebasquet.com.ar\/sitio\/#\/schema\/person\/ca0b63bbb977369988a7bbbdc519943a"},"headline":"Carci, el ni\u00f1o pr\u00f3digo","datePublished":"2015-11-04T02:50:57+00:00","mainEntityOfPage":{"@id":"https:\/\/gentedebasquet.com.ar\/sitio\/2015\/11\/03\/carci-el-nino-prodigo\/"},"wordCount":489,"image":{"@id":"https:\/\/gentedebasquet.com.ar\/sitio\/2015\/11\/03\/carci-el-nino-prodigo\/#primaryimage"},"thumbnailUrl":"https:\/\/gentedebasquet.com.ar\/sitio\/wp-content\/uploads\/2015\/11\/12207745_10203279270581755_685827942_n.jpg","keywords":["Alejandro Chotard","Andr\u00e9s Almir\u00f3n","Dami\u00e1n Carci","Estrella","Franco Cardone","Mat\u00edas Fern\u00e1ndez","Mauro Veliz","Whitense"],"articleSection":["Segunda","Slide"],"inLanguage":"es"},{"@type":"WebPage","@id":"https:\/\/gentedebasquet.com.ar\/sitio\/2015\/11\/03\/carci-el-nino-prodigo\/","url":"https:\/\/gentedebasquet.com.ar\/sitio\/2015\/11\/03\/carci-el-nino-prodigo\/","name":"Carci, el ni\u00f1o pr\u00f3digo - Gente de B\u00e1squet","isPartOf":{"@id":"http:\/\/gentedebasquet.com.ar\/sitio\/#website"},"primaryImageOfPage":{"@id":"https:\/\/gentedebasquet.com.ar\/sitio\/2015\/11\/03\/carci-el-nino-prodigo\/#primaryimage"},"image":{"@id":"https:\/\/gentedebasquet.com.ar\/sitio\/2015\/11\/03\/carci-el-nino-prodigo\/#primaryimage"},"thumbnailUrl":"https:\/\/gentedebasquet.com.ar\/sitio\/wp-content\/uploads\/2015\/11\/12207745_10203279270581755_685827942_n.jpg","datePublished":"2015-11-04T02:50:57+00:00","author":{"@id":"http:\/\/gentedebasquet.com.ar\/sitio\/#\/schema\/person\/ca0b63bbb977369988a7bbbdc519943a"},"breadcrumb":{"@id":"https:\/\/gentedebasquet.com.ar\/sitio\/2015\/11\/03\/carci-el-nino-prodigo\/#breadcrumb"},"inLanguage":"es","potentialAction":[{"@type":"ReadAction","target":["https:\/\/gentedebasquet.com.ar\/sitio\/2015\/11\/03\/carci-el-nino-prodigo\/"]}]},{"@type":"ImageObject","inLanguage":"es","@id":"https:\/\/gentedebasquet.com.ar\/sitio\/2015\/11\/03\/carci-el-nino-prodigo\/#primaryimage","url":"https:\/\/gentedebasquet.com.ar\/sitio\/wp-content\/uploads\/2015\/11\/12207745_10203279270581755_685827942_n.jpg","contentUrl":"https:\/\/gentedebasquet.com.ar\/sitio\/wp-content\/uploads\/2015\/11\/12207745_10203279270581755_685827942_n.jpg","width":690,"height":318},{"@type":"BreadcrumbList","@id":"https:\/\/gentedebasquet.com.ar\/sitio\/2015\/11\/03\/carci-el-nino-prodigo\/#breadcrumb","itemListElement":[{"@type":"ListItem","position":1,"name":"Portada","item":"http:\/\/gentedebasquet.com.ar\/sitio\/"},{"@type":"ListItem","position":2,"name":"Carci, el ni\u00f1o pr\u00f3digo"}]},{"@type":"WebSite","@id":"http:\/\/gentedebasquet.com.ar\/sitio\/#website","url":"http:\/\/gentedebasquet.com.ar\/sitio\/","name":"Gente de B\u00e1squet","description":"La revista del basquet de Bah\u00eda Blanca","potentialAction":[{"@type":"SearchAction","target":{"@type":"EntryPoint","urlTemplate":"http:\/\/gentedebasquet.com.ar\/sitio\/?s={search_term_string}"},"query-input":{"@type":"PropertyValueSpecification","valueRequired":true,"valueName":"search_term_string"}}],"inLanguage":"es"},{"@type":"Person","@id":"http:\/\/gentedebasquet.com.ar\/sitio\/#\/schema\/person\/ca0b63bbb977369988a7bbbdc519943a","name":"Gente de B\u00e1squet","image":{"@type":"ImageObject","inLanguage":"es","@id":"https:\/\/secure.gravatar.com\/avatar\/7f2c48bdc33b30088f941fb6082e555f2874c98e20cb159d7b92b50eadfce793?s=96&d=mm&r=g","url":"https:\/\/secure.gravatar.com\/avatar\/7f2c48bdc33b30088f941fb6082e555f2874c98e20cb159d7b92b50eadfce793?s=96&d=mm&r=g","contentUrl":"https:\/\/secure.gravatar.com\/avatar\/7f2c48bdc33b30088f941fb6082e555f2874c98e20cb159d7b92b50eadfce793?s=96&d=mm&r=g","caption":"Gente de B\u00e1squet"},"sameAs":["http:\/\/gentedebasquet.com.ar\/sitio"],"url":"https:\/\/gentedebasquet.com.ar\/sitio\/author\/ulises\/"}]}},"_links":{"self":[{"href":"https:\/\/gentedebasquet.com.ar\/sitio\/wp-json\/wp\/v2\/posts\/53570","targetHints":{"allow":["GET"]}}],"collection":[{"href":"https:\/\/gentedebasquet.com.ar\/sitio\/wp-json\/wp\/v2\/posts"}],"about":[{"href":"https:\/\/gentedebasquet.com.ar\/sitio\/wp-json\/wp\/v2\/types\/post"}],"author":[{"embeddable":true,"href":"https:\/\/gentedebasquet.com.ar\/sitio\/wp-json\/wp\/v2\/users\/1"}],"replies":[{"embeddable":true,"href":"https:\/\/gentedebasquet.com.ar\/sitio\/wp-json\/wp\/v2\/comments?post=53570"}],"version-history":[{"count":0,"href":"https:\/\/gentedebasquet.com.ar\/sitio\/wp-json\/wp\/v2\/posts\/53570\/revisions"}],"wp:featuredmedia":[{"embeddable":true,"href":"https:\/\/gentedebasquet.com.ar\/sitio\/wp-json\/wp\/v2\/media\/53571"}],"wp:attachment":[{"href":"https:\/\/gentedebasquet.com.ar\/sitio\/wp-json\/wp\/v2\/media?parent=53570"}],"wp:term":[{"taxonomy":"category","embeddable":true,"href":"https:\/\/gentedebasquet.com.ar\/sitio\/wp-json\/wp\/v2\/categories?post=53570"},{"taxonomy":"post_tag","embeddable":true,"href":"https:\/\/gentedebasquet.com.ar\/sitio\/wp-json\/wp\/v2\/tags?post=53570"}],"curies":[{"name":"wp","href":"https:\/\/api.w.org\/{rel}","templated":true}]}}