{"id":53715,"date":"2015-11-07T23:13:32","date_gmt":"2015-11-08T02:13:32","guid":{"rendered":"http:\/\/www.gentedebasquet.com.ar\/?p=53715"},"modified":"2015-11-07T23:13:32","modified_gmt":"2015-11-08T02:13:32","slug":"bahia-se-hizo-fuerte-en-junin","status":"publish","type":"post","link":"https:\/\/gentedebasquet.com.ar\/sitio\/2015\/11\/07\/bahia-se-hizo-fuerte-en-junin\/","title":{"rendered":"Bah\u00eda se hizo fuerte en Jun\u00edn"},"content":{"rendered":"<p><strong>Por primera vez para la franquicia, Bah\u00eda Basket gan\u00f3 en Jun\u00edn ante Argentino&#8230; y lo hizo sufriendo hasta la \u00faltima pelota. Franco Balbi lanz\u00f3 un triple y fall\u00f3, aunque tambi\u00e9n lo hizo Crawfrd, en cachetada. All\u00ed si se consum\u00f3 la victoria bahiense por 68 a 67, que cont\u00f3 con notables actuaciones de Jamaal Levy (22, con 4\/6 en triples, y 9 rebotes) y Tyron Thomas (19). El conjunto de Sebasti\u00e1n Gin\u00f3bili volver\u00e1 a jugar el martes 17, como local y ante Pe\u00f1arol.<\/strong><\/p>\n<p>En un primer cuarto pobre desde el nivel basquetbol\u00edstico ofrecido por ambos equipos, sobre todo a la hora de atacar el aro, los dirigidos por Sebasti\u00e1n Gin\u00f3bili supieron sacar mayores r\u00e9ditos en los momentos que pudieron correr, armar ofensivas r\u00e1pidas y aprovecharse de un rival que mostr\u00f3 poco. De esta manera, con 6 puntos del pivote extranjero Sean Carter, terminaron arriba por 16-9.<\/p>\n<p>Si bien la historia cambi\u00f3 a favor del local desde la doble base compuesta por Franco Balbi (9 tantos) y el juvenil Gast\u00f3n Garc\u00eda (3 asistencias), ya que le present\u00f3 un mejor armado del juego y le dio otra din\u00e1mica, logr\u00f3 darlo vuelta por 25-21 a falta de 5 minutos 8 segundos; sin embargo, un mejor cierre por parte de la visita, con una r\u00e1faga de 9-1, termin\u00f3 dejando el tanteador en un 30-26.<\/p>\n<p>La tendencia continu\u00f3 en el tercer per\u00edodo, nuevamente la pelota le lleg\u00f3 a los jugadores mejores ubicados de Bah\u00eda Basket, principalmente al ala-pivote paname\u00f1o, Jamaal Levy, que sac\u00f3 a relucir todo su repertorio anotando dentro de la pintura (3-4 en dobles) y fuera del per\u00edmetro (3-3 en triples) para dejar adelante a los suyos por 52-41 de cara a los 10 minutos finales.<\/p>\n<p>El \u2018Turco\u2019 volvi\u00f3 a cambiar la cara, descans\u00f3 en Juan Cangelosi (12 unidades) y en una mejor defensa, para ilusionarse con una remontada que le permita cortar una racha de cuatro derrotas consecutivas, aunque no le alcanz\u00f3 y los bahienses se llevaron un gran triunfo con un ajustado 68-67.<\/p>\n<p>Pensando en lo que viene, el \u2018Azul\u2019 juninense tendr\u00e1 que ir a realizar una gira por Capital Federal, donde chocar\u00e1 el pr\u00f3ximo martes con Ferro Carril Oeste y el jueves con Boca; mientas que el elenco del sur de la provincia de Buenos Aires esperar\u00e1 hasta el 17 de este mes para enfrentar a Pe\u00f1arol de Mar de Plata.<\/p>\n<p>&nbsp;<\/p>\n<p><strong>S\u00edntesis |<\/strong> Liga Nacional &#8211; Conferencia Sur<\/p>\n<p><span style=\"line-height: 1.5em;\"><strong>Argentino (Jun\u00edn) 67:<\/strong> Franco Balbi 20, Emiliano Basabe 5, Juan Cangelosi 20, Nathan Carter 7, Ignacio Alessio 7 (Fi); Gast\u00f3n Garc\u00eda 3, Mateo Pastorino 0, Genaro Lorio 0 y Chaz Crawford 5. DT: Ariel Rearte.<\/span><\/p>\n<p><span style=\"line-height: 1.5em;\"><strong>Bah\u00eda Basket 68:<\/strong> Gast\u00f3n Whelan 3, Lucio Redivo 6, Taylor Thomas 19, Jaamal Levy 22, Sean Carter 7 (Fi); Facundo Corval\u00e1n 2, M\u00e1ximo Fjellerup 0, Hern\u00e1n Jasen 7, Ariel Ramos y Santiago Vaulet 2. DT: Sebasti\u00e1n Gin\u00f3bili.<\/span><\/p>\n<p><span style=\"line-height: 1.5em;\"><strong>Parciales:<\/strong> 9-16, 26-30 (17-14), 41-52 (15-22) y 67-68 (26-16).<\/span><\/p>\n<p><strong>\u00c1rbitros:<\/strong> Juan Fern\u00e1ndez &#8211; Julio Dinamarca.<\/p>\n<p><strong>Estadio:<\/strong> Fort\u00edn de Las Morochas (Argentino).<\/p>\n<p><a href=\"http:\/\/www.fibalivestats.com\/u\/ADC\/139788\/\" target=\"_blank\" rel=\"noopener\">ESTAD\u00cdSTICAS OFICIALES<\/a><\/p>\n<p><span style=\"line-height: 1.5em;\"><strong>Fuente:<\/strong> T\u00e9lam<\/span><\/p>\n<p><span style=\"line-height: 1.5em;\"><strong>Foto:<\/strong> Prensa LNB<\/span><\/p>\n","protected":false},"excerpt":{"rendered":"<p>Por primera vez, el conjunto bahiense derrot\u00f3 a Argentino como visitante: 67-68<\/p>\n","protected":false},"author":1,"featured_media":53716,"comment_status":"closed","ping_status":"open","sticky":false,"template":"","format":"standard","meta":{"jnews-multi-image_gallery":[],"jnews_single_post":[],"jnews_primary_category":[],"footnotes":""},"categories":[57,43,39,101],"tags":[310,58,492,340,78,155,1081],"class_list":["post-53715","post","type-post","status-publish","format-standard","has-post-thumbnail","hentry","category-bahia-basket","category-la-liga","category-nacional","category-slide","tag-argentino-de-junin","tag-bahiabasket","tag-hernan-jasen","tag-jamaal-levy","tag-lnb","tag-lucio-redivo","tag-tayron-thomas"],"yoast_head":"<!-- This site is optimized with the Yoast SEO plugin v27.5 - https:\/\/yoast.com\/product\/yoast-seo-wordpress\/ -->\n<title>Bah\u00eda se hizo fuerte en Jun\u00edn - Gente de B\u00e1squet<\/title>\n<meta name=\"robots\" content=\"index, follow, max-snippet:-1, max-image-preview:large, max-video-preview:-1\" \/>\n<link rel=\"canonical\" href=\"https:\/\/gentedebasquet.com.ar\/sitio\/2015\/11\/07\/bahia-se-hizo-fuerte-en-junin\/\" \/>\n<meta property=\"og:locale\" content=\"es_ES\" \/>\n<meta property=\"og:type\" content=\"article\" \/>\n<meta property=\"og:title\" content=\"Bah\u00eda se hizo fuerte en Jun\u00edn - Gente de B\u00e1squet\" \/>\n<meta property=\"og:description\" content=\"Por primera vez, el conjunto bahiense derrot\u00f3 a Argentino como visitante: 67-68\" \/>\n<meta property=\"og:url\" content=\"https:\/\/gentedebasquet.com.ar\/sitio\/2015\/11\/07\/bahia-se-hizo-fuerte-en-junin\/\" \/>\n<meta property=\"og:site_name\" content=\"Gente de B\u00e1squet\" \/>\n<meta property=\"article:published_time\" content=\"2015-11-08T02:13:32+00:00\" \/>\n<meta property=\"og:image\" content=\"https:\/\/gentedebasquet.com.ar\/sitio\/wp-content\/uploads\/2015\/11\/Carter-Argentino-Bahia-Basket.jpg\" \/>\n\t<meta property=\"og:image:width\" content=\"690\" \/>\n\t<meta property=\"og:image:height\" content=\"319\" \/>\n\t<meta property=\"og:image:type\" content=\"image\/jpeg\" \/>\n<meta name=\"author\" content=\"Gente de B\u00e1squet\" \/>\n<meta name=\"twitter:card\" content=\"summary_large_image\" \/>\n<meta name=\"twitter:label1\" content=\"Escrito por\" \/>\n\t<meta name=\"twitter:data1\" content=\"Gente de B\u00e1squet\" \/>\n\t<meta name=\"twitter:label2\" content=\"Tiempo de lectura\" \/>\n\t<meta name=\"twitter:data2\" content=\"2 minutos\" \/>\n<script type=\"application\/ld+json\" class=\"yoast-schema-graph\">{\"@context\":\"https:\\\/\\\/schema.org\",\"@graph\":[{\"@type\":\"Article\",\"@id\":\"https:\\\/\\\/gentedebasquet.com.ar\\\/sitio\\\/2015\\\/11\\\/07\\\/bahia-se-hizo-fuerte-en-junin\\\/#article\",\"isPartOf\":{\"@id\":\"https:\\\/\\\/gentedebasquet.com.ar\\\/sitio\\\/2015\\\/11\\\/07\\\/bahia-se-hizo-fuerte-en-junin\\\/\"},\"author\":{\"name\":\"Gente de B\u00e1squet\",\"@id\":\"https:\\\/\\\/gentedebasquet.com.ar\\\/sitio\\\/#\\\/schema\\\/person\\\/ca0b63bbb977369988a7bbbdc519943a\"},\"headline\":\"Bah\u00eda se hizo fuerte en Jun\u00edn\",\"datePublished\":\"2015-11-08T02:13:32+00:00\",\"mainEntityOfPage\":{\"@id\":\"https:\\\/\\\/gentedebasquet.com.ar\\\/sitio\\\/2015\\\/11\\\/07\\\/bahia-se-hizo-fuerte-en-junin\\\/\"},\"wordCount\":506,\"image\":{\"@id\":\"https:\\\/\\\/gentedebasquet.com.ar\\\/sitio\\\/2015\\\/11\\\/07\\\/bahia-se-hizo-fuerte-en-junin\\\/#primaryimage\"},\"thumbnailUrl\":\"https:\\\/\\\/gentedebasquet.com.ar\\\/sitio\\\/wp-content\\\/uploads\\\/2015\\\/11\\\/Carter-Argentino-Bahia-Basket.jpg\",\"keywords\":[\"Argentino de Jun\u00edn\",\"Bah\u00eda Basket\",\"Hern\u00e1n Jasen\",\"Jamaal Levy\",\"LNB\",\"Lucio Redivo\",\"Tayron Thomas\"],\"articleSection\":[\"Bah\u00eda Basket\",\"Liga Nacional\",\"Nacional\",\"Slide\"],\"inLanguage\":\"es\"},{\"@type\":\"WebPage\",\"@id\":\"https:\\\/\\\/gentedebasquet.com.ar\\\/sitio\\\/2015\\\/11\\\/07\\\/bahia-se-hizo-fuerte-en-junin\\\/\",\"url\":\"https:\\\/\\\/gentedebasquet.com.ar\\\/sitio\\\/2015\\\/11\\\/07\\\/bahia-se-hizo-fuerte-en-junin\\\/\",\"name\":\"Bah\u00eda se hizo fuerte en Jun\u00edn - Gente de B\u00e1squet\",\"isPartOf\":{\"@id\":\"https:\\\/\\\/gentedebasquet.com.ar\\\/sitio\\\/#website\"},\"primaryImageOfPage\":{\"@id\":\"https:\\\/\\\/gentedebasquet.com.ar\\\/sitio\\\/2015\\\/11\\\/07\\\/bahia-se-hizo-fuerte-en-junin\\\/#primaryimage\"},\"image\":{\"@id\":\"https:\\\/\\\/gentedebasquet.com.ar\\\/sitio\\\/2015\\\/11\\\/07\\\/bahia-se-hizo-fuerte-en-junin\\\/#primaryimage\"},\"thumbnailUrl\":\"https:\\\/\\\/gentedebasquet.com.ar\\\/sitio\\\/wp-content\\\/uploads\\\/2015\\\/11\\\/Carter-Argentino-Bahia-Basket.jpg\",\"datePublished\":\"2015-11-08T02:13:32+00:00\",\"author\":{\"@id\":\"https:\\\/\\\/gentedebasquet.com.ar\\\/sitio\\\/#\\\/schema\\\/person\\\/ca0b63bbb977369988a7bbbdc519943a\"},\"breadcrumb\":{\"@id\":\"https:\\\/\\\/gentedebasquet.com.ar\\\/sitio\\\/2015\\\/11\\\/07\\\/bahia-se-hizo-fuerte-en-junin\\\/#breadcrumb\"},\"inLanguage\":\"es\",\"potentialAction\":[{\"@type\":\"ReadAction\",\"target\":[\"https:\\\/\\\/gentedebasquet.com.ar\\\/sitio\\\/2015\\\/11\\\/07\\\/bahia-se-hizo-fuerte-en-junin\\\/\"]}]},{\"@type\":\"ImageObject\",\"inLanguage\":\"es\",\"@id\":\"https:\\\/\\\/gentedebasquet.com.ar\\\/sitio\\\/2015\\\/11\\\/07\\\/bahia-se-hizo-fuerte-en-junin\\\/#primaryimage\",\"url\":\"https:\\\/\\\/gentedebasquet.com.ar\\\/sitio\\\/wp-content\\\/uploads\\\/2015\\\/11\\\/Carter-Argentino-Bahia-Basket.jpg\",\"contentUrl\":\"https:\\\/\\\/gentedebasquet.com.ar\\\/sitio\\\/wp-content\\\/uploads\\\/2015\\\/11\\\/Carter-Argentino-Bahia-Basket.jpg\",\"width\":690,\"height\":319},{\"@type\":\"BreadcrumbList\",\"@id\":\"https:\\\/\\\/gentedebasquet.com.ar\\\/sitio\\\/2015\\\/11\\\/07\\\/bahia-se-hizo-fuerte-en-junin\\\/#breadcrumb\",\"itemListElement\":[{\"@type\":\"ListItem\",\"position\":1,\"name\":\"Portada\",\"item\":\"https:\\\/\\\/gentedebasquet.com.ar\\\/sitio\\\/\"},{\"@type\":\"ListItem\",\"position\":2,\"name\":\"Bah\u00eda se hizo fuerte en Jun\u00edn\"}]},{\"@type\":\"WebSite\",\"@id\":\"https:\\\/\\\/gentedebasquet.com.ar\\\/sitio\\\/#website\",\"url\":\"https:\\\/\\\/gentedebasquet.com.ar\\\/sitio\\\/\",\"name\":\"Gente de B\u00e1squet\",\"description\":\"La revista del basquet de Bah\u00eda Blanca\",\"potentialAction\":[{\"@type\":\"SearchAction\",\"target\":{\"@type\":\"EntryPoint\",\"urlTemplate\":\"https:\\\/\\\/gentedebasquet.com.ar\\\/sitio\\\/?s={search_term_string}\"},\"query-input\":{\"@type\":\"PropertyValueSpecification\",\"valueRequired\":true,\"valueName\":\"search_term_string\"}}],\"inLanguage\":\"es\"},{\"@type\":\"Person\",\"@id\":\"https:\\\/\\\/gentedebasquet.com.ar\\\/sitio\\\/#\\\/schema\\\/person\\\/ca0b63bbb977369988a7bbbdc519943a\",\"name\":\"Gente de B\u00e1squet\",\"image\":{\"@type\":\"ImageObject\",\"inLanguage\":\"es\",\"@id\":\"https:\\\/\\\/secure.gravatar.com\\\/avatar\\\/7f2c48bdc33b30088f941fb6082e555f2874c98e20cb159d7b92b50eadfce793?s=96&d=mm&r=g\",\"url\":\"https:\\\/\\\/secure.gravatar.com\\\/avatar\\\/7f2c48bdc33b30088f941fb6082e555f2874c98e20cb159d7b92b50eadfce793?s=96&d=mm&r=g\",\"contentUrl\":\"https:\\\/\\\/secure.gravatar.com\\\/avatar\\\/7f2c48bdc33b30088f941fb6082e555f2874c98e20cb159d7b92b50eadfce793?s=96&d=mm&r=g\",\"caption\":\"Gente de B\u00e1squet\"},\"sameAs\":[\"http:\\\/\\\/gentedebasquet.com.ar\\\/sitio\"],\"url\":\"https:\\\/\\\/gentedebasquet.com.ar\\\/sitio\\\/author\\\/ulises\\\/\"}]}<\/script>\n<!-- \/ Yoast SEO plugin. -->","yoast_head_json":{"title":"Bah\u00eda se hizo fuerte en Jun\u00edn - Gente de B\u00e1squet","robots":{"index":"index","follow":"follow","max-snippet":"max-snippet:-1","max-image-preview":"max-image-preview:large","max-video-preview":"max-video-preview:-1"},"canonical":"https:\/\/gentedebasquet.com.ar\/sitio\/2015\/11\/07\/bahia-se-hizo-fuerte-en-junin\/","og_locale":"es_ES","og_type":"article","og_title":"Bah\u00eda se hizo fuerte en Jun\u00edn - Gente de B\u00e1squet","og_description":"Por primera vez, el conjunto bahiense derrot\u00f3 a Argentino como visitante: 67-68","og_url":"https:\/\/gentedebasquet.com.ar\/sitio\/2015\/11\/07\/bahia-se-hizo-fuerte-en-junin\/","og_site_name":"Gente de B\u00e1squet","article_published_time":"2015-11-08T02:13:32+00:00","og_image":[{"width":690,"height":319,"url":"https:\/\/gentedebasquet.com.ar\/sitio\/wp-content\/uploads\/2015\/11\/Carter-Argentino-Bahia-Basket.jpg","type":"image\/jpeg"}],"author":"Gente de B\u00e1squet","twitter_card":"summary_large_image","twitter_misc":{"Escrito por":"Gente de B\u00e1squet","Tiempo de lectura":"2 minutos"},"schema":{"@context":"https:\/\/schema.org","@graph":[{"@type":"Article","@id":"https:\/\/gentedebasquet.com.ar\/sitio\/2015\/11\/07\/bahia-se-hizo-fuerte-en-junin\/#article","isPartOf":{"@id":"https:\/\/gentedebasquet.com.ar\/sitio\/2015\/11\/07\/bahia-se-hizo-fuerte-en-junin\/"},"author":{"name":"Gente de B\u00e1squet","@id":"https:\/\/gentedebasquet.com.ar\/sitio\/#\/schema\/person\/ca0b63bbb977369988a7bbbdc519943a"},"headline":"Bah\u00eda se hizo fuerte en Jun\u00edn","datePublished":"2015-11-08T02:13:32+00:00","mainEntityOfPage":{"@id":"https:\/\/gentedebasquet.com.ar\/sitio\/2015\/11\/07\/bahia-se-hizo-fuerte-en-junin\/"},"wordCount":506,"image":{"@id":"https:\/\/gentedebasquet.com.ar\/sitio\/2015\/11\/07\/bahia-se-hizo-fuerte-en-junin\/#primaryimage"},"thumbnailUrl":"https:\/\/gentedebasquet.com.ar\/sitio\/wp-content\/uploads\/2015\/11\/Carter-Argentino-Bahia-Basket.jpg","keywords":["Argentino de Jun\u00edn","Bah\u00eda Basket","Hern\u00e1n Jasen","Jamaal Levy","LNB","Lucio Redivo","Tayron Thomas"],"articleSection":["Bah\u00eda Basket","Liga Nacional","Nacional","Slide"],"inLanguage":"es"},{"@type":"WebPage","@id":"https:\/\/gentedebasquet.com.ar\/sitio\/2015\/11\/07\/bahia-se-hizo-fuerte-en-junin\/","url":"https:\/\/gentedebasquet.com.ar\/sitio\/2015\/11\/07\/bahia-se-hizo-fuerte-en-junin\/","name":"Bah\u00eda se hizo fuerte en Jun\u00edn - Gente de B\u00e1squet","isPartOf":{"@id":"https:\/\/gentedebasquet.com.ar\/sitio\/#website"},"primaryImageOfPage":{"@id":"https:\/\/gentedebasquet.com.ar\/sitio\/2015\/11\/07\/bahia-se-hizo-fuerte-en-junin\/#primaryimage"},"image":{"@id":"https:\/\/gentedebasquet.com.ar\/sitio\/2015\/11\/07\/bahia-se-hizo-fuerte-en-junin\/#primaryimage"},"thumbnailUrl":"https:\/\/gentedebasquet.com.ar\/sitio\/wp-content\/uploads\/2015\/11\/Carter-Argentino-Bahia-Basket.jpg","datePublished":"2015-11-08T02:13:32+00:00","author":{"@id":"https:\/\/gentedebasquet.com.ar\/sitio\/#\/schema\/person\/ca0b63bbb977369988a7bbbdc519943a"},"breadcrumb":{"@id":"https:\/\/gentedebasquet.com.ar\/sitio\/2015\/11\/07\/bahia-se-hizo-fuerte-en-junin\/#breadcrumb"},"inLanguage":"es","potentialAction":[{"@type":"ReadAction","target":["https:\/\/gentedebasquet.com.ar\/sitio\/2015\/11\/07\/bahia-se-hizo-fuerte-en-junin\/"]}]},{"@type":"ImageObject","inLanguage":"es","@id":"https:\/\/gentedebasquet.com.ar\/sitio\/2015\/11\/07\/bahia-se-hizo-fuerte-en-junin\/#primaryimage","url":"https:\/\/gentedebasquet.com.ar\/sitio\/wp-content\/uploads\/2015\/11\/Carter-Argentino-Bahia-Basket.jpg","contentUrl":"https:\/\/gentedebasquet.com.ar\/sitio\/wp-content\/uploads\/2015\/11\/Carter-Argentino-Bahia-Basket.jpg","width":690,"height":319},{"@type":"BreadcrumbList","@id":"https:\/\/gentedebasquet.com.ar\/sitio\/2015\/11\/07\/bahia-se-hizo-fuerte-en-junin\/#breadcrumb","itemListElement":[{"@type":"ListItem","position":1,"name":"Portada","item":"https:\/\/gentedebasquet.com.ar\/sitio\/"},{"@type":"ListItem","position":2,"name":"Bah\u00eda se hizo fuerte en Jun\u00edn"}]},{"@type":"WebSite","@id":"https:\/\/gentedebasquet.com.ar\/sitio\/#website","url":"https:\/\/gentedebasquet.com.ar\/sitio\/","name":"Gente de B\u00e1squet","description":"La revista del basquet de Bah\u00eda Blanca","potentialAction":[{"@type":"SearchAction","target":{"@type":"EntryPoint","urlTemplate":"https:\/\/gentedebasquet.com.ar\/sitio\/?s={search_term_string}"},"query-input":{"@type":"PropertyValueSpecification","valueRequired":true,"valueName":"search_term_string"}}],"inLanguage":"es"},{"@type":"Person","@id":"https:\/\/gentedebasquet.com.ar\/sitio\/#\/schema\/person\/ca0b63bbb977369988a7bbbdc519943a","name":"Gente de B\u00e1squet","image":{"@type":"ImageObject","inLanguage":"es","@id":"https:\/\/secure.gravatar.com\/avatar\/7f2c48bdc33b30088f941fb6082e555f2874c98e20cb159d7b92b50eadfce793?s=96&d=mm&r=g","url":"https:\/\/secure.gravatar.com\/avatar\/7f2c48bdc33b30088f941fb6082e555f2874c98e20cb159d7b92b50eadfce793?s=96&d=mm&r=g","contentUrl":"https:\/\/secure.gravatar.com\/avatar\/7f2c48bdc33b30088f941fb6082e555f2874c98e20cb159d7b92b50eadfce793?s=96&d=mm&r=g","caption":"Gente de B\u00e1squet"},"sameAs":["http:\/\/gentedebasquet.com.ar\/sitio"],"url":"https:\/\/gentedebasquet.com.ar\/sitio\/author\/ulises\/"}]}},"_links":{"self":[{"href":"https:\/\/gentedebasquet.com.ar\/sitio\/wp-json\/wp\/v2\/posts\/53715","targetHints":{"allow":["GET"]}}],"collection":[{"href":"https:\/\/gentedebasquet.com.ar\/sitio\/wp-json\/wp\/v2\/posts"}],"about":[{"href":"https:\/\/gentedebasquet.com.ar\/sitio\/wp-json\/wp\/v2\/types\/post"}],"author":[{"embeddable":true,"href":"https:\/\/gentedebasquet.com.ar\/sitio\/wp-json\/wp\/v2\/users\/1"}],"replies":[{"embeddable":true,"href":"https:\/\/gentedebasquet.com.ar\/sitio\/wp-json\/wp\/v2\/comments?post=53715"}],"version-history":[{"count":0,"href":"https:\/\/gentedebasquet.com.ar\/sitio\/wp-json\/wp\/v2\/posts\/53715\/revisions"}],"wp:featuredmedia":[{"embeddable":true,"href":"https:\/\/gentedebasquet.com.ar\/sitio\/wp-json\/wp\/v2\/media\/53716"}],"wp:attachment":[{"href":"https:\/\/gentedebasquet.com.ar\/sitio\/wp-json\/wp\/v2\/media?parent=53715"}],"wp:term":[{"taxonomy":"category","embeddable":true,"href":"https:\/\/gentedebasquet.com.ar\/sitio\/wp-json\/wp\/v2\/categories?post=53715"},{"taxonomy":"post_tag","embeddable":true,"href":"https:\/\/gentedebasquet.com.ar\/sitio\/wp-json\/wp\/v2\/tags?post=53715"}],"curies":[{"name":"wp","href":"https:\/\/api.w.org\/{rel}","templated":true}]}}