{"id":53840,"date":"2015-11-10T19:29:41","date_gmt":"2015-11-10T22:29:41","guid":{"rendered":"http:\/\/www.gentedebasquet.com.ar\/?p=53840"},"modified":"2015-11-10T19:29:41","modified_gmt":"2015-11-10T22:29:41","slug":"jasen-vamos-por-buen-camino","status":"publish","type":"post","link":"https:\/\/gentedebasquet.com.ar\/sitio\/2015\/11\/10\/jasen-vamos-por-buen-camino\/","title":{"rendered":"Jasen: \u201cVamos por buen camino\u201d"},"content":{"rendered":"<p><strong>Bah\u00eda Basket cosech\u00f3 dos victorias en tres partidos, durante la \u00faltima gira de visitante. Ahora se prepara para enfrentar a Pe\u00f1arol y Obras como local. Luego viajar\u00e1 a Comodoro para cerrar la primera fase ante Gimnasia.<\/strong>\u00a0<strong>Hern\u00e1n Jasen, figura experta del equipo, analiz\u00f3 c\u00f3mo se vivieron los \u00faltimos juegos y valoriz\u00f3 el poder de autocr\u00edtica del equipo. Adem\u00e1s palpit\u00f3 los pr\u00f3ximos juegos en el Osvaldo Casanova.<\/strong><\/p>\n<p><em><strong>\u00bfCu\u00e1l es el balance que ha hecho el equipo luego de la \u00faltima gira?<\/strong><\/em><\/p>\n<p>Es positivo, sobre todo por como arrancamos la gira con un partido malo, de nuestra parte, donde no tuvimos opciones para llevarnos el partido perdimos por una diferencia amplia ante Boca. El equipo reaccion\u00f3 de la mejor manera sacando un muy buen partido contra Ferro. Creo que dominamos el juego desde un primer momento.\u00a0Despu\u00e9s, la dificultad que siempre es Argentino en su cancha pudimos neutralizarla y jugar de igual a igual, trayendo la victoria y una gran motivaci\u00f3n.\u00a0Es un gran s\u00edntoma haber sacado dos partidos de tres como visitante. Vamos por buen camino.<\/p>\n<p><em><strong>\u00bfEn d\u00f3nde estuvo el click para realizar el cambio, en tan poco tiempo, de la derrota ante Boca a la victoria contra Ferro?<\/strong><\/em><\/p>\n<p>Creo que lo bueno que tenemos es que hay autocr\u00edtica cuando se juega mal. El equipo cuando juega mal lo sabe e intenta cambiar y poder revertir situaciones malas.\u00a0Otra de las razones es que es un equipo joven, entonces pasa que somos muy irregulares.\u00a0Esto lo atribuyo a que hubo autocr\u00edtica y el plantel respondi\u00f3 en \u00f3ptimas condiciones.<\/p>\n<p><em><strong>\u00bfHay cosas para replantearse luego del final ajustado ante Argentino, en el cual el equipo no tuvo un buen cierre?<\/strong><\/em><\/p>\n<p>Hubo un par de jugadas que nos hicieron sufrir m\u00e1s de la cuenta porque ten\u00edamos el partido controlado. Sabemos que Argentino, en su cancha, no se da por vencido nunca y fueron errores que no podemos volver a cometer. Siempre es m\u00e1s f\u00e1cil corregirlos cuando se gana que cuando pierde. Tenemos que aprender de eso para que no se vuelva a repetir. Igualmente se festej\u00f3 mucho porque se cort\u00f3 una racha larga de derrotas en Jun\u00edn.<\/p>\n<p><em><strong>\u00bfQu\u00e9 se aprovecha en esta semana para preparar las local\u00edas?<\/strong><\/em><\/p>\n<p>Nosotros seguimos mentalizados en lo mismo. Tenemos que tratar de sumar la mayor cantidad de victorias en esta primera fase, pensar bien en seguir haci\u00e9ndonos fuertes de local, despu\u00e9s de la \u00faltima derrota ante San Lorenzo.\u00a0Vienen rivales duros, los tres son complicados (Pe\u00f1arol, Obras y Gimnasia) pero seguramente vamos a competir y haremos lo posible por ganarlos.<\/p>\n<p><strong>Fuente:<\/strong> Prensa Bah\u00eda Basket.<\/p>\n","protected":false},"excerpt":{"rendered":"<p>Pancho analiz\u00f3 c\u00f3mo se vivieron los \u00faltimos juegos y palpit\u00f3 el duelo con Pe\u00f1arol<\/p>\n","protected":false},"author":1,"featured_media":53839,"comment_status":"closed","ping_status":"open","sticky":false,"template":"","format":"standard","meta":{"jnews-multi-image_gallery":[],"jnews_single_post":[],"jnews_primary_category":[],"footnotes":""},"categories":[57,43,39,101],"tags":[58,492,78],"class_list":["post-53840","post","type-post","status-publish","format-standard","has-post-thumbnail","hentry","category-bahia-basket","category-la-liga","category-nacional","category-slide","tag-bahiabasket","tag-hernan-jasen","tag-lnb"],"yoast_head":"<!-- This site is optimized with the Yoast SEO plugin v27.5 - https:\/\/yoast.com\/product\/yoast-seo-wordpress\/ -->\n<title>Jasen: \u201cVamos por buen camino\u201d - Gente de B\u00e1squet<\/title>\n<meta name=\"robots\" content=\"index, follow, max-snippet:-1, max-image-preview:large, max-video-preview:-1\" \/>\n<link rel=\"canonical\" href=\"https:\/\/gentedebasquet.com.ar\/sitio\/2015\/11\/10\/jasen-vamos-por-buen-camino\/\" \/>\n<meta property=\"og:locale\" content=\"es_ES\" \/>\n<meta property=\"og:type\" content=\"article\" \/>\n<meta property=\"og:title\" content=\"Jasen: \u201cVamos por buen camino\u201d - Gente de B\u00e1squet\" \/>\n<meta property=\"og:description\" content=\"Pancho analiz\u00f3 c\u00f3mo se vivieron los \u00faltimos juegos y palpit\u00f3 el duelo con Pe\u00f1arol\" \/>\n<meta property=\"og:url\" content=\"https:\/\/gentedebasquet.com.ar\/sitio\/2015\/11\/10\/jasen-vamos-por-buen-camino\/\" \/>\n<meta property=\"og:site_name\" content=\"Gente de B\u00e1squet\" \/>\n<meta property=\"article:published_time\" content=\"2015-11-10T22:29:41+00:00\" \/>\n<meta property=\"og:image\" content=\"https:\/\/gentedebasquet.com.ar\/sitio\/wp-content\/uploads\/2015\/11\/Jasen.jpg\" \/>\n\t<meta property=\"og:image:width\" content=\"690\" \/>\n\t<meta property=\"og:image:height\" content=\"319\" \/>\n\t<meta property=\"og:image:type\" content=\"image\/jpeg\" \/>\n<meta name=\"author\" content=\"Gente de B\u00e1squet\" \/>\n<meta name=\"twitter:card\" content=\"summary_large_image\" \/>\n<meta name=\"twitter:label1\" content=\"Escrito por\" \/>\n\t<meta name=\"twitter:data1\" content=\"Gente de B\u00e1squet\" \/>\n\t<meta name=\"twitter:label2\" content=\"Tiempo de lectura\" \/>\n\t<meta name=\"twitter:data2\" content=\"2 minutos\" \/>\n<script type=\"application\/ld+json\" class=\"yoast-schema-graph\">{\"@context\":\"https:\\\/\\\/schema.org\",\"@graph\":[{\"@type\":\"Article\",\"@id\":\"https:\\\/\\\/gentedebasquet.com.ar\\\/sitio\\\/2015\\\/11\\\/10\\\/jasen-vamos-por-buen-camino\\\/#article\",\"isPartOf\":{\"@id\":\"https:\\\/\\\/gentedebasquet.com.ar\\\/sitio\\\/2015\\\/11\\\/10\\\/jasen-vamos-por-buen-camino\\\/\"},\"author\":{\"name\":\"Gente de B\u00e1squet\",\"@id\":\"https:\\\/\\\/gentedebasquet.com.ar\\\/sitio\\\/#\\\/schema\\\/person\\\/ca0b63bbb977369988a7bbbdc519943a\"},\"headline\":\"Jasen: \u201cVamos por buen camino\u201d\",\"datePublished\":\"2015-11-10T22:29:41+00:00\",\"mainEntityOfPage\":{\"@id\":\"https:\\\/\\\/gentedebasquet.com.ar\\\/sitio\\\/2015\\\/11\\\/10\\\/jasen-vamos-por-buen-camino\\\/\"},\"wordCount\":454,\"image\":{\"@id\":\"https:\\\/\\\/gentedebasquet.com.ar\\\/sitio\\\/2015\\\/11\\\/10\\\/jasen-vamos-por-buen-camino\\\/#primaryimage\"},\"thumbnailUrl\":\"https:\\\/\\\/gentedebasquet.com.ar\\\/sitio\\\/wp-content\\\/uploads\\\/2015\\\/11\\\/Jasen.jpg\",\"keywords\":[\"Bah\u00eda Basket\",\"Hern\u00e1n Jasen\",\"LNB\"],\"articleSection\":[\"Bah\u00eda Basket\",\"Liga Nacional\",\"Nacional\",\"Slide\"],\"inLanguage\":\"es\"},{\"@type\":\"WebPage\",\"@id\":\"https:\\\/\\\/gentedebasquet.com.ar\\\/sitio\\\/2015\\\/11\\\/10\\\/jasen-vamos-por-buen-camino\\\/\",\"url\":\"https:\\\/\\\/gentedebasquet.com.ar\\\/sitio\\\/2015\\\/11\\\/10\\\/jasen-vamos-por-buen-camino\\\/\",\"name\":\"Jasen: \u201cVamos por buen camino\u201d - Gente de B\u00e1squet\",\"isPartOf\":{\"@id\":\"https:\\\/\\\/gentedebasquet.com.ar\\\/sitio\\\/#website\"},\"primaryImageOfPage\":{\"@id\":\"https:\\\/\\\/gentedebasquet.com.ar\\\/sitio\\\/2015\\\/11\\\/10\\\/jasen-vamos-por-buen-camino\\\/#primaryimage\"},\"image\":{\"@id\":\"https:\\\/\\\/gentedebasquet.com.ar\\\/sitio\\\/2015\\\/11\\\/10\\\/jasen-vamos-por-buen-camino\\\/#primaryimage\"},\"thumbnailUrl\":\"https:\\\/\\\/gentedebasquet.com.ar\\\/sitio\\\/wp-content\\\/uploads\\\/2015\\\/11\\\/Jasen.jpg\",\"datePublished\":\"2015-11-10T22:29:41+00:00\",\"author\":{\"@id\":\"https:\\\/\\\/gentedebasquet.com.ar\\\/sitio\\\/#\\\/schema\\\/person\\\/ca0b63bbb977369988a7bbbdc519943a\"},\"breadcrumb\":{\"@id\":\"https:\\\/\\\/gentedebasquet.com.ar\\\/sitio\\\/2015\\\/11\\\/10\\\/jasen-vamos-por-buen-camino\\\/#breadcrumb\"},\"inLanguage\":\"es\",\"potentialAction\":[{\"@type\":\"ReadAction\",\"target\":[\"https:\\\/\\\/gentedebasquet.com.ar\\\/sitio\\\/2015\\\/11\\\/10\\\/jasen-vamos-por-buen-camino\\\/\"]}]},{\"@type\":\"ImageObject\",\"inLanguage\":\"es\",\"@id\":\"https:\\\/\\\/gentedebasquet.com.ar\\\/sitio\\\/2015\\\/11\\\/10\\\/jasen-vamos-por-buen-camino\\\/#primaryimage\",\"url\":\"https:\\\/\\\/gentedebasquet.com.ar\\\/sitio\\\/wp-content\\\/uploads\\\/2015\\\/11\\\/Jasen.jpg\",\"contentUrl\":\"https:\\\/\\\/gentedebasquet.com.ar\\\/sitio\\\/wp-content\\\/uploads\\\/2015\\\/11\\\/Jasen.jpg\",\"width\":690,\"height\":319},{\"@type\":\"BreadcrumbList\",\"@id\":\"https:\\\/\\\/gentedebasquet.com.ar\\\/sitio\\\/2015\\\/11\\\/10\\\/jasen-vamos-por-buen-camino\\\/#breadcrumb\",\"itemListElement\":[{\"@type\":\"ListItem\",\"position\":1,\"name\":\"Portada\",\"item\":\"https:\\\/\\\/gentedebasquet.com.ar\\\/sitio\\\/\"},{\"@type\":\"ListItem\",\"position\":2,\"name\":\"Jasen: \u201cVamos por buen camino\u201d\"}]},{\"@type\":\"WebSite\",\"@id\":\"https:\\\/\\\/gentedebasquet.com.ar\\\/sitio\\\/#website\",\"url\":\"https:\\\/\\\/gentedebasquet.com.ar\\\/sitio\\\/\",\"name\":\"Gente de B\u00e1squet\",\"description\":\"La revista del basquet de Bah\u00eda Blanca\",\"potentialAction\":[{\"@type\":\"SearchAction\",\"target\":{\"@type\":\"EntryPoint\",\"urlTemplate\":\"https:\\\/\\\/gentedebasquet.com.ar\\\/sitio\\\/?s={search_term_string}\"},\"query-input\":{\"@type\":\"PropertyValueSpecification\",\"valueRequired\":true,\"valueName\":\"search_term_string\"}}],\"inLanguage\":\"es\"},{\"@type\":\"Person\",\"@id\":\"https:\\\/\\\/gentedebasquet.com.ar\\\/sitio\\\/#\\\/schema\\\/person\\\/ca0b63bbb977369988a7bbbdc519943a\",\"name\":\"Gente de B\u00e1squet\",\"image\":{\"@type\":\"ImageObject\",\"inLanguage\":\"es\",\"@id\":\"https:\\\/\\\/secure.gravatar.com\\\/avatar\\\/7f2c48bdc33b30088f941fb6082e555f2874c98e20cb159d7b92b50eadfce793?s=96&d=mm&r=g\",\"url\":\"https:\\\/\\\/secure.gravatar.com\\\/avatar\\\/7f2c48bdc33b30088f941fb6082e555f2874c98e20cb159d7b92b50eadfce793?s=96&d=mm&r=g\",\"contentUrl\":\"https:\\\/\\\/secure.gravatar.com\\\/avatar\\\/7f2c48bdc33b30088f941fb6082e555f2874c98e20cb159d7b92b50eadfce793?s=96&d=mm&r=g\",\"caption\":\"Gente de B\u00e1squet\"},\"sameAs\":[\"http:\\\/\\\/gentedebasquet.com.ar\\\/sitio\"],\"url\":\"https:\\\/\\\/gentedebasquet.com.ar\\\/sitio\\\/author\\\/ulises\\\/\"}]}<\/script>\n<!-- \/ Yoast SEO plugin. -->","yoast_head_json":{"title":"Jasen: \u201cVamos por buen camino\u201d - Gente de B\u00e1squet","robots":{"index":"index","follow":"follow","max-snippet":"max-snippet:-1","max-image-preview":"max-image-preview:large","max-video-preview":"max-video-preview:-1"},"canonical":"https:\/\/gentedebasquet.com.ar\/sitio\/2015\/11\/10\/jasen-vamos-por-buen-camino\/","og_locale":"es_ES","og_type":"article","og_title":"Jasen: \u201cVamos por buen camino\u201d - Gente de B\u00e1squet","og_description":"Pancho analiz\u00f3 c\u00f3mo se vivieron los \u00faltimos juegos y palpit\u00f3 el duelo con Pe\u00f1arol","og_url":"https:\/\/gentedebasquet.com.ar\/sitio\/2015\/11\/10\/jasen-vamos-por-buen-camino\/","og_site_name":"Gente de B\u00e1squet","article_published_time":"2015-11-10T22:29:41+00:00","og_image":[{"width":690,"height":319,"url":"https:\/\/gentedebasquet.com.ar\/sitio\/wp-content\/uploads\/2015\/11\/Jasen.jpg","type":"image\/jpeg"}],"author":"Gente de B\u00e1squet","twitter_card":"summary_large_image","twitter_misc":{"Escrito por":"Gente de B\u00e1squet","Tiempo de lectura":"2 minutos"},"schema":{"@context":"https:\/\/schema.org","@graph":[{"@type":"Article","@id":"https:\/\/gentedebasquet.com.ar\/sitio\/2015\/11\/10\/jasen-vamos-por-buen-camino\/#article","isPartOf":{"@id":"https:\/\/gentedebasquet.com.ar\/sitio\/2015\/11\/10\/jasen-vamos-por-buen-camino\/"},"author":{"name":"Gente de B\u00e1squet","@id":"https:\/\/gentedebasquet.com.ar\/sitio\/#\/schema\/person\/ca0b63bbb977369988a7bbbdc519943a"},"headline":"Jasen: \u201cVamos por buen camino\u201d","datePublished":"2015-11-10T22:29:41+00:00","mainEntityOfPage":{"@id":"https:\/\/gentedebasquet.com.ar\/sitio\/2015\/11\/10\/jasen-vamos-por-buen-camino\/"},"wordCount":454,"image":{"@id":"https:\/\/gentedebasquet.com.ar\/sitio\/2015\/11\/10\/jasen-vamos-por-buen-camino\/#primaryimage"},"thumbnailUrl":"https:\/\/gentedebasquet.com.ar\/sitio\/wp-content\/uploads\/2015\/11\/Jasen.jpg","keywords":["Bah\u00eda Basket","Hern\u00e1n Jasen","LNB"],"articleSection":["Bah\u00eda Basket","Liga Nacional","Nacional","Slide"],"inLanguage":"es"},{"@type":"WebPage","@id":"https:\/\/gentedebasquet.com.ar\/sitio\/2015\/11\/10\/jasen-vamos-por-buen-camino\/","url":"https:\/\/gentedebasquet.com.ar\/sitio\/2015\/11\/10\/jasen-vamos-por-buen-camino\/","name":"Jasen: \u201cVamos por buen camino\u201d - Gente de B\u00e1squet","isPartOf":{"@id":"https:\/\/gentedebasquet.com.ar\/sitio\/#website"},"primaryImageOfPage":{"@id":"https:\/\/gentedebasquet.com.ar\/sitio\/2015\/11\/10\/jasen-vamos-por-buen-camino\/#primaryimage"},"image":{"@id":"https:\/\/gentedebasquet.com.ar\/sitio\/2015\/11\/10\/jasen-vamos-por-buen-camino\/#primaryimage"},"thumbnailUrl":"https:\/\/gentedebasquet.com.ar\/sitio\/wp-content\/uploads\/2015\/11\/Jasen.jpg","datePublished":"2015-11-10T22:29:41+00:00","author":{"@id":"https:\/\/gentedebasquet.com.ar\/sitio\/#\/schema\/person\/ca0b63bbb977369988a7bbbdc519943a"},"breadcrumb":{"@id":"https:\/\/gentedebasquet.com.ar\/sitio\/2015\/11\/10\/jasen-vamos-por-buen-camino\/#breadcrumb"},"inLanguage":"es","potentialAction":[{"@type":"ReadAction","target":["https:\/\/gentedebasquet.com.ar\/sitio\/2015\/11\/10\/jasen-vamos-por-buen-camino\/"]}]},{"@type":"ImageObject","inLanguage":"es","@id":"https:\/\/gentedebasquet.com.ar\/sitio\/2015\/11\/10\/jasen-vamos-por-buen-camino\/#primaryimage","url":"https:\/\/gentedebasquet.com.ar\/sitio\/wp-content\/uploads\/2015\/11\/Jasen.jpg","contentUrl":"https:\/\/gentedebasquet.com.ar\/sitio\/wp-content\/uploads\/2015\/11\/Jasen.jpg","width":690,"height":319},{"@type":"BreadcrumbList","@id":"https:\/\/gentedebasquet.com.ar\/sitio\/2015\/11\/10\/jasen-vamos-por-buen-camino\/#breadcrumb","itemListElement":[{"@type":"ListItem","position":1,"name":"Portada","item":"https:\/\/gentedebasquet.com.ar\/sitio\/"},{"@type":"ListItem","position":2,"name":"Jasen: \u201cVamos por buen camino\u201d"}]},{"@type":"WebSite","@id":"https:\/\/gentedebasquet.com.ar\/sitio\/#website","url":"https:\/\/gentedebasquet.com.ar\/sitio\/","name":"Gente de B\u00e1squet","description":"La revista del basquet de Bah\u00eda Blanca","potentialAction":[{"@type":"SearchAction","target":{"@type":"EntryPoint","urlTemplate":"https:\/\/gentedebasquet.com.ar\/sitio\/?s={search_term_string}"},"query-input":{"@type":"PropertyValueSpecification","valueRequired":true,"valueName":"search_term_string"}}],"inLanguage":"es"},{"@type":"Person","@id":"https:\/\/gentedebasquet.com.ar\/sitio\/#\/schema\/person\/ca0b63bbb977369988a7bbbdc519943a","name":"Gente de B\u00e1squet","image":{"@type":"ImageObject","inLanguage":"es","@id":"https:\/\/secure.gravatar.com\/avatar\/7f2c48bdc33b30088f941fb6082e555f2874c98e20cb159d7b92b50eadfce793?s=96&d=mm&r=g","url":"https:\/\/secure.gravatar.com\/avatar\/7f2c48bdc33b30088f941fb6082e555f2874c98e20cb159d7b92b50eadfce793?s=96&d=mm&r=g","contentUrl":"https:\/\/secure.gravatar.com\/avatar\/7f2c48bdc33b30088f941fb6082e555f2874c98e20cb159d7b92b50eadfce793?s=96&d=mm&r=g","caption":"Gente de B\u00e1squet"},"sameAs":["http:\/\/gentedebasquet.com.ar\/sitio"],"url":"https:\/\/gentedebasquet.com.ar\/sitio\/author\/ulises\/"}]}},"_links":{"self":[{"href":"https:\/\/gentedebasquet.com.ar\/sitio\/wp-json\/wp\/v2\/posts\/53840","targetHints":{"allow":["GET"]}}],"collection":[{"href":"https:\/\/gentedebasquet.com.ar\/sitio\/wp-json\/wp\/v2\/posts"}],"about":[{"href":"https:\/\/gentedebasquet.com.ar\/sitio\/wp-json\/wp\/v2\/types\/post"}],"author":[{"embeddable":true,"href":"https:\/\/gentedebasquet.com.ar\/sitio\/wp-json\/wp\/v2\/users\/1"}],"replies":[{"embeddable":true,"href":"https:\/\/gentedebasquet.com.ar\/sitio\/wp-json\/wp\/v2\/comments?post=53840"}],"version-history":[{"count":0,"href":"https:\/\/gentedebasquet.com.ar\/sitio\/wp-json\/wp\/v2\/posts\/53840\/revisions"}],"wp:featuredmedia":[{"embeddable":true,"href":"https:\/\/gentedebasquet.com.ar\/sitio\/wp-json\/wp\/v2\/media\/53839"}],"wp:attachment":[{"href":"https:\/\/gentedebasquet.com.ar\/sitio\/wp-json\/wp\/v2\/media?parent=53840"}],"wp:term":[{"taxonomy":"category","embeddable":true,"href":"https:\/\/gentedebasquet.com.ar\/sitio\/wp-json\/wp\/v2\/categories?post=53840"},{"taxonomy":"post_tag","embeddable":true,"href":"https:\/\/gentedebasquet.com.ar\/sitio\/wp-json\/wp\/v2\/tags?post=53840"}],"curies":[{"name":"wp","href":"https:\/\/api.w.org\/{rel}","templated":true}]}}