{"id":54107,"date":"2015-11-17T23:50:04","date_gmt":"2015-11-18T02:50:04","guid":{"rendered":"http:\/\/www.gentedebasquet.com.ar\/?p=54107"},"modified":"2015-11-17T23:50:04","modified_gmt":"2015-11-18T02:50:04","slug":"navidad-anticipada","status":"publish","type":"post","link":"https:\/\/gentedebasquet.com.ar\/sitio\/2015\/11\/17\/navidad-anticipada\/","title":{"rendered":"Navidad anticipada"},"content":{"rendered":"<p><b>Alem cumpli\u00f3 su objetivo de salvar la categor\u00eda en la \u00faltima fecha al derrotar a San Lorenzo por 92 a 81 as\u00ed, adem\u00e1s de quedarse en primera, se meti\u00f3 en los playoffs (ir\u00e1 con Bahiense). En tanto, el naranja deber\u00e1 jugar ahora por el cuadrangular permanencia, arrancando arriba de sus rivales. En un juego parejo, intenso y de rachas, Alem supo manejar la ansiedad, ser intenso en defensa y calmo para cerrar el partido. En el local sobresali\u00f3 Stefano Barba con 17 puntos y 9 rebotes, adem\u00e1s hubo 16 de Gigena, 15 de Rotta, 13 de Wygladacz y 11 de Leguizam\u00f3n (todos en el 2C). El goleador del partido, Esteban Benedetti, termin\u00f3 con 19 unidades acompa\u00f1ado por R\u00edos Lodoli (14). \u00a0<\/b><\/p>\n<p>A casi un mes para abrir los regalos, Alem se regal\u00f3 la permanencia en primera y la clasificaci\u00f3n a los playoff donde se enfrentar\u00e1 con Bahiense del Norte. Tras una primera mitad del a\u00f1o para el olvido, el conjunto de Lofredo levant\u00f3 el nivel y deb\u00eda ganarle a San Lorenzo en la \u00faltima fecha para asegurar la categor\u00eda y meterse en los playoff. Suerte diferente corri\u00f3 el naranja, con momentos buenos y malos, perdi\u00f3 partidos con rivales claves y cay\u00f3 al cuadrangular por la permanencia. En el juego, los nervios del inicio de un partido definitorio se notaron. El 4 a 4 en 4 minutos de juego, con el 2\/9 TC de San Lorenzo y las 4 p\u00e9rdidas de Alem los resaltaron.<\/p>\n<p>Sin embargo con el correr de los minutos se fueron soltando y levantaron el nivel del juego. El local defendi\u00f3 al l\u00edmite, se apoy\u00f3 en Wygladac y Rotta rompi\u00f3 la paridad y escap\u00f3 11-4. Sin embargo un triple de Fern\u00e1ndez acompa\u00f1ado de un doble posterior, con una falta recibida de Morando cuando cargaba al rebote pusieron a San Lorenzo 11-10 abajo. Pero Wygladacz volvi\u00f3 a hacerse cargo de las ofensivas y Alem volvi\u00f3 a escaparse en el marcador. Al tanto que lleg\u00f3 a tener 7 de luz en el arranque del segundo cuarto.<\/p>\n<p>Los de Lofredo no supieron mantener la ventaja, Sanlo aprovech\u00f3 algunos descuidos en el balance defensivo de su rival y con transiciones r\u00e1pidas empard\u00f3 el juego con un parcial de 9 a 1 pas\u00f3 al frente 34-30, pero algo no le gust\u00f3 a Canosa que par\u00f3 el partido pidiendo minuto. Oportunidad a la que Alem le saco provech\u00f3. Leguizam\u00f3n salt\u00f3 desde la banca y en 3m20 aport\u00f3 11 unidades para devolverle el liderazgo a su equipo al descanso largo. Volvi\u00f3 a reinar la paridad en la vuelta al parquet y el tercer cuarto fue palo a palo. Alem se apoy\u00f3 en Rotta (8) en el inicio del segundo tiempo y luego en Barba y Gigena.<\/p>\n<p>Mientras que San Lorenzo banc\u00f3 la parada con Benedetti y Silva m\u00e1s alguna bomba de Fern\u00e1ndez o Morando. Cargando al rebote ofensivo y con un Barba dominante en ofensiva Alem se hizo de una diferencia fundamental en los primeros minutos del ep\u00edlogo y logr\u00f3 la m\u00e1xima hasta el momento 74-65 a 6m45s. Aunque un parcial de 7-0 del naranja, recuperando pelotas y corriendo volvi\u00f3 a poner las cosas calientes a 4m24s para el final. San Lorenzo tuvo en una contra la posibilidad de empardar el juego en 76 a 3m para el final, pero Benedetti asisti\u00f3 tarde a Silva que err\u00f3 la bandeja y en el rebote, el propio Benedetti le cometi\u00f3 falta a Wygladacz que desde la l\u00ednea estir\u00f3 la diferencia.<\/p>\n<p>Los minutos finales fueron de ida y vuelta y de alto voltaje. San Lorenzo quer\u00eda poner las cosas pardas r\u00e1pidamente pero le costaba llegar al gol. Gigena se agrand\u00f3 en el 1 vs 1 contra Morando sobre el l\u00edmite de los 24\u201d y estir\u00f3 al diferencia, no fall\u00f3 en l\u00ednea cuando Sanlo erraba y cortaba con falta, y as\u00ed se fueron consumiendo los minutos. Alem se autoregal\u00f3 el pasaje a los playoff y cerrar\u00e1 el a\u00f1o en primera. San Lorenzo, en cambio, deber\u00e1 batallar con Pueyrred\u00f3n y Barracas para ver qui\u00e9n se va y quienes se quedan.<\/p>\n<p>&nbsp;<\/p>\n<p>[youtube]https:\/\/youtu.be\/0pNTRWS1ab4[\/youtube]<\/p>\n<p>&nbsp;<\/p>\n<p><b>S\u00edntesis |<\/b> Primera Divisi\u00f3n \u2013 Oficial \u2013 Fecha #22<\/p>\n<p><b style=\"line-height: 1.5em;\">Alem 92: <\/b><span style=\"line-height: 1.5em;\">Gonzalo Etchepare 6, Juan Pablo Rotta 15, Dami\u00e1n Foulkes 10 (X), Stefano Barba 17, Emanuel Wygladacz 12 (FI) Walter Gigena 15, Augusto Priore 1, Nicol\u00e1s Leguizam\u00f3n 11, Mart\u00edn \u00c1lvarez 0, Mart\u00edn Miguel 3. DT: Miguel Lofredo.<\/span><\/p>\n<p><b>San Lorenzo 81: <\/b>Luciano Fern\u00e1ndez 8, Mariano Morando 7, Esteban Benedetti 19 (X), Mart\u00edn R\u00edos Lodoli 14, Leandro Silva 12 (X)(FI) Federico Biggi 6 (X), Mauricio Halberg 9 (X), Andr\u00e9s Hildemann 0, Bruno Pedrosa 0. DT: Rafael Canosa.<\/p>\n<p><b>Parciales: <\/b>21-17, 43-39 (22-22), 64-62 (21-23) y 92-81 (28-19).<\/p>\n<p><b>\u00c1rbitros: <\/b>Emanuel S\u00e1nchez \u2013 Sebasti\u00e1n Giannino.<\/p>\n<p><b>Estadio:<\/b> Daniel Lacunza (Alem).<\/p>\n<p><a href=\"https:\/\/docs.google.com\/spreadsheets\/d\/1beS-g6UblvCyHmHxrhiS_eikcQlWTyBrqppga-6QJao\/pubhtml\" target=\"_blank\" rel=\"noopener\">Ver planilla<\/a><\/p>\n<p>&nbsp;<\/p>\n<p>[youtube]https:\/\/www.youtube.com\/watch?v=PeLQ4VRR72Q[\/youtube]<\/p>\n","protected":false},"excerpt":{"rendered":"<p>Alem le regal\u00f3 a su gente la permanencia en Primera al derrotar a San Lorenzo 92-81<\/p>\n","protected":false},"author":1,"featured_media":54108,"comment_status":"closed","ping_status":"open","sticky":false,"template":"","format":"standard","meta":{"jnews-multi-image_gallery":[],"jnews_single_post":[],"jnews_primary_category":[],"footnotes":""},"categories":[23,101],"tags":[3,313,225,19,658,302],"class_list":["post-54107","post","type-post","status-publish","format-standard","has-post-thumbnail","hentry","category-primera","category-slide","tag-alem","tag-esteban-benedetti","tag-martin-rios-lodoli","tag-san-lorenzo","tag-stefano-barba","tag-walter-gigena"],"yoast_head":"<!-- This site is optimized with the Yoast SEO plugin v27.5 - https:\/\/yoast.com\/product\/yoast-seo-wordpress\/ -->\n<title>Navidad anticipada - Gente de B\u00e1squet<\/title>\n<meta name=\"robots\" content=\"index, follow, max-snippet:-1, max-image-preview:large, max-video-preview:-1\" \/>\n<link rel=\"canonical\" href=\"https:\/\/gentedebasquet.com.ar\/sitio\/2015\/11\/17\/navidad-anticipada\/\" \/>\n<meta property=\"og:locale\" content=\"es_ES\" \/>\n<meta property=\"og:type\" content=\"article\" \/>\n<meta property=\"og:title\" content=\"Navidad anticipada - Gente de B\u00e1squet\" \/>\n<meta property=\"og:description\" content=\"Alem le regal\u00f3 a su gente la permanencia en Primera al derrotar a San Lorenzo 92-81\" \/>\n<meta property=\"og:url\" content=\"https:\/\/gentedebasquet.com.ar\/sitio\/2015\/11\/17\/navidad-anticipada\/\" \/>\n<meta property=\"og:site_name\" content=\"Gente de B\u00e1squet\" \/>\n<meta property=\"article:published_time\" content=\"2015-11-18T02:50:04+00:00\" \/>\n<meta property=\"og:image\" content=\"https:\/\/gentedebasquet.com.ar\/sitio\/wp-content\/uploads\/2015\/11\/alem-sanlo.jpg\" \/>\n\t<meta property=\"og:image:width\" content=\"690\" \/>\n\t<meta property=\"og:image:height\" content=\"319\" \/>\n\t<meta property=\"og:image:type\" content=\"image\/jpeg\" \/>\n<meta name=\"author\" content=\"Gente de B\u00e1squet\" \/>\n<meta name=\"twitter:card\" content=\"summary_large_image\" \/>\n<meta name=\"twitter:label1\" content=\"Escrito por\" \/>\n\t<meta name=\"twitter:data1\" content=\"Gente de B\u00e1squet\" \/>\n\t<meta name=\"twitter:label2\" content=\"Tiempo de lectura\" \/>\n\t<meta name=\"twitter:data2\" content=\"4 minutos\" \/>\n<script type=\"application\/ld+json\" class=\"yoast-schema-graph\">{\"@context\":\"https:\\\/\\\/schema.org\",\"@graph\":[{\"@type\":\"Article\",\"@id\":\"https:\\\/\\\/gentedebasquet.com.ar\\\/sitio\\\/2015\\\/11\\\/17\\\/navidad-anticipada\\\/#article\",\"isPartOf\":{\"@id\":\"https:\\\/\\\/gentedebasquet.com.ar\\\/sitio\\\/2015\\\/11\\\/17\\\/navidad-anticipada\\\/\"},\"author\":{\"name\":\"Gente de B\u00e1squet\",\"@id\":\"https:\\\/\\\/gentedebasquet.com.ar\\\/sitio\\\/#\\\/schema\\\/person\\\/ca0b63bbb977369988a7bbbdc519943a\"},\"headline\":\"Navidad anticipada\",\"datePublished\":\"2015-11-18T02:50:04+00:00\",\"mainEntityOfPage\":{\"@id\":\"https:\\\/\\\/gentedebasquet.com.ar\\\/sitio\\\/2015\\\/11\\\/17\\\/navidad-anticipada\\\/\"},\"wordCount\":792,\"image\":{\"@id\":\"https:\\\/\\\/gentedebasquet.com.ar\\\/sitio\\\/2015\\\/11\\\/17\\\/navidad-anticipada\\\/#primaryimage\"},\"thumbnailUrl\":\"https:\\\/\\\/gentedebasquet.com.ar\\\/sitio\\\/wp-content\\\/uploads\\\/2015\\\/11\\\/alem-sanlo.jpg\",\"keywords\":[\"Alem\",\"Esteban Benedetti\",\"Mart\u00edn R\u00edos Lodoli\",\"San Lorenzo\",\"St\u00e9fano Barba\",\"Walter Gigena\"],\"articleSection\":[\"Primera\",\"Slide\"],\"inLanguage\":\"es\"},{\"@type\":\"WebPage\",\"@id\":\"https:\\\/\\\/gentedebasquet.com.ar\\\/sitio\\\/2015\\\/11\\\/17\\\/navidad-anticipada\\\/\",\"url\":\"https:\\\/\\\/gentedebasquet.com.ar\\\/sitio\\\/2015\\\/11\\\/17\\\/navidad-anticipada\\\/\",\"name\":\"Navidad anticipada - Gente de B\u00e1squet\",\"isPartOf\":{\"@id\":\"https:\\\/\\\/gentedebasquet.com.ar\\\/sitio\\\/#website\"},\"primaryImageOfPage\":{\"@id\":\"https:\\\/\\\/gentedebasquet.com.ar\\\/sitio\\\/2015\\\/11\\\/17\\\/navidad-anticipada\\\/#primaryimage\"},\"image\":{\"@id\":\"https:\\\/\\\/gentedebasquet.com.ar\\\/sitio\\\/2015\\\/11\\\/17\\\/navidad-anticipada\\\/#primaryimage\"},\"thumbnailUrl\":\"https:\\\/\\\/gentedebasquet.com.ar\\\/sitio\\\/wp-content\\\/uploads\\\/2015\\\/11\\\/alem-sanlo.jpg\",\"datePublished\":\"2015-11-18T02:50:04+00:00\",\"author\":{\"@id\":\"https:\\\/\\\/gentedebasquet.com.ar\\\/sitio\\\/#\\\/schema\\\/person\\\/ca0b63bbb977369988a7bbbdc519943a\"},\"breadcrumb\":{\"@id\":\"https:\\\/\\\/gentedebasquet.com.ar\\\/sitio\\\/2015\\\/11\\\/17\\\/navidad-anticipada\\\/#breadcrumb\"},\"inLanguage\":\"es\",\"potentialAction\":[{\"@type\":\"ReadAction\",\"target\":[\"https:\\\/\\\/gentedebasquet.com.ar\\\/sitio\\\/2015\\\/11\\\/17\\\/navidad-anticipada\\\/\"]}]},{\"@type\":\"ImageObject\",\"inLanguage\":\"es\",\"@id\":\"https:\\\/\\\/gentedebasquet.com.ar\\\/sitio\\\/2015\\\/11\\\/17\\\/navidad-anticipada\\\/#primaryimage\",\"url\":\"https:\\\/\\\/gentedebasquet.com.ar\\\/sitio\\\/wp-content\\\/uploads\\\/2015\\\/11\\\/alem-sanlo.jpg\",\"contentUrl\":\"https:\\\/\\\/gentedebasquet.com.ar\\\/sitio\\\/wp-content\\\/uploads\\\/2015\\\/11\\\/alem-sanlo.jpg\",\"width\":690,\"height\":319},{\"@type\":\"BreadcrumbList\",\"@id\":\"https:\\\/\\\/gentedebasquet.com.ar\\\/sitio\\\/2015\\\/11\\\/17\\\/navidad-anticipada\\\/#breadcrumb\",\"itemListElement\":[{\"@type\":\"ListItem\",\"position\":1,\"name\":\"Portada\",\"item\":\"https:\\\/\\\/gentedebasquet.com.ar\\\/sitio\\\/\"},{\"@type\":\"ListItem\",\"position\":2,\"name\":\"Navidad anticipada\"}]},{\"@type\":\"WebSite\",\"@id\":\"https:\\\/\\\/gentedebasquet.com.ar\\\/sitio\\\/#website\",\"url\":\"https:\\\/\\\/gentedebasquet.com.ar\\\/sitio\\\/\",\"name\":\"Gente de B\u00e1squet\",\"description\":\"La revista del basquet de Bah\u00eda Blanca\",\"potentialAction\":[{\"@type\":\"SearchAction\",\"target\":{\"@type\":\"EntryPoint\",\"urlTemplate\":\"https:\\\/\\\/gentedebasquet.com.ar\\\/sitio\\\/?s={search_term_string}\"},\"query-input\":{\"@type\":\"PropertyValueSpecification\",\"valueRequired\":true,\"valueName\":\"search_term_string\"}}],\"inLanguage\":\"es\"},{\"@type\":\"Person\",\"@id\":\"https:\\\/\\\/gentedebasquet.com.ar\\\/sitio\\\/#\\\/schema\\\/person\\\/ca0b63bbb977369988a7bbbdc519943a\",\"name\":\"Gente de B\u00e1squet\",\"image\":{\"@type\":\"ImageObject\",\"inLanguage\":\"es\",\"@id\":\"https:\\\/\\\/secure.gravatar.com\\\/avatar\\\/7f2c48bdc33b30088f941fb6082e555f2874c98e20cb159d7b92b50eadfce793?s=96&d=mm&r=g\",\"url\":\"https:\\\/\\\/secure.gravatar.com\\\/avatar\\\/7f2c48bdc33b30088f941fb6082e555f2874c98e20cb159d7b92b50eadfce793?s=96&d=mm&r=g\",\"contentUrl\":\"https:\\\/\\\/secure.gravatar.com\\\/avatar\\\/7f2c48bdc33b30088f941fb6082e555f2874c98e20cb159d7b92b50eadfce793?s=96&d=mm&r=g\",\"caption\":\"Gente de B\u00e1squet\"},\"sameAs\":[\"http:\\\/\\\/gentedebasquet.com.ar\\\/sitio\"],\"url\":\"https:\\\/\\\/gentedebasquet.com.ar\\\/sitio\\\/author\\\/ulises\\\/\"}]}<\/script>\n<!-- \/ Yoast SEO plugin. -->","yoast_head_json":{"title":"Navidad anticipada - Gente de B\u00e1squet","robots":{"index":"index","follow":"follow","max-snippet":"max-snippet:-1","max-image-preview":"max-image-preview:large","max-video-preview":"max-video-preview:-1"},"canonical":"https:\/\/gentedebasquet.com.ar\/sitio\/2015\/11\/17\/navidad-anticipada\/","og_locale":"es_ES","og_type":"article","og_title":"Navidad anticipada - Gente de B\u00e1squet","og_description":"Alem le regal\u00f3 a su gente la permanencia en Primera al derrotar a San Lorenzo 92-81","og_url":"https:\/\/gentedebasquet.com.ar\/sitio\/2015\/11\/17\/navidad-anticipada\/","og_site_name":"Gente de B\u00e1squet","article_published_time":"2015-11-18T02:50:04+00:00","og_image":[{"width":690,"height":319,"url":"https:\/\/gentedebasquet.com.ar\/sitio\/wp-content\/uploads\/2015\/11\/alem-sanlo.jpg","type":"image\/jpeg"}],"author":"Gente de B\u00e1squet","twitter_card":"summary_large_image","twitter_misc":{"Escrito por":"Gente de B\u00e1squet","Tiempo de lectura":"4 minutos"},"schema":{"@context":"https:\/\/schema.org","@graph":[{"@type":"Article","@id":"https:\/\/gentedebasquet.com.ar\/sitio\/2015\/11\/17\/navidad-anticipada\/#article","isPartOf":{"@id":"https:\/\/gentedebasquet.com.ar\/sitio\/2015\/11\/17\/navidad-anticipada\/"},"author":{"name":"Gente de B\u00e1squet","@id":"https:\/\/gentedebasquet.com.ar\/sitio\/#\/schema\/person\/ca0b63bbb977369988a7bbbdc519943a"},"headline":"Navidad anticipada","datePublished":"2015-11-18T02:50:04+00:00","mainEntityOfPage":{"@id":"https:\/\/gentedebasquet.com.ar\/sitio\/2015\/11\/17\/navidad-anticipada\/"},"wordCount":792,"image":{"@id":"https:\/\/gentedebasquet.com.ar\/sitio\/2015\/11\/17\/navidad-anticipada\/#primaryimage"},"thumbnailUrl":"https:\/\/gentedebasquet.com.ar\/sitio\/wp-content\/uploads\/2015\/11\/alem-sanlo.jpg","keywords":["Alem","Esteban Benedetti","Mart\u00edn R\u00edos Lodoli","San Lorenzo","St\u00e9fano Barba","Walter Gigena"],"articleSection":["Primera","Slide"],"inLanguage":"es"},{"@type":"WebPage","@id":"https:\/\/gentedebasquet.com.ar\/sitio\/2015\/11\/17\/navidad-anticipada\/","url":"https:\/\/gentedebasquet.com.ar\/sitio\/2015\/11\/17\/navidad-anticipada\/","name":"Navidad anticipada - Gente de B\u00e1squet","isPartOf":{"@id":"https:\/\/gentedebasquet.com.ar\/sitio\/#website"},"primaryImageOfPage":{"@id":"https:\/\/gentedebasquet.com.ar\/sitio\/2015\/11\/17\/navidad-anticipada\/#primaryimage"},"image":{"@id":"https:\/\/gentedebasquet.com.ar\/sitio\/2015\/11\/17\/navidad-anticipada\/#primaryimage"},"thumbnailUrl":"https:\/\/gentedebasquet.com.ar\/sitio\/wp-content\/uploads\/2015\/11\/alem-sanlo.jpg","datePublished":"2015-11-18T02:50:04+00:00","author":{"@id":"https:\/\/gentedebasquet.com.ar\/sitio\/#\/schema\/person\/ca0b63bbb977369988a7bbbdc519943a"},"breadcrumb":{"@id":"https:\/\/gentedebasquet.com.ar\/sitio\/2015\/11\/17\/navidad-anticipada\/#breadcrumb"},"inLanguage":"es","potentialAction":[{"@type":"ReadAction","target":["https:\/\/gentedebasquet.com.ar\/sitio\/2015\/11\/17\/navidad-anticipada\/"]}]},{"@type":"ImageObject","inLanguage":"es","@id":"https:\/\/gentedebasquet.com.ar\/sitio\/2015\/11\/17\/navidad-anticipada\/#primaryimage","url":"https:\/\/gentedebasquet.com.ar\/sitio\/wp-content\/uploads\/2015\/11\/alem-sanlo.jpg","contentUrl":"https:\/\/gentedebasquet.com.ar\/sitio\/wp-content\/uploads\/2015\/11\/alem-sanlo.jpg","width":690,"height":319},{"@type":"BreadcrumbList","@id":"https:\/\/gentedebasquet.com.ar\/sitio\/2015\/11\/17\/navidad-anticipada\/#breadcrumb","itemListElement":[{"@type":"ListItem","position":1,"name":"Portada","item":"https:\/\/gentedebasquet.com.ar\/sitio\/"},{"@type":"ListItem","position":2,"name":"Navidad anticipada"}]},{"@type":"WebSite","@id":"https:\/\/gentedebasquet.com.ar\/sitio\/#website","url":"https:\/\/gentedebasquet.com.ar\/sitio\/","name":"Gente de B\u00e1squet","description":"La revista del basquet de Bah\u00eda Blanca","potentialAction":[{"@type":"SearchAction","target":{"@type":"EntryPoint","urlTemplate":"https:\/\/gentedebasquet.com.ar\/sitio\/?s={search_term_string}"},"query-input":{"@type":"PropertyValueSpecification","valueRequired":true,"valueName":"search_term_string"}}],"inLanguage":"es"},{"@type":"Person","@id":"https:\/\/gentedebasquet.com.ar\/sitio\/#\/schema\/person\/ca0b63bbb977369988a7bbbdc519943a","name":"Gente de B\u00e1squet","image":{"@type":"ImageObject","inLanguage":"es","@id":"https:\/\/secure.gravatar.com\/avatar\/7f2c48bdc33b30088f941fb6082e555f2874c98e20cb159d7b92b50eadfce793?s=96&d=mm&r=g","url":"https:\/\/secure.gravatar.com\/avatar\/7f2c48bdc33b30088f941fb6082e555f2874c98e20cb159d7b92b50eadfce793?s=96&d=mm&r=g","contentUrl":"https:\/\/secure.gravatar.com\/avatar\/7f2c48bdc33b30088f941fb6082e555f2874c98e20cb159d7b92b50eadfce793?s=96&d=mm&r=g","caption":"Gente de B\u00e1squet"},"sameAs":["http:\/\/gentedebasquet.com.ar\/sitio"],"url":"https:\/\/gentedebasquet.com.ar\/sitio\/author\/ulises\/"}]}},"_links":{"self":[{"href":"https:\/\/gentedebasquet.com.ar\/sitio\/wp-json\/wp\/v2\/posts\/54107","targetHints":{"allow":["GET"]}}],"collection":[{"href":"https:\/\/gentedebasquet.com.ar\/sitio\/wp-json\/wp\/v2\/posts"}],"about":[{"href":"https:\/\/gentedebasquet.com.ar\/sitio\/wp-json\/wp\/v2\/types\/post"}],"author":[{"embeddable":true,"href":"https:\/\/gentedebasquet.com.ar\/sitio\/wp-json\/wp\/v2\/users\/1"}],"replies":[{"embeddable":true,"href":"https:\/\/gentedebasquet.com.ar\/sitio\/wp-json\/wp\/v2\/comments?post=54107"}],"version-history":[{"count":0,"href":"https:\/\/gentedebasquet.com.ar\/sitio\/wp-json\/wp\/v2\/posts\/54107\/revisions"}],"wp:featuredmedia":[{"embeddable":true,"href":"https:\/\/gentedebasquet.com.ar\/sitio\/wp-json\/wp\/v2\/media\/54108"}],"wp:attachment":[{"href":"https:\/\/gentedebasquet.com.ar\/sitio\/wp-json\/wp\/v2\/media?parent=54107"}],"wp:term":[{"taxonomy":"category","embeddable":true,"href":"https:\/\/gentedebasquet.com.ar\/sitio\/wp-json\/wp\/v2\/categories?post=54107"},{"taxonomy":"post_tag","embeddable":true,"href":"https:\/\/gentedebasquet.com.ar\/sitio\/wp-json\/wp\/v2\/tags?post=54107"}],"curies":[{"name":"wp","href":"https:\/\/api.w.org\/{rel}","templated":true}]}}