{"id":54317,"date":"2015-11-21T20:48:03","date_gmt":"2015-11-21T23:48:03","guid":{"rendered":"http:\/\/www.gentedebasquet.com.ar\/?p=54317"},"modified":"2015-11-21T20:48:03","modified_gmt":"2015-11-21T23:48:03","slug":"bahiense-u13-ya-esta-en-semis","status":"publish","type":"post","link":"https:\/\/gentedebasquet.com.ar\/sitio\/2015\/11\/21\/bahiense-u13-ya-esta-en-semis\/","title":{"rendered":"Bahiense U13 ya est\u00e1 en semis"},"content":{"rendered":"<p><strong>Este fin de semana concluy\u00f3 la instancia de cuartos de final de la Liga U13 y quedaron \u00a0definidos los 12 semifinalistas. Bahiense del Norte avanz\u00f3 de manera invicta, tras vencer a Atenas (La Plata), Obras y el local, Lan\u00fas. Ahora, integrar\u00e1 uno de los tres cuadrangulares en b\u00fasqueda de la clasificaci\u00f3n para el Hexagonal Final, junto a Brown (Pto. Madryn), Independiente (Neuqu\u00e9n) y Atenas (Patagones), entre el 4 y el 6 de diciembre.<\/strong><\/p>\n<p>Finalizados los cuartos de final, Regatas de Mendoza y Central C\u00f3rdoba de Tucum\u00e1n, por la Zona A, Independiente de Neuqu\u00e9n, Atenas de Carmen de Patagones y Brown de Puerto Madryn, por la Zona B, Bahiense del Norte, Atenas de La Plata y Lan\u00fas, por la Zona C, Racing de Gualeguaych\u00fa y Tokio de Posadas, por la Zona D, y Banco Provincial de Santa Fe y 9 de Julio de R\u00edo Tercero, por la Zona E, lograron la clasificaci\u00f3n a la instancia de semifinales.<\/p>\n<p>En la \u00faltima jornada de la Zona A, que se disput\u00f3 en Santiago de Estero, Regatas de Mendoza, ya clasificado a semis, le gan\u00f3 66-43 a Quimsa con 23 puntos de Alejandro Villa y se consagr\u00f3 campe\u00f3n invicto de esta sede. Posteriormente, con el segundo boleto para la siguiente instancia en juego, Central C\u00f3rdoba de Tucum\u00e1n venci\u00f3 71-68 a Sociedad Espa\u00f1ola de San Luis, con una notable actuaci\u00f3n de Tom\u00e1s Allende, quien cerr\u00f3 el encuentro con 33 puntos, 7 rebotes y 6 recuperos. En el equipo de puntano no alcanz\u00f3 el inmenso esfuerzo de Lautaro Blaras\u00edn, quien acumul\u00f3 \u00a133 puntos, 31 rebotes y 8 tapas!<\/p>\n<p>En Neuqu\u00e9n, con los dos primeros clasificados a semis ya definidos, el local, Independiente, y Atenas de Carmen de Patagones se enfrentaron para definir la primera posici\u00f3n de la zona. Fue victoria 63-52 para los neuquinos, que contaron con un buen aporte de Juan Sepulveda (13 puntos, 10 rebotes y 6 recuperos). Previamente, y por el tercer puesto, Brown de Puerto Madryn logr\u00f3 una victoria trascendental que result\u00f3 en la clasificaci\u00f3n a semifinales como segundo mejor tercero. Fue 85-52 sobre Germinal de Rawson. La figura del vencedor fue nuevamente Bruno Giacone, con 22 puntos, 16 rebotes, 5 asistencias, 5 recuperos y 3 tapas.<\/p>\n<p>En la Zona C, <strong>Bahiense del Norte<\/strong> confirm\u00f3 su superioridad y derrot\u00f3 75-68 al anfitri\u00f3n de este cuadrangular, Lan\u00fas, para coronarse campe\u00f3n de esta zona de manera invicta. El pivot Bautista Ott sobresali\u00f3 una vez m\u00e1s en el ganador con 24 puntos, 17 rebotes y 3 tapas. Pese a la derrota, Lan\u00fas tuvo motivo para el festejo, ya que finaliz\u00f3 como el mejor tercero en la general lo que le permiti\u00f3 clasificar tambi\u00e9n a semis. A primer turno, Atenas de La Plata asegur\u00f3 la segunda posici\u00f3n, y tambi\u00e9n el pase a la siguiente instancia, con una clara victoria 70-49 sobre Obras Sanitarias. Joaqu\u00edn Piteo fue el mejor en el vencedor con 27 puntos, 12 rebotes y 4 asistencias.<\/p>\n<p>En Rosario del Tala, Entre R\u00edos, Racing de Gualeguaych\u00fa, ya clasificado a semifinales, cerr\u00f3 su participaci\u00f3n en la Zona D con marca impecable, tras derrotar 85-39 al organizador de esta sede, Sportivo Pe\u00f1arol. Mateo D\u00edaz fue el goleador en el ganador con 18 puntos, 8 rebotes y 7 recuperos. Antes, Tokio de Posadas y Villa San Mart\u00edn de Resistencia jugaron un partidazo que termin\u00f3 con victoria de los misioneros por 76-73. Con este triunfo, Tokio termin\u00f3 segundo en la zona y logr\u00f3 clasificar a la instancia de semifinal. Santiago Coronel fue la estrella del partido con 34 puntos, 14 rebotes, 4 asistencias y 4 recuperos.<\/p>\n<p>Finalmente, en la Zona E, el local, Banco Provincial de Santa Fe, le gan\u00f3 58-54 a Sportsmen Unidos de Rosario y finaliz\u00f3 como campe\u00f3n invicto de este cuadrangular. Giuliano Rozzatti fue la figura del encuentro al sumar 21 puntos y 17 rebotes. M\u00e1s temprano, 9 de Julio de R\u00edo Tercero logr\u00f3 su pase a la siguiente instancia al derrotar 61-49 a San Mart\u00edn de Marcos Ju\u00e1rez, para finalizar segundo en esta zona. El m\u00e1s destacado en el vencedor fue Nicol\u00e1s Amaro, quien cerr\u00f3 el juego con 24 puntos y 17 rebotes.<\/p>\n<h6><b>POSICIONES<\/b><\/h6>\n<p><strong>ZONA A<\/strong><br \/>\n1\u00b0 Regatas Mendoza 6 puntos (3-0)*<br \/>\n2\u00b0 Central C\u00f3rdoba de Tucum\u00e1n 5 puntos (2-1)*<br \/>\n3\u00b0 Sociedad Espa\u00f1ola de San Luis 4 puntos (1-2)<br \/>\n4\u00b0 Quimsa 3 puntos (0-3)<br \/>\n*Clasificado a semifinales<\/p>\n<p><strong>ZONA B<\/strong><br \/>\n1\u00b0 Independiente de Neuqu\u00e9n 6 puntos (3-0)*<br \/>\n2\u00b0 Atenas de Patagones 5 puntos (2-1)*<br \/>\n3\u00b0 Brown de Puerto Madryn 4 puntos (1-2)*<br \/>\n4\u00b0 Germinal de Rawson 3 puntos (0-3)<br \/>\n*Clasificado a semifinales<\/p>\n<p><strong>ZONA C<\/strong><br \/>\n<strong>1\u00b0 Bahiense del Norte 6 puntos (3-0)*<\/strong><br \/>\n2\u00b0 Atenas de La Plata 5 puntos (2-1)*<br \/>\n3\u00b0 Lan\u00fas 4 puntos (1-2)*<br \/>\n4\u00b0 Obras 3 puntos (0-3)<\/p>\n<p><strong>ZONA D<\/strong><br \/>\n1\u00b0 Racing de Gualeguaych\u00fa 6 puntos (3-0)*<br \/>\n2\u00b0 Tokio Posadas 5 puntos (2-1)*<br \/>\n3\u00b0 Villa San Mart\u00edn 4 puntos (1-2)<br \/>\n4\u00b0 Pe\u00f1arol del Tala 3 puntos (0-3)<br \/>\n*Clasificado a semifinales<\/p>\n<p><strong>ZONA E<\/strong><br \/>\n1\u00b0 Banco Provincial 6 puntos (3-0)*<br \/>\n2\u00b0 9 de julio 5 puntos (2-1)*<br \/>\n3\u00b0 Sportsmen 4 puntos (1-2)<br \/>\n4\u00b0 San Mart\u00edn 3 puntos (0-3)<br \/>\n*Clasificado a semifinales<\/p>\n<p><strong>Fuente:<\/strong> Diego Garc\u00eda (Prensa CABB).<\/p>\n","protected":false},"excerpt":{"rendered":"<p>El tricolor consigui\u00f3 en cancha de Lan\u00fas la clasificaci\u00f3n en la Liga de Preinfantiles<\/p>\n","protected":false},"author":1,"featured_media":54318,"comment_status":"closed","ping_status":"open","sticky":false,"template":"","format":"standard","meta":{"jnews-multi-image_gallery":[],"jnews_single_post":[],"jnews_primary_category":[],"footnotes":""},"categories":[101,41],"tags":[1137,5,77,812,84],"class_list":["post-54317","post","type-post","status-publish","format-standard","has-post-thumbnail","hentry","category-slide","category-u13","tag-atenas-la-plata","tag-bahiense-del-norte","tag-lanus","tag-liga-u13","tag-obras"],"yoast_head":"<!-- This site is optimized with the Yoast SEO plugin v27.5 - https:\/\/yoast.com\/product\/yoast-seo-wordpress\/ -->\n<title>Bahiense U13 ya est\u00e1 en semis - Gente de B\u00e1squet<\/title>\n<meta name=\"robots\" content=\"index, follow, max-snippet:-1, max-image-preview:large, max-video-preview:-1\" \/>\n<link rel=\"canonical\" href=\"https:\/\/gentedebasquet.com.ar\/sitio\/2015\/11\/21\/bahiense-u13-ya-esta-en-semis\/\" \/>\n<meta property=\"og:locale\" content=\"es_ES\" \/>\n<meta property=\"og:type\" content=\"article\" \/>\n<meta property=\"og:title\" content=\"Bahiense U13 ya est\u00e1 en semis - Gente de B\u00e1squet\" \/>\n<meta property=\"og:description\" content=\"El tricolor consigui\u00f3 en cancha de Lan\u00fas la clasificaci\u00f3n en la Liga de Preinfantiles\" \/>\n<meta property=\"og:url\" content=\"https:\/\/gentedebasquet.com.ar\/sitio\/2015\/11\/21\/bahiense-u13-ya-esta-en-semis\/\" \/>\n<meta property=\"og:site_name\" content=\"Gente de B\u00e1squet\" \/>\n<meta property=\"article:published_time\" content=\"2015-11-21T23:48:03+00:00\" \/>\n<meta property=\"og:image\" content=\"https:\/\/gentedebasquet.com.ar\/sitio\/wp-content\/uploads\/2015\/11\/Lanus-Bahiense-U13.jpg\" \/>\n\t<meta property=\"og:image:width\" content=\"690\" \/>\n\t<meta property=\"og:image:height\" content=\"319\" \/>\n\t<meta property=\"og:image:type\" content=\"image\/jpeg\" \/>\n<meta name=\"author\" content=\"Gente de B\u00e1squet\" \/>\n<meta name=\"twitter:card\" content=\"summary_large_image\" \/>\n<meta name=\"twitter:label1\" content=\"Escrito por\" \/>\n\t<meta name=\"twitter:data1\" content=\"Gente de B\u00e1squet\" \/>\n\t<meta name=\"twitter:label2\" content=\"Tiempo de lectura\" \/>\n\t<meta name=\"twitter:data2\" content=\"4 minutos\" \/>\n<script type=\"application\/ld+json\" class=\"yoast-schema-graph\">{\"@context\":\"https:\\\/\\\/schema.org\",\"@graph\":[{\"@type\":\"Article\",\"@id\":\"https:\\\/\\\/gentedebasquet.com.ar\\\/sitio\\\/2015\\\/11\\\/21\\\/bahiense-u13-ya-esta-en-semis\\\/#article\",\"isPartOf\":{\"@id\":\"https:\\\/\\\/gentedebasquet.com.ar\\\/sitio\\\/2015\\\/11\\\/21\\\/bahiense-u13-ya-esta-en-semis\\\/\"},\"author\":{\"name\":\"Gente de B\u00e1squet\",\"@id\":\"https:\\\/\\\/gentedebasquet.com.ar\\\/sitio\\\/#\\\/schema\\\/person\\\/ca0b63bbb977369988a7bbbdc519943a\"},\"headline\":\"Bahiense U13 ya est\u00e1 en semis\",\"datePublished\":\"2015-11-21T23:48:03+00:00\",\"mainEntityOfPage\":{\"@id\":\"https:\\\/\\\/gentedebasquet.com.ar\\\/sitio\\\/2015\\\/11\\\/21\\\/bahiense-u13-ya-esta-en-semis\\\/\"},\"wordCount\":817,\"image\":{\"@id\":\"https:\\\/\\\/gentedebasquet.com.ar\\\/sitio\\\/2015\\\/11\\\/21\\\/bahiense-u13-ya-esta-en-semis\\\/#primaryimage\"},\"thumbnailUrl\":\"https:\\\/\\\/gentedebasquet.com.ar\\\/sitio\\\/wp-content\\\/uploads\\\/2015\\\/11\\\/Lanus-Bahiense-U13.jpg\",\"keywords\":[\"Atenas La Plata\",\"Bahiense Del Norte\",\"Lan\u00fas\",\"Liga U13\",\"Obras\"],\"articleSection\":[\"Slide\",\"U13\"],\"inLanguage\":\"es\"},{\"@type\":\"WebPage\",\"@id\":\"https:\\\/\\\/gentedebasquet.com.ar\\\/sitio\\\/2015\\\/11\\\/21\\\/bahiense-u13-ya-esta-en-semis\\\/\",\"url\":\"https:\\\/\\\/gentedebasquet.com.ar\\\/sitio\\\/2015\\\/11\\\/21\\\/bahiense-u13-ya-esta-en-semis\\\/\",\"name\":\"Bahiense U13 ya est\u00e1 en semis - Gente de B\u00e1squet\",\"isPartOf\":{\"@id\":\"https:\\\/\\\/gentedebasquet.com.ar\\\/sitio\\\/#website\"},\"primaryImageOfPage\":{\"@id\":\"https:\\\/\\\/gentedebasquet.com.ar\\\/sitio\\\/2015\\\/11\\\/21\\\/bahiense-u13-ya-esta-en-semis\\\/#primaryimage\"},\"image\":{\"@id\":\"https:\\\/\\\/gentedebasquet.com.ar\\\/sitio\\\/2015\\\/11\\\/21\\\/bahiense-u13-ya-esta-en-semis\\\/#primaryimage\"},\"thumbnailUrl\":\"https:\\\/\\\/gentedebasquet.com.ar\\\/sitio\\\/wp-content\\\/uploads\\\/2015\\\/11\\\/Lanus-Bahiense-U13.jpg\",\"datePublished\":\"2015-11-21T23:48:03+00:00\",\"author\":{\"@id\":\"https:\\\/\\\/gentedebasquet.com.ar\\\/sitio\\\/#\\\/schema\\\/person\\\/ca0b63bbb977369988a7bbbdc519943a\"},\"breadcrumb\":{\"@id\":\"https:\\\/\\\/gentedebasquet.com.ar\\\/sitio\\\/2015\\\/11\\\/21\\\/bahiense-u13-ya-esta-en-semis\\\/#breadcrumb\"},\"inLanguage\":\"es\",\"potentialAction\":[{\"@type\":\"ReadAction\",\"target\":[\"https:\\\/\\\/gentedebasquet.com.ar\\\/sitio\\\/2015\\\/11\\\/21\\\/bahiense-u13-ya-esta-en-semis\\\/\"]}]},{\"@type\":\"ImageObject\",\"inLanguage\":\"es\",\"@id\":\"https:\\\/\\\/gentedebasquet.com.ar\\\/sitio\\\/2015\\\/11\\\/21\\\/bahiense-u13-ya-esta-en-semis\\\/#primaryimage\",\"url\":\"https:\\\/\\\/gentedebasquet.com.ar\\\/sitio\\\/wp-content\\\/uploads\\\/2015\\\/11\\\/Lanus-Bahiense-U13.jpg\",\"contentUrl\":\"https:\\\/\\\/gentedebasquet.com.ar\\\/sitio\\\/wp-content\\\/uploads\\\/2015\\\/11\\\/Lanus-Bahiense-U13.jpg\",\"width\":690,\"height\":319},{\"@type\":\"BreadcrumbList\",\"@id\":\"https:\\\/\\\/gentedebasquet.com.ar\\\/sitio\\\/2015\\\/11\\\/21\\\/bahiense-u13-ya-esta-en-semis\\\/#breadcrumb\",\"itemListElement\":[{\"@type\":\"ListItem\",\"position\":1,\"name\":\"Portada\",\"item\":\"https:\\\/\\\/gentedebasquet.com.ar\\\/sitio\\\/\"},{\"@type\":\"ListItem\",\"position\":2,\"name\":\"Bahiense U13 ya est\u00e1 en semis\"}]},{\"@type\":\"WebSite\",\"@id\":\"https:\\\/\\\/gentedebasquet.com.ar\\\/sitio\\\/#website\",\"url\":\"https:\\\/\\\/gentedebasquet.com.ar\\\/sitio\\\/\",\"name\":\"Gente de B\u00e1squet\",\"description\":\"La revista del basquet de Bah\u00eda Blanca\",\"potentialAction\":[{\"@type\":\"SearchAction\",\"target\":{\"@type\":\"EntryPoint\",\"urlTemplate\":\"https:\\\/\\\/gentedebasquet.com.ar\\\/sitio\\\/?s={search_term_string}\"},\"query-input\":{\"@type\":\"PropertyValueSpecification\",\"valueRequired\":true,\"valueName\":\"search_term_string\"}}],\"inLanguage\":\"es\"},{\"@type\":\"Person\",\"@id\":\"https:\\\/\\\/gentedebasquet.com.ar\\\/sitio\\\/#\\\/schema\\\/person\\\/ca0b63bbb977369988a7bbbdc519943a\",\"name\":\"Gente de B\u00e1squet\",\"image\":{\"@type\":\"ImageObject\",\"inLanguage\":\"es\",\"@id\":\"https:\\\/\\\/secure.gravatar.com\\\/avatar\\\/7f2c48bdc33b30088f941fb6082e555f2874c98e20cb159d7b92b50eadfce793?s=96&d=mm&r=g\",\"url\":\"https:\\\/\\\/secure.gravatar.com\\\/avatar\\\/7f2c48bdc33b30088f941fb6082e555f2874c98e20cb159d7b92b50eadfce793?s=96&d=mm&r=g\",\"contentUrl\":\"https:\\\/\\\/secure.gravatar.com\\\/avatar\\\/7f2c48bdc33b30088f941fb6082e555f2874c98e20cb159d7b92b50eadfce793?s=96&d=mm&r=g\",\"caption\":\"Gente de B\u00e1squet\"},\"sameAs\":[\"http:\\\/\\\/gentedebasquet.com.ar\\\/sitio\"],\"url\":\"https:\\\/\\\/gentedebasquet.com.ar\\\/sitio\\\/author\\\/ulises\\\/\"}]}<\/script>\n<!-- \/ Yoast SEO plugin. -->","yoast_head_json":{"title":"Bahiense U13 ya est\u00e1 en semis - Gente de B\u00e1squet","robots":{"index":"index","follow":"follow","max-snippet":"max-snippet:-1","max-image-preview":"max-image-preview:large","max-video-preview":"max-video-preview:-1"},"canonical":"https:\/\/gentedebasquet.com.ar\/sitio\/2015\/11\/21\/bahiense-u13-ya-esta-en-semis\/","og_locale":"es_ES","og_type":"article","og_title":"Bahiense U13 ya est\u00e1 en semis - Gente de B\u00e1squet","og_description":"El tricolor consigui\u00f3 en cancha de Lan\u00fas la clasificaci\u00f3n en la Liga de Preinfantiles","og_url":"https:\/\/gentedebasquet.com.ar\/sitio\/2015\/11\/21\/bahiense-u13-ya-esta-en-semis\/","og_site_name":"Gente de B\u00e1squet","article_published_time":"2015-11-21T23:48:03+00:00","og_image":[{"width":690,"height":319,"url":"https:\/\/gentedebasquet.com.ar\/sitio\/wp-content\/uploads\/2015\/11\/Lanus-Bahiense-U13.jpg","type":"image\/jpeg"}],"author":"Gente de B\u00e1squet","twitter_card":"summary_large_image","twitter_misc":{"Escrito por":"Gente de B\u00e1squet","Tiempo de lectura":"4 minutos"},"schema":{"@context":"https:\/\/schema.org","@graph":[{"@type":"Article","@id":"https:\/\/gentedebasquet.com.ar\/sitio\/2015\/11\/21\/bahiense-u13-ya-esta-en-semis\/#article","isPartOf":{"@id":"https:\/\/gentedebasquet.com.ar\/sitio\/2015\/11\/21\/bahiense-u13-ya-esta-en-semis\/"},"author":{"name":"Gente de B\u00e1squet","@id":"https:\/\/gentedebasquet.com.ar\/sitio\/#\/schema\/person\/ca0b63bbb977369988a7bbbdc519943a"},"headline":"Bahiense U13 ya est\u00e1 en semis","datePublished":"2015-11-21T23:48:03+00:00","mainEntityOfPage":{"@id":"https:\/\/gentedebasquet.com.ar\/sitio\/2015\/11\/21\/bahiense-u13-ya-esta-en-semis\/"},"wordCount":817,"image":{"@id":"https:\/\/gentedebasquet.com.ar\/sitio\/2015\/11\/21\/bahiense-u13-ya-esta-en-semis\/#primaryimage"},"thumbnailUrl":"https:\/\/gentedebasquet.com.ar\/sitio\/wp-content\/uploads\/2015\/11\/Lanus-Bahiense-U13.jpg","keywords":["Atenas La Plata","Bahiense Del Norte","Lan\u00fas","Liga U13","Obras"],"articleSection":["Slide","U13"],"inLanguage":"es"},{"@type":"WebPage","@id":"https:\/\/gentedebasquet.com.ar\/sitio\/2015\/11\/21\/bahiense-u13-ya-esta-en-semis\/","url":"https:\/\/gentedebasquet.com.ar\/sitio\/2015\/11\/21\/bahiense-u13-ya-esta-en-semis\/","name":"Bahiense U13 ya est\u00e1 en semis - Gente de B\u00e1squet","isPartOf":{"@id":"https:\/\/gentedebasquet.com.ar\/sitio\/#website"},"primaryImageOfPage":{"@id":"https:\/\/gentedebasquet.com.ar\/sitio\/2015\/11\/21\/bahiense-u13-ya-esta-en-semis\/#primaryimage"},"image":{"@id":"https:\/\/gentedebasquet.com.ar\/sitio\/2015\/11\/21\/bahiense-u13-ya-esta-en-semis\/#primaryimage"},"thumbnailUrl":"https:\/\/gentedebasquet.com.ar\/sitio\/wp-content\/uploads\/2015\/11\/Lanus-Bahiense-U13.jpg","datePublished":"2015-11-21T23:48:03+00:00","author":{"@id":"https:\/\/gentedebasquet.com.ar\/sitio\/#\/schema\/person\/ca0b63bbb977369988a7bbbdc519943a"},"breadcrumb":{"@id":"https:\/\/gentedebasquet.com.ar\/sitio\/2015\/11\/21\/bahiense-u13-ya-esta-en-semis\/#breadcrumb"},"inLanguage":"es","potentialAction":[{"@type":"ReadAction","target":["https:\/\/gentedebasquet.com.ar\/sitio\/2015\/11\/21\/bahiense-u13-ya-esta-en-semis\/"]}]},{"@type":"ImageObject","inLanguage":"es","@id":"https:\/\/gentedebasquet.com.ar\/sitio\/2015\/11\/21\/bahiense-u13-ya-esta-en-semis\/#primaryimage","url":"https:\/\/gentedebasquet.com.ar\/sitio\/wp-content\/uploads\/2015\/11\/Lanus-Bahiense-U13.jpg","contentUrl":"https:\/\/gentedebasquet.com.ar\/sitio\/wp-content\/uploads\/2015\/11\/Lanus-Bahiense-U13.jpg","width":690,"height":319},{"@type":"BreadcrumbList","@id":"https:\/\/gentedebasquet.com.ar\/sitio\/2015\/11\/21\/bahiense-u13-ya-esta-en-semis\/#breadcrumb","itemListElement":[{"@type":"ListItem","position":1,"name":"Portada","item":"https:\/\/gentedebasquet.com.ar\/sitio\/"},{"@type":"ListItem","position":2,"name":"Bahiense U13 ya est\u00e1 en semis"}]},{"@type":"WebSite","@id":"https:\/\/gentedebasquet.com.ar\/sitio\/#website","url":"https:\/\/gentedebasquet.com.ar\/sitio\/","name":"Gente de B\u00e1squet","description":"La revista del basquet de Bah\u00eda Blanca","potentialAction":[{"@type":"SearchAction","target":{"@type":"EntryPoint","urlTemplate":"https:\/\/gentedebasquet.com.ar\/sitio\/?s={search_term_string}"},"query-input":{"@type":"PropertyValueSpecification","valueRequired":true,"valueName":"search_term_string"}}],"inLanguage":"es"},{"@type":"Person","@id":"https:\/\/gentedebasquet.com.ar\/sitio\/#\/schema\/person\/ca0b63bbb977369988a7bbbdc519943a","name":"Gente de B\u00e1squet","image":{"@type":"ImageObject","inLanguage":"es","@id":"https:\/\/secure.gravatar.com\/avatar\/7f2c48bdc33b30088f941fb6082e555f2874c98e20cb159d7b92b50eadfce793?s=96&d=mm&r=g","url":"https:\/\/secure.gravatar.com\/avatar\/7f2c48bdc33b30088f941fb6082e555f2874c98e20cb159d7b92b50eadfce793?s=96&d=mm&r=g","contentUrl":"https:\/\/secure.gravatar.com\/avatar\/7f2c48bdc33b30088f941fb6082e555f2874c98e20cb159d7b92b50eadfce793?s=96&d=mm&r=g","caption":"Gente de B\u00e1squet"},"sameAs":["http:\/\/gentedebasquet.com.ar\/sitio"],"url":"https:\/\/gentedebasquet.com.ar\/sitio\/author\/ulises\/"}]}},"_links":{"self":[{"href":"https:\/\/gentedebasquet.com.ar\/sitio\/wp-json\/wp\/v2\/posts\/54317","targetHints":{"allow":["GET"]}}],"collection":[{"href":"https:\/\/gentedebasquet.com.ar\/sitio\/wp-json\/wp\/v2\/posts"}],"about":[{"href":"https:\/\/gentedebasquet.com.ar\/sitio\/wp-json\/wp\/v2\/types\/post"}],"author":[{"embeddable":true,"href":"https:\/\/gentedebasquet.com.ar\/sitio\/wp-json\/wp\/v2\/users\/1"}],"replies":[{"embeddable":true,"href":"https:\/\/gentedebasquet.com.ar\/sitio\/wp-json\/wp\/v2\/comments?post=54317"}],"version-history":[{"count":0,"href":"https:\/\/gentedebasquet.com.ar\/sitio\/wp-json\/wp\/v2\/posts\/54317\/revisions"}],"wp:featuredmedia":[{"embeddable":true,"href":"https:\/\/gentedebasquet.com.ar\/sitio\/wp-json\/wp\/v2\/media\/54318"}],"wp:attachment":[{"href":"https:\/\/gentedebasquet.com.ar\/sitio\/wp-json\/wp\/v2\/media?parent=54317"}],"wp:term":[{"taxonomy":"category","embeddable":true,"href":"https:\/\/gentedebasquet.com.ar\/sitio\/wp-json\/wp\/v2\/categories?post=54317"},{"taxonomy":"post_tag","embeddable":true,"href":"https:\/\/gentedebasquet.com.ar\/sitio\/wp-json\/wp\/v2\/tags?post=54317"}],"curies":[{"name":"wp","href":"https:\/\/api.w.org\/{rel}","templated":true}]}}