{"id":54455,"date":"2015-11-25T10:25:00","date_gmt":"2015-11-25T13:25:00","guid":{"rendered":"http:\/\/www.gentedebasquet.com.ar\/?p=54455"},"modified":"2015-11-25T10:25:00","modified_gmt":"2015-11-25T13:25:00","slug":"arrancan-las-semis-de-liga-u15","status":"publish","type":"post","link":"https:\/\/gentedebasquet.com.ar\/sitio\/2015\/11\/25\/arrancan-las-semis-de-liga-u15\/","title":{"rendered":"Arrancan las semis de Liga U15"},"content":{"rendered":"<p><strong>Entre el viernes 27 y el domingo 29 se disputar\u00e1n las semifinales de la Liga U15 masculina. Participan doce equipos divididos en tres zonas, entre los que se encuentra Pac\u00edfico, \u00fanico equipo de Bah\u00eda Blanca en arribar a dicha instancia. Los dos mejores de cada una avanzar\u00e1n al Hexagonal Final, que definir\u00e1 al campe\u00f3n de esta temporada. El verde\u00a0viajar\u00e1 a Neuqu\u00e9n para enfrentar a Independiente, Boca Juniors y Villa Congreso (Viedma).<\/strong><\/p>\n<p>Ya est\u00e1 todo listo para el comienzo de las semifinales de la Liga U15. Independiente de Neuqu\u00e9n, Tokio de Posadas y Parque de Villaguay, Entre R\u00edos, fueron los ganadores de la licitaci\u00f3n y ser\u00e1n los encargados de organizar cada una de las zonas.<\/p>\n<p><strong>ZONA 1 (Organiza Independiente de Neuqu\u00e9n)<\/strong>: Villa Congreso de Viedma, Boca Juniors, <strong>Pac\u00edfico de Bah\u00eda Blanca<\/strong> e Independiente de Neuqu\u00e9n.<\/p>\n<p><strong>ZONA 2 (Organiza Tokio de Posadas)<\/strong>: El Coat\u00ed de Eldorado, Quimsa de Santiago del Estero, Ol\u00edmpico de La Banda y El Coat\u00ed de Eldorado.<\/p>\n<p><strong>ZONA 3 (Organiza Parque de Villaguay)<\/strong>: Murialdo de Mendoza, Uni\u00f3n El\u00e9ctrica de C\u00f3rdoba, Temperley de Rosario y Parque de Villaguay.<\/p>\n<h6><strong>PROGRAMA DE PARTIDOS<\/strong><\/h6>\n<p><strong>PRIMERA JORNADA<\/strong> \u2013 Viernes 27 de noviembre<\/p>\n<p><strong>16.30 hs \u2013 Zona 1: Boca Jrs vs Pac\u00edfico de Bah\u00eda Blanca<\/strong><\/p>\n<p>18.30 hs \u2013 Zona 1: Independiente vs Villa Congreso<\/p>\n<p>19.00 hs \u2013 Zona 2: Quimsa vs Ol\u00edmpico de La Banda<\/p>\n<p>19.00 hs \u2013 Zona 3: Uni\u00f3n El\u00e9ctrica vs Murialdo<\/p>\n<p>21.00 hs \u2013 Zona 2: Tokio Posadas vs El Coat\u00ed<\/p>\n<p>21.00 hs \u2013 Zona 3: Parque de Villaguay vs Temperley de Rosario<\/p>\n<p><strong>\u00a0<\/strong><\/p>\n<p><strong>SEGUNDA JORNADA<\/strong> \u2013 S\u00e1bado 28 de noviembre<\/p>\n<p>18.00 hs \u2013 Zona 1: Villa Congreso vs Boca Jrs<\/p>\n<p>18.00 hs \u2013 Zona 2: Ol\u00edmpico de La Banda vs El Coat\u00ed<\/p>\n<p>19.00 hs \u2013 Zona 3: Murialdo vs Temperley de Rosario<\/p>\n<p><strong>20.00 hs \u2013 Zona 1: Independiente vs Pac\u00edfico de Bah\u00eda Blanca<\/strong><\/p>\n<p>20.00 hs \u2013 Zona 2: Tokio Posadas vs Quimsa<\/p>\n<p>21.00 hs \u2013 Zona 3: Uni\u00f3n El\u00e9ctrica vs Parque de Villaguay<\/p>\n<p>&nbsp;<\/p>\n<p><strong>TERCERA JORNADA<\/strong> \u2013 Domingo 29 de noviembre<\/p>\n<p>09.00 hs \u2013 Zona 2: Quimsa vs El Coat\u00ed<\/p>\n<p><strong>10.00 hs \u2013 Zona 1: Villa Congreso vs Pac\u00edfico de Bah\u00eda Blanca<\/strong><\/p>\n<p>10.00 hs \u2013 Zona 3: Temperley de Rosario vs Uni\u00f3n El\u00e9ctrica<\/p>\n<p>11.00 hs \u2013 Zona 2: Tokio Posadas vs Ol\u00edmpico de La Banda<\/p>\n<p>12.00 hs \u2013 Zona 1: Independiente vs Boca Jrs<\/p>\n<p>12.00 hs \u2013 Zona 3: Parque de Villaguay vs Murialdo<\/p>\n<p><strong>Fuente:<\/strong> Diego Garc\u00eda (Prensa CABB).<\/p>\n","protected":false},"excerpt":{"rendered":"<p>Pac\u00edfico viajar\u00e1 a Neuqu\u00e9n para enfrentar a Independiente, Boca y Villa Congreso<\/p>\n","protected":false},"author":1,"featured_media":53961,"comment_status":"closed","ping_status":"open","sticky":false,"template":"","format":"standard","meta":{"jnews-multi-image_gallery":[],"jnews_single_post":[],"jnews_primary_category":[],"footnotes":""},"categories":[101,27],"tags":[76,427,822,17,475],"class_list":["post-54455","post","type-post","status-publish","format-standard","has-post-thumbnail","hentry","category-slide","category-u15","tag-boca-juniors","tag-independiente-neuquen","tag-liga-u15","tag-pacifico","tag-villa-congreso"],"yoast_head":"<!-- This site is optimized with the Yoast SEO plugin v27.5 - https:\/\/yoast.com\/product\/yoast-seo-wordpress\/ -->\n<title>Arrancan las semis de Liga U15 - Gente de B\u00e1squet<\/title>\n<meta name=\"robots\" content=\"index, follow, max-snippet:-1, max-image-preview:large, max-video-preview:-1\" \/>\n<link rel=\"canonical\" href=\"http:\/\/gentedebasquet.com.ar\/sitio\/2015\/11\/25\/arrancan-las-semis-de-liga-u15\/\" \/>\n<meta property=\"og:locale\" content=\"es_ES\" \/>\n<meta property=\"og:type\" content=\"article\" \/>\n<meta property=\"og:title\" content=\"Arrancan las semis de Liga U15 - Gente de B\u00e1squet\" \/>\n<meta property=\"og:description\" content=\"Pac\u00edfico viajar\u00e1 a Neuqu\u00e9n para enfrentar a Independiente, Boca y Villa Congreso\" \/>\n<meta property=\"og:url\" content=\"http:\/\/gentedebasquet.com.ar\/sitio\/2015\/11\/25\/arrancan-las-semis-de-liga-u15\/\" \/>\n<meta property=\"og:site_name\" content=\"Gente de B\u00e1squet\" \/>\n<meta property=\"article:published_time\" content=\"2015-11-25T13:25:00+00:00\" \/>\n<meta property=\"og:image\" content=\"http:\/\/gentedebasquet.com.ar\/sitio\/wp-content\/uploads\/2015\/11\/12233401_1006223152752158_2007568734_n.jpg\" \/>\n\t<meta property=\"og:image:width\" content=\"690\" \/>\n\t<meta property=\"og:image:height\" content=\"319\" \/>\n\t<meta property=\"og:image:type\" content=\"image\/jpeg\" \/>\n<meta name=\"author\" content=\"Gente de B\u00e1squet\" \/>\n<meta name=\"twitter:card\" content=\"summary_large_image\" \/>\n<meta name=\"twitter:label1\" content=\"Escrito por\" \/>\n\t<meta name=\"twitter:data1\" content=\"Gente de B\u00e1squet\" \/>\n\t<meta name=\"twitter:label2\" content=\"Tiempo de lectura\" \/>\n\t<meta name=\"twitter:data2\" content=\"2 minutos\" \/>\n<script type=\"application\/ld+json\" class=\"yoast-schema-graph\">{\"@context\":\"https:\\\/\\\/schema.org\",\"@graph\":[{\"@type\":\"Article\",\"@id\":\"http:\\\/\\\/gentedebasquet.com.ar\\\/sitio\\\/2015\\\/11\\\/25\\\/arrancan-las-semis-de-liga-u15\\\/#article\",\"isPartOf\":{\"@id\":\"http:\\\/\\\/gentedebasquet.com.ar\\\/sitio\\\/2015\\\/11\\\/25\\\/arrancan-las-semis-de-liga-u15\\\/\"},\"author\":{\"name\":\"Gente de B\u00e1squet\",\"@id\":\"https:\\\/\\\/gentedebasquet.com.ar\\\/sitio\\\/#\\\/schema\\\/person\\\/ca0b63bbb977369988a7bbbdc519943a\"},\"headline\":\"Arrancan las semis de Liga U15\",\"datePublished\":\"2015-11-25T13:25:00+00:00\",\"mainEntityOfPage\":{\"@id\":\"http:\\\/\\\/gentedebasquet.com.ar\\\/sitio\\\/2015\\\/11\\\/25\\\/arrancan-las-semis-de-liga-u15\\\/\"},\"wordCount\":374,\"image\":{\"@id\":\"http:\\\/\\\/gentedebasquet.com.ar\\\/sitio\\\/2015\\\/11\\\/25\\\/arrancan-las-semis-de-liga-u15\\\/#primaryimage\"},\"thumbnailUrl\":\"https:\\\/\\\/gentedebasquet.com.ar\\\/sitio\\\/wp-content\\\/uploads\\\/2015\\\/11\\\/12233401_1006223152752158_2007568734_n.jpg\",\"keywords\":[\"Boca Juniors\",\"Independiente Neuqu\u00e9n\",\"Liga U15\",\"Pacifico\",\"Villa Congreso\"],\"articleSection\":[\"Slide\",\"U15\"],\"inLanguage\":\"es\"},{\"@type\":\"WebPage\",\"@id\":\"http:\\\/\\\/gentedebasquet.com.ar\\\/sitio\\\/2015\\\/11\\\/25\\\/arrancan-las-semis-de-liga-u15\\\/\",\"url\":\"http:\\\/\\\/gentedebasquet.com.ar\\\/sitio\\\/2015\\\/11\\\/25\\\/arrancan-las-semis-de-liga-u15\\\/\",\"name\":\"Arrancan las semis de Liga U15 - Gente de B\u00e1squet\",\"isPartOf\":{\"@id\":\"https:\\\/\\\/gentedebasquet.com.ar\\\/sitio\\\/#website\"},\"primaryImageOfPage\":{\"@id\":\"http:\\\/\\\/gentedebasquet.com.ar\\\/sitio\\\/2015\\\/11\\\/25\\\/arrancan-las-semis-de-liga-u15\\\/#primaryimage\"},\"image\":{\"@id\":\"http:\\\/\\\/gentedebasquet.com.ar\\\/sitio\\\/2015\\\/11\\\/25\\\/arrancan-las-semis-de-liga-u15\\\/#primaryimage\"},\"thumbnailUrl\":\"https:\\\/\\\/gentedebasquet.com.ar\\\/sitio\\\/wp-content\\\/uploads\\\/2015\\\/11\\\/12233401_1006223152752158_2007568734_n.jpg\",\"datePublished\":\"2015-11-25T13:25:00+00:00\",\"author\":{\"@id\":\"https:\\\/\\\/gentedebasquet.com.ar\\\/sitio\\\/#\\\/schema\\\/person\\\/ca0b63bbb977369988a7bbbdc519943a\"},\"breadcrumb\":{\"@id\":\"http:\\\/\\\/gentedebasquet.com.ar\\\/sitio\\\/2015\\\/11\\\/25\\\/arrancan-las-semis-de-liga-u15\\\/#breadcrumb\"},\"inLanguage\":\"es\",\"potentialAction\":[{\"@type\":\"ReadAction\",\"target\":[\"http:\\\/\\\/gentedebasquet.com.ar\\\/sitio\\\/2015\\\/11\\\/25\\\/arrancan-las-semis-de-liga-u15\\\/\"]}]},{\"@type\":\"ImageObject\",\"inLanguage\":\"es\",\"@id\":\"http:\\\/\\\/gentedebasquet.com.ar\\\/sitio\\\/2015\\\/11\\\/25\\\/arrancan-las-semis-de-liga-u15\\\/#primaryimage\",\"url\":\"https:\\\/\\\/gentedebasquet.com.ar\\\/sitio\\\/wp-content\\\/uploads\\\/2015\\\/11\\\/12233401_1006223152752158_2007568734_n.jpg\",\"contentUrl\":\"https:\\\/\\\/gentedebasquet.com.ar\\\/sitio\\\/wp-content\\\/uploads\\\/2015\\\/11\\\/12233401_1006223152752158_2007568734_n.jpg\",\"width\":690,\"height\":319},{\"@type\":\"BreadcrumbList\",\"@id\":\"http:\\\/\\\/gentedebasquet.com.ar\\\/sitio\\\/2015\\\/11\\\/25\\\/arrancan-las-semis-de-liga-u15\\\/#breadcrumb\",\"itemListElement\":[{\"@type\":\"ListItem\",\"position\":1,\"name\":\"Portada\",\"item\":\"https:\\\/\\\/gentedebasquet.com.ar\\\/sitio\\\/\"},{\"@type\":\"ListItem\",\"position\":2,\"name\":\"Arrancan las semis de Liga U15\"}]},{\"@type\":\"WebSite\",\"@id\":\"https:\\\/\\\/gentedebasquet.com.ar\\\/sitio\\\/#website\",\"url\":\"https:\\\/\\\/gentedebasquet.com.ar\\\/sitio\\\/\",\"name\":\"Gente de B\u00e1squet\",\"description\":\"La revista del basquet de Bah\u00eda Blanca\",\"potentialAction\":[{\"@type\":\"SearchAction\",\"target\":{\"@type\":\"EntryPoint\",\"urlTemplate\":\"https:\\\/\\\/gentedebasquet.com.ar\\\/sitio\\\/?s={search_term_string}\"},\"query-input\":{\"@type\":\"PropertyValueSpecification\",\"valueRequired\":true,\"valueName\":\"search_term_string\"}}],\"inLanguage\":\"es\"},{\"@type\":\"Person\",\"@id\":\"https:\\\/\\\/gentedebasquet.com.ar\\\/sitio\\\/#\\\/schema\\\/person\\\/ca0b63bbb977369988a7bbbdc519943a\",\"name\":\"Gente de B\u00e1squet\",\"image\":{\"@type\":\"ImageObject\",\"inLanguage\":\"es\",\"@id\":\"https:\\\/\\\/secure.gravatar.com\\\/avatar\\\/7f2c48bdc33b30088f941fb6082e555f2874c98e20cb159d7b92b50eadfce793?s=96&d=mm&r=g\",\"url\":\"https:\\\/\\\/secure.gravatar.com\\\/avatar\\\/7f2c48bdc33b30088f941fb6082e555f2874c98e20cb159d7b92b50eadfce793?s=96&d=mm&r=g\",\"contentUrl\":\"https:\\\/\\\/secure.gravatar.com\\\/avatar\\\/7f2c48bdc33b30088f941fb6082e555f2874c98e20cb159d7b92b50eadfce793?s=96&d=mm&r=g\",\"caption\":\"Gente de B\u00e1squet\"},\"sameAs\":[\"http:\\\/\\\/gentedebasquet.com.ar\\\/sitio\"],\"url\":\"https:\\\/\\\/gentedebasquet.com.ar\\\/sitio\\\/author\\\/ulises\\\/\"}]}<\/script>\n<!-- \/ Yoast SEO plugin. -->","yoast_head_json":{"title":"Arrancan las semis de Liga U15 - Gente de B\u00e1squet","robots":{"index":"index","follow":"follow","max-snippet":"max-snippet:-1","max-image-preview":"max-image-preview:large","max-video-preview":"max-video-preview:-1"},"canonical":"http:\/\/gentedebasquet.com.ar\/sitio\/2015\/11\/25\/arrancan-las-semis-de-liga-u15\/","og_locale":"es_ES","og_type":"article","og_title":"Arrancan las semis de Liga U15 - Gente de B\u00e1squet","og_description":"Pac\u00edfico viajar\u00e1 a Neuqu\u00e9n para enfrentar a Independiente, Boca y Villa Congreso","og_url":"http:\/\/gentedebasquet.com.ar\/sitio\/2015\/11\/25\/arrancan-las-semis-de-liga-u15\/","og_site_name":"Gente de B\u00e1squet","article_published_time":"2015-11-25T13:25:00+00:00","og_image":[{"width":690,"height":319,"url":"http:\/\/gentedebasquet.com.ar\/sitio\/wp-content\/uploads\/2015\/11\/12233401_1006223152752158_2007568734_n.jpg","type":"image\/jpeg"}],"author":"Gente de B\u00e1squet","twitter_card":"summary_large_image","twitter_misc":{"Escrito por":"Gente de B\u00e1squet","Tiempo de lectura":"2 minutos"},"schema":{"@context":"https:\/\/schema.org","@graph":[{"@type":"Article","@id":"http:\/\/gentedebasquet.com.ar\/sitio\/2015\/11\/25\/arrancan-las-semis-de-liga-u15\/#article","isPartOf":{"@id":"http:\/\/gentedebasquet.com.ar\/sitio\/2015\/11\/25\/arrancan-las-semis-de-liga-u15\/"},"author":{"name":"Gente de B\u00e1squet","@id":"https:\/\/gentedebasquet.com.ar\/sitio\/#\/schema\/person\/ca0b63bbb977369988a7bbbdc519943a"},"headline":"Arrancan las semis de Liga U15","datePublished":"2015-11-25T13:25:00+00:00","mainEntityOfPage":{"@id":"http:\/\/gentedebasquet.com.ar\/sitio\/2015\/11\/25\/arrancan-las-semis-de-liga-u15\/"},"wordCount":374,"image":{"@id":"http:\/\/gentedebasquet.com.ar\/sitio\/2015\/11\/25\/arrancan-las-semis-de-liga-u15\/#primaryimage"},"thumbnailUrl":"https:\/\/gentedebasquet.com.ar\/sitio\/wp-content\/uploads\/2015\/11\/12233401_1006223152752158_2007568734_n.jpg","keywords":["Boca Juniors","Independiente Neuqu\u00e9n","Liga U15","Pacifico","Villa Congreso"],"articleSection":["Slide","U15"],"inLanguage":"es"},{"@type":"WebPage","@id":"http:\/\/gentedebasquet.com.ar\/sitio\/2015\/11\/25\/arrancan-las-semis-de-liga-u15\/","url":"http:\/\/gentedebasquet.com.ar\/sitio\/2015\/11\/25\/arrancan-las-semis-de-liga-u15\/","name":"Arrancan las semis de Liga U15 - Gente de B\u00e1squet","isPartOf":{"@id":"https:\/\/gentedebasquet.com.ar\/sitio\/#website"},"primaryImageOfPage":{"@id":"http:\/\/gentedebasquet.com.ar\/sitio\/2015\/11\/25\/arrancan-las-semis-de-liga-u15\/#primaryimage"},"image":{"@id":"http:\/\/gentedebasquet.com.ar\/sitio\/2015\/11\/25\/arrancan-las-semis-de-liga-u15\/#primaryimage"},"thumbnailUrl":"https:\/\/gentedebasquet.com.ar\/sitio\/wp-content\/uploads\/2015\/11\/12233401_1006223152752158_2007568734_n.jpg","datePublished":"2015-11-25T13:25:00+00:00","author":{"@id":"https:\/\/gentedebasquet.com.ar\/sitio\/#\/schema\/person\/ca0b63bbb977369988a7bbbdc519943a"},"breadcrumb":{"@id":"http:\/\/gentedebasquet.com.ar\/sitio\/2015\/11\/25\/arrancan-las-semis-de-liga-u15\/#breadcrumb"},"inLanguage":"es","potentialAction":[{"@type":"ReadAction","target":["http:\/\/gentedebasquet.com.ar\/sitio\/2015\/11\/25\/arrancan-las-semis-de-liga-u15\/"]}]},{"@type":"ImageObject","inLanguage":"es","@id":"http:\/\/gentedebasquet.com.ar\/sitio\/2015\/11\/25\/arrancan-las-semis-de-liga-u15\/#primaryimage","url":"https:\/\/gentedebasquet.com.ar\/sitio\/wp-content\/uploads\/2015\/11\/12233401_1006223152752158_2007568734_n.jpg","contentUrl":"https:\/\/gentedebasquet.com.ar\/sitio\/wp-content\/uploads\/2015\/11\/12233401_1006223152752158_2007568734_n.jpg","width":690,"height":319},{"@type":"BreadcrumbList","@id":"http:\/\/gentedebasquet.com.ar\/sitio\/2015\/11\/25\/arrancan-las-semis-de-liga-u15\/#breadcrumb","itemListElement":[{"@type":"ListItem","position":1,"name":"Portada","item":"https:\/\/gentedebasquet.com.ar\/sitio\/"},{"@type":"ListItem","position":2,"name":"Arrancan las semis de Liga U15"}]},{"@type":"WebSite","@id":"https:\/\/gentedebasquet.com.ar\/sitio\/#website","url":"https:\/\/gentedebasquet.com.ar\/sitio\/","name":"Gente de B\u00e1squet","description":"La revista del basquet de Bah\u00eda Blanca","potentialAction":[{"@type":"SearchAction","target":{"@type":"EntryPoint","urlTemplate":"https:\/\/gentedebasquet.com.ar\/sitio\/?s={search_term_string}"},"query-input":{"@type":"PropertyValueSpecification","valueRequired":true,"valueName":"search_term_string"}}],"inLanguage":"es"},{"@type":"Person","@id":"https:\/\/gentedebasquet.com.ar\/sitio\/#\/schema\/person\/ca0b63bbb977369988a7bbbdc519943a","name":"Gente de B\u00e1squet","image":{"@type":"ImageObject","inLanguage":"es","@id":"https:\/\/secure.gravatar.com\/avatar\/7f2c48bdc33b30088f941fb6082e555f2874c98e20cb159d7b92b50eadfce793?s=96&d=mm&r=g","url":"https:\/\/secure.gravatar.com\/avatar\/7f2c48bdc33b30088f941fb6082e555f2874c98e20cb159d7b92b50eadfce793?s=96&d=mm&r=g","contentUrl":"https:\/\/secure.gravatar.com\/avatar\/7f2c48bdc33b30088f941fb6082e555f2874c98e20cb159d7b92b50eadfce793?s=96&d=mm&r=g","caption":"Gente de B\u00e1squet"},"sameAs":["http:\/\/gentedebasquet.com.ar\/sitio"],"url":"https:\/\/gentedebasquet.com.ar\/sitio\/author\/ulises\/"}]}},"_links":{"self":[{"href":"https:\/\/gentedebasquet.com.ar\/sitio\/wp-json\/wp\/v2\/posts\/54455","targetHints":{"allow":["GET"]}}],"collection":[{"href":"https:\/\/gentedebasquet.com.ar\/sitio\/wp-json\/wp\/v2\/posts"}],"about":[{"href":"https:\/\/gentedebasquet.com.ar\/sitio\/wp-json\/wp\/v2\/types\/post"}],"author":[{"embeddable":true,"href":"https:\/\/gentedebasquet.com.ar\/sitio\/wp-json\/wp\/v2\/users\/1"}],"replies":[{"embeddable":true,"href":"https:\/\/gentedebasquet.com.ar\/sitio\/wp-json\/wp\/v2\/comments?post=54455"}],"version-history":[{"count":0,"href":"https:\/\/gentedebasquet.com.ar\/sitio\/wp-json\/wp\/v2\/posts\/54455\/revisions"}],"wp:featuredmedia":[{"embeddable":true,"href":"https:\/\/gentedebasquet.com.ar\/sitio\/wp-json\/wp\/v2\/media\/53961"}],"wp:attachment":[{"href":"https:\/\/gentedebasquet.com.ar\/sitio\/wp-json\/wp\/v2\/media?parent=54455"}],"wp:term":[{"taxonomy":"category","embeddable":true,"href":"https:\/\/gentedebasquet.com.ar\/sitio\/wp-json\/wp\/v2\/categories?post=54455"},{"taxonomy":"post_tag","embeddable":true,"href":"https:\/\/gentedebasquet.com.ar\/sitio\/wp-json\/wp\/v2\/tags?post=54455"}],"curies":[{"name":"wp","href":"https:\/\/api.w.org\/{rel}","templated":true}]}}